{"id":1029,"date":"2020-04-22T15:37:12","date_gmt":"2020-04-22T13:37:12","guid":{"rendered":"https:\/\/www.mediapartizan.at\/?p=1029"},"modified":"2020-06-09T14:00:46","modified_gmt":"2020-06-09T12:00:46","slug":"die-geisterklage","status":"publish","type":"post","link":"https:\/\/www.mediapartizan.at\/?p=1029","title":{"rendered":"Die &#8222;Geisterklage&#8220;"},"content":{"rendered":"<p><\/p>\n<figure class=\"wp-block-image size-large\"><img loading=\"lazy\" decoding=\"async\" width=\"1280\" height=\"853\" src=\"https:\/\/i2.wp.com\/www.mediapartizan.at\/wp-content\/uploads\/2020\/04\/justice-2060093_1280.jpg?fit=1024%2C682&amp;ssl=1\" alt=\"\" class=\"wp-image-1035\" srcset=\"https:\/\/i0.wp.com\/www.mediapartizan.at\/wp-content\/uploads\/2020\/04\/justice-2060093_1280.jpg?w=1280&amp;ssl=1 1280w, https:\/\/i0.wp.com\/www.mediapartizan.at\/wp-content\/uploads\/2020\/04\/justice-2060093_1280.jpg?resize=300%2C200&amp;ssl=1 300w, https:\/\/i0.wp.com\/www.mediapartizan.at\/wp-content\/uploads\/2020\/04\/justice-2060093_1280.jpg?resize=1024%2C682&amp;ssl=1 1024w, https:\/\/i0.wp.com\/www.mediapartizan.at\/wp-content\/uploads\/2020\/04\/justice-2060093_1280.jpg?resize=768%2C512&amp;ssl=1 768w\" sizes=\"auto, (max-width: 1000px) 100vw, 1000px\" \/><\/figure>\n<p><\/p>\n<p><\/p>\n<p><\/p>\n<p><\/p>\n<p><strong>Massive Abwertung der Stadtwerke-Tochter EKG sorgte im Oktober f\u00fcr Wirbel. Klagenfurter Gemeinderat warf Verantwortlichen \u201emutwillige Wertvernichtung\u201c vor. B\u00fcrgermeisterin lie\u00df Klage gegen ihn pr\u00fcfen. Was aus ihr geworden ist.<\/strong><\/p>\n<p><\/p>\n<p><\/p>\n<p>Anfang Oktober 2019 fand der Klagenfurter Gemeinderat Klaus-J\u00fcrgen Jandl (Team K\u00e4rnten) heraus, dass die Stadtwerke Klagenfurt (STW) ihre Energietochter, die Energie Klagenfurt GmbH (EKG), um 67 Millionen Euro abgewertet hatten. Der Wert der STW-Cash-Cow sank damit von 142 auf 75 Millionen Euro. Da die STW die Abwertung nicht an die gro\u00dfe Glocke h\u00e4ngten, entstand der Eindruck, dass sie im stillen K\u00e4mmerlein durchgef\u00fchrt werden sollte. Die Folge: Ein PR-Fiasko f\u00fcr das Unternehmen.<\/p>\n<p><\/p>\n<p><\/p>\n<p>Die Abwertung hatte drastische Auswirkungen: Das Eigenkapital der STW rasselte auf 101 Mio. Euro runter \u2013 ein Wert unter jenem von 2010 (113,7). Auf Talfahrt auch das Anlageverm\u00f6gen: Es sank gegen\u00fcber 2010 von 197,2 auf 185,5 Mio. Euro. <\/p>\n<p><\/p>\n<p><\/p>\n<figure class=\"wp-block-image size-large\"><img loading=\"lazy\" decoding=\"async\" width=\"1366\" height=\"912\" src=\"https:\/\/i0.wp.com\/www.mediapartizan.at\/wp-content\/uploads\/2020\/04\/Jahresabschlu\u0308sse-STW-AG.png?fit=1024%2C684&amp;ssl=1\" alt=\"\" class=\"wp-image-1030\" srcset=\"https:\/\/i0.wp.com\/www.mediapartizan.at\/wp-content\/uploads\/2020\/04\/Jahresabschlu%CC%88sse-STW-AG.png?w=1366&amp;ssl=1 1366w, https:\/\/i0.wp.com\/www.mediapartizan.at\/wp-content\/uploads\/2020\/04\/Jahresabschlu%CC%88sse-STW-AG.png?resize=300%2C200&amp;ssl=1 300w, https:\/\/i0.wp.com\/www.mediapartizan.at\/wp-content\/uploads\/2020\/04\/Jahresabschlu%CC%88sse-STW-AG.png?resize=1024%2C684&amp;ssl=1 1024w, https:\/\/i0.wp.com\/www.mediapartizan.at\/wp-content\/uploads\/2020\/04\/Jahresabschlu%CC%88sse-STW-AG.png?resize=768%2C513&amp;ssl=1 768w\" sizes=\"auto, (max-width: 1000px) 100vw, 1000px\" \/><figcaption>Anlageverm\u00f6gen und Eigenkapital sanken durch die Abwertung drastisch.<\/figcaption><\/figure>\n<p><\/p>\n<p><\/p>\n<p><\/p>\n<p><\/p>\n<p>STW-Vorstand Erwin Smole begr\u00fcndete die Abwertung damit, dass sie auf dem Vorsichtsprinzip beruhe. Die Strompreise w\u00fcrden durch die Strompreiszonen-Trennung zwischen \u00d6sterreich und Deutschland steigen. Die EKG m\u00fcsse Vorkehrung treffen, da erh\u00f6hte Preise auf die Marge dr\u00fccken w\u00fcrden. Die STW w\u00e4ren au\u00dferdem besonders betroffen, da man \u201e97 Prozent des Stroms am Markt zukaufen\u201c m\u00fcsse, so Smole als Gast in der letzten Gemeinderatssitzung. Lediglich drei Prozent k\u00e4men aus Eigenerzeugung.<\/p>\n<p><\/p>\n<p><\/p>\n<p>Der Rechnungshof (RH), der die STW Gesch\u00e4ftsgebarung 2014 \u2013 2017 untersucht hat und j\u00fcngst seine Ergebnisse ver\u00f6ffentlichte, gibt Smole bez\u00fcglich Margensensibilit\u00e4t Recht: Er wies darauf hin, dass der Erfolg der STW im Pr\u00fcfzeitraum stark von den Marktpreisen abhing und die Einkaufspreise \u201eaufgrund der Trennung des deutsch-\u00f6sterreichischen Strommarkts im Jahr 2018 bereits erheblich anstiegen\u201c.<\/p>\n<p><\/p>\n<p><\/p>\n<p>\u201e<strong>Mutwillige Wertvernichtung\u201c<\/strong><\/p>\n<p><\/p>\n<p><\/p>\n<p>Die massive Abwertung veranlasste Jandl in einer Presseaussendung am 9. Oktober 2019 zu folgender Feststellung: Das Team K\u00e4rnten \u201everlangt nach einer dringenden Aufkl\u00e4rung dieser Vorg\u00e4nge. Denn die mutwillige Wertvernichtung in einem Unternehmen der \u00f6ffentlichen Hand geht alle etwas an.\u201c<\/p>\n<p><\/p>\n<p><\/p>\n<div class=\"wp-block-image\">\n<figure class=\"alignright size-large is-resized\"><img loading=\"lazy\" decoding=\"async\" src=\"https:\/\/i1.wp.com\/www.mediapartizan.at\/wp-content\/uploads\/2020\/04\/Klaus-Ju\u0308rgen-Jandl-c-Stadtpresse-1.jpg?fit=843%2C1024&amp;ssl=1\" alt=\"\" class=\"wp-image-1033\" width=\"119\" height=\"144\" srcset=\"https:\/\/i0.wp.com\/www.mediapartizan.at\/wp-content\/uploads\/2020\/04\/Klaus-Ju%CC%88rgen-Jandl-c-Stadtpresse-1.jpg?w=2081&amp;ssl=1 2081w, https:\/\/i0.wp.com\/www.mediapartizan.at\/wp-content\/uploads\/2020\/04\/Klaus-Ju%CC%88rgen-Jandl-c-Stadtpresse-1.jpg?resize=247%2C300&amp;ssl=1 247w, https:\/\/i0.wp.com\/www.mediapartizan.at\/wp-content\/uploads\/2020\/04\/Klaus-Ju%CC%88rgen-Jandl-c-Stadtpresse-1.jpg?resize=843%2C1024&amp;ssl=1 843w, https:\/\/i0.wp.com\/www.mediapartizan.at\/wp-content\/uploads\/2020\/04\/Klaus-Ju%CC%88rgen-Jandl-c-Stadtpresse-1.jpg?resize=768%2C933&amp;ssl=1 768w, https:\/\/i0.wp.com\/www.mediapartizan.at\/wp-content\/uploads\/2020\/04\/Klaus-Ju%CC%88rgen-Jandl-c-Stadtpresse-1.jpg?resize=1264%2C1536&amp;ssl=1 1264w, https:\/\/i0.wp.com\/www.mediapartizan.at\/wp-content\/uploads\/2020\/04\/Klaus-Ju%CC%88rgen-Jandl-c-Stadtpresse-1.jpg?resize=1685%2C2048&amp;ssl=1 1685w, https:\/\/i0.wp.com\/www.mediapartizan.at\/wp-content\/uploads\/2020\/04\/Klaus-Ju%CC%88rgen-Jandl-c-Stadtpresse-1.jpg?w=2000&amp;ssl=1 2000w\" sizes=\"auto, (max-width: 119px) 100vw, 119px\" \/><figcaption>Kritisierte<br \/>Abwertung<br \/>der EKG: Klaus-J\u00fcrgen Jandl<br \/>(Team K\u00e4rnten)<\/figcaption><\/figure>\n<\/div>\n<p><\/p>\n<p><\/p>\n<p>Sechs Tage sp\u00e4ter hatte der Mandatar in einer Gemeinderatssitzung zudem kritisiert, dass der STW-Jahresabschluss noch immer nicht im Firmenbuch abrufbar sei: \u201eBis heute 15. Oktober ist weder die Bilanz der Stadtwerke noch die Bilanz der EKG im Firmenbuch ersichtlich. (&#8230;) Und die zwei Vorst\u00e4nde sind inzwischen schon aufgefordert worden bzw. bekommen beide eine Strafe per Gesetz, n\u00e4mlich zwischen 700 und 4000 Euro.\u201c Das war der B\u00fcrgermeisterin zu viel. Maria-Luise Mathiaschitz (SP\u00d6), sie ist Eigent\u00fcmervertreterin bei den STW, sagte \u00f6ffentlich, sie lasse eine Klage wegen Kreditsch\u00e4digung und Verleumdung pr\u00fcfen.<\/p>\n<p><\/p>\n<p><\/p>\n<p><strong>70.000 Euro<\/strong><\/p>\n<p><\/p>\n<p><\/p>\n<p>Und tats\u00e4chlich: Am 21.11. poppt eine Klagsdrohung in Jandls E-Mail-Eingang auf. Casus Belli: Die Behauptung der \u201emutwilligen Wertvernichtung\u201c. Diese Aussage vermittle den Eindruck, dass \u201emeine Mandantschaft absichtlich und aus provozierender Boshaftigkeit Verm\u00f6genswerte vernichtet h\u00e4tte\u201c, schreibt ein von den STW beauftragter Anwalt. Und weiter: \u201eDer von Ihnen erhobene Vorwurf ist ehrenbeleidigend und kreditsch\u00e4digend.\u201c<\/p>\n<p><\/p>\n<p><\/p>\n<p><strong>&#8222;Bei Vorst\u00e4nden entschuldigen&#8220;<\/strong><\/p>\n<p><\/p>\n<p><\/p>\n<p>Dem Schrieb beigelegt ist eine Unterlassungs- und Verpflichtungserkl\u00e4rung, dass \u201ediese \u00c4u\u00dferungen mit dem Ausdruck unseres Bedauerns\u201c zur\u00fcckgezogen w\u00fcrden und man nicht anstehe, sich \u201ebei den Vorst\u00e4nden der Stadtwerke Klagenfurt AG (\u2026) hierf\u00fcr zu entschuldigen\u201c. Sollte Jandl, respektive das Team K\u00e4rnten, der Forderung nicht nachkommen \u201eerw\u00e4gt meine Mandantschaft die Klagsf\u00fchrung bewertet mit EUR 70.000,&#8211;.\u201c<\/p>\n<p><\/p>\n<p><\/p>\n<p>Dazu befragt, sagt Jandl: &#8222;Einem kritischen Gemeinderat mit dem Gericht zu drohen, ist einerseits demokratiepolitisch bedenklich und zeigt andererseits die politische Schw\u00e4che der B\u00fcrgermeisterin.&#8220; Ob er sich bei den STW-Vorst\u00e4nden entschuldigt habe: \u201eNein.\u201c Ob er die Kosten f\u00fcr die Anwaltskanzlei in der H\u00f6he von 1.500 Euro getragen habe? \u201eNein.\u201c<\/p>\n<p><\/p>\n<p><\/p>\n<p><strong>Anzeige<\/strong><\/p>\n<p><\/p>\n<p><\/p>\n<p>Besonders beeindruckt d\u00fcrfte Jandl die Klagsdrohung nicht haben: Er hat den Grundst\u00fccksdeal f\u00fcr das neue Stadtwerke-Hallenbad bei der Korruptionsstaatsanwaltschaft angezeigt. Oberstaatsanwalt Ren\u00e9 Ruprecht best\u00e4tigt eine diesbez\u00fcgliche Anzeige. Als Vorwurf sei angegeben, dass das Grundst\u00fcck von der Stadt Klagenfurt zu teuer gekauft worden sei. Allerdings &#8222;wird erst gepr\u00fcft, ob ein Anfangsverdacht vorliegt\u201c, so Ruprecht.<\/p>\n<p><\/p>\n<p><\/p>\n<p>Eine Anfrage bei STW-Vorstand Erwin Smole blieb trotz schriftlicher Beantwortungszusage letztlich ergebnislos. <\/p>\n<p><\/p>\n<p><\/p>\n<p>***<\/p>\n<p><\/p>\n<p><\/p>\n<p>Foto(s): Bild von <a href=\"https:\/\/pixabay.com\/de\/users\/WilliamCho-1724357\/?utm_source=link-attribution&amp;utm_medium=referral&amp;utm_campaign=image&amp;utm_content=2060093\">Sang Hyun Cho<\/a> auf <a href=\"https:\/\/pixabay.com\/de\/?utm_source=link-attribution&amp;utm_medium=referral&amp;utm_campaign=image&amp;utm_content=2060093\">Pixabay<\/a>; Stadtpresse Klagenfurt<\/p>\n<p><\/p>\n","protected":false},"excerpt":{"rendered":"<div class=\"mh-excerpt\"><p>Massive Abwertung der Stadtwerke-Tochter EKG sorgte im Oktober f\u00fcr Wirbel. Klagenfurter Gemeinderat warf Verantwortlichen \u201emutwillige Wertvernichtung\u201c vor. B\u00fcrgermeisterin lie\u00df Klage gegen ihn pr\u00fcfen. Was aus ihr geworden ist. Anfang Oktober 2019 fand der Klagenfurter Gemeinderat <a class=\"mh-excerpt-more\" href=\"https:\/\/www.mediapartizan.at\/?p=1029\" title=\"Die &#8222;Geisterklage&#8220;\">[&#8230;]<\/a><\/p>\n<\/div>","protected":false},"author":2,"featured_media":1039,"comment_status":"open","ping_status":"open","sticky":false,"template":"","format":"standard","meta":{"inline_featured_image":false,"_jetpack_memberships_contains_paid_content":false,"footnotes":""},"categories":[107],"tags":[114,113,116,115,111,82,112,79,117],"class_list":{"0":"post-1029","1":"post","2":"type-post","3":"status-publish","4":"format-standard","5":"has-post-thumbnail","7":"category-projekt-stadtwerke-klagenfurt-2","8":"tag-abwertung","9":"tag-bilanz","10":"tag-ekg","11":"tag-energie-klagenfurt","12":"tag-klaus-juergen-jandl","13":"tag-maria-luise-mathiaschitz","14":"tag-spoe","15":"tag-stadtwerke-klagenfurt","16":"tag-stw"},"yoast_head":"<!-- This site is optimized with the Yoast SEO plugin v20.10 - https:\/\/yoast.com\/wordpress\/plugins\/seo\/ -->\n<title>Die &quot;Geisterklage&quot; - Mediapartizan.at<\/title>\n<meta name=\"robots\" content=\"index, follow, max-snippet:-1, max-image-preview:large, max-video-preview:-1\" \/>\n<link rel=\"canonical\" href=\"https:\/\/www.mediapartizan.at\/?p=1029\" \/>\n<meta property=\"og:locale\" content=\"de_DE\" \/>\n<meta property=\"og:type\" content=\"article\" \/>\n<meta property=\"og:title\" content=\"Die &quot;Geisterklage&quot; - Mediapartizan.at\" \/>\n<meta property=\"og:description\" content=\"Massive Abwertung der Stadtwerke-Tochter EKG sorgte im Oktober f\u00fcr Wirbel. Klagenfurter Gemeinderat warf Verantwortlichen \u201emutwillige Wertvernichtung\u201c vor. B\u00fcrgermeisterin lie\u00df Klage gegen ihn pr\u00fcfen. Was aus ihr geworden ist. Anfang Oktober 2019 fand der Klagenfurter Gemeinderat [...]\" \/>\n<meta property=\"og:url\" content=\"https:\/\/www.mediapartizan.at\/?p=1029\" \/>\n<meta property=\"og:site_name\" content=\"Mediapartizan.at\" \/>\n<meta property=\"article:published_time\" content=\"2020-04-22T13:37:12+00:00\" \/>\n<meta property=\"article:modified_time\" content=\"2020-06-09T12:00:46+00:00\" \/>\n<meta property=\"og:image\" content=\"https:\/\/www.mediapartizan.at\/wp-content\/uploads\/2020\/04\/justice-2060093_1280-1.jpg\" \/>\n\t<meta property=\"og:image:width\" content=\"1280\" \/>\n\t<meta property=\"og:image:height\" content=\"853\" \/>\n\t<meta property=\"og:image:type\" content=\"image\/jpeg\" \/>\n<meta name=\"author\" content=\"Franz Miklautz\" \/>\n<meta name=\"twitter:card\" content=\"summary_large_image\" \/>\n<meta name=\"twitter:label1\" content=\"Verfasst von\" \/>\n\t<meta name=\"twitter:data1\" content=\"Franz Miklautz\" \/>\n\t<meta name=\"twitter:label2\" content=\"Gesch\u00e4tzte Lesezeit\" \/>\n\t<meta name=\"twitter:data2\" content=\"3\u00a0Minuten\" \/>\n<script type=\"application\/ld+json\" class=\"yoast-schema-graph\">{\"@context\":\"https:\/\/schema.org\",\"@graph\":[{\"@type\":\"WebPage\",\"@id\":\"https:\/\/www.mediapartizan.at\/?p=1029\",\"url\":\"https:\/\/www.mediapartizan.at\/?p=1029\",\"name\":\"Die \\\"Geisterklage\\\" - Mediapartizan.at\",\"isPartOf\":{\"@id\":\"https:\/\/www.mediapartizan.at\/#website\"},\"datePublished\":\"2020-04-22T13:37:12+00:00\",\"dateModified\":\"2020-06-09T12:00:46+00:00\",\"author\":{\"@id\":\"https:\/\/www.mediapartizan.at\/#\/schema\/person\/f6bd7eb8222f2fe985c78d08f17ed7a9\"},\"breadcrumb\":{\"@id\":\"https:\/\/www.mediapartizan.at\/?p=1029#breadcrumb\"},\"inLanguage\":\"de\",\"potentialAction\":[{\"@type\":\"ReadAction\",\"target\":[\"https:\/\/www.mediapartizan.at\/?p=1029\"]}]},{\"@type\":\"BreadcrumbList\",\"@id\":\"https:\/\/www.mediapartizan.at\/?p=1029#breadcrumb\",\"itemListElement\":[{\"@type\":\"ListItem\",\"position\":1,\"name\":\"Startseite\",\"item\":\"https:\/\/www.mediapartizan.at\/\"},{\"@type\":\"ListItem\",\"position\":2,\"name\":\"Die &#8222;Geisterklage&#8220;\"}]},{\"@type\":\"WebSite\",\"@id\":\"https:\/\/www.mediapartizan.at\/#website\",\"url\":\"https:\/\/www.mediapartizan.at\/\",\"name\":\"Mediapartizan.at\",\"description\":\"\",\"potentialAction\":[{\"@type\":\"SearchAction\",\"target\":{\"@type\":\"EntryPoint\",\"urlTemplate\":\"https:\/\/www.mediapartizan.at\/?s={search_term_string}\"},\"query-input\":\"required name=search_term_string\"}],\"inLanguage\":\"de\"},{\"@type\":\"Person\",\"@id\":\"https:\/\/www.mediapartizan.at\/#\/schema\/person\/f6bd7eb8222f2fe985c78d08f17ed7a9\",\"name\":\"Franz Miklautz\",\"image\":{\"@type\":\"ImageObject\",\"inLanguage\":\"de\",\"@id\":\"https:\/\/www.mediapartizan.at\/#\/schema\/person\/image\/\",\"url\":\"https:\/\/secure.gravatar.com\/avatar\/5618667e9a7ab3fa3e1a0c75987c8d0c111ad041167e738d67ac0846e54e195e?s=96&d=mm&r=g\",\"contentUrl\":\"https:\/\/secure.gravatar.com\/avatar\/5618667e9a7ab3fa3e1a0c75987c8d0c111ad041167e738d67ac0846e54e195e?s=96&d=mm&r=g\",\"caption\":\"Franz Miklautz\"},\"url\":\"https:\/\/www.mediapartizan.at\/?author=2\"}]}<\/script>\n<!-- \/ Yoast SEO plugin. -->","yoast_head_json":{"title":"Die \"Geisterklage\" - Mediapartizan.at","robots":{"index":"index","follow":"follow","max-snippet":"max-snippet:-1","max-image-preview":"max-image-preview:large","max-video-preview":"max-video-preview:-1"},"canonical":"https:\/\/www.mediapartizan.at\/?p=1029","og_locale":"de_DE","og_type":"article","og_title":"Die \"Geisterklage\" - Mediapartizan.at","og_description":"Massive Abwertung der Stadtwerke-Tochter EKG sorgte im Oktober f\u00fcr Wirbel. Klagenfurter Gemeinderat warf Verantwortlichen \u201emutwillige Wertvernichtung\u201c vor. B\u00fcrgermeisterin lie\u00df Klage gegen ihn pr\u00fcfen. Was aus ihr geworden ist. Anfang Oktober 2019 fand der Klagenfurter Gemeinderat [...]","og_url":"https:\/\/www.mediapartizan.at\/?p=1029","og_site_name":"Mediapartizan.at","article_published_time":"2020-04-22T13:37:12+00:00","article_modified_time":"2020-06-09T12:00:46+00:00","og_image":[{"width":1280,"height":853,"url":"https:\/\/www.mediapartizan.at\/wp-content\/uploads\/2020\/04\/justice-2060093_1280-1.jpg","type":"image\/jpeg"}],"author":"Franz Miklautz","twitter_card":"summary_large_image","twitter_misc":{"Verfasst von":"Franz Miklautz","Gesch\u00e4tzte Lesezeit":"3\u00a0Minuten"},"schema":{"@context":"https:\/\/schema.org","@graph":[{"@type":"WebPage","@id":"https:\/\/www.mediapartizan.at\/?p=1029","url":"https:\/\/www.mediapartizan.at\/?p=1029","name":"Die \"Geisterklage\" - Mediapartizan.at","isPartOf":{"@id":"https:\/\/www.mediapartizan.at\/#website"},"datePublished":"2020-04-22T13:37:12+00:00","dateModified":"2020-06-09T12:00:46+00:00","author":{"@id":"https:\/\/www.mediapartizan.at\/#\/schema\/person\/f6bd7eb8222f2fe985c78d08f17ed7a9"},"breadcrumb":{"@id":"https:\/\/www.mediapartizan.at\/?p=1029#breadcrumb"},"inLanguage":"de","potentialAction":[{"@type":"ReadAction","target":["https:\/\/www.mediapartizan.at\/?p=1029"]}]},{"@type":"BreadcrumbList","@id":"https:\/\/www.mediapartizan.at\/?p=1029#breadcrumb","itemListElement":[{"@type":"ListItem","position":1,"name":"Startseite","item":"https:\/\/www.mediapartizan.at\/"},{"@type":"ListItem","position":2,"name":"Die &#8222;Geisterklage&#8220;"}]},{"@type":"WebSite","@id":"https:\/\/www.mediapartizan.at\/#website","url":"https:\/\/www.mediapartizan.at\/","name":"Mediapartizan.at","description":"","potentialAction":[{"@type":"SearchAction","target":{"@type":"EntryPoint","urlTemplate":"https:\/\/www.mediapartizan.at\/?s={search_term_string}"},"query-input":"required name=search_term_string"}],"inLanguage":"de"},{"@type":"Person","@id":"https:\/\/www.mediapartizan.at\/#\/schema\/person\/f6bd7eb8222f2fe985c78d08f17ed7a9","name":"Franz Miklautz","image":{"@type":"ImageObject","inLanguage":"de","@id":"https:\/\/www.mediapartizan.at\/#\/schema\/person\/image\/","url":"https:\/\/secure.gravatar.com\/avatar\/5618667e9a7ab3fa3e1a0c75987c8d0c111ad041167e738d67ac0846e54e195e?s=96&d=mm&r=g","contentUrl":"https:\/\/secure.gravatar.com\/avatar\/5618667e9a7ab3fa3e1a0c75987c8d0c111ad041167e738d67ac0846e54e195e?s=96&d=mm&r=g","caption":"Franz Miklautz"},"url":"https:\/\/www.mediapartizan.at\/?author=2"}]}},"jetpack_featured_media_url":"https:\/\/i0.wp.com\/www.mediapartizan.at\/wp-content\/uploads\/2020\/04\/justice-2060093_1280-1.jpg?fit=1280%2C853&ssl=1","jetpack_sharing_enabled":true,"_links":{"self":[{"href":"https:\/\/www.mediapartizan.at\/index.php?rest_route=\/wp\/v2\/posts\/1029","targetHints":{"allow":["GET"]}}],"collection":[{"href":"https:\/\/www.mediapartizan.at\/index.php?rest_route=\/wp\/v2\/posts"}],"about":[{"href":"https:\/\/www.mediapartizan.at\/index.php?rest_route=\/wp\/v2\/types\/post"}],"author":[{"embeddable":true,"href":"https:\/\/www.mediapartizan.at\/index.php?rest_route=\/wp\/v2\/users\/2"}],"replies":[{"embeddable":true,"href":"https:\/\/www.mediapartizan.at\/index.php?rest_route=%2Fwp%2Fv2%2Fcomments&post=1029"}],"version-history":[{"count":7,"href":"https:\/\/www.mediapartizan.at\/index.php?rest_route=\/wp\/v2\/posts\/1029\/revisions"}],"predecessor-version":[{"id":1158,"href":"https:\/\/www.mediapartizan.at\/index.php?rest_route=\/wp\/v2\/posts\/1029\/revisions\/1158"}],"wp:featuredmedia":[{"embeddable":true,"href":"https:\/\/www.mediapartizan.at\/index.php?rest_route=\/wp\/v2\/media\/1039"}],"wp:attachment":[{"href":"https:\/\/www.mediapartizan.at\/index.php?rest_route=%2Fwp%2Fv2%2Fmedia&parent=1029"}],"wp:term":[{"taxonomy":"category","embeddable":true,"href":"https:\/\/www.mediapartizan.at\/index.php?rest_route=%2Fwp%2Fv2%2Fcategories&post=1029"},{"taxonomy":"post_tag","embeddable":true,"href":"https:\/\/www.mediapartizan.at\/index.php?rest_route=%2Fwp%2Fv2%2Ftags&post=1029"}],"curies":[{"name":"wp","href":"https:\/\/api.w.org\/{rel}","templated":true}]}}