{"id":10470,"date":"2024-12-10T08:58:19","date_gmt":"2024-12-10T07:58:19","guid":{"rendered":"https:\/\/www.mediapartizan.at\/?p=10470"},"modified":"2024-12-10T17:57:53","modified_gmt":"2024-12-10T16:57:53","slug":"jonke-beerbt-kastner-als-klagenfurter-vizebuergermeister","status":"publish","type":"post","link":"https:\/\/www.mediapartizan.at\/?p=10470","title":{"rendered":"Jonke beerbt Kastner als Klagenfurter Vizeb\u00fcrgermeister"},"content":{"rendered":"<p>Man kann durchaus von Ausdauer sprechen. Immerhin ist es der dritte Anlauf Patrick Jonkes, um das zweith\u00f6chste politische Amt der Landeshauptstadt Klagenfurt einzunehmen: Den Posten eines Vizeb\u00fcrgermeisters. Genauer gesagt jenen des zweiten Vizestadtchefs. Der erste wird von Ronald Rabitsch (SP\u00d6) gestellt.<\/p>\n<p>Beim dritten Versuch hat es Jonke nun geschafft. Er beerbt den noch nicht einmal ein Jahr im Amt befindlichen Alexander Kastner. Staffel\u00fcbergabe soll am 29. April 2025 sein. Dann soll Jonke (vorerst) am Ziel seiner politischen Ambitionen sein und neben B\u00fcrgermeister Christian Scheider, ebenfalls Team K\u00e4rnten, in die Stadtregierung einziehen. Kastner fallen derzeit die Agenden Klagenfurt Wohnen, Sanierung, Neubau, Klima- und Umweltschutz, Energie und Europ\u00e4ische Angelegenheiten zu. Es ist damit zu rechnen, dass es hier zu Rochaden kommt, sobald Jonke im Vizeb\u00fcrgermeistersessel Platz nimmt.<\/p>\n<p><strong>K\u00f6fer: &#8222;Nehme das so zur Kenntnis&#8220;<\/strong><\/p>\n<p>Landespartei-Chef Gerhard K\u00f6fer wei\u00df von den Pl\u00e4nen. Ihm sei &#8222;die Entscheidung der Klagenfurter Fraktion mitgeteilt worden. Ich nehme das so zur Kenntnis&#8220;. Gl\u00fccklich \u00fcber diese Entwicklung soll K\u00f6fer nicht sein. Kastner war f\u00fcr eine Stellungnahme vorerst nicht zu erreichen. Jonke best\u00e4tigt auf Anfrage die Vorgehensweise und k\u00fcndigte eine umgehende Presseaussendung an.<\/p>\n<p>Bis zur Installierung zu Scheiders Rechten war es ein weiter Weg: Schon im Herbst 2021 zeichnete sich ein Machtkampf zwischen Jonke und dem damaligen Vizeb\u00fcrgermeister Alois Dolinar (Team K\u00e4rnten) ab. Dieser endete mit despektierlichen Meldungen \u00fcber Dolinar in der \u00d6ffentlichkeit. Doch der heute 69-j\u00e4hrige Dolinar &#8222;\u00fcberlebte&#8220;.<\/p>\n<p><strong>Rei\u00dfverschlusssystem<\/strong><\/p>\n<p>Der Machtkampf zwischen Jonke und Dolinar ereignete sich nur ein halbes Jahr nachdem die Stadtregierung Scheider II ihr Amt antrat. Hinter den Kulissen, das wissen die Wenigsten, gab es eine schriftliche Vereinbarung zwischen Scheider und Landespartei-Chef Gerhard K\u00f6fer &#8211; das sogenannte Rei\u00dfverschlusssystem. Dieses bestimmte, dass jeweils ein Proponent jeder Seite abwechselnd einen Platz auf der Wahlliste erh\u00e4lt. Nummer eins war Scheider, Nummer zwei Ren\u00e9 Cerne (K\u00f6fer-Mann), Nummer drei Jonke (Scheider-Mann), Nummer vier Dolinar (K\u00f6fer-Mann) und so weiter. Wobei ausgemacht war, dass Dolinar eine Zeit lang Vizeb\u00fcrgermeister wird. Doch diese Zeit war dem karriereorientierten Jonke offenbar zu lang.<\/p>\n<p><strong>Dolinars Abgang<\/strong><\/p>\n<p>Dann kam der J\u00e4nner 2024. Der zweite Anlauf Jonkes. Da traf es sich offenbar, dass Dolinar in eine \u00f6ffentliche Wohnungs-Causa verstrickt war. Einem Familienmitglied Dolinars war von der Stadt eine Genossenschaftswohnung zugeteilt worden. Und zwar unter Zustimmung Dolinars. Der argumentierte zuerst, dass er seinem Familienmitglied in einer schweren Lage nur helfen habe wollen, tags darauf lautete die Argumentation dann aber: Ein Ex-Mitarbeiter Dolinars habe die Sache ohne Wissen von Wohnungsreferent Dolinar eingef\u00e4delt. Das habe der ehemalige Mitarbeiter Dolinars auch selbst so erkl\u00e4rt.<\/p>\n<p>Obwohl Dolinars Abgang als Vizeb\u00fcrgermeister, wie Parteichef Gerhard K\u00f6fer damals erkl\u00e4rte, bereits fixiert gewesen sei, trug die Wohnungsaff\u00e4re zumindest \u00f6ffentlich wohl zum Eindruck eines beschleunigten R\u00fcckzugs bei. Doch der nachdr\u00e4ngende Jonke ging leer aus. Er matchte sich damals mit Michael Gu\u00dfnig, der Dolinar ebenfalls beerben wollte. Ausschlaggebend daf\u00fcr, dass K\u00f6fer Jonke nicht inthroniserte, war auch, dass gegen den aktuellen B\u00fcroleiter Scheiders damals noch von der Staatsanwaltschaft ermittelt wurde: Grund: Mutma\u00dflich zu Unrecht gebuchte \u00dcberstunden. Diese Ermittlungen wurden vom Landesgericht Klagenfurt jedoch k\u00fcrzlich allesamt eingestellt. Nur mehr ein Strang ist offen. Dabei geht es um eine Auftragsvergabe an eine Werbeagentur. Es gilt die Unschuldsvermutung. Die bisherige Verteidigung kostete Jonke nach Eigenangaben zwischen 30.000 und 40.000 Euro.<\/p>\n<p><strong>Jonkes \u00dcberstunden<\/strong><\/p>\n<p>Wenn Jonke Kastner im April nachfolgt, wird er als B\u00fcroleiter Scheiders Hunderte \u00dcberstunden angesammelt haben. Das best\u00e4tigt Jonke auf Nachfrage. Was mit diesen \u00dcberstunden passiert, ob sie ausgezahlt werden oder ob Jonke Zeitausgleich nehmen wird, &#8222;das ist noch nicht entschieden&#8220;. Einen Ersatz als Scheiders B\u00fcroleiter habe man schon im Auge, so Jonke. Der Name werde aber noch nicht verraten.<\/p>\n<p><strong>Kastner statt Jonke<\/strong><\/p>\n<p>K\u00f6fer zog daraufhin Alexander Kastner aus dem Hut. Der Bundesheer-Offizier gilt als so etwas wie die Antipode zur Team-K\u00e4rnten-Politik: Ruhig, besonnen, ein Sir. Um Kastner in den Rang des Vizeb\u00fcrgermeisters zu bringen, mussten Etliche vor ihm auf der Liste auf den Einzug in den Gemeinderat verzichten. Das tat nicht jeder: Dolinars wohnversorgtes Familienmitglied, auf Listenplatz 12, verzichtete nicht und zog in den Gemeinderat ein. Zwei bereits t\u00e4tigte Mandatare verlie\u00dfen das Gremium.<\/p>\n<p><strong>Jonke statt Kastner<\/strong><\/p>\n<p>Und nun also Jonke: Der Vater einer Tochter hat den TK-Gemeinderat hinter sich versammelt. Die Entscheidung zur Bestellung zum Vizeb\u00fcrgermeister soll einstimmig f\u00fcr ihn ausgefallen sein. TK-Gemeinder\u00e4tin Ulrike Herzig best\u00e4tigt diese Angaben Jonkes. Dieser gilt als zielstrebig und lernf\u00e4hig. Im Umgang mit den anderen Parteien als ruppig. Gegner bezeichnen ihn als &#8222;skrupellos&#8220; und &#8222;kaltbl\u00fctig&#8220;, w\u00e4hrend ihn seine eigenen Leute als &#8222;immer da, wenn man ihn braucht&#8220;, &#8222;Workoholic&#8220; und &#8222;un\u00fcberwindliche Mauer&#8220; einsch\u00e4tzen. Doch auch in seinen eigenen Reihen bezeichnet es eine Jonke kritisch gegen\u00fcber stehende Person als &#8222;Putsch&#8220;, den Jonke nun an Kastner durchgef\u00fchrt haben soll. Er selbst sieht das naturgem\u00e4\u00df nicht so: &#8222;Es hat eine demokratische Abstimmung im Club gegeben.&#8220; Diese hat offenbar am 29. November um 12 Uhr mittags stattgefunden. &#8222;High Noon&#8220; eben. Wer zieht schneller? Die politische Devise des Patrick Jonke.<\/p>\n","protected":false},"excerpt":{"rendered":"<div class=\"mh-excerpt\"><p>&#8222;Putsch&#8220; oder Karrieresprung: Patrick Jonke soll im April als Vizeb\u00fcrgermeister der Landeshauptstadt installiert werden. Er folgt damit auf Alexander Kastner, der erst seit kurzem im Amt ist. K\u00f6fer: &#8222;Nehme Entscheidung zur Kenntnis.&#8220; <a class=\"mh-excerpt-more\" href=\"https:\/\/www.mediapartizan.at\/?p=10470\" title=\"Jonke beerbt Kastner als Klagenfurter Vizeb\u00fcrgermeister\">[&#8230;]<\/a><\/p>\n<\/div>","protected":false},"author":2,"featured_media":10471,"comment_status":"open","ping_status":"open","sticky":false,"template":"","format":"standard","meta":{"inline_featured_image":false,"_jetpack_memberships_contains_paid_content":false,"footnotes":""},"categories":[143],"tags":[530,86,516,498,204,246],"class_list":{"0":"post-10470","1":"post","2":"type-post","3":"status-publish","4":"format-standard","5":"has-post-thumbnail","7":"category-stadt-klagenfurt","8":"tag-alexander-kastner","9":"tag-christian-scheider","10":"tag-gerhard-koefer","11":"tag-patrick-jonke","12":"tag-team-kaernten","13":"tag-vizebuergermeister"},"yoast_head":"<!-- This site is optimized with the Yoast SEO plugin v20.10 - https:\/\/yoast.com\/wordpress\/plugins\/seo\/ -->\n<title>Jonke beerbt Kastner als Klagenfurter Vizeb\u00fcrgermeister - Mediapartizan.at<\/title>\n<meta name=\"robots\" content=\"index, follow, max-snippet:-1, max-image-preview:large, max-video-preview:-1\" \/>\n<link rel=\"canonical\" href=\"https:\/\/www.mediapartizan.at\/?p=10470\" \/>\n<meta property=\"og:locale\" content=\"de_DE\" \/>\n<meta property=\"og:type\" content=\"article\" \/>\n<meta property=\"og:title\" content=\"Jonke beerbt Kastner als Klagenfurter Vizeb\u00fcrgermeister - Mediapartizan.at\" \/>\n<meta property=\"og:description\" content=\"&quot;Putsch&quot; oder Karrieresprung: Patrick Jonke soll im April als Vizeb\u00fcrgermeister der Landeshauptstadt installiert werden. Er folgt damit auf Alexander Kastner, der erst seit kurzem im Amt ist. K\u00f6fer: &quot;Nehme Entscheidung zur Kenntnis.&quot; [...]\" \/>\n<meta property=\"og:url\" content=\"https:\/\/www.mediapartizan.at\/?p=10470\" \/>\n<meta property=\"og:site_name\" content=\"Mediapartizan.at\" \/>\n<meta property=\"article:published_time\" content=\"2024-12-10T07:58:19+00:00\" \/>\n<meta property=\"article:modified_time\" content=\"2024-12-10T16:57:53+00:00\" \/>\n<meta property=\"og:image\" content=\"https:\/\/www.mediapartizan.at\/wp-content\/uploads\/2024\/12\/IMG_20240829_1202531.jpg\" \/>\n\t<meta property=\"og:image:width\" content=\"1280\" \/>\n\t<meta property=\"og:image:height\" content=\"960\" \/>\n\t<meta property=\"og:image:type\" content=\"image\/jpeg\" \/>\n<meta name=\"author\" content=\"Franz Miklautz\" \/>\n<meta name=\"twitter:card\" content=\"summary_large_image\" \/>\n<meta name=\"twitter:label1\" content=\"Verfasst von\" \/>\n\t<meta name=\"twitter:data1\" content=\"Franz Miklautz\" \/>\n\t<meta name=\"twitter:label2\" content=\"Gesch\u00e4tzte Lesezeit\" \/>\n\t<meta name=\"twitter:data2\" content=\"5\u00a0Minuten\" \/>\n<script type=\"application\/ld+json\" class=\"yoast-schema-graph\">{\"@context\":\"https:\/\/schema.org\",\"@graph\":[{\"@type\":\"WebPage\",\"@id\":\"https:\/\/www.mediapartizan.at\/?p=10470\",\"url\":\"https:\/\/www.mediapartizan.at\/?p=10470\",\"name\":\"Jonke beerbt Kastner als Klagenfurter Vizeb\u00fcrgermeister - Mediapartizan.at\",\"isPartOf\":{\"@id\":\"https:\/\/www.mediapartizan.at\/#website\"},\"datePublished\":\"2024-12-10T07:58:19+00:00\",\"dateModified\":\"2024-12-10T16:57:53+00:00\",\"author\":{\"@id\":\"https:\/\/www.mediapartizan.at\/#\/schema\/person\/f6bd7eb8222f2fe985c78d08f17ed7a9\"},\"breadcrumb\":{\"@id\":\"https:\/\/www.mediapartizan.at\/?p=10470#breadcrumb\"},\"inLanguage\":\"de\",\"potentialAction\":[{\"@type\":\"ReadAction\",\"target\":[\"https:\/\/www.mediapartizan.at\/?p=10470\"]}]},{\"@type\":\"BreadcrumbList\",\"@id\":\"https:\/\/www.mediapartizan.at\/?p=10470#breadcrumb\",\"itemListElement\":[{\"@type\":\"ListItem\",\"position\":1,\"name\":\"Startseite\",\"item\":\"https:\/\/www.mediapartizan.at\/\"},{\"@type\":\"ListItem\",\"position\":2,\"name\":\"Jonke beerbt Kastner als Klagenfurter Vizeb\u00fcrgermeister\"}]},{\"@type\":\"WebSite\",\"@id\":\"https:\/\/www.mediapartizan.at\/#website\",\"url\":\"https:\/\/www.mediapartizan.at\/\",\"name\":\"Mediapartizan.at\",\"description\":\"\",\"potentialAction\":[{\"@type\":\"SearchAction\",\"target\":{\"@type\":\"EntryPoint\",\"urlTemplate\":\"https:\/\/www.mediapartizan.at\/?s={search_term_string}\"},\"query-input\":\"required name=search_term_string\"}],\"inLanguage\":\"de\"},{\"@type\":\"Person\",\"@id\":\"https:\/\/www.mediapartizan.at\/#\/schema\/person\/f6bd7eb8222f2fe985c78d08f17ed7a9\",\"name\":\"Franz Miklautz\",\"image\":{\"@type\":\"ImageObject\",\"inLanguage\":\"de\",\"@id\":\"https:\/\/www.mediapartizan.at\/#\/schema\/person\/image\/\",\"url\":\"https:\/\/secure.gravatar.com\/avatar\/5618667e9a7ab3fa3e1a0c75987c8d0c111ad041167e738d67ac0846e54e195e?s=96&d=mm&r=g\",\"contentUrl\":\"https:\/\/secure.gravatar.com\/avatar\/5618667e9a7ab3fa3e1a0c75987c8d0c111ad041167e738d67ac0846e54e195e?s=96&d=mm&r=g\",\"caption\":\"Franz Miklautz\"},\"url\":\"https:\/\/www.mediapartizan.at\/?author=2\"}]}<\/script>\n<!-- \/ Yoast SEO plugin. -->","yoast_head_json":{"title":"Jonke beerbt Kastner als Klagenfurter Vizeb\u00fcrgermeister - Mediapartizan.at","robots":{"index":"index","follow":"follow","max-snippet":"max-snippet:-1","max-image-preview":"max-image-preview:large","max-video-preview":"max-video-preview:-1"},"canonical":"https:\/\/www.mediapartizan.at\/?p=10470","og_locale":"de_DE","og_type":"article","og_title":"Jonke beerbt Kastner als Klagenfurter Vizeb\u00fcrgermeister - Mediapartizan.at","og_description":"\"Putsch\" oder Karrieresprung: Patrick Jonke soll im April als Vizeb\u00fcrgermeister der Landeshauptstadt installiert werden. Er folgt damit auf Alexander Kastner, der erst seit kurzem im Amt ist. K\u00f6fer: \"Nehme Entscheidung zur Kenntnis.\" [...]","og_url":"https:\/\/www.mediapartizan.at\/?p=10470","og_site_name":"Mediapartizan.at","article_published_time":"2024-12-10T07:58:19+00:00","article_modified_time":"2024-12-10T16:57:53+00:00","og_image":[{"width":1280,"height":960,"url":"https:\/\/www.mediapartizan.at\/wp-content\/uploads\/2024\/12\/IMG_20240829_1202531.jpg","type":"image\/jpeg"}],"author":"Franz Miklautz","twitter_card":"summary_large_image","twitter_misc":{"Verfasst von":"Franz Miklautz","Gesch\u00e4tzte Lesezeit":"5\u00a0Minuten"},"schema":{"@context":"https:\/\/schema.org","@graph":[{"@type":"WebPage","@id":"https:\/\/www.mediapartizan.at\/?p=10470","url":"https:\/\/www.mediapartizan.at\/?p=10470","name":"Jonke beerbt Kastner als Klagenfurter Vizeb\u00fcrgermeister - Mediapartizan.at","isPartOf":{"@id":"https:\/\/www.mediapartizan.at\/#website"},"datePublished":"2024-12-10T07:58:19+00:00","dateModified":"2024-12-10T16:57:53+00:00","author":{"@id":"https:\/\/www.mediapartizan.at\/#\/schema\/person\/f6bd7eb8222f2fe985c78d08f17ed7a9"},"breadcrumb":{"@id":"https:\/\/www.mediapartizan.at\/?p=10470#breadcrumb"},"inLanguage":"de","potentialAction":[{"@type":"ReadAction","target":["https:\/\/www.mediapartizan.at\/?p=10470"]}]},{"@type":"BreadcrumbList","@id":"https:\/\/www.mediapartizan.at\/?p=10470#breadcrumb","itemListElement":[{"@type":"ListItem","position":1,"name":"Startseite","item":"https:\/\/www.mediapartizan.at\/"},{"@type":"ListItem","position":2,"name":"Jonke beerbt Kastner als Klagenfurter Vizeb\u00fcrgermeister"}]},{"@type":"WebSite","@id":"https:\/\/www.mediapartizan.at\/#website","url":"https:\/\/www.mediapartizan.at\/","name":"Mediapartizan.at","description":"","potentialAction":[{"@type":"SearchAction","target":{"@type":"EntryPoint","urlTemplate":"https:\/\/www.mediapartizan.at\/?s={search_term_string}"},"query-input":"required name=search_term_string"}],"inLanguage":"de"},{"@type":"Person","@id":"https:\/\/www.mediapartizan.at\/#\/schema\/person\/f6bd7eb8222f2fe985c78d08f17ed7a9","name":"Franz Miklautz","image":{"@type":"ImageObject","inLanguage":"de","@id":"https:\/\/www.mediapartizan.at\/#\/schema\/person\/image\/","url":"https:\/\/secure.gravatar.com\/avatar\/5618667e9a7ab3fa3e1a0c75987c8d0c111ad041167e738d67ac0846e54e195e?s=96&d=mm&r=g","contentUrl":"https:\/\/secure.gravatar.com\/avatar\/5618667e9a7ab3fa3e1a0c75987c8d0c111ad041167e738d67ac0846e54e195e?s=96&d=mm&r=g","caption":"Franz Miklautz"},"url":"https:\/\/www.mediapartizan.at\/?author=2"}]}},"jetpack_featured_media_url":"https:\/\/i0.wp.com\/www.mediapartizan.at\/wp-content\/uploads\/2024\/12\/IMG_20240829_1202531.jpg?fit=1280%2C960&ssl=1","jetpack_sharing_enabled":true,"_links":{"self":[{"href":"https:\/\/www.mediapartizan.at\/index.php?rest_route=\/wp\/v2\/posts\/10470","targetHints":{"allow":["GET"]}}],"collection":[{"href":"https:\/\/www.mediapartizan.at\/index.php?rest_route=\/wp\/v2\/posts"}],"about":[{"href":"https:\/\/www.mediapartizan.at\/index.php?rest_route=\/wp\/v2\/types\/post"}],"author":[{"embeddable":true,"href":"https:\/\/www.mediapartizan.at\/index.php?rest_route=\/wp\/v2\/users\/2"}],"replies":[{"embeddable":true,"href":"https:\/\/www.mediapartizan.at\/index.php?rest_route=%2Fwp%2Fv2%2Fcomments&post=10470"}],"version-history":[{"count":17,"href":"https:\/\/www.mediapartizan.at\/index.php?rest_route=\/wp\/v2\/posts\/10470\/revisions"}],"predecessor-version":[{"id":10501,"href":"https:\/\/www.mediapartizan.at\/index.php?rest_route=\/wp\/v2\/posts\/10470\/revisions\/10501"}],"wp:featuredmedia":[{"embeddable":true,"href":"https:\/\/www.mediapartizan.at\/index.php?rest_route=\/wp\/v2\/media\/10471"}],"wp:attachment":[{"href":"https:\/\/www.mediapartizan.at\/index.php?rest_route=%2Fwp%2Fv2%2Fmedia&parent=10470"}],"wp:term":[{"taxonomy":"category","embeddable":true,"href":"https:\/\/www.mediapartizan.at\/index.php?rest_route=%2Fwp%2Fv2%2Fcategories&post=10470"},{"taxonomy":"post_tag","embeddable":true,"href":"https:\/\/www.mediapartizan.at\/index.php?rest_route=%2Fwp%2Fv2%2Ftags&post=10470"}],"curies":[{"name":"wp","href":"https:\/\/api.w.org\/{rel}","templated":true}]}}