{"id":10515,"date":"2024-12-13T02:38:12","date_gmt":"2024-12-13T01:38:12","guid":{"rendered":"https:\/\/www.mediapartizan.at\/?p=10515"},"modified":"2024-12-13T16:36:17","modified_gmt":"2024-12-13T15:36:17","slug":"personalchef-der-stadt-klagenfurt-wegen-jost-jonke-und-weihnachtsfeiern-unter-schwerem-beschuss","status":"publish","type":"post","link":"https:\/\/www.mediapartizan.at\/?p=10515","title":{"rendered":"Personalchef der Stadt Klagenfurt wegen Jost, Jonke und Weihnachtsfeiern unter Beschuss"},"content":{"rendered":"<p><\/p>\n<p>Die anwaltliche Stellungnahme ist druckfrisch. Peter Ivankovics, ein Experte f\u00fcr \u00f6ffentliches Recht der Kanzlei hba-Rechtsanw\u00e4lte, hat sie am 3. Dezember 2024 verfasst. Und die 29 Seiten k\u00f6nnten brisanter nicht sein. Sie beinhalten folgenreiche Abw\u00e4gungen zu \u00dcberstunden von Patrick Jonke, B\u00fcroleiter von B\u00fcrgermeister Christian Scheider (Team K\u00e4rnten); zu einem autokratischen F\u00fchrungsverst\u00e4ndnis von Ex-Magistratsdirektor Peter Jost; und zur Informationsweitergabe \u00fcber Magistratsweihnachtsfeiern.<\/p>\n<p><\/p>\n<p><\/p>\n<p>In Summe spricht die Untersuchung davon, dem Stadtrechnungshof angefragte Informationen nicht oder zu sp\u00e4t auszufolgen, die dieser f\u00fcr seine Pr\u00fcft\u00e4tigkeit braucht. Und damit Aufkl\u00e4rung und Transparenz zu verhindern und dem Stadtrechnungshofdirektor Michael Pignitter das Leben schwer zu machen. <\/p>\n<p><\/p>\n<p><\/p>\n<p><strong>Stadtrechnungshof ausgehungert<\/strong><\/p>\n<p><\/p>\n<p><\/p>\n<p>Immer wieder f\u00e4llt der Name des Personalchefs der Stadt Klagenfurt. Und immer wieder scheinen sich dieser oder ihm untergebene Mitarbeiter dagegen zu wehren, dem Stadtrechnungshof die durch Beschluss n\u00f6tigen Informationen zu \u00fcbermitteln. Der Personalchef wird als getreuer Gefolgsmann des bereits seit einem Jahr pensionierten Magistratschefs Peter Jost gehandelt. Wie eine Handvoll anderer Personen auch. <\/p>\n<p><\/p>\n<p><\/p>\n<p>Als Jost noch im Amt war, wurden von ihm laut der hba-Einsch\u00e4tzung dem Stadtrechnungshof Daten \u00fcber Leasingkr\u00e4fte nicht in der gew\u00fcnschten Weise mitgeteilt. Das h\u00e4tte laut Ivankovics in dieser Form nicht geschehen d\u00fcrfen. Dem Stadtrechnungshof m\u00fcssten diese Informationen zug\u00e4nglich gemacht werden. Anfragegenstand waren auch die \u00dcberstunden von Patrick Jonke, Scheiders B\u00fcroleiter und ab April 2025 neuer Vizestadtchef. Auch er war Leasingkraft der Stadt. <\/p>\n<p><\/p>\n<p><\/p>\n<p><strong>Jonkes Personalleasing <\/strong><\/p>\n<p><\/p>\n<p><\/p>\n<p>Die Personalabteilung begr\u00fcndete eine Nicht-Erteilung von Auskunft unter anderem mit Personalmangel. Das l\u00e4sst die hba-Stellungnahme nicht gelten. Immerhin seien dem Stadtrechnungshof in einem bestimmten Fall Informationen \u00fcber einen Zeitraum von &#8222;vier Monaten&#8220; nicht erteilt worden. Das sei &#8222;nicht nachvollziehbar&#8220;. Beim Personalleasing von Jonke ging es unter anderem auch darum, dass dieser \u00fcber Monate hinweg mit \u00dcberstunden weit mehr kostete als mit der Leasingagentur urspr\u00fcnglich vereinbart worden war. Der Antrag Pignitters, eine Leseberechtigung in die Buchungsjournale der Gleitzeitantr\u00e4ge zu erhalten, wurde laut der Kanzlei von Jost abgelehnt. Er bot stattdessen eine Bereitstellung von Daten an. Dazu befragt erkl\u00e4rt Jost, dass es dazu sogar &#8222;Judikatur vom Verwaltungsgerichtshof gibt&#8220;. Kontrolle ja, sagt Jost, &#8222;aber nicht durch \u00fcberschie\u00dfende Mittel&#8220;.<\/p>\n<p><\/p>\n<p><\/p>\n<p>In einem Kleine-Zeitung-Interview griff Jost Stadtrechnungshofdirektor Pignitter sogar direkt an: Die Tinte auf seinem Arbeitsvertrag sei noch nicht trocken, richtete er ihm \u00f6ffentlich aus. Jost h\u00e4lt dazu fest, dass Pignitter &#8222;die Stadt kritisiert hat, obwohl er erst kurze Zeit im Amt war&#8220;. Da das nicht angehe, habe der, Jost, reagieren m\u00fcssen. Pignitter habe noch nicht einmal gewusst, &#8222;wie das Rathaus funktioniert und hat schon drauf los kritisiert&#8220;. Jost kritisiert die hba-Stellungnahme als einseitig. Er sei hinsichtlich der untersuchten Gegenst\u00e4nde n\u00e4mlich nicht befragt worden.<\/p>\n<p><\/p>\n<p><\/p>\n<p>Magistratsdirektor-Stellvertreter St\u00e9phane Binder kam laut den hba-Anw\u00e4lten der genauen Auskunftserteilung f\u00fcr ein Sommerfest der Stadt Klagenfurt nur z\u00f6gerlich nach. <\/p>\n<p><\/p>\n<p><\/p>\n<p><strong>Versto\u00df gegen Klagenfurter Stadtrecht<\/strong><\/p>\n<p><\/p>\n<p><\/p>\n<p>Im Juni wollte der Stadtrechnungshof Zahlungen aus Str\u00e4ngen der Stadt an Ex-Magistratsdirektor Jost untersuchen. Doch die Kontrollore bekamen von der Personalabteilung nicht die gew\u00fcnschten Zahlen. Das Vorgehen der Personalabteilung versto\u00dfe mindestens zum Teil gegen \u00a7 90 Absatz 4 des Klagenfurter Stadtrechts, kritisiert die Anwaltskanzlei.<\/p>\n<p><\/p>\n<p><\/p>\n<p>Insgesamt d\u00fcfte das Schreiben eine massive Aufwertung des Stadtrechnungshofs darstellen, der im Rathaus bis heute klein gehalten wird. <\/p>\n<p><\/p>\n<p><\/p>\n<h2 class=\"wp-block-heading\">Reaktionen: &#8222;Schwere Vorw\u00fcrfe&#8220;<\/h2>\n<p><\/p>\n<p><\/p>\n<p>Andreas Skorianz, FP\u00d6 Klubobmann und Vorsitzender des Kontrollausschusses, sagt auf Anfrage, dass es sich &#8222;um schwere Vorw\u00fcrfe handelt&#8220;. Der Kontrollausschuss werde einen Brief an B\u00fcrgermeister Scheider absetzen, in dem es &#8222;um geeignete Schritte&#8220; gehe. Also um Konsequenzen. Man erw\u00e4ge disziplin\u00e4re Folgen gegen den Personalchef einzufordern. &#8222;Schon allein aus generalpr\u00e4ventiven Gr\u00fcnden&#8220;, so Skorianz. Das k\u00f6nne man nicht einfach so stehen lassen.<\/p>\n<p><\/p>\n<p><\/p>\n<p><strong>\u00d6VP will neue Referatsverteilung<\/strong><\/p>\n<p><\/p>\n<p><\/p>\n<p>Auch die Volkspartei reagierte: \u201eEs ist ein neuer Beweis daf\u00fcr, dass in Klagenfurt Kompetenz, Verantwortung und politische F\u00fchrung im Rathaus fehlen. Einerlei ob Personal- oder Finanzreferat, egal wohin man blickt, sobald man genauer hinschaut sieht man vor lauter Problemb\u00e4umen den Wald fast nicht mehr\u201c, so \u00d6VP-Klubobmann Julian Geier. &#8222;Sowohl der B\u00fcrgermeister als Personalreferent als auch die Finanzreferentin sind gescheitert.&#8220; Geier fordert eine neue Verteilung der Referate.<\/p>\n<p><\/p>\n<p><\/p>\n<p><strong>Neos: &#8222;Einige spielen ein schmutziges Spiel&#8220;<\/strong><\/p>\n<p><\/p>\n<p><\/p>\n<p>Die Neos sehen Handlungsbedarf bei Stadtchef Scheider: &#8222;Vielleicht hat der B\u00fcrgermeister Angst vor den eigenen Mitarbeitern. Ich bleibe aber dabei: Neben den vielen Flei\u00dfigen und Redlichen gibt es im Rathaus leider einige, die ein schmutziges Spiel spielen. Nach den j\u00fcngsten Aufdeckungen muss Scheider sofort handeln und endlich gegen jene vorgehen, die das Rathaus f\u00fcr ihre pers\u00f6nlichen Zwecke missbrauchen,&#8220; sagt Klubobmann Janos Juvan.<\/p>\n<p><\/p>\n<p><\/p>\n<h2 class=\"wp-block-heading\">Erratum, 13.12., 9 Uhr<\/h2>\n<p><\/p>\n<p><\/p>\n<p>In einem Zwischentitel &#8222;\u00dcberstunden hamstern bei Weihnachtsfeier&#8220; und in der Einleitung wurde angegeben, dass Mitarbeiter der Stadt Klagenfurt \u00dcberstunden bei einer Weihnachtsfeier geschrieben h\u00e4tten. Dies trifft nicht zu und wurde korrigiert. Die Redaktion ersucht um Nachsehen f\u00fcr diesen Fehler.<\/p>\n<p><\/p>\n<p><\/p>\n<p><\/p>\n<p><\/p>\n<p><\/p>\n<p><\/p>\n<p><\/p>\n<p><\/p>\n<p><\/p>\n<p><\/p>\n<p><\/p>\n","protected":false},"excerpt":{"rendered":"<div class=\"mh-excerpt\"><p>Anwaltskanzlei fand schwere Unzul\u00e4nglichkeiten in der Informationsweitergabe st\u00e4dtischer Abteilungen an den Stadtrechnungshof. Bericht d\u00fcrfte Sprengstoff enthalten. <a class=\"mh-excerpt-more\" href=\"https:\/\/www.mediapartizan.at\/?p=10515\" title=\"Personalchef der Stadt Klagenfurt wegen Jost, Jonke und Weihnachtsfeiern unter Beschuss\">[&#8230;]<\/a><\/p>\n<\/div>","protected":false},"author":2,"featured_media":7118,"comment_status":"open","ping_status":"open","sticky":false,"template":"","format":"standard","meta":{"inline_featured_image":false,"_jetpack_memberships_contains_paid_content":false,"footnotes":""},"categories":[143],"tags":[86,498],"class_list":{"0":"post-10515","1":"post","2":"type-post","3":"status-publish","4":"format-standard","5":"has-post-thumbnail","7":"category-stadt-klagenfurt","8":"tag-christian-scheider","9":"tag-patrick-jonke"},"yoast_head":"<!-- This site is optimized with the Yoast SEO plugin v20.10 - https:\/\/yoast.com\/wordpress\/plugins\/seo\/ -->\n<title>Personalchef der Stadt Klagenfurt wegen Jost, Jonke und Weihnachtsfeiern unter Beschuss - Mediapartizan.at<\/title>\n<meta name=\"robots\" content=\"index, follow, max-snippet:-1, max-image-preview:large, max-video-preview:-1\" \/>\n<link rel=\"canonical\" href=\"https:\/\/www.mediapartizan.at\/?p=10515\" \/>\n<meta property=\"og:locale\" content=\"de_DE\" \/>\n<meta property=\"og:type\" content=\"article\" \/>\n<meta property=\"og:title\" content=\"Personalchef der Stadt Klagenfurt wegen Jost, Jonke und Weihnachtsfeiern unter Beschuss - Mediapartizan.at\" \/>\n<meta property=\"og:description\" content=\"Anwaltskanzlei fand schwere Unzul\u00e4nglichkeiten in der Informationsweitergabe st\u00e4dtischer Abteilungen an den Stadtrechnungshof. Bericht d\u00fcrfte Sprengstoff enthalten. [...]\" \/>\n<meta property=\"og:url\" content=\"https:\/\/www.mediapartizan.at\/?p=10515\" \/>\n<meta property=\"og:site_name\" content=\"Mediapartizan.at\" \/>\n<meta property=\"article:published_time\" content=\"2024-12-13T01:38:12+00:00\" \/>\n<meta property=\"article:modified_time\" content=\"2024-12-13T15:36:17+00:00\" \/>\n<meta property=\"og:image\" content=\"https:\/\/www.mediapartizan.at\/wp-content\/uploads\/2023\/10\/IMG_20231019_0956042-scaled.jpg\" \/>\n\t<meta property=\"og:image:width\" content=\"2560\" \/>\n\t<meta property=\"og:image:height\" content=\"1920\" \/>\n\t<meta property=\"og:image:type\" content=\"image\/jpeg\" \/>\n<meta name=\"author\" content=\"Franz Miklautz\" \/>\n<meta name=\"twitter:card\" content=\"summary_large_image\" \/>\n<meta name=\"twitter:label1\" content=\"Verfasst von\" \/>\n\t<meta name=\"twitter:data1\" content=\"Franz Miklautz\" \/>\n\t<meta name=\"twitter:label2\" content=\"Gesch\u00e4tzte Lesezeit\" \/>\n\t<meta name=\"twitter:data2\" content=\"5\u00a0Minuten\" \/>\n<script type=\"application\/ld+json\" class=\"yoast-schema-graph\">{\"@context\":\"https:\/\/schema.org\",\"@graph\":[{\"@type\":\"WebPage\",\"@id\":\"https:\/\/www.mediapartizan.at\/?p=10515\",\"url\":\"https:\/\/www.mediapartizan.at\/?p=10515\",\"name\":\"Personalchef der Stadt Klagenfurt wegen Jost, Jonke und Weihnachtsfeiern unter Beschuss - Mediapartizan.at\",\"isPartOf\":{\"@id\":\"https:\/\/www.mediapartizan.at\/#website\"},\"datePublished\":\"2024-12-13T01:38:12+00:00\",\"dateModified\":\"2024-12-13T15:36:17+00:00\",\"author\":{\"@id\":\"https:\/\/www.mediapartizan.at\/#\/schema\/person\/f6bd7eb8222f2fe985c78d08f17ed7a9\"},\"breadcrumb\":{\"@id\":\"https:\/\/www.mediapartizan.at\/?p=10515#breadcrumb\"},\"inLanguage\":\"de\",\"potentialAction\":[{\"@type\":\"ReadAction\",\"target\":[\"https:\/\/www.mediapartizan.at\/?p=10515\"]}]},{\"@type\":\"BreadcrumbList\",\"@id\":\"https:\/\/www.mediapartizan.at\/?p=10515#breadcrumb\",\"itemListElement\":[{\"@type\":\"ListItem\",\"position\":1,\"name\":\"Startseite\",\"item\":\"https:\/\/www.mediapartizan.at\/\"},{\"@type\":\"ListItem\",\"position\":2,\"name\":\"Personalchef der Stadt Klagenfurt wegen Jost, Jonke und Weihnachtsfeiern unter Beschuss\"}]},{\"@type\":\"WebSite\",\"@id\":\"https:\/\/www.mediapartizan.at\/#website\",\"url\":\"https:\/\/www.mediapartizan.at\/\",\"name\":\"Mediapartizan.at\",\"description\":\"\",\"potentialAction\":[{\"@type\":\"SearchAction\",\"target\":{\"@type\":\"EntryPoint\",\"urlTemplate\":\"https:\/\/www.mediapartizan.at\/?s={search_term_string}\"},\"query-input\":\"required name=search_term_string\"}],\"inLanguage\":\"de\"},{\"@type\":\"Person\",\"@id\":\"https:\/\/www.mediapartizan.at\/#\/schema\/person\/f6bd7eb8222f2fe985c78d08f17ed7a9\",\"name\":\"Franz Miklautz\",\"image\":{\"@type\":\"ImageObject\",\"inLanguage\":\"de\",\"@id\":\"https:\/\/www.mediapartizan.at\/#\/schema\/person\/image\/\",\"url\":\"https:\/\/secure.gravatar.com\/avatar\/5618667e9a7ab3fa3e1a0c75987c8d0c111ad041167e738d67ac0846e54e195e?s=96&d=mm&r=g\",\"contentUrl\":\"https:\/\/secure.gravatar.com\/avatar\/5618667e9a7ab3fa3e1a0c75987c8d0c111ad041167e738d67ac0846e54e195e?s=96&d=mm&r=g\",\"caption\":\"Franz Miklautz\"},\"url\":\"https:\/\/www.mediapartizan.at\/?author=2\"}]}<\/script>\n<!-- \/ Yoast SEO plugin. -->","yoast_head_json":{"title":"Personalchef der Stadt Klagenfurt wegen Jost, Jonke und Weihnachtsfeiern unter Beschuss - Mediapartizan.at","robots":{"index":"index","follow":"follow","max-snippet":"max-snippet:-1","max-image-preview":"max-image-preview:large","max-video-preview":"max-video-preview:-1"},"canonical":"https:\/\/www.mediapartizan.at\/?p=10515","og_locale":"de_DE","og_type":"article","og_title":"Personalchef der Stadt Klagenfurt wegen Jost, Jonke und Weihnachtsfeiern unter Beschuss - Mediapartizan.at","og_description":"Anwaltskanzlei fand schwere Unzul\u00e4nglichkeiten in der Informationsweitergabe st\u00e4dtischer Abteilungen an den Stadtrechnungshof. Bericht d\u00fcrfte Sprengstoff enthalten. [...]","og_url":"https:\/\/www.mediapartizan.at\/?p=10515","og_site_name":"Mediapartizan.at","article_published_time":"2024-12-13T01:38:12+00:00","article_modified_time":"2024-12-13T15:36:17+00:00","og_image":[{"width":2560,"height":1920,"url":"https:\/\/www.mediapartizan.at\/wp-content\/uploads\/2023\/10\/IMG_20231019_0956042-scaled.jpg","type":"image\/jpeg"}],"author":"Franz Miklautz","twitter_card":"summary_large_image","twitter_misc":{"Verfasst von":"Franz Miklautz","Gesch\u00e4tzte Lesezeit":"5\u00a0Minuten"},"schema":{"@context":"https:\/\/schema.org","@graph":[{"@type":"WebPage","@id":"https:\/\/www.mediapartizan.at\/?p=10515","url":"https:\/\/www.mediapartizan.at\/?p=10515","name":"Personalchef der Stadt Klagenfurt wegen Jost, Jonke und Weihnachtsfeiern unter Beschuss - Mediapartizan.at","isPartOf":{"@id":"https:\/\/www.mediapartizan.at\/#website"},"datePublished":"2024-12-13T01:38:12+00:00","dateModified":"2024-12-13T15:36:17+00:00","author":{"@id":"https:\/\/www.mediapartizan.at\/#\/schema\/person\/f6bd7eb8222f2fe985c78d08f17ed7a9"},"breadcrumb":{"@id":"https:\/\/www.mediapartizan.at\/?p=10515#breadcrumb"},"inLanguage":"de","potentialAction":[{"@type":"ReadAction","target":["https:\/\/www.mediapartizan.at\/?p=10515"]}]},{"@type":"BreadcrumbList","@id":"https:\/\/www.mediapartizan.at\/?p=10515#breadcrumb","itemListElement":[{"@type":"ListItem","position":1,"name":"Startseite","item":"https:\/\/www.mediapartizan.at\/"},{"@type":"ListItem","position":2,"name":"Personalchef der Stadt Klagenfurt wegen Jost, Jonke und Weihnachtsfeiern unter Beschuss"}]},{"@type":"WebSite","@id":"https:\/\/www.mediapartizan.at\/#website","url":"https:\/\/www.mediapartizan.at\/","name":"Mediapartizan.at","description":"","potentialAction":[{"@type":"SearchAction","target":{"@type":"EntryPoint","urlTemplate":"https:\/\/www.mediapartizan.at\/?s={search_term_string}"},"query-input":"required name=search_term_string"}],"inLanguage":"de"},{"@type":"Person","@id":"https:\/\/www.mediapartizan.at\/#\/schema\/person\/f6bd7eb8222f2fe985c78d08f17ed7a9","name":"Franz Miklautz","image":{"@type":"ImageObject","inLanguage":"de","@id":"https:\/\/www.mediapartizan.at\/#\/schema\/person\/image\/","url":"https:\/\/secure.gravatar.com\/avatar\/5618667e9a7ab3fa3e1a0c75987c8d0c111ad041167e738d67ac0846e54e195e?s=96&d=mm&r=g","contentUrl":"https:\/\/secure.gravatar.com\/avatar\/5618667e9a7ab3fa3e1a0c75987c8d0c111ad041167e738d67ac0846e54e195e?s=96&d=mm&r=g","caption":"Franz Miklautz"},"url":"https:\/\/www.mediapartizan.at\/?author=2"}]}},"jetpack_featured_media_url":"https:\/\/i0.wp.com\/www.mediapartizan.at\/wp-content\/uploads\/2023\/10\/IMG_20231019_0956042-scaled.jpg?fit=2560%2C1920&ssl=1","jetpack_sharing_enabled":true,"_links":{"self":[{"href":"https:\/\/www.mediapartizan.at\/index.php?rest_route=\/wp\/v2\/posts\/10515","targetHints":{"allow":["GET"]}}],"collection":[{"href":"https:\/\/www.mediapartizan.at\/index.php?rest_route=\/wp\/v2\/posts"}],"about":[{"href":"https:\/\/www.mediapartizan.at\/index.php?rest_route=\/wp\/v2\/types\/post"}],"author":[{"embeddable":true,"href":"https:\/\/www.mediapartizan.at\/index.php?rest_route=\/wp\/v2\/users\/2"}],"replies":[{"embeddable":true,"href":"https:\/\/www.mediapartizan.at\/index.php?rest_route=%2Fwp%2Fv2%2Fcomments&post=10515"}],"version-history":[{"count":49,"href":"https:\/\/www.mediapartizan.at\/index.php?rest_route=\/wp\/v2\/posts\/10515\/revisions"}],"predecessor-version":[{"id":10592,"href":"https:\/\/www.mediapartizan.at\/index.php?rest_route=\/wp\/v2\/posts\/10515\/revisions\/10592"}],"wp:featuredmedia":[{"embeddable":true,"href":"https:\/\/www.mediapartizan.at\/index.php?rest_route=\/wp\/v2\/media\/7118"}],"wp:attachment":[{"href":"https:\/\/www.mediapartizan.at\/index.php?rest_route=%2Fwp%2Fv2%2Fmedia&parent=10515"}],"wp:term":[{"taxonomy":"category","embeddable":true,"href":"https:\/\/www.mediapartizan.at\/index.php?rest_route=%2Fwp%2Fv2%2Fcategories&post=10515"},{"taxonomy":"post_tag","embeddable":true,"href":"https:\/\/www.mediapartizan.at\/index.php?rest_route=%2Fwp%2Fv2%2Ftags&post=10515"}],"curies":[{"name":"wp","href":"https:\/\/api.w.org\/{rel}","templated":true}]}}