{"id":1055,"date":"2020-04-22T18:07:30","date_gmt":"2020-04-22T16:07:30","guid":{"rendered":"https:\/\/www.mediapartizan.at\/?p=1055"},"modified":"2026-01-16T17:57:09","modified_gmt":"2026-01-16T16:57:09","slug":"chronologie-eines-dauerhaften-untergangs","status":"publish","type":"post","link":"https:\/\/www.mediapartizan.at\/?p=1055","title":{"rendered":"Schwimmbad: Chronologie eines dauerhaften Untergangs"},"content":{"rendered":"<p><\/p>\n<p><\/p>\n<p><\/p>\n<figure class=\"wp-block-image size-large\"><img loading=\"lazy\" decoding=\"async\" width=\"2560\" height=\"1920\" src=\"https:\/\/i1.wp.com\/www.mediapartizan.at\/wp-content\/uploads\/2020\/04\/FOTO-GRUND-MINIMUNDUS8-c-Franz-Miklautz-1-scaled.jpg?fit=1024%2C768&amp;ssl=1\" alt=\"\" class=\"wp-image-1058\" srcset=\"https:\/\/i0.wp.com\/www.mediapartizan.at\/wp-content\/uploads\/2020\/04\/FOTO-GRUND-MINIMUNDUS8-c-Franz-Miklautz-1-scaled.jpg?w=2560&amp;ssl=1 2560w, https:\/\/i0.wp.com\/www.mediapartizan.at\/wp-content\/uploads\/2020\/04\/FOTO-GRUND-MINIMUNDUS8-c-Franz-Miklautz-1-scaled.jpg?resize=300%2C225&amp;ssl=1 300w, https:\/\/i0.wp.com\/www.mediapartizan.at\/wp-content\/uploads\/2020\/04\/FOTO-GRUND-MINIMUNDUS8-c-Franz-Miklautz-1-scaled.jpg?resize=1024%2C768&amp;ssl=1 1024w, https:\/\/i0.wp.com\/www.mediapartizan.at\/wp-content\/uploads\/2020\/04\/FOTO-GRUND-MINIMUNDUS8-c-Franz-Miklautz-1-scaled.jpg?resize=768%2C576&amp;ssl=1 768w, https:\/\/i0.wp.com\/www.mediapartizan.at\/wp-content\/uploads\/2020\/04\/FOTO-GRUND-MINIMUNDUS8-c-Franz-Miklautz-1-scaled.jpg?resize=1536%2C1152&amp;ssl=1 1536w, https:\/\/i0.wp.com\/www.mediapartizan.at\/wp-content\/uploads\/2020\/04\/FOTO-GRUND-MINIMUNDUS8-c-Franz-Miklautz-1-scaled.jpg?resize=2048%2C1536&amp;ssl=1 2048w, https:\/\/i0.wp.com\/www.mediapartizan.at\/wp-content\/uploads\/2020\/04\/FOTO-GRUND-MINIMUNDUS8-c-Franz-Miklautz-1-scaled.jpg?resize=678%2C509&amp;ssl=1 678w, https:\/\/i0.wp.com\/www.mediapartizan.at\/wp-content\/uploads\/2020\/04\/FOTO-GRUND-MINIMUNDUS8-c-Franz-Miklautz-1-scaled.jpg?resize=326%2C245&amp;ssl=1 326w, https:\/\/i0.wp.com\/www.mediapartizan.at\/wp-content\/uploads\/2020\/04\/FOTO-GRUND-MINIMUNDUS8-c-Franz-Miklautz-1-scaled.jpg?resize=80%2C60&amp;ssl=1 80w\" sizes=\"auto, (max-width: 1000px) 100vw, 1000px\" \/><figcaption>Auf den sogenannten &#8222;Rohrergr\u00fcnden&#8220; soll das neue Hallenbad entstehen.<\/figcaption><\/figure>\n<p><\/p>\n<p><\/p>\n<p><\/p>\n<p><\/p>\n<p><\/p>\n<p><\/p>\n<p>In der unendlichen Geschichte der Klagenfurter Hallenbad-Neuanf\u00e4nge spielt ausgerechnet ein Eishockeyverein eine nicht unwesentliche Rolle: Im zweiten Jahr seiner Amtszeit plante der damalige B\u00fcrgermeister Christian Scheider (FP\u00d6), das st\u00e4dtische Hallenbad quasi \u201ehuckepack\u201c auf die Eishalle \u201edraufzuschnallen\u201c. Das Bad sollte sozusagen \u201eim Rucksack\u201c der Eishalle zum Minimundus umziehen. Auf das zum Teil \u00fcberschneidensgleiche Grundst\u00fcck, auf dem das heute umstrittene \u201eSport- und Vitalbad\u201c bis 2023 entstehen soll. Dort h\u00e4tten potente Sponsoren dem KAC eine komplett neue Eishockey-Arena errichten sollen. Mit der Abw\u00e4rme h\u00e4tte das Wasser des Hallenbads geheizt werden sollen. Allein: Die potentiellen Investoren des KAC hat nie jemand gesehen.<\/p>\n<p><\/p>\n<p><\/p>\n<figure class=\"wp-block-image alignleft size-large is-resized\"><img loading=\"lazy\" decoding=\"async\" src=\"https:\/\/i2.wp.com\/www.mediapartizan.at\/wp-content\/uploads\/2020\/04\/CHRONOLOGIE-1.png?fit=1024%2C428&amp;ssl=1\" alt=\"\" class=\"wp-image-1139\" width=\"388\" height=\"162\" srcset=\"https:\/\/i0.wp.com\/www.mediapartizan.at\/wp-content\/uploads\/2020\/04\/CHRONOLOGIE-1.png?w=1416&amp;ssl=1 1416w, https:\/\/i0.wp.com\/www.mediapartizan.at\/wp-content\/uploads\/2020\/04\/CHRONOLOGIE-1.png?resize=300%2C125&amp;ssl=1 300w, https:\/\/i0.wp.com\/www.mediapartizan.at\/wp-content\/uploads\/2020\/04\/CHRONOLOGIE-1.png?resize=1024%2C428&amp;ssl=1 1024w, https:\/\/i0.wp.com\/www.mediapartizan.at\/wp-content\/uploads\/2020\/04\/CHRONOLOGIE-1.png?resize=768%2C321&amp;ssl=1 768w\" sizes=\"auto, (max-width: 388px) 100vw, 388px\" \/><\/figure>\n<p><\/p>\n<p><\/p>\n<p><\/p>\n<p><\/p>\n<figure class=\"wp-block-image alignleft size-large is-resized\"><img loading=\"lazy\" decoding=\"async\" src=\"https:\/\/i0.wp.com\/www.mediapartizan.at\/wp-content\/uploads\/2020\/04\/KENNZAHLEN-1.png?fit=1024%2C567&amp;ssl=1\" alt=\"\" class=\"wp-image-1140\" width=\"386\" height=\"213\" srcset=\"https:\/\/i0.wp.com\/www.mediapartizan.at\/wp-content\/uploads\/2020\/04\/KENNZAHLEN-1.png?w=1278&amp;ssl=1 1278w, https:\/\/i0.wp.com\/www.mediapartizan.at\/wp-content\/uploads\/2020\/04\/KENNZAHLEN-1.png?resize=300%2C166&amp;ssl=1 300w, https:\/\/i0.wp.com\/www.mediapartizan.at\/wp-content\/uploads\/2020\/04\/KENNZAHLEN-1.png?resize=1024%2C567&amp;ssl=1 1024w, https:\/\/i0.wp.com\/www.mediapartizan.at\/wp-content\/uploads\/2020\/04\/KENNZAHLEN-1.png?resize=768%2C425&amp;ssl=1 768w\" sizes=\"auto, (max-width: 386px) 100vw, 386px\" \/><figcaption>Meilensteine und Kenndaten des derzeitgen Hallenbades<br \/>Klagenfurt in der Gasometergasse<\/figcaption><\/figure>\n<p><\/p>\n<p><\/p>\n<p>Dennoch versprach die Stadtregierung am 21. Oktober 2010: \u201eKein Zeitverzug bei Hallenbad\u201c. Zehn Jahre sind seither vergangen. Gebadet wird noch immer im knapp 50 Jahre alten Bad n\u00e4he Bahnhof. Mit 43 Parkpl\u00e4tzen vorne drau\u00dfen.<\/p>\n<p><\/p>\n<p><\/p>\n<figure class=\"wp-block-image size-large\"><img loading=\"lazy\" decoding=\"async\" width=\"1712\" height=\"594\" src=\"https:\/\/i2.wp.com\/www.mediapartizan.at\/wp-content\/uploads\/2020\/04\/STADTZEITUNG-KEIN-ZEITVERZUG-MIT-DATUM-1.png?fit=1024%2C355&amp;ssl=1\" alt=\"\" class=\"wp-image-1059\" srcset=\"https:\/\/i0.wp.com\/www.mediapartizan.at\/wp-content\/uploads\/2020\/04\/STADTZEITUNG-KEIN-ZEITVERZUG-MIT-DATUM-1.png?w=1712&amp;ssl=1 1712w, https:\/\/i0.wp.com\/www.mediapartizan.at\/wp-content\/uploads\/2020\/04\/STADTZEITUNG-KEIN-ZEITVERZUG-MIT-DATUM-1.png?resize=300%2C104&amp;ssl=1 300w, https:\/\/i0.wp.com\/www.mediapartizan.at\/wp-content\/uploads\/2020\/04\/STADTZEITUNG-KEIN-ZEITVERZUG-MIT-DATUM-1.png?resize=1024%2C355&amp;ssl=1 1024w, https:\/\/i0.wp.com\/www.mediapartizan.at\/wp-content\/uploads\/2020\/04\/STADTZEITUNG-KEIN-ZEITVERZUG-MIT-DATUM-1.png?resize=768%2C266&amp;ssl=1 768w, https:\/\/i0.wp.com\/www.mediapartizan.at\/wp-content\/uploads\/2020\/04\/STADTZEITUNG-KEIN-ZEITVERZUG-MIT-DATUM-1.png?resize=1536%2C533&amp;ssl=1 1536w\" sizes=\"auto, (max-width: 1000px) 100vw, 1000px\" \/><\/figure>\n<p><\/p>\n<p><\/p>\n<p><strong>Scheucher-Vorsto\u00df<\/strong><\/p>\n<p><\/p>\n<p><\/p>\n<p>Die Neuanf\u00e4nge des Hallenbads haben alle eines gemeinsam: Sie sind allesamt untergegangen. Das momentane Bad h\u00e4tte laut damaligen Pr\u00e4sentationsunterlagen schon 2014 trocken gelegt werden sollen. <\/p>\n<p><\/p>\n<p><\/p>\n<p>An Vorst\u00f6\u00dfen gab es genug: Lange vor Scheiders Amtszeit machte dessen Vorg\u00e4nger Harald Scheucher (\u00d6VP) einen Anlauf, das Hallenbad in die L\u00fccke zwischen dem Strandbad Klagenfurt und Loretto zu bauen. Knapp ans Natura-2000-Schutzgebiet am Lendkanal. In einer \u201einternen Vorstudie\u201c zum \u201eErlebnisbad mit Wellnesseinrichtungen\u201c der Stadtwerke (STW) ist von einer Er\u00f6ffnung Mitte 2012 die Rede. Erraten: Untergegangen.<\/p>\n<p><\/p>\n<p><\/p>\n<p>Der Planungszeitraum der im Mai 2006 pr\u00e4sentierten Unterlagen ist mit sechs Jahren angegeben. Offenbar bef\u00fcrchtete man schon damals eine abnehmende Attraktivit\u00e4t des bestehenden Hallenbades und deshalb \u201eSeitenspr\u00fcnge\u201c der Klagenfurter in andere B\u00e4der. Die Unterlagen weisen die Besucherzahl in der Schwimmhalle im Jahr 2004 mit 148.337 aus. 2017 waren es laut STW-Jahresbericht 136.627. Neuere Zahlen gaben die STW trotz Anfrage nicht bekannt.<\/p>\n<p><\/p>\n<p><\/p>\n<p>Die Investitionssumme wurde damals \u00fcbrigens mit 30 Millionen Euro angenommen.<\/p>\n<p><\/p>\n<p><\/p>\n<p><\/p>\n<p><\/p>\n<p>\u201e<strong>Sauna-Rituale\u201c<\/strong><\/p>\n<p><\/p>\n<p><\/p>\n<p>In einer anderen Unterlage, auch sie erkl\u00e4rt das Grundst\u00fcck s\u00fcdlich des Strandbads Klagenfurt zum optimalen Standort, wird eine \u201eKonzeptstudie Freizeitbad Sonnenbucht\u201c vorgestellt. Das Papier firmiert unter den Logos der STW und des Tourismusberaters Kohl &amp; Partner. Darin ist von einer Inbetriebnahme des Bades sogar schon \u201ebis 2011\u201c die Rede. Drei Konzepte werden in dem Papier gegen\u00fcber gestellt: Ein simples st\u00e4dtisches Hallenbad zur \u201eAbdeckung der Grundversorgung\u201c; ein Freizeit- und Erlebnisbad als \u201eSpa\u00dfbad f\u00fcr Familien und Kinder\u201c und ein Premium-Wellnessbad. Letzteres wird malerisch als \u201eGarten Eden am See\u201c mit \u201eSeeblick-Massagen\u201c, \u201eBademantel-Gastronomie\u201c, \u201ebetreuten Aufg\u00fcssen\u201c und \u201eSauna-Ritualen\u201c beschrieben.<\/p>\n<p><\/p>\n<p><\/p>\n<p>Die Pr\u00e4sentation ist betriebswirtschaftlich weitl\u00e4ufig ausgearbeitet. Ob die Zahlen stimmen, kann nat\u00fcrlich nicht \u00fcberpr\u00fcft werden, denn: Richtig &#8211; untergegangen. Die Autoren gehen bei den Besucherprognosen von 175.000 pro Jahr f\u00fcr das \u201enormale\u201c Bad aus, von 220.000 f\u00fcr das Freizeit- und Erlebnisbad und von 198.000 f\u00fcr den Wellness-Tempel. Auch Vorschaukalkulationen sind angef\u00fchrt. Darin wird offenbar davon ausgegangen, dass ein \u201enormales\u201c Bad ohne touristische Attraktionen nicht ohne Verluste zu f\u00fchren ist. Die Angaben reichen von 1,2 bis 1,4 Millionen Euro Abgang (EBITDA) im ersten \u201eNormaljahr\u201c (f\u00fcr das das dritte Betriebsjahr herangezogen wird). Die Investition f\u00fcr diese Badvariante wird mit \u201enur\u201c 19,3 Millionen Euro angegeben. Das Freizeit- und Erlebnisbad, es wird am Ende die Empfehlung von Kohl &amp; Partner erhalten, h\u00e4tte einen j\u00e4hrlichen Abgang von 400.000 bis 600.000 Euro verursacht \u2013 bei einer Investition von 24,9 Millionen. Nur das Wellnessbad h\u00e4tte positiv bilanziert und 600.000 bis 800.000 Euro eingespielt. Bei einer angenommenen Investition von 22,9 Millionen Euro.<\/p>\n<p><\/p>\n<p><\/p>\n<p><strong>Standort-Ping-Pong<\/strong><\/p>\n<p><\/p>\n<p><\/p>\n<p>Dann wird eine Zeitlang nur mehr Standort-Ping-Pong gespielt. Mal \u201epeppelt\u201c das Hallenbad in die Ostbucht, mal auf den Campingplatz, dann wieder zum Minimundus. Jahrelang geht das so. Immer \u00f6fter brennt sich dann die Ostbucht in die Standortdiskussion ein. Der unverbaute Fleck am W\u00f6rthersee weckt wegen seiner Einzigartigkeit ungeahnte Begehrlichkeiten. Aber das verursacht auch Druck im Kelomat-Kessel der \u00f6ffentlichen Meinung. Viele Klagenfurter wollen sich die Ostbucht nicht zubetonieren lassen. Die Politik muss Druck ablassen. Noch in Scheiders Amtszeit sammelt die \u00d6VP eigenen Angaben zufolge 4.000 Unterschriften gegen den Standort am See. Dann f\u00e4llt auch noch der Campingplatz. Alle sind happy. Und jede Partei heftet sich den Erfolg an ihr Revers.<\/p>\n<p><\/p>\n<p><\/p>\n<p>Nur: Die \u201ealte Dame\u201c wird nicht j\u00fcnger. Und die Zeit immer knapper. Nun soll der Standort von einem B\u00fcrgerbeirat auserkoren werden. B\u00fcrgerbeteiligung ist politisch gerade en vogue. Doch bei der Auswahl der Teilnehmer hagelt es Kritik: Die STW schreiben 700 Haushalte aus ihrer Kundenkartei an. Daraus sollen B\u00fcrgerr\u00e4te rekrutiert werden. Sch\u00f6nheitsfehler: Wer nicht Kunde der STW ist &#8211; richtig: geht baden.<\/p>\n<p><\/p>\n<p><\/p>\n<p>Dann darf der B\u00fcrgerrat aus vier Standorten w\u00e4hlen: Ostbucht \u2013 n\u00f6rdlich des Strandbades, Minimundus, Stadion und Messegel\u00e4nde. Aber das B\u00fcrgerbeteiligungsverfahren ger\u00e4t in die Kritik. Teilnehmer haben das Gef\u00fchl, nur benutzt worden zu sein. Von Absprachen zugunsten der Ostbucht ist die Rede. Peter Strutz, einer der Teilnehmer, sagt, ihm sei vorgekommen, als h\u00e4tte man die Messe als Standort gar nicht haben wollen: \u201eDie Besichtigung ging zack-zack.\u201c Au\u00dferdem h\u00e4tte die Stadtplanung wissen lassen, \u201edass es zu Anrainerprotesten kommen k\u00f6nnte, w\u00fcrde die Entscheidung auf die Messe fallen.\u201c Unvoreingenommenheit ist das nicht.<\/p>\n<p><\/p>\n<p><\/p>\n<p>Messe und Stadion geraten dann immer mehr ins Hintertreffen. Das Match hei\u00dft: Ostbucht gegen Minimundus. \u00d6ffentlich entsteht der Eindruck, die  Ostbucht soll auf Biegen und Brechen durchgepeitscht werden. Aber der \u00f6ffentliche Druck nimmt wieder zu. Und zwar massiv. Stadt und Stadtwerke zeigen mit dem Zeigefinger aufeinander, in der Stadtzeitung falsche Fl\u00e4chenangaben des Neubaus publiziert zu haben. Der Kelomat pfeift. Schlie\u00dflich nimmt die Stadt den Deckel ab: Minimundus siegt.<\/p>\n<p><\/p>\n<p><\/p>\n<p>Beim Minimundus soll nun das sogenannte Leuchtturmprojekt &#8222;Sport- und Vitalbad&#8220; entstehen. Der urspr\u00fcngliche Zeitplan sah vor, dass bereits Ende 2019 der Sieger des Projektwettbewerbes gek\u00fcrt h\u00e4tte werden sollen. Dann kaufte man alledings die sogenannten Rohrergr\u00fcnde dazu. Die Finanzierung des Bads steht noch in den Sternen. Wie vertrauliche Unterlagen belegen, <a href=\"https:\/\/www.mediapartizan.at\/?p=945\">k\u00f6nnen die STW die geplanten Kosten von 40 Millionen Euro nicht aus eigener Kraft stemmen<\/a>. Weswegen die Stadt unter <a href=\"https:\/\/www.mediapartizan.at\/?p=975\">Beauftragung des Rechtsanwalts Martin Wiedenbauer<\/a> auf sogenannter Innovationspartnersuche ist. Ausschreibungsende w\u00e4re der 16. M\u00e4rz gewesen. Die Frist wurde aber bis 31.3. verl\u00e4ngert. Wegen regen Interesses, wie es hie\u00df. \u00dcber den Ausgang der Suche ist noch nichts bekannt.<br \/>(Korrektur, 26.4., 11:49 Uhr: Laut Pressemeldungen sollen sich vier Interessenten auf die Ausschreibung gemeldet haben. Eine diesbez\u00fcgliche Anfrage vom 7. April und nochmalige Nachfrage vom 10. April beim Pressesprecher von B\u00fcrgermeisterin Maria-Luise Mathiaschitz war unbeantwortet geblieben. Auch eine Anfrage vom 20. April bei STW-Vorstand Erwin Smole ist nicht beantwortet worden.)<\/p>\n<p><\/p>\n<p><\/p>\n<p>\u00dcbrigens: Der Standort Minimundus ist Teil des ehemaligen Klagenfurter Sumpfgebiets. <a href=\"https:\/\/www.mediapartizan.at\/?p=1038\">Das Hallenbad soll deshalb ein &#8222;Pfahlbau&#8220; werden.<\/a><\/p>\n<p><\/p>\n<p><\/p>\n<p><\/p>\n<p><\/p>\n<p>***<\/p>\n<p><\/p>\n<p><\/p>\n<p class=\"has-small-font-size\">Foto(s): Eigene<\/p>\n<p><\/p>\n","protected":false},"excerpt":{"rendered":"<div class=\"mh-excerpt\"><p>In der unendlichen Geschichte der Klagenfurter Hallenbad-Neuanf\u00e4nge spielt ausgerechnet ein Eishockeyverein eine nicht unwesentliche Rolle: Im zweiten Jahr seiner Amtszeit plante der damalige B\u00fcrgermeister Christian Scheider (FP\u00d6), das st\u00e4dtische Hallenbad quasi \u201ehuckepack\u201c auf die Eishalle <a class=\"mh-excerpt-more\" href=\"https:\/\/www.mediapartizan.at\/?p=1055\" title=\"Schwimmbad: Chronologie eines dauerhaften Untergangs\">[&#8230;]<\/a><\/p>\n<\/div>","protected":false},"author":2,"featured_media":1058,"comment_status":"open","ping_status":"open","sticky":false,"template":"","format":"standard","meta":{"inline_featured_image":false,"_jetpack_memberships_contains_paid_content":false,"footnotes":""},"categories":[107],"tags":[86,80,102,105,103,104,106],"class_list":{"0":"post-1055","1":"post","2":"type-post","3":"status-publish","4":"format-standard","5":"has-post-thumbnail","7":"category-projekt-stadtwerke-klagenfurt-2","8":"tag-christian-scheider","9":"tag-hallenbad","10":"tag-harald-scheucher","11":"tag-klagenfurter-messe","12":"tag-minimundus","13":"tag-ostbucht","14":"tag-stadion"},"yoast_head":"<!-- This site is optimized with the Yoast SEO plugin v20.10 - https:\/\/yoast.com\/wordpress\/plugins\/seo\/ -->\n<title>Schwimmbad: Chronologie eines dauerhaften Untergangs - Mediapartizan.at<\/title>\n<meta name=\"robots\" content=\"index, follow, max-snippet:-1, max-image-preview:large, max-video-preview:-1\" \/>\n<link rel=\"canonical\" href=\"https:\/\/www.mediapartizan.at\/?p=1055\" \/>\n<meta property=\"og:locale\" content=\"de_DE\" \/>\n<meta property=\"og:type\" content=\"article\" \/>\n<meta property=\"og:title\" content=\"Schwimmbad: Chronologie eines dauerhaften Untergangs - Mediapartizan.at\" \/>\n<meta property=\"og:description\" content=\"In der unendlichen Geschichte der Klagenfurter Hallenbad-Neuanf\u00e4nge spielt ausgerechnet ein Eishockeyverein eine nicht unwesentliche Rolle: Im zweiten Jahr seiner Amtszeit plante der damalige B\u00fcrgermeister Christian Scheider (FP\u00d6), das st\u00e4dtische Hallenbad quasi \u201ehuckepack\u201c auf die Eishalle [...]\" \/>\n<meta property=\"og:url\" content=\"https:\/\/www.mediapartizan.at\/?p=1055\" \/>\n<meta property=\"og:site_name\" content=\"Mediapartizan.at\" \/>\n<meta property=\"article:published_time\" content=\"2020-04-22T16:07:30+00:00\" \/>\n<meta property=\"article:modified_time\" content=\"2026-01-16T16:57:09+00:00\" \/>\n<meta property=\"og:image\" content=\"https:\/\/www.mediapartizan.at\/wp-content\/uploads\/2020\/04\/FOTO-GRUND-MINIMUNDUS8-c-Franz-Miklautz-1-scaled.jpg\" \/>\n\t<meta property=\"og:image:width\" content=\"2560\" \/>\n\t<meta property=\"og:image:height\" content=\"1920\" \/>\n\t<meta property=\"og:image:type\" content=\"image\/jpeg\" \/>\n<meta name=\"author\" content=\"Franz Miklautz\" \/>\n<meta name=\"twitter:card\" content=\"summary_large_image\" \/>\n<meta name=\"twitter:label1\" content=\"Verfasst von\" \/>\n\t<meta name=\"twitter:data1\" content=\"Franz Miklautz\" \/>\n\t<meta name=\"twitter:label2\" content=\"Gesch\u00e4tzte Lesezeit\" \/>\n\t<meta name=\"twitter:data2\" content=\"7\u00a0Minuten\" \/>\n<script type=\"application\/ld+json\" class=\"yoast-schema-graph\">{\"@context\":\"https:\/\/schema.org\",\"@graph\":[{\"@type\":\"WebPage\",\"@id\":\"https:\/\/www.mediapartizan.at\/?p=1055\",\"url\":\"https:\/\/www.mediapartizan.at\/?p=1055\",\"name\":\"Schwimmbad: Chronologie eines dauerhaften Untergangs - Mediapartizan.at\",\"isPartOf\":{\"@id\":\"https:\/\/www.mediapartizan.at\/#website\"},\"datePublished\":\"2020-04-22T16:07:30+00:00\",\"dateModified\":\"2026-01-16T16:57:09+00:00\",\"author\":{\"@id\":\"https:\/\/www.mediapartizan.at\/#\/schema\/person\/f6bd7eb8222f2fe985c78d08f17ed7a9\"},\"breadcrumb\":{\"@id\":\"https:\/\/www.mediapartizan.at\/?p=1055#breadcrumb\"},\"inLanguage\":\"de\",\"potentialAction\":[{\"@type\":\"ReadAction\",\"target\":[\"https:\/\/www.mediapartizan.at\/?p=1055\"]}]},{\"@type\":\"BreadcrumbList\",\"@id\":\"https:\/\/www.mediapartizan.at\/?p=1055#breadcrumb\",\"itemListElement\":[{\"@type\":\"ListItem\",\"position\":1,\"name\":\"Startseite\",\"item\":\"https:\/\/www.mediapartizan.at\/\"},{\"@type\":\"ListItem\",\"position\":2,\"name\":\"Schwimmbad: Chronologie eines dauerhaften Untergangs\"}]},{\"@type\":\"WebSite\",\"@id\":\"https:\/\/www.mediapartizan.at\/#website\",\"url\":\"https:\/\/www.mediapartizan.at\/\",\"name\":\"Mediapartizan.at\",\"description\":\"\",\"potentialAction\":[{\"@type\":\"SearchAction\",\"target\":{\"@type\":\"EntryPoint\",\"urlTemplate\":\"https:\/\/www.mediapartizan.at\/?s={search_term_string}\"},\"query-input\":\"required name=search_term_string\"}],\"inLanguage\":\"de\"},{\"@type\":\"Person\",\"@id\":\"https:\/\/www.mediapartizan.at\/#\/schema\/person\/f6bd7eb8222f2fe985c78d08f17ed7a9\",\"name\":\"Franz Miklautz\",\"image\":{\"@type\":\"ImageObject\",\"inLanguage\":\"de\",\"@id\":\"https:\/\/www.mediapartizan.at\/#\/schema\/person\/image\/\",\"url\":\"https:\/\/secure.gravatar.com\/avatar\/5618667e9a7ab3fa3e1a0c75987c8d0c111ad041167e738d67ac0846e54e195e?s=96&d=mm&r=g\",\"contentUrl\":\"https:\/\/secure.gravatar.com\/avatar\/5618667e9a7ab3fa3e1a0c75987c8d0c111ad041167e738d67ac0846e54e195e?s=96&d=mm&r=g\",\"caption\":\"Franz Miklautz\"},\"url\":\"https:\/\/www.mediapartizan.at\/?author=2\"}]}<\/script>\n<!-- \/ Yoast SEO plugin. -->","yoast_head_json":{"title":"Schwimmbad: Chronologie eines dauerhaften Untergangs - Mediapartizan.at","robots":{"index":"index","follow":"follow","max-snippet":"max-snippet:-1","max-image-preview":"max-image-preview:large","max-video-preview":"max-video-preview:-1"},"canonical":"https:\/\/www.mediapartizan.at\/?p=1055","og_locale":"de_DE","og_type":"article","og_title":"Schwimmbad: Chronologie eines dauerhaften Untergangs - Mediapartizan.at","og_description":"In der unendlichen Geschichte der Klagenfurter Hallenbad-Neuanf\u00e4nge spielt ausgerechnet ein Eishockeyverein eine nicht unwesentliche Rolle: Im zweiten Jahr seiner Amtszeit plante der damalige B\u00fcrgermeister Christian Scheider (FP\u00d6), das st\u00e4dtische Hallenbad quasi \u201ehuckepack\u201c auf die Eishalle [...]","og_url":"https:\/\/www.mediapartizan.at\/?p=1055","og_site_name":"Mediapartizan.at","article_published_time":"2020-04-22T16:07:30+00:00","article_modified_time":"2026-01-16T16:57:09+00:00","og_image":[{"width":2560,"height":1920,"url":"https:\/\/www.mediapartizan.at\/wp-content\/uploads\/2020\/04\/FOTO-GRUND-MINIMUNDUS8-c-Franz-Miklautz-1-scaled.jpg","type":"image\/jpeg"}],"author":"Franz Miklautz","twitter_card":"summary_large_image","twitter_misc":{"Verfasst von":"Franz Miklautz","Gesch\u00e4tzte Lesezeit":"7\u00a0Minuten"},"schema":{"@context":"https:\/\/schema.org","@graph":[{"@type":"WebPage","@id":"https:\/\/www.mediapartizan.at\/?p=1055","url":"https:\/\/www.mediapartizan.at\/?p=1055","name":"Schwimmbad: Chronologie eines dauerhaften Untergangs - Mediapartizan.at","isPartOf":{"@id":"https:\/\/www.mediapartizan.at\/#website"},"datePublished":"2020-04-22T16:07:30+00:00","dateModified":"2026-01-16T16:57:09+00:00","author":{"@id":"https:\/\/www.mediapartizan.at\/#\/schema\/person\/f6bd7eb8222f2fe985c78d08f17ed7a9"},"breadcrumb":{"@id":"https:\/\/www.mediapartizan.at\/?p=1055#breadcrumb"},"inLanguage":"de","potentialAction":[{"@type":"ReadAction","target":["https:\/\/www.mediapartizan.at\/?p=1055"]}]},{"@type":"BreadcrumbList","@id":"https:\/\/www.mediapartizan.at\/?p=1055#breadcrumb","itemListElement":[{"@type":"ListItem","position":1,"name":"Startseite","item":"https:\/\/www.mediapartizan.at\/"},{"@type":"ListItem","position":2,"name":"Schwimmbad: Chronologie eines dauerhaften Untergangs"}]},{"@type":"WebSite","@id":"https:\/\/www.mediapartizan.at\/#website","url":"https:\/\/www.mediapartizan.at\/","name":"Mediapartizan.at","description":"","potentialAction":[{"@type":"SearchAction","target":{"@type":"EntryPoint","urlTemplate":"https:\/\/www.mediapartizan.at\/?s={search_term_string}"},"query-input":"required name=search_term_string"}],"inLanguage":"de"},{"@type":"Person","@id":"https:\/\/www.mediapartizan.at\/#\/schema\/person\/f6bd7eb8222f2fe985c78d08f17ed7a9","name":"Franz Miklautz","image":{"@type":"ImageObject","inLanguage":"de","@id":"https:\/\/www.mediapartizan.at\/#\/schema\/person\/image\/","url":"https:\/\/secure.gravatar.com\/avatar\/5618667e9a7ab3fa3e1a0c75987c8d0c111ad041167e738d67ac0846e54e195e?s=96&d=mm&r=g","contentUrl":"https:\/\/secure.gravatar.com\/avatar\/5618667e9a7ab3fa3e1a0c75987c8d0c111ad041167e738d67ac0846e54e195e?s=96&d=mm&r=g","caption":"Franz Miklautz"},"url":"https:\/\/www.mediapartizan.at\/?author=2"}]}},"jetpack_featured_media_url":"https:\/\/i0.wp.com\/www.mediapartizan.at\/wp-content\/uploads\/2020\/04\/FOTO-GRUND-MINIMUNDUS8-c-Franz-Miklautz-1-scaled.jpg?fit=2560%2C1920&ssl=1","jetpack_sharing_enabled":true,"_links":{"self":[{"href":"https:\/\/www.mediapartizan.at\/index.php?rest_route=\/wp\/v2\/posts\/1055","targetHints":{"allow":["GET"]}}],"collection":[{"href":"https:\/\/www.mediapartizan.at\/index.php?rest_route=\/wp\/v2\/posts"}],"about":[{"href":"https:\/\/www.mediapartizan.at\/index.php?rest_route=\/wp\/v2\/types\/post"}],"author":[{"embeddable":true,"href":"https:\/\/www.mediapartizan.at\/index.php?rest_route=\/wp\/v2\/users\/2"}],"replies":[{"embeddable":true,"href":"https:\/\/www.mediapartizan.at\/index.php?rest_route=%2Fwp%2Fv2%2Fcomments&post=1055"}],"version-history":[{"count":17,"href":"https:\/\/www.mediapartizan.at\/index.php?rest_route=\/wp\/v2\/posts\/1055\/revisions"}],"predecessor-version":[{"id":13692,"href":"https:\/\/www.mediapartizan.at\/index.php?rest_route=\/wp\/v2\/posts\/1055\/revisions\/13692"}],"wp:featuredmedia":[{"embeddable":true,"href":"https:\/\/www.mediapartizan.at\/index.php?rest_route=\/wp\/v2\/media\/1058"}],"wp:attachment":[{"href":"https:\/\/www.mediapartizan.at\/index.php?rest_route=%2Fwp%2Fv2%2Fmedia&parent=1055"}],"wp:term":[{"taxonomy":"category","embeddable":true,"href":"https:\/\/www.mediapartizan.at\/index.php?rest_route=%2Fwp%2Fv2%2Fcategories&post=1055"},{"taxonomy":"post_tag","embeddable":true,"href":"https:\/\/www.mediapartizan.at\/index.php?rest_route=%2Fwp%2Fv2%2Ftags&post=1055"}],"curies":[{"name":"wp","href":"https:\/\/api.w.org\/{rel}","templated":true}]}}