{"id":10758,"date":"2025-01-03T14:27:47","date_gmt":"2025-01-03T13:27:47","guid":{"rendered":"https:\/\/www.mediapartizan.at\/?p=10758"},"modified":"2025-01-04T13:03:30","modified_gmt":"2025-01-04T12:03:30","slug":"scheidung-von-scheider-ein-kommentar","status":"publish","type":"post","link":"https:\/\/www.mediapartizan.at\/?p=10758","title":{"rendered":"Gescheidert | Ein Kommentar"},"content":{"rendered":"<p><\/p>\n<p>Gerhard K\u00f6fer hat es eigentlich gern ruhig. Der Chef der Landtagspartei Team K\u00e4rnten hatte es in den letzten Jahren nicht so mit lauten Spr\u00fcchen. Dennoch kommt K\u00f6fer relativ zur Parteigr\u00f6\u00dfe wahrscheinlich am \u00d6ftesten in den Medien vor. Das liegt einerseits an der Themensetzung und andererseits an K\u00f6fers rechter Hand: Thomas Fian. Er ist gleichzeitig Klubdirektor des Team K\u00e4rnten und Presseverantwortlicher der Partei. Als letzterer ist Fian vermutlich der &#8222;auflagenst\u00e4rkste&#8220; PR-Mann diesseits der Pack.<\/p>\n<p><\/p>\n<p><\/p>\n<p>Dem Treiben &#8222;seines&#8220; Satelliten-Gebildes in Klagenfurt sah K\u00f6fer lange zu. Nahm nur Stellung, wenn Journalisten ihn um ein Statement zum Team K\u00e4rnten Christian Scheider, wie die Klagenfurt-Zweigstelle richtig hei\u00dft, anriefen. Nun ist aber aus dem politischen Geniestreich, sich mit Christian Scheider 2021 auf ein Tandem geschwungen zu haben, ein veritabler Rohrkrepierer geworden. Weniger f\u00fcr K\u00f6fer, mehr f\u00fcr die Klagenfurt-Filiale. Scheider, das muss man ihm zugestehen, ist von Null auf B\u00fcrgermeister geworden. Das muss ihm erst mal einer nachmachen. Vom in Selbst\u00fcbersch\u00e4tzung brillierenden Wolfgang Germ aus der FP\u00d6 gedr\u00e4ngt, stie\u00df Scheider als Team K\u00e4rnten-Kandidat 2021 Maria-Luise Mathiaschitz vom B\u00fcrgermeister-Thron. Und dennoch h\u00e4ngt die Klagenfurt-Fraktion nun taumelnd in den Seilen. Denn K\u00f6fer zog heute die Rei\u00dfleine.<\/p>\n<p><\/p>\n<p><\/p>\n<p><strong>Wichtiger Finanzier bricht weg<\/strong><\/p>\n<p><\/p>\n<p><\/p>\n<p>Eine Riege rund um Scheider, spekuliert heute die Kleine Zeitung, wolle n\u00e4mlich zur\u00fcck zur FP\u00d6. Schon seit Monaten h\u00e4lt sich dieses Ger\u00fccht hartn\u00e4ckig in den Rathausfluren: Eine Wiedervereingung von Scheider und der FP\u00d6 sei nicht ausgeschlossen. Was zu einem Affront gegen\u00fcber K\u00f6fer f\u00fchren musste. <\/p>\n<p><\/p>\n<p><\/p>\n<p>K\u00f6fer d\u00fcrfte auch die Demontage &#8222;seines&#8220; Mannes &#8211; Vizeb\u00fcrgermeister Alexander Kastner &#8211; durch Team-K\u00e4rnten-Klagenfurt Klubobmann Patrick Jonke sauer aufgesto\u00dfen sein. Die Klagenfurter d\u00fcrften damit die sogenannte &#8222;Rei\u00dfverschlussvereinbarung&#8220; mit K\u00f6fer gebrochen haben. Diese besagt, dass im Klagenfurter Gemeinderat abwechselnd je ein Vertrauter Scheiders bzw. K\u00f6fers sitzen muss. Also: Nummer 1 Scheider, Nummer 2 eine Person K\u00f6fers (Kastner), Nummer 3 wieder eine von Scheider und Nummer vier wieder von K\u00f6fer usw. Bis das Volumen ausgesch\u00f6pft ist. Jetzt stellt die Scheider-Partie aber Platz eins und zwei, weil Jonke mit 29. April den Vize-Sessel von Kastner \u00fcbernimmt.<\/p>\n<p><\/p>\n<p><\/p>\n<p>Ausbedingen konnte sich K\u00f6fer dieses Rei\u00dfverschlusssystem, weil er den Wahlkampf Scheiders massiv unterst\u00fctzte. Beobachter sch\u00e4tzen die Kosten des Wahlkampfs 2021 auf mindestens 400.000 Euro, wovon K\u00f6fers Landespartei einen nicht unerheblichen Beitrag geleistet haben soll. Das wird in Zukunft wohl nicht mehr der Fall sein: \u201eWir haben dem Team in Klagenfurt alle Freiheiten und Chancen erm\u00f6glicht und uns bewusst aus den politischen und inneren Angelegenheiten herausgehalten, um der Liste Scheider gr\u00f6\u00dftm\u00f6gliche Eigenst\u00e4ndigkeit zu gew\u00e4hren. Leider mussten wir feststellen, dass interne Querelen und eine fehlende politische Konsistenz in den vergangenen Jahren die Zusammenarbeit erschwerten. Ein Weiter wie bisher kann es nicht geben&#8220;, so K\u00f6fer heute zu den bl\u00e4ulichen Entwicklungen seiner Klagenfurter Parteifreunde.<\/p>\n<p><\/p>\n<p><\/p>\n<p><strong>Bei Jost-Vergleich unter die Arme gegriffen?<\/strong><\/p>\n<p><\/p>\n<p><\/p>\n<p>Und K\u00f6fer soll auch an anderer Stelle geholfen haben. Die Landespartei soll einen &#8222;hohen f\u00fcnfstelligen Betrag&#8220; an die Zweigstelle Klagenfurt \u00fcberwiesen haben, wie ein Indiser berichtet. Dieser Betrag kam zwar mit dem Label &#8222;Unterst\u00fctzung f\u00fcr die Klubarbeit&#8220; am Konto der Klagenfurter an, allerdings traf er zeitlich angeblich unweit zur Vergleichszahlung des Team K\u00e4rnten Klagenfurt an den ehemaligen Magistratsdirektor Peter Jost ein. Dieser Vergleich soll Scheider &amp; Co. rund 339.000 Euro gekostet haben, wovon 170.000 Euro netto auf Josts Konto landeten. <\/p>\n<p><\/p>\n<p><\/p>\n<p><strong>Mitentscheider Kickl<\/strong><\/p>\n<p><\/p>\n<p><\/p>\n<p>Damit w\u00e4re verst\u00e4ndlich, warum K\u00f6fer heute die Nabelschnur zu den Klagenfurtern gekappt hat. Das bedeutet, dass die Mittel f\u00fcr den n\u00e4chsten Wahlkampf nicht mehr von K\u00f6fers Landespartei kommen werden. Haben Scheider und Jonke das n\u00f6tige Kleingeld aber nicht parat, h\u00e4tten sie sich mit dem Schritt der Ann\u00e4herung an die Blauen eben denen geradezu ausgeliefert. Bei der FP\u00d6 wird man sich allerdings gut \u00fcberlegen, Scheider samt Entourage zur\u00fcckzunehmen. Und zwar aus drei Gr\u00fcnden: 1. Die Blauen haben mit Sandra Wassermann selbst eine Kandidatin im Rennen, die \u00fcber Fleiss kontinuierlich Meter macht. 2. Die Freiheitlichen sind bundesweit ohnehin im Aufwind. Gegner Scheiders k\u00f6nnten argumentieren, man werde sowieso gewinnen und brauche Scheider nicht. Scheider wird bei der n\u00e4chsten regul\u00e4ren Wahl 2027 zudem 63 Jahre alt sein, ihn als frische neue Hoffnung zu verkaufen w\u00fcrde wohl auch erfahrene Wahlkampfkommunikatoren vor unl\u00f6sbare Aufgaben stellen. Und 3. Ein neuerlicher Parteiwechsel w\u00fcrde Scheider wahrscheinlich den Titel eines politischen Wanderpokals eintragen. Und das w\u00e4re vielleicht noch das schmeichelndste Pr\u00e4dikat. <\/p>\n<p><\/p>\n<p><\/p>\n<p>Allerdings: Scheider und Jonke bringen insgesamt zehn Stimmen mit. Zusammen mit den Freiheitlichen h\u00e4tte man derzeit 16 der 45 Sitze im Gemeinderat. Aber nur wenn es das Team K\u00e4rnten Klagenfurt nicht zerbr\u00f6selt. Denn vom einen oder anderen Mandatar ist bereits zu h\u00f6ren, den Weg von Scheider und Jonke nicht mitgehen zu wollen. <\/p>\n<p><\/p>\n<p><\/p>\n<p><\/p>\n<p><\/p>\n<p><\/p>\n","protected":false},"excerpt":{"rendered":"<div class=\"mh-excerpt\"><p>Gerhard K\u00f6fer reicht die Scheidung ein und kommt m\u00f6glichem Fremdgehen von Christian Scheider und Patrick Jonke mit FP\u00d6 zuvor. Klagenfurter Filialpartei verliert damit wichtigen Geldgeber, der wom\u00f6glich auch bei Jost-Vergleich unterst\u00fctzend t\u00e4tig war. <a class=\"mh-excerpt-more\" href=\"https:\/\/www.mediapartizan.at\/?p=10758\" title=\"Gescheidert | Ein Kommentar\">[&#8230;]<\/a><\/p>\n<\/div>","protected":false},"author":2,"featured_media":10759,"comment_status":"open","ping_status":"open","sticky":false,"template":"","format":"standard","meta":{"inline_featured_image":false,"_jetpack_memberships_contains_paid_content":false,"footnotes":""},"categories":[143],"tags":[138,440,638,146,204],"class_list":{"0":"post-10758","1":"post","2":"type-post","3":"status-publish","4":"format-standard","5":"has-post-thumbnail","7":"category-stadt-klagenfurt","8":"tag-fpoe","9":"tag-jonke","10":"tag-koefer","11":"tag-scheider","12":"tag-team-kaernten"},"yoast_head":"<!-- This site is optimized with the Yoast SEO plugin v20.10 - https:\/\/yoast.com\/wordpress\/plugins\/seo\/ -->\n<title>Gescheidert | Ein Kommentar - Mediapartizan.at<\/title>\n<meta name=\"robots\" content=\"index, follow, max-snippet:-1, max-image-preview:large, max-video-preview:-1\" \/>\n<link rel=\"canonical\" href=\"https:\/\/www.mediapartizan.at\/?p=10758\" \/>\n<meta property=\"og:locale\" content=\"de_DE\" \/>\n<meta property=\"og:type\" content=\"article\" \/>\n<meta property=\"og:title\" content=\"Gescheidert | Ein Kommentar - Mediapartizan.at\" \/>\n<meta property=\"og:description\" content=\"Gerhard K\u00f6fer reicht die Scheidung ein und kommt m\u00f6glichem Fremdgehen von Christian Scheider und Patrick Jonke mit FP\u00d6 zuvor. Klagenfurter Filialpartei verliert damit wichtigen Geldgeber, der wom\u00f6glich auch bei Jost-Vergleich unterst\u00fctzend t\u00e4tig war. [...]\" \/>\n<meta property=\"og:url\" content=\"https:\/\/www.mediapartizan.at\/?p=10758\" \/>\n<meta property=\"og:site_name\" content=\"Mediapartizan.at\" \/>\n<meta property=\"article:published_time\" content=\"2025-01-03T13:27:47+00:00\" \/>\n<meta property=\"article:modified_time\" content=\"2025-01-04T12:03:30+00:00\" \/>\n<meta property=\"og:image\" content=\"https:\/\/www.mediapartizan.at\/wp-content\/uploads\/2025\/01\/Bildschirmfoto-2025-01-03-um-14.16.32.png\" \/>\n\t<meta property=\"og:image:width\" content=\"1280\" \/>\n\t<meta property=\"og:image:height\" content=\"696\" \/>\n\t<meta property=\"og:image:type\" content=\"image\/png\" \/>\n<meta name=\"author\" content=\"Franz Miklautz\" \/>\n<meta name=\"twitter:card\" content=\"summary_large_image\" \/>\n<meta name=\"twitter:label1\" content=\"Verfasst von\" \/>\n\t<meta name=\"twitter:data1\" content=\"Franz Miklautz\" \/>\n\t<meta name=\"twitter:label2\" content=\"Gesch\u00e4tzte Lesezeit\" \/>\n\t<meta name=\"twitter:data2\" content=\"5\u00a0Minuten\" \/>\n<script type=\"application\/ld+json\" class=\"yoast-schema-graph\">{\"@context\":\"https:\/\/schema.org\",\"@graph\":[{\"@type\":\"WebPage\",\"@id\":\"https:\/\/www.mediapartizan.at\/?p=10758\",\"url\":\"https:\/\/www.mediapartizan.at\/?p=10758\",\"name\":\"Gescheidert | Ein Kommentar - Mediapartizan.at\",\"isPartOf\":{\"@id\":\"https:\/\/www.mediapartizan.at\/#website\"},\"datePublished\":\"2025-01-03T13:27:47+00:00\",\"dateModified\":\"2025-01-04T12:03:30+00:00\",\"author\":{\"@id\":\"https:\/\/www.mediapartizan.at\/#\/schema\/person\/f6bd7eb8222f2fe985c78d08f17ed7a9\"},\"breadcrumb\":{\"@id\":\"https:\/\/www.mediapartizan.at\/?p=10758#breadcrumb\"},\"inLanguage\":\"de\",\"potentialAction\":[{\"@type\":\"ReadAction\",\"target\":[\"https:\/\/www.mediapartizan.at\/?p=10758\"]}]},{\"@type\":\"BreadcrumbList\",\"@id\":\"https:\/\/www.mediapartizan.at\/?p=10758#breadcrumb\",\"itemListElement\":[{\"@type\":\"ListItem\",\"position\":1,\"name\":\"Startseite\",\"item\":\"https:\/\/www.mediapartizan.at\/\"},{\"@type\":\"ListItem\",\"position\":2,\"name\":\"Gescheidert | Ein Kommentar\"}]},{\"@type\":\"WebSite\",\"@id\":\"https:\/\/www.mediapartizan.at\/#website\",\"url\":\"https:\/\/www.mediapartizan.at\/\",\"name\":\"Mediapartizan.at\",\"description\":\"\",\"potentialAction\":[{\"@type\":\"SearchAction\",\"target\":{\"@type\":\"EntryPoint\",\"urlTemplate\":\"https:\/\/www.mediapartizan.at\/?s={search_term_string}\"},\"query-input\":\"required name=search_term_string\"}],\"inLanguage\":\"de\"},{\"@type\":\"Person\",\"@id\":\"https:\/\/www.mediapartizan.at\/#\/schema\/person\/f6bd7eb8222f2fe985c78d08f17ed7a9\",\"name\":\"Franz Miklautz\",\"image\":{\"@type\":\"ImageObject\",\"inLanguage\":\"de\",\"@id\":\"https:\/\/www.mediapartizan.at\/#\/schema\/person\/image\/\",\"url\":\"https:\/\/secure.gravatar.com\/avatar\/5618667e9a7ab3fa3e1a0c75987c8d0c111ad041167e738d67ac0846e54e195e?s=96&d=mm&r=g\",\"contentUrl\":\"https:\/\/secure.gravatar.com\/avatar\/5618667e9a7ab3fa3e1a0c75987c8d0c111ad041167e738d67ac0846e54e195e?s=96&d=mm&r=g\",\"caption\":\"Franz Miklautz\"},\"url\":\"https:\/\/www.mediapartizan.at\/?author=2\"}]}<\/script>\n<!-- \/ Yoast SEO plugin. -->","yoast_head_json":{"title":"Gescheidert | Ein Kommentar - Mediapartizan.at","robots":{"index":"index","follow":"follow","max-snippet":"max-snippet:-1","max-image-preview":"max-image-preview:large","max-video-preview":"max-video-preview:-1"},"canonical":"https:\/\/www.mediapartizan.at\/?p=10758","og_locale":"de_DE","og_type":"article","og_title":"Gescheidert | Ein Kommentar - Mediapartizan.at","og_description":"Gerhard K\u00f6fer reicht die Scheidung ein und kommt m\u00f6glichem Fremdgehen von Christian Scheider und Patrick Jonke mit FP\u00d6 zuvor. Klagenfurter Filialpartei verliert damit wichtigen Geldgeber, der wom\u00f6glich auch bei Jost-Vergleich unterst\u00fctzend t\u00e4tig war. [...]","og_url":"https:\/\/www.mediapartizan.at\/?p=10758","og_site_name":"Mediapartizan.at","article_published_time":"2025-01-03T13:27:47+00:00","article_modified_time":"2025-01-04T12:03:30+00:00","og_image":[{"width":1280,"height":696,"url":"https:\/\/www.mediapartizan.at\/wp-content\/uploads\/2025\/01\/Bildschirmfoto-2025-01-03-um-14.16.32.png","type":"image\/png"}],"author":"Franz Miklautz","twitter_card":"summary_large_image","twitter_misc":{"Verfasst von":"Franz Miklautz","Gesch\u00e4tzte Lesezeit":"5\u00a0Minuten"},"schema":{"@context":"https:\/\/schema.org","@graph":[{"@type":"WebPage","@id":"https:\/\/www.mediapartizan.at\/?p=10758","url":"https:\/\/www.mediapartizan.at\/?p=10758","name":"Gescheidert | Ein Kommentar - Mediapartizan.at","isPartOf":{"@id":"https:\/\/www.mediapartizan.at\/#website"},"datePublished":"2025-01-03T13:27:47+00:00","dateModified":"2025-01-04T12:03:30+00:00","author":{"@id":"https:\/\/www.mediapartizan.at\/#\/schema\/person\/f6bd7eb8222f2fe985c78d08f17ed7a9"},"breadcrumb":{"@id":"https:\/\/www.mediapartizan.at\/?p=10758#breadcrumb"},"inLanguage":"de","potentialAction":[{"@type":"ReadAction","target":["https:\/\/www.mediapartizan.at\/?p=10758"]}]},{"@type":"BreadcrumbList","@id":"https:\/\/www.mediapartizan.at\/?p=10758#breadcrumb","itemListElement":[{"@type":"ListItem","position":1,"name":"Startseite","item":"https:\/\/www.mediapartizan.at\/"},{"@type":"ListItem","position":2,"name":"Gescheidert | Ein Kommentar"}]},{"@type":"WebSite","@id":"https:\/\/www.mediapartizan.at\/#website","url":"https:\/\/www.mediapartizan.at\/","name":"Mediapartizan.at","description":"","potentialAction":[{"@type":"SearchAction","target":{"@type":"EntryPoint","urlTemplate":"https:\/\/www.mediapartizan.at\/?s={search_term_string}"},"query-input":"required name=search_term_string"}],"inLanguage":"de"},{"@type":"Person","@id":"https:\/\/www.mediapartizan.at\/#\/schema\/person\/f6bd7eb8222f2fe985c78d08f17ed7a9","name":"Franz Miklautz","image":{"@type":"ImageObject","inLanguage":"de","@id":"https:\/\/www.mediapartizan.at\/#\/schema\/person\/image\/","url":"https:\/\/secure.gravatar.com\/avatar\/5618667e9a7ab3fa3e1a0c75987c8d0c111ad041167e738d67ac0846e54e195e?s=96&d=mm&r=g","contentUrl":"https:\/\/secure.gravatar.com\/avatar\/5618667e9a7ab3fa3e1a0c75987c8d0c111ad041167e738d67ac0846e54e195e?s=96&d=mm&r=g","caption":"Franz Miklautz"},"url":"https:\/\/www.mediapartizan.at\/?author=2"}]}},"jetpack_featured_media_url":"https:\/\/i0.wp.com\/www.mediapartizan.at\/wp-content\/uploads\/2025\/01\/Bildschirmfoto-2025-01-03-um-14.16.32.png?fit=1280%2C696&ssl=1","jetpack_sharing_enabled":true,"_links":{"self":[{"href":"https:\/\/www.mediapartizan.at\/index.php?rest_route=\/wp\/v2\/posts\/10758","targetHints":{"allow":["GET"]}}],"collection":[{"href":"https:\/\/www.mediapartizan.at\/index.php?rest_route=\/wp\/v2\/posts"}],"about":[{"href":"https:\/\/www.mediapartizan.at\/index.php?rest_route=\/wp\/v2\/types\/post"}],"author":[{"embeddable":true,"href":"https:\/\/www.mediapartizan.at\/index.php?rest_route=\/wp\/v2\/users\/2"}],"replies":[{"embeddable":true,"href":"https:\/\/www.mediapartizan.at\/index.php?rest_route=%2Fwp%2Fv2%2Fcomments&post=10758"}],"version-history":[{"count":12,"href":"https:\/\/www.mediapartizan.at\/index.php?rest_route=\/wp\/v2\/posts\/10758\/revisions"}],"predecessor-version":[{"id":10776,"href":"https:\/\/www.mediapartizan.at\/index.php?rest_route=\/wp\/v2\/posts\/10758\/revisions\/10776"}],"wp:featuredmedia":[{"embeddable":true,"href":"https:\/\/www.mediapartizan.at\/index.php?rest_route=\/wp\/v2\/media\/10759"}],"wp:attachment":[{"href":"https:\/\/www.mediapartizan.at\/index.php?rest_route=%2Fwp%2Fv2%2Fmedia&parent=10758"}],"wp:term":[{"taxonomy":"category","embeddable":true,"href":"https:\/\/www.mediapartizan.at\/index.php?rest_route=%2Fwp%2Fv2%2Fcategories&post=10758"},{"taxonomy":"post_tag","embeddable":true,"href":"https:\/\/www.mediapartizan.at\/index.php?rest_route=%2Fwp%2Fv2%2Ftags&post=10758"}],"curies":[{"name":"wp","href":"https:\/\/api.w.org\/{rel}","templated":true}]}}