{"id":1080,"date":"2020-04-23T10:21:39","date_gmt":"2020-04-23T08:21:39","guid":{"rendered":"https:\/\/www.mediapartizan.at\/?p=1080"},"modified":"2020-11-08T20:54:47","modified_gmt":"2020-11-08T19:54:47","slug":"lieber-zum-schmidl-als-zum-schmied","status":"publish","type":"post","link":"https:\/\/www.mediapartizan.at\/?p=1080","title":{"rendered":"Lieber zum &#8222;Schmidl&#8220; als zum Schmied"},"content":{"rendered":"<p><\/p>\n<p><\/p>\n<p><\/p>\n<figure class=\"wp-block-image size-large\"><img data-recalc-dims=\"1\" loading=\"lazy\" decoding=\"async\" width=\"1024\" height=\"731\" src=\"https:\/\/i0.wp.com\/www.mediapartizan.at\/wp-content\/uploads\/2020\/04\/Bildschirmfoto-2020-04-23-um-07.26.26.png?resize=1024%2C731&#038;ssl=1\" alt=\"\" class=\"wp-image-1082\" srcset=\"https:\/\/i0.wp.com\/www.mediapartizan.at\/wp-content\/uploads\/2020\/04\/Bildschirmfoto-2020-04-23-um-07.26.26.png?resize=1024%2C731&amp;ssl=1 1024w, https:\/\/i0.wp.com\/www.mediapartizan.at\/wp-content\/uploads\/2020\/04\/Bildschirmfoto-2020-04-23-um-07.26.26.png?resize=300%2C214&amp;ssl=1 300w, https:\/\/i0.wp.com\/www.mediapartizan.at\/wp-content\/uploads\/2020\/04\/Bildschirmfoto-2020-04-23-um-07.26.26.png?resize=768%2C548&amp;ssl=1 768w, https:\/\/i0.wp.com\/www.mediapartizan.at\/wp-content\/uploads\/2020\/04\/Bildschirmfoto-2020-04-23-um-07.26.26.png?w=1196&amp;ssl=1 1196w\" sizes=\"auto, (max-width: 1000px) 100vw, 1000px\" \/><\/figure>\n<p><\/p>\n<p><\/p>\n<p><\/p>\n<p><\/p>\n<p><strong>Im Rennen um den Auftrag zur Stadtwerke-Abschlusspr\u00fcfung 2015 installierte B\u00fcrgermeisterin den Letztgereihten. Und verneinte, dass der Aufsichtsrat eine &#8222;Empfehlung&#8220; abgegeben habe. Doch: Das hat er.<\/strong><\/p>\n<p><\/p>\n<p><\/p>\n<p><\/p>\n<p><\/p>\n<p><\/p>\n<p><\/p>\n<p>Gleich zwei Seiten widmet der Rechnungshof (RH) in seinem aktuellen Pr\u00fcfbericht \u00fcber die Stadtwerke Klagenfurt (STW) der Auswahl des Abschlusspr\u00fcfers f\u00fcr das Jahr 2015. Der RH kritisiert darin, \u201edass die Eigent\u00fcmervertreterin bei der Bestellung des Abschlusspr\u00fcfers (\u2026) weder den Ergebnissen des Ausschreibungsverfahrens noch dem Vorschlag des Aufsichtsrats folgte und die letztgereihte Gesellschaft zum Abschlusspr\u00fcfer berief\u201c. Eigent\u00fcmervertreterin war und ist B\u00fcrgermeisterin Maria-Luise Mathiaschitz (SP\u00d6). Und die reagierte in der letzten Klagenfurter Gemeinderatssitzung auf den Vorwurf so: Es habe sich beim Vorschlag des Aufsichtsrats um \u201ekeine Empfehlung\u201c, sondern blo\u00df um eine Reihung gehandelt, in der es nur um den Preis gegangen sei. Was, wenn man ins Protokoll der Hauptversammlung vom 12. Mail 2015 sieht, nicht stimmen kann: Dort ist n\u00e4mlich erw\u00e4hnt, dass der Aufsichtsrat sehr wohl eine \u201eEmpfehlung, die KPMG Austria mit der Pr\u00fcfung des Jahresabschlusses zu betrauen\u201c abgegeben hat .<\/p>\n<p><\/p>\n<p><\/p>\n<p><strong>Letztgereihter bekommt Auftrag<\/strong><\/p>\n<p><\/p>\n<p><\/p>\n<p>Trotzdem k\u00fcrte Mathiaschitz den Letztgereihten, die SOT S\u00fcdost Treuhand des Wirtschaftspr\u00fcfers Anton Schmidl, zum Pr\u00fcfer. Sein Angebot lag um fast 10.000 Euro \u00fcber jenem der anderen Bewerber. Die ersten vier Angebote hatten eine Bandbreite von 68.780 bis 69.755 Euro. Das billigste Angebot legte Ernst&amp;Young. Jenes der SOT lag bei 79.450. Mathiaschitz begr\u00fcndete ihre Entscheidung unter anderem damit, dass die SOT die Pr\u00fcfung auch zum Preis des billigsten Anbieters machen w\u00fcrde.<\/p>\n<p><\/p>\n<p><\/p>\n<figure class=\"wp-block-image size-large is-resized\"><img loading=\"lazy\" decoding=\"async\" src=\"https:\/\/i2.wp.com\/www.mediapartizan.at\/wp-content\/uploads\/2020\/04\/HV-12.5.15.png?fit=1024%2C956&amp;ssl=1\" alt=\"\" class=\"wp-image-1081\" width=\"489\" height=\"456\" srcset=\"https:\/\/i0.wp.com\/www.mediapartizan.at\/wp-content\/uploads\/2020\/04\/HV-12.5.15.png?w=1206&amp;ssl=1 1206w, https:\/\/i0.wp.com\/www.mediapartizan.at\/wp-content\/uploads\/2020\/04\/HV-12.5.15.png?resize=300%2C280&amp;ssl=1 300w, https:\/\/i0.wp.com\/www.mediapartizan.at\/wp-content\/uploads\/2020\/04\/HV-12.5.15.png?resize=1024%2C956&amp;ssl=1 1024w, https:\/\/i0.wp.com\/www.mediapartizan.at\/wp-content\/uploads\/2020\/04\/HV-12.5.15.png?resize=768%2C717&amp;ssl=1 768w\" sizes=\"auto, (max-width: 489px) 100vw, 489px\" \/><figcaption>KPMG kam nicht zum Zug. Stattdessen der Letztgereihte, der es schlie\u00dflich zum niedrigst angebotenen Preis machte.<\/figcaption><\/figure>\n<p><\/p>\n<p><\/p>\n<p>Wie Mediapartizan.at zugespielte Dokumente belegen, d\u00fcrfte aber schon vorher festgestanden haben, dass die KPMG nicht zum Zug kommen w\u00fcrde. Bereits am 8. Mai, vier Tage vor der Hauptversammlung, schickt STW-Anwalt Martin Wiedenbauer ein E-Mail an die beiden Vorst\u00e4nde Romed Karr\u00e9 und Christian Peham. Darin eine Textpassage, die sp\u00e4ter unter \u201eAllf\u00e4lliges\u201c ins Protokoll der Hauptversammlung Eingang finden wird. Die Passage beinhaltet \u00fcbersetzt, dass sich Mathiaschitz einen \u00dcberblick \u00fcber die Stadtwerke machen m\u00f6chte. Das ist nichts Ungew\u00f6hnliches, war sie doch gerade erst B\u00fcrgermeisterin geworden, der ein Status Quo \u00fcber das wichtigste st\u00e4dtische Unternehmen zusteht. Ungew\u00f6hnlich ist aber, dass die Stadtwerke diese \u00dcberblicksbeschaffung bezahlen sollten. In Wiedenbauers Textpassage ist von einer Evaluierung der Verbindung zwischen Stadt und Stadtwerken unter \u201eEinbindung externer Experten\u201c die Rede. Vulgo Sonderpr\u00fcfung. Diesfalls durch den n\u00e4chsten Wirtschaftspr\u00fcfer. Die SOT.<\/p>\n<p><\/p>\n<p><\/p>\n<p><strong>Schmidl schon in der Sitzung<\/strong><\/p>\n<p><\/p>\n<p><\/p>\n<p>Was aber noch wichtiger ist: Aus Wiedenbauers E-Mail geht hervor, dass Schmidl als Pr\u00fcfer schon vorher gesetzt war: \u201eW\u00e4re es nicht hilfreich\u201c, schreibt Wiedenbauer an Karr\u00e9 und Peham, \u201ewenn A. Schmidl (als zuk\u00fcnftiger Abschlusspr\u00fcfer) an der HV teilnimmt, um den Punkt allenfalls zu erkl\u00e4ren?\u201c Womit r\u00fcckblickend die Ausschreibung, jedenfalls aber die Empfehlung durch den Aufsichtsrat den Eindruck einer Flei\u00dfaufgabe vermitteln. Mediapartizan.at verf\u00fcgt au\u00dferdem \u00fcber Papiere, die eine noch fr\u00fchere Involvierung Schmidls vermuten lassen.<\/p>\n<p><\/p>\n<p><\/p>\n<figure class=\"wp-block-image size-large is-resized\"><img loading=\"lazy\" decoding=\"async\" src=\"https:\/\/i0.wp.com\/www.mediapartizan.at\/wp-content\/uploads\/2020\/04\/Bildschirmfoto-2020-04-23-um-07.26.26.png?fit=1024%2C731&amp;ssl=1\" alt=\"\" class=\"wp-image-1082\" width=\"496\" height=\"354\" srcset=\"https:\/\/i0.wp.com\/www.mediapartizan.at\/wp-content\/uploads\/2020\/04\/Bildschirmfoto-2020-04-23-um-07.26.26.png?w=1196&amp;ssl=1 1196w, https:\/\/i0.wp.com\/www.mediapartizan.at\/wp-content\/uploads\/2020\/04\/Bildschirmfoto-2020-04-23-um-07.26.26.png?resize=300%2C214&amp;ssl=1 300w, https:\/\/i0.wp.com\/www.mediapartizan.at\/wp-content\/uploads\/2020\/04\/Bildschirmfoto-2020-04-23-um-07.26.26.png?resize=1024%2C731&amp;ssl=1 1024w, https:\/\/i0.wp.com\/www.mediapartizan.at\/wp-content\/uploads\/2020\/04\/Bildschirmfoto-2020-04-23-um-07.26.26.png?resize=768%2C548&amp;ssl=1 768w\" sizes=\"auto, (max-width: 496px) 100vw, 496px\" \/><\/figure>\n<p><\/p>\n<p><\/p>\n<p>Makaber: In der Hauptversammlung anwesend ist als Pr\u00fcfer des Jahres 2014 auch Moore-Stephens-Chef Ulrich Krassnig. Auch er hat f\u00fcr das Jahr 2015 angeboten. Doch er blickt in der Sitzung bereits seiner Abl\u00f6se in die Augen. Schmidl war \u201eals Gast\u201c n\u00e4mlich auch schon da.<\/p>\n<p><\/p>\n<p><\/p>\n<p>Eine Anfrage um Stellungnahme blieb sowohl von B\u00fcrgermeisterin Maria-Luise Mathiaschitz als auch Anton Schmidl unbeantwortet.<\/p>\n<p><\/p>\n","protected":false},"excerpt":{"rendered":"<div class=\"mh-excerpt\"><p>Im Rennen um den Auftrag zur Stadtwerke-Abschlusspr\u00fcfung 2015 installierte B\u00fcrgermeisterin den Letztgereihten. Und verneinte, dass der Aufsichtsrat eine &#8222;Empfehlung&#8220; abgegeben habe. Doch: Das hat er. Gleich zwei Seiten widmet der Rechnungshof (RH) in seinem aktuellen <a class=\"mh-excerpt-more\" href=\"https:\/\/www.mediapartizan.at\/?p=1080\" title=\"Lieber zum &#8222;Schmidl&#8220; als zum Schmied\">[&#8230;]<\/a><\/p>\n<\/div>","protected":false},"author":2,"featured_media":1082,"comment_status":"open","ping_status":"open","sticky":false,"template":"","format":"standard","meta":{"inline_featured_image":false,"_jetpack_memberships_contains_paid_content":false,"footnotes":""},"categories":[107],"tags":[126,125,99,130,82,128,98,129,79,127],"class_list":{"0":"post-1080","1":"post","2":"type-post","3":"status-publish","4":"format-standard","5":"has-post-thumbnail","7":"category-projekt-stadtwerke-klagenfurt-2","8":"tag-abschlusspruefung","9":"tag-anton-schmidl","10":"tag-christian-peham","11":"tag-empfehlung","12":"tag-maria-luise-mathiaschitz","13":"tag-moore-stephens","14":"tag-romed-karre","15":"tag-sot-suedost-treuhand","16":"tag-stadtwerke-klagenfurt","17":"tag-ulrich-krassnig"},"yoast_head":"<!-- This site is optimized with the Yoast SEO plugin v20.10 - https:\/\/yoast.com\/wordpress\/plugins\/seo\/ -->\n<title>Lieber zum &quot;Schmidl&quot; als zum Schmied - Mediapartizan.at<\/title>\n<meta name=\"robots\" content=\"index, follow, max-snippet:-1, max-image-preview:large, max-video-preview:-1\" \/>\n<link rel=\"canonical\" href=\"https:\/\/www.mediapartizan.at\/?p=1080\" \/>\n<meta property=\"og:locale\" content=\"de_DE\" \/>\n<meta property=\"og:type\" content=\"article\" \/>\n<meta property=\"og:title\" content=\"Lieber zum &quot;Schmidl&quot; als zum Schmied - Mediapartizan.at\" \/>\n<meta property=\"og:description\" content=\"Im Rennen um den Auftrag zur Stadtwerke-Abschlusspr\u00fcfung 2015 installierte B\u00fcrgermeisterin den Letztgereihten. Und verneinte, dass der Aufsichtsrat eine &#8222;Empfehlung&#8220; abgegeben habe. Doch: Das hat er. Gleich zwei Seiten widmet der Rechnungshof (RH) in seinem aktuellen [...]\" \/>\n<meta property=\"og:url\" content=\"https:\/\/www.mediapartizan.at\/?p=1080\" \/>\n<meta property=\"og:site_name\" content=\"Mediapartizan.at\" \/>\n<meta property=\"article:published_time\" content=\"2020-04-23T08:21:39+00:00\" \/>\n<meta property=\"article:modified_time\" content=\"2020-11-08T19:54:47+00:00\" \/>\n<meta property=\"og:image\" content=\"https:\/\/www.mediapartizan.at\/wp-content\/uploads\/2020\/04\/Bildschirmfoto-2020-04-23-um-07.26.26.png\" \/>\n\t<meta property=\"og:image:width\" content=\"1196\" \/>\n\t<meta property=\"og:image:height\" content=\"854\" \/>\n\t<meta property=\"og:image:type\" content=\"image\/png\" \/>\n<meta name=\"author\" content=\"Franz Miklautz\" \/>\n<meta name=\"twitter:card\" content=\"summary_large_image\" \/>\n<meta name=\"twitter:label1\" content=\"Verfasst von\" \/>\n\t<meta name=\"twitter:data1\" content=\"Franz Miklautz\" \/>\n\t<meta name=\"twitter:label2\" content=\"Gesch\u00e4tzte Lesezeit\" \/>\n\t<meta name=\"twitter:data2\" content=\"3\u00a0Minuten\" \/>\n<script type=\"application\/ld+json\" class=\"yoast-schema-graph\">{\"@context\":\"https:\/\/schema.org\",\"@graph\":[{\"@type\":\"WebPage\",\"@id\":\"https:\/\/www.mediapartizan.at\/?p=1080\",\"url\":\"https:\/\/www.mediapartizan.at\/?p=1080\",\"name\":\"Lieber zum \\\"Schmidl\\\" als zum Schmied - Mediapartizan.at\",\"isPartOf\":{\"@id\":\"https:\/\/www.mediapartizan.at\/#website\"},\"datePublished\":\"2020-04-23T08:21:39+00:00\",\"dateModified\":\"2020-11-08T19:54:47+00:00\",\"author\":{\"@id\":\"https:\/\/www.mediapartizan.at\/#\/schema\/person\/f6bd7eb8222f2fe985c78d08f17ed7a9\"},\"breadcrumb\":{\"@id\":\"https:\/\/www.mediapartizan.at\/?p=1080#breadcrumb\"},\"inLanguage\":\"de\",\"potentialAction\":[{\"@type\":\"ReadAction\",\"target\":[\"https:\/\/www.mediapartizan.at\/?p=1080\"]}]},{\"@type\":\"BreadcrumbList\",\"@id\":\"https:\/\/www.mediapartizan.at\/?p=1080#breadcrumb\",\"itemListElement\":[{\"@type\":\"ListItem\",\"position\":1,\"name\":\"Startseite\",\"item\":\"https:\/\/www.mediapartizan.at\/\"},{\"@type\":\"ListItem\",\"position\":2,\"name\":\"Lieber zum &#8222;Schmidl&#8220; als zum Schmied\"}]},{\"@type\":\"WebSite\",\"@id\":\"https:\/\/www.mediapartizan.at\/#website\",\"url\":\"https:\/\/www.mediapartizan.at\/\",\"name\":\"Mediapartizan.at\",\"description\":\"\",\"potentialAction\":[{\"@type\":\"SearchAction\",\"target\":{\"@type\":\"EntryPoint\",\"urlTemplate\":\"https:\/\/www.mediapartizan.at\/?s={search_term_string}\"},\"query-input\":\"required name=search_term_string\"}],\"inLanguage\":\"de\"},{\"@type\":\"Person\",\"@id\":\"https:\/\/www.mediapartizan.at\/#\/schema\/person\/f6bd7eb8222f2fe985c78d08f17ed7a9\",\"name\":\"Franz Miklautz\",\"image\":{\"@type\":\"ImageObject\",\"inLanguage\":\"de\",\"@id\":\"https:\/\/www.mediapartizan.at\/#\/schema\/person\/image\/\",\"url\":\"https:\/\/secure.gravatar.com\/avatar\/5618667e9a7ab3fa3e1a0c75987c8d0c111ad041167e738d67ac0846e54e195e?s=96&d=mm&r=g\",\"contentUrl\":\"https:\/\/secure.gravatar.com\/avatar\/5618667e9a7ab3fa3e1a0c75987c8d0c111ad041167e738d67ac0846e54e195e?s=96&d=mm&r=g\",\"caption\":\"Franz Miklautz\"},\"url\":\"https:\/\/www.mediapartizan.at\/?author=2\"}]}<\/script>\n<!-- \/ Yoast SEO plugin. -->","yoast_head_json":{"title":"Lieber zum \"Schmidl\" als zum Schmied - Mediapartizan.at","robots":{"index":"index","follow":"follow","max-snippet":"max-snippet:-1","max-image-preview":"max-image-preview:large","max-video-preview":"max-video-preview:-1"},"canonical":"https:\/\/www.mediapartizan.at\/?p=1080","og_locale":"de_DE","og_type":"article","og_title":"Lieber zum \"Schmidl\" als zum Schmied - Mediapartizan.at","og_description":"Im Rennen um den Auftrag zur Stadtwerke-Abschlusspr\u00fcfung 2015 installierte B\u00fcrgermeisterin den Letztgereihten. Und verneinte, dass der Aufsichtsrat eine &#8222;Empfehlung&#8220; abgegeben habe. Doch: Das hat er. Gleich zwei Seiten widmet der Rechnungshof (RH) in seinem aktuellen [...]","og_url":"https:\/\/www.mediapartizan.at\/?p=1080","og_site_name":"Mediapartizan.at","article_published_time":"2020-04-23T08:21:39+00:00","article_modified_time":"2020-11-08T19:54:47+00:00","og_image":[{"width":1196,"height":854,"url":"https:\/\/www.mediapartizan.at\/wp-content\/uploads\/2020\/04\/Bildschirmfoto-2020-04-23-um-07.26.26.png","type":"image\/png"}],"author":"Franz Miklautz","twitter_card":"summary_large_image","twitter_misc":{"Verfasst von":"Franz Miklautz","Gesch\u00e4tzte Lesezeit":"3\u00a0Minuten"},"schema":{"@context":"https:\/\/schema.org","@graph":[{"@type":"WebPage","@id":"https:\/\/www.mediapartizan.at\/?p=1080","url":"https:\/\/www.mediapartizan.at\/?p=1080","name":"Lieber zum \"Schmidl\" als zum Schmied - Mediapartizan.at","isPartOf":{"@id":"https:\/\/www.mediapartizan.at\/#website"},"datePublished":"2020-04-23T08:21:39+00:00","dateModified":"2020-11-08T19:54:47+00:00","author":{"@id":"https:\/\/www.mediapartizan.at\/#\/schema\/person\/f6bd7eb8222f2fe985c78d08f17ed7a9"},"breadcrumb":{"@id":"https:\/\/www.mediapartizan.at\/?p=1080#breadcrumb"},"inLanguage":"de","potentialAction":[{"@type":"ReadAction","target":["https:\/\/www.mediapartizan.at\/?p=1080"]}]},{"@type":"BreadcrumbList","@id":"https:\/\/www.mediapartizan.at\/?p=1080#breadcrumb","itemListElement":[{"@type":"ListItem","position":1,"name":"Startseite","item":"https:\/\/www.mediapartizan.at\/"},{"@type":"ListItem","position":2,"name":"Lieber zum &#8222;Schmidl&#8220; als zum Schmied"}]},{"@type":"WebSite","@id":"https:\/\/www.mediapartizan.at\/#website","url":"https:\/\/www.mediapartizan.at\/","name":"Mediapartizan.at","description":"","potentialAction":[{"@type":"SearchAction","target":{"@type":"EntryPoint","urlTemplate":"https:\/\/www.mediapartizan.at\/?s={search_term_string}"},"query-input":"required name=search_term_string"}],"inLanguage":"de"},{"@type":"Person","@id":"https:\/\/www.mediapartizan.at\/#\/schema\/person\/f6bd7eb8222f2fe985c78d08f17ed7a9","name":"Franz Miklautz","image":{"@type":"ImageObject","inLanguage":"de","@id":"https:\/\/www.mediapartizan.at\/#\/schema\/person\/image\/","url":"https:\/\/secure.gravatar.com\/avatar\/5618667e9a7ab3fa3e1a0c75987c8d0c111ad041167e738d67ac0846e54e195e?s=96&d=mm&r=g","contentUrl":"https:\/\/secure.gravatar.com\/avatar\/5618667e9a7ab3fa3e1a0c75987c8d0c111ad041167e738d67ac0846e54e195e?s=96&d=mm&r=g","caption":"Franz Miklautz"},"url":"https:\/\/www.mediapartizan.at\/?author=2"}]}},"jetpack_featured_media_url":"https:\/\/i0.wp.com\/www.mediapartizan.at\/wp-content\/uploads\/2020\/04\/Bildschirmfoto-2020-04-23-um-07.26.26.png?fit=1196%2C854&ssl=1","jetpack_sharing_enabled":true,"_links":{"self":[{"href":"https:\/\/www.mediapartizan.at\/index.php?rest_route=\/wp\/v2\/posts\/1080","targetHints":{"allow":["GET"]}}],"collection":[{"href":"https:\/\/www.mediapartizan.at\/index.php?rest_route=\/wp\/v2\/posts"}],"about":[{"href":"https:\/\/www.mediapartizan.at\/index.php?rest_route=\/wp\/v2\/types\/post"}],"author":[{"embeddable":true,"href":"https:\/\/www.mediapartizan.at\/index.php?rest_route=\/wp\/v2\/users\/2"}],"replies":[{"embeddable":true,"href":"https:\/\/www.mediapartizan.at\/index.php?rest_route=%2Fwp%2Fv2%2Fcomments&post=1080"}],"version-history":[{"count":14,"href":"https:\/\/www.mediapartizan.at\/index.php?rest_route=\/wp\/v2\/posts\/1080\/revisions"}],"predecessor-version":[{"id":1564,"href":"https:\/\/www.mediapartizan.at\/index.php?rest_route=\/wp\/v2\/posts\/1080\/revisions\/1564"}],"wp:featuredmedia":[{"embeddable":true,"href":"https:\/\/www.mediapartizan.at\/index.php?rest_route=\/wp\/v2\/media\/1082"}],"wp:attachment":[{"href":"https:\/\/www.mediapartizan.at\/index.php?rest_route=%2Fwp%2Fv2%2Fmedia&parent=1080"}],"wp:term":[{"taxonomy":"category","embeddable":true,"href":"https:\/\/www.mediapartizan.at\/index.php?rest_route=%2Fwp%2Fv2%2Fcategories&post=1080"},{"taxonomy":"post_tag","embeddable":true,"href":"https:\/\/www.mediapartizan.at\/index.php?rest_route=%2Fwp%2Fv2%2Ftags&post=1080"}],"curies":[{"name":"wp","href":"https:\/\/api.w.org\/{rel}","templated":true}]}}