{"id":11103,"date":"2025-02-11T12:45:23","date_gmt":"2025-02-11T11:45:23","guid":{"rendered":"https:\/\/www.mediapartizan.at\/?p=11103"},"modified":"2025-02-11T12:45:26","modified_gmt":"2025-02-11T11:45:26","slug":"liste-scheider-setzt-beratervertrag-mit-karl-heinz-petritz-vorerst-aus","status":"publish","type":"post","link":"https:\/\/www.mediapartizan.at\/?p=11103","title":{"rendered":"Liste Scheider setzt Beratervertrag mit Karl-Heinz Petritz vorerst aus"},"content":{"rendered":"<p><\/p>\n<p>Die Wogen des Rauswurfs aus dem Team K\u00e4rnten sind in der Liste Scheider noch nicht gegl\u00e4ttet. Da bahnen sich bereits die n\u00e4chsten an. In einer gestrigen Klubsitzung der B\u00fcrgermeisterpartei soll es auch um den Beratervertrag mit Karl-Heinz Petritz gegangen sein. Der war bis 31. Dezember angestellter Klubsekret\u00e4r und werkt nun pensioniert als Berater f\u00fcr B\u00fcrgermeister Christian Scheider. Die Kleine Zeitung berichtete, dass er f\u00fcr seine Dienste monatlich 2000 bis 3000 Euro von der Partei erhalten soll.<\/p>\n<p><\/p>\n<p><\/p>\n<p>Doch dieser Beratervertrag soll nun ausgesetzt werden. Voerst &#8211; wie aus dem Rathaus zu erfahren ist. Scheiders Klubobmann Patrick Jonke wei\u00df davon nichts: &#8222;Der Vertrag ist nicht aufgel\u00f6st worden. \u00dcber Klubfinanzen und Vertr\u00e4ge gebe ich keine Auskunft&#8220;, sagt er. <\/p>\n<p><\/p>\n<p><\/p>\n<p>Dem Vernehmen nach soll es im Klub zu Unmut gekommen sein, da die Mitglieder der Meinung waren, Petritz&#8216; Honorar mitzahlen zu m\u00fcssen. Liste-Scheider-Mandatare m\u00fcssen bis zu 60 Prozent ihrer Gemeinderatssal\u00e4re abliefern, um den <a href=\"https:\/\/www.mediapartizan.at\/?p=10846\" target=\"_blank\" rel=\"noreferrer noopener\">Vergleich mit Ex-Magistratsdirektor Peter Jost<\/a> zu bezahlen. Das missfiel einigen offenbar, da man nach der Enth\u00fcllung von Mediapartizan, dass <a href=\"https:\/\/www.mediapartizan.at\/?p=10846\" target=\"_blank\" rel=\"noreferrer noopener\">Jacques-Lemans-Chef Alfred Riedl 30.000 Euro per Kredit bereitstellte<\/a>, offenbar der Meinung war, dass ohnehin andere Geldquellen zur Verf\u00fcgung gestanden w\u00e4ren. Und das abgelieferte Sal\u00e4r wom\u00f6glich ins Beraterhonorar von Petritz flie\u00dfen w\u00fcrde. Eine andere Erz\u00e4hlung ist, dass sowohl Scheider als auch Jonke sich an Petritz gewandt haben sollen, mit dem Ersuchen, den Vertrag vorerst auszusetzen. Dies aber nicht aus Gr\u00fcnden, Petritz aus dem Rathaus zu bekommen. Gegen seine Teilnahme als externer Berater an vertraulichen Sitzungen hatte sich Widerstand ergeben. Sondern weil die Scheider-Partei derzeit nicht sonderlich fl\u00fcssig sein d\u00fcrfte.<\/p>\n<p><\/p>\n<p><\/p>\n<p>Petritz soll dem Ersuchen zugestimmt haben und nun &#8211; vorerst &#8211; ohne Honorar Scheider beraten. Er war f\u00fcr eine Stellungnahme nicht zu erreichen.<\/p>\n<p><\/p>\n<p><\/p>\n<p><\/p>\n<p><\/p>\n<p><\/p>\n","protected":false},"excerpt":{"rendered":"<div class=\"mh-excerpt\"><p>Scheider-Partei legt Vertrag mit Ex-Haider-Mann vorerst auf Eis. Karl-Heinz Petritz bleibt aber weiterhin B\u00fcrgermeister-Berater. <a class=\"mh-excerpt-more\" href=\"https:\/\/www.mediapartizan.at\/?p=11103\" title=\"Liste Scheider setzt Beratervertrag mit Karl-Heinz Petritz vorerst aus\">[&#8230;]<\/a><\/p>\n<\/div>","protected":false},"author":2,"featured_media":11106,"comment_status":"open","ping_status":"open","sticky":false,"template":"","format":"standard","meta":{"inline_featured_image":false,"_jetpack_memberships_contains_paid_content":false,"footnotes":""},"categories":[143],"tags":[86,387,644,498],"class_list":{"0":"post-11103","1":"post","2":"type-post","3":"status-publish","4":"format-standard","5":"has-post-thumbnail","7":"category-stadt-klagenfurt","8":"tag-christian-scheider","9":"tag-karl-heinz-petritz","10":"tag-liste-scheider","11":"tag-patrick-jonke"},"yoast_head":"<!-- This site is optimized with the Yoast SEO plugin v20.10 - https:\/\/yoast.com\/wordpress\/plugins\/seo\/ -->\n<title>Liste Scheider setzt Beratervertrag mit Karl-Heinz Petritz vorerst aus - Mediapartizan.at<\/title>\n<meta name=\"robots\" content=\"index, follow, max-snippet:-1, max-image-preview:large, max-video-preview:-1\" \/>\n<link rel=\"canonical\" href=\"https:\/\/www.mediapartizan.at\/?p=11103\" \/>\n<meta property=\"og:locale\" content=\"de_DE\" \/>\n<meta property=\"og:type\" content=\"article\" \/>\n<meta property=\"og:title\" content=\"Liste Scheider setzt Beratervertrag mit Karl-Heinz Petritz vorerst aus - Mediapartizan.at\" \/>\n<meta property=\"og:description\" content=\"Scheider-Partei legt Vertrag mit Ex-Haider-Mann vorerst auf Eis. Karl-Heinz Petritz bleibt aber weiterhin B\u00fcrgermeister-Berater. [...]\" \/>\n<meta property=\"og:url\" content=\"https:\/\/www.mediapartizan.at\/?p=11103\" \/>\n<meta property=\"og:site_name\" content=\"Mediapartizan.at\" \/>\n<meta property=\"article:published_time\" content=\"2025-02-11T11:45:23+00:00\" \/>\n<meta property=\"article:modified_time\" content=\"2025-02-11T11:45:26+00:00\" \/>\n<meta property=\"og:image\" content=\"https:\/\/www.mediapartizan.at\/wp-content\/uploads\/2025\/02\/Bildschirmfoto-2025-02-11-um-11.53.19.png\" \/>\n\t<meta property=\"og:image:width\" content=\"1306\" \/>\n\t<meta property=\"og:image:height\" content=\"640\" \/>\n\t<meta property=\"og:image:type\" content=\"image\/png\" \/>\n<meta name=\"author\" content=\"Franz Miklautz\" \/>\n<meta name=\"twitter:card\" content=\"summary_large_image\" \/>\n<meta name=\"twitter:label1\" content=\"Verfasst von\" \/>\n\t<meta name=\"twitter:data1\" content=\"Franz Miklautz\" \/>\n\t<meta name=\"twitter:label2\" content=\"Gesch\u00e4tzte Lesezeit\" \/>\n\t<meta name=\"twitter:data2\" content=\"2\u00a0Minuten\" \/>\n<script type=\"application\/ld+json\" class=\"yoast-schema-graph\">{\"@context\":\"https:\/\/schema.org\",\"@graph\":[{\"@type\":\"WebPage\",\"@id\":\"https:\/\/www.mediapartizan.at\/?p=11103\",\"url\":\"https:\/\/www.mediapartizan.at\/?p=11103\",\"name\":\"Liste Scheider setzt Beratervertrag mit Karl-Heinz Petritz vorerst aus - Mediapartizan.at\",\"isPartOf\":{\"@id\":\"https:\/\/www.mediapartizan.at\/#website\"},\"datePublished\":\"2025-02-11T11:45:23+00:00\",\"dateModified\":\"2025-02-11T11:45:26+00:00\",\"author\":{\"@id\":\"https:\/\/www.mediapartizan.at\/#\/schema\/person\/f6bd7eb8222f2fe985c78d08f17ed7a9\"},\"breadcrumb\":{\"@id\":\"https:\/\/www.mediapartizan.at\/?p=11103#breadcrumb\"},\"inLanguage\":\"de\",\"potentialAction\":[{\"@type\":\"ReadAction\",\"target\":[\"https:\/\/www.mediapartizan.at\/?p=11103\"]}]},{\"@type\":\"BreadcrumbList\",\"@id\":\"https:\/\/www.mediapartizan.at\/?p=11103#breadcrumb\",\"itemListElement\":[{\"@type\":\"ListItem\",\"position\":1,\"name\":\"Startseite\",\"item\":\"https:\/\/www.mediapartizan.at\/\"},{\"@type\":\"ListItem\",\"position\":2,\"name\":\"Liste Scheider setzt Beratervertrag mit Karl-Heinz Petritz vorerst aus\"}]},{\"@type\":\"WebSite\",\"@id\":\"https:\/\/www.mediapartizan.at\/#website\",\"url\":\"https:\/\/www.mediapartizan.at\/\",\"name\":\"Mediapartizan.at\",\"description\":\"\",\"potentialAction\":[{\"@type\":\"SearchAction\",\"target\":{\"@type\":\"EntryPoint\",\"urlTemplate\":\"https:\/\/www.mediapartizan.at\/?s={search_term_string}\"},\"query-input\":\"required name=search_term_string\"}],\"inLanguage\":\"de\"},{\"@type\":\"Person\",\"@id\":\"https:\/\/www.mediapartizan.at\/#\/schema\/person\/f6bd7eb8222f2fe985c78d08f17ed7a9\",\"name\":\"Franz Miklautz\",\"image\":{\"@type\":\"ImageObject\",\"inLanguage\":\"de\",\"@id\":\"https:\/\/www.mediapartizan.at\/#\/schema\/person\/image\/\",\"url\":\"https:\/\/secure.gravatar.com\/avatar\/5618667e9a7ab3fa3e1a0c75987c8d0c111ad041167e738d67ac0846e54e195e?s=96&d=mm&r=g\",\"contentUrl\":\"https:\/\/secure.gravatar.com\/avatar\/5618667e9a7ab3fa3e1a0c75987c8d0c111ad041167e738d67ac0846e54e195e?s=96&d=mm&r=g\",\"caption\":\"Franz Miklautz\"},\"url\":\"https:\/\/www.mediapartizan.at\/?author=2\"}]}<\/script>\n<!-- \/ Yoast SEO plugin. -->","yoast_head_json":{"title":"Liste Scheider setzt Beratervertrag mit Karl-Heinz Petritz vorerst aus - Mediapartizan.at","robots":{"index":"index","follow":"follow","max-snippet":"max-snippet:-1","max-image-preview":"max-image-preview:large","max-video-preview":"max-video-preview:-1"},"canonical":"https:\/\/www.mediapartizan.at\/?p=11103","og_locale":"de_DE","og_type":"article","og_title":"Liste Scheider setzt Beratervertrag mit Karl-Heinz Petritz vorerst aus - Mediapartizan.at","og_description":"Scheider-Partei legt Vertrag mit Ex-Haider-Mann vorerst auf Eis. Karl-Heinz Petritz bleibt aber weiterhin B\u00fcrgermeister-Berater. [...]","og_url":"https:\/\/www.mediapartizan.at\/?p=11103","og_site_name":"Mediapartizan.at","article_published_time":"2025-02-11T11:45:23+00:00","article_modified_time":"2025-02-11T11:45:26+00:00","og_image":[{"width":1306,"height":640,"url":"https:\/\/www.mediapartizan.at\/wp-content\/uploads\/2025\/02\/Bildschirmfoto-2025-02-11-um-11.53.19.png","type":"image\/png"}],"author":"Franz Miklautz","twitter_card":"summary_large_image","twitter_misc":{"Verfasst von":"Franz Miklautz","Gesch\u00e4tzte Lesezeit":"2\u00a0Minuten"},"schema":{"@context":"https:\/\/schema.org","@graph":[{"@type":"WebPage","@id":"https:\/\/www.mediapartizan.at\/?p=11103","url":"https:\/\/www.mediapartizan.at\/?p=11103","name":"Liste Scheider setzt Beratervertrag mit Karl-Heinz Petritz vorerst aus - Mediapartizan.at","isPartOf":{"@id":"https:\/\/www.mediapartizan.at\/#website"},"datePublished":"2025-02-11T11:45:23+00:00","dateModified":"2025-02-11T11:45:26+00:00","author":{"@id":"https:\/\/www.mediapartizan.at\/#\/schema\/person\/f6bd7eb8222f2fe985c78d08f17ed7a9"},"breadcrumb":{"@id":"https:\/\/www.mediapartizan.at\/?p=11103#breadcrumb"},"inLanguage":"de","potentialAction":[{"@type":"ReadAction","target":["https:\/\/www.mediapartizan.at\/?p=11103"]}]},{"@type":"BreadcrumbList","@id":"https:\/\/www.mediapartizan.at\/?p=11103#breadcrumb","itemListElement":[{"@type":"ListItem","position":1,"name":"Startseite","item":"https:\/\/www.mediapartizan.at\/"},{"@type":"ListItem","position":2,"name":"Liste Scheider setzt Beratervertrag mit Karl-Heinz Petritz vorerst aus"}]},{"@type":"WebSite","@id":"https:\/\/www.mediapartizan.at\/#website","url":"https:\/\/www.mediapartizan.at\/","name":"Mediapartizan.at","description":"","potentialAction":[{"@type":"SearchAction","target":{"@type":"EntryPoint","urlTemplate":"https:\/\/www.mediapartizan.at\/?s={search_term_string}"},"query-input":"required name=search_term_string"}],"inLanguage":"de"},{"@type":"Person","@id":"https:\/\/www.mediapartizan.at\/#\/schema\/person\/f6bd7eb8222f2fe985c78d08f17ed7a9","name":"Franz Miklautz","image":{"@type":"ImageObject","inLanguage":"de","@id":"https:\/\/www.mediapartizan.at\/#\/schema\/person\/image\/","url":"https:\/\/secure.gravatar.com\/avatar\/5618667e9a7ab3fa3e1a0c75987c8d0c111ad041167e738d67ac0846e54e195e?s=96&d=mm&r=g","contentUrl":"https:\/\/secure.gravatar.com\/avatar\/5618667e9a7ab3fa3e1a0c75987c8d0c111ad041167e738d67ac0846e54e195e?s=96&d=mm&r=g","caption":"Franz Miklautz"},"url":"https:\/\/www.mediapartizan.at\/?author=2"}]}},"jetpack_featured_media_url":"https:\/\/i0.wp.com\/www.mediapartizan.at\/wp-content\/uploads\/2025\/02\/Bildschirmfoto-2025-02-11-um-11.53.19.png?fit=1306%2C640&ssl=1","jetpack_sharing_enabled":true,"_links":{"self":[{"href":"https:\/\/www.mediapartizan.at\/index.php?rest_route=\/wp\/v2\/posts\/11103","targetHints":{"allow":["GET"]}}],"collection":[{"href":"https:\/\/www.mediapartizan.at\/index.php?rest_route=\/wp\/v2\/posts"}],"about":[{"href":"https:\/\/www.mediapartizan.at\/index.php?rest_route=\/wp\/v2\/types\/post"}],"author":[{"embeddable":true,"href":"https:\/\/www.mediapartizan.at\/index.php?rest_route=\/wp\/v2\/users\/2"}],"replies":[{"embeddable":true,"href":"https:\/\/www.mediapartizan.at\/index.php?rest_route=%2Fwp%2Fv2%2Fcomments&post=11103"}],"version-history":[{"count":1,"href":"https:\/\/www.mediapartizan.at\/index.php?rest_route=\/wp\/v2\/posts\/11103\/revisions"}],"predecessor-version":[{"id":11107,"href":"https:\/\/www.mediapartizan.at\/index.php?rest_route=\/wp\/v2\/posts\/11103\/revisions\/11107"}],"wp:featuredmedia":[{"embeddable":true,"href":"https:\/\/www.mediapartizan.at\/index.php?rest_route=\/wp\/v2\/media\/11106"}],"wp:attachment":[{"href":"https:\/\/www.mediapartizan.at\/index.php?rest_route=%2Fwp%2Fv2%2Fmedia&parent=11103"}],"wp:term":[{"taxonomy":"category","embeddable":true,"href":"https:\/\/www.mediapartizan.at\/index.php?rest_route=%2Fwp%2Fv2%2Fcategories&post=11103"},{"taxonomy":"post_tag","embeddable":true,"href":"https:\/\/www.mediapartizan.at\/index.php?rest_route=%2Fwp%2Fv2%2Ftags&post=11103"}],"curies":[{"name":"wp","href":"https:\/\/api.w.org\/{rel}","templated":true}]}}