{"id":11203,"date":"2025-02-23T09:58:50","date_gmt":"2025-02-23T08:58:50","guid":{"rendered":"https:\/\/www.mediapartizan.at\/?p=11203"},"modified":"2025-02-23T17:07:05","modified_gmt":"2025-02-23T16:07:05","slug":"kein-hallenbad-wie-viel-die-stadt-klagenfurt-fuer-schul-schwimmen-an-kaernten-therme-zahlte","status":"publish","type":"post","link":"https:\/\/www.mediapartizan.at\/?p=11203","title":{"rendered":"Kein Hallenbad: Wie viel die Stadt Klagenfurt f\u00fcr Schul-Schwimmen an K\u00e4rnten Therme zahlte"},"content":{"rendered":"<p><\/p>\n<p>Seit nunmehr dreieinhalb Jahren sitzt Klagenfurt am Trockenen. Das alte Hallenbad in der Gasometergasse wurde im August 2021 geschlossen: Statikprobleme. Die Stadtwerke konnten die Sicherheit in dem mehr als 50 Jahre alten Geb\u00e4ude nicht mehr garantieren. Wie eine investigative Recherche von Mediapartizan ergab, <a href=\"https:\/\/www.mediapartizan.at\/?p=10232\" target=\"_blank\" rel=\"noreferrer noopener\">war das Bad schon im Jahr 2016 &#8222;hochriskant&#8220;<\/a>. <\/p>\n<p><\/p>\n<p><\/p>\n<p>Nun wurden Mediapartizan.at Belege zugespielt, die auszugsweise zeigen, wie viel es die Stadt Klagenfurt kostete, heimischen Sch\u00fclern und Sch\u00fclerinnen ersatzweise Eintritt in die K\u00e4rnten Therme in Villach zu verschaffen. Die Eintritte seien durch eine telefonische Vereinbarung zwischen dem B\u00fcroleiter von B\u00fcrgermeister Christian Scheider (LS), Patrick Jonke, und dem Gesch\u00e4ftsf\u00fchrer der Therme (und ehemaligen Magistratsdirektor Villachs) Alfred Winkler zustande gekommen. <\/p>\n<p><\/p>\n<p><\/p>\n<figure class=\"wp-block-image aligncenter size-full is-resized\"><img data-recalc-dims=\"1\" loading=\"lazy\" decoding=\"async\" src=\"https:\/\/i0.wp.com\/www.mediapartizan.at\/wp-content\/uploads\/2025\/02\/Bildschirmfoto-2025-02-23-um-08.49.47.png?resize=630%2C275&#038;ssl=1\" alt=\"\" class=\"wp-image-11215\" width=\"630\" height=\"275\" srcset=\"https:\/\/i0.wp.com\/www.mediapartizan.at\/wp-content\/uploads\/2025\/02\/Bildschirmfoto-2025-02-23-um-08.49.47.png?w=950&amp;ssl=1 950w, https:\/\/i0.wp.com\/www.mediapartizan.at\/wp-content\/uploads\/2025\/02\/Bildschirmfoto-2025-02-23-um-08.49.47.png?resize=300%2C131&amp;ssl=1 300w, https:\/\/i0.wp.com\/www.mediapartizan.at\/wp-content\/uploads\/2025\/02\/Bildschirmfoto-2025-02-23-um-08.49.47.png?resize=768%2C336&amp;ssl=1 768w\" sizes=\"auto, (max-width: 630px) 100vw, 630px\" \/><figcaption class=\"wp-element-caption\">Dezember 2022<\/figcaption><\/figure>\n<p><\/p>\n<p><\/p>\n<p>Die Rechnungen sind von Winkler unterfertigt. Im Dezember 2022 schickte die Stadt \u00fcber 20.000 Euro nach Villach. Im darauffolgenden April waren es mehr als 18.000 Euro. <\/p>\n<p><\/p>\n<p><\/p>\n<figure class=\"wp-block-image aligncenter size-full is-resized\"><img data-recalc-dims=\"1\" loading=\"lazy\" decoding=\"async\" src=\"https:\/\/i0.wp.com\/www.mediapartizan.at\/wp-content\/uploads\/2025\/02\/Bildschirmfoto-2025-02-23-um-08.50.06.png?resize=637%2C284&#038;ssl=1\" alt=\"\" class=\"wp-image-11216\" width=\"637\" height=\"284\" srcset=\"https:\/\/i0.wp.com\/www.mediapartizan.at\/wp-content\/uploads\/2025\/02\/Bildschirmfoto-2025-02-23-um-08.50.06.png?w=980&amp;ssl=1 980w, https:\/\/i0.wp.com\/www.mediapartizan.at\/wp-content\/uploads\/2025\/02\/Bildschirmfoto-2025-02-23-um-08.50.06.png?resize=300%2C134&amp;ssl=1 300w, https:\/\/i0.wp.com\/www.mediapartizan.at\/wp-content\/uploads\/2025\/02\/Bildschirmfoto-2025-02-23-um-08.50.06.png?resize=768%2C343&amp;ssl=1 768w\" sizes=\"auto, (max-width: 637px) 100vw, 637px\" \/><figcaption class=\"wp-element-caption\">April 2023<\/figcaption><\/figure>\n<p><\/p>\n<p><\/p>\n<p>Im Juli 2023 gingen dann fast 16.000 Euro von der Lindwurm- in die Draustadt. <\/p>\n<p><\/p>\n<p><\/p>\n<figure class=\"wp-block-image aligncenter size-full is-resized\"><img data-recalc-dims=\"1\" loading=\"lazy\" decoding=\"async\" src=\"https:\/\/i0.wp.com\/www.mediapartizan.at\/wp-content\/uploads\/2025\/02\/Bildschirmfoto-2025-02-23-um-08.50.21.png?resize=628%2C277&#038;ssl=1\" alt=\"\" class=\"wp-image-11217\" width=\"628\" height=\"277\" srcset=\"https:\/\/i0.wp.com\/www.mediapartizan.at\/wp-content\/uploads\/2025\/02\/Bildschirmfoto-2025-02-23-um-08.50.21.png?w=910&amp;ssl=1 910w, https:\/\/i0.wp.com\/www.mediapartizan.at\/wp-content\/uploads\/2025\/02\/Bildschirmfoto-2025-02-23-um-08.50.21.png?resize=300%2C133&amp;ssl=1 300w, https:\/\/i0.wp.com\/www.mediapartizan.at\/wp-content\/uploads\/2025\/02\/Bildschirmfoto-2025-02-23-um-08.50.21.png?resize=768%2C339&amp;ssl=1 768w\" sizes=\"auto, (max-width: 628px) 100vw, 628px\" \/><figcaption class=\"wp-element-caption\">Juli 2023<\/figcaption><\/figure>\n<p><\/p>\n<p><\/p>\n<p>Rund 3100 Klagenfurter Sch\u00fcler und fast 500 Lehrer wurden so im Schuljahr 2022\/23 durch das Drehkreuz der Villacher Therme geschleust. \u00dcber 54.000 Euro <\/p>\n<p><\/p>\n<p><\/p>\n<p>Pflichtsch\u00fcler des darauffolgenden Schuljahrs kamen offenbar nicht mehr in diesen Genuss: Die Kooperation der Stadt mit der K\u00e4rnten Therme wurde, das legen die Unterlagen nahe, nach 2022\/23 nicht verl\u00e4ngert. <\/p>\n<p><\/p>\n<p><\/p>\n<p><strong>\u00dcber 100.000 Euro:<\/strong> <strong>Stadtwerke \u00fcbernahmen Transportkosten <\/strong><\/p>\n<p><\/p>\n<p><\/p>\n<p>Die Kosten f\u00fcr die Dutzenden Busfahrten der Schulklassen \u00fcbernahmen die Stadtwerke (STW) Klagenfurt. Die Ausgaben daf\u00fcr sollen bei \u00fcber 100.000 Euro gelegen haben. Die STW fahren mit den Schulklassen auch das Hallenbad in St. Veit an. \u00dcber die Jahre d\u00fcrften die kombinierten Transportkosten (Villach und St. Veit) bei knapp einer Viertelmillion Euro liegen.<\/p>\n<p><\/p>\n<p><\/p>\n<p>*** Foto: Wikipedia, <a href=\"https:\/\/commons.wikimedia.org\/w\/index.php?curid=80906322\" target=\"_blank\" rel=\"noreferrer noopener\">19petra<\/a>, CC BY-SA 4.0<\/p>\n<p><\/p>\n","protected":false},"excerpt":{"rendered":"<div class=\"mh-excerpt\"><p>Am Trockenen: Aufgetauchte Belege zeigen, wie viel die Stadt Klagenfurt an Eintrittsgeldern f\u00fcr Schulklassen an die K\u00e4rnten Therme \u00fcberweisen musste, weil kein Hallenbad mehr da war. Und: Bustransfers bei \u00fcber 100.000 Euro. <a class=\"mh-excerpt-more\" href=\"https:\/\/www.mediapartizan.at\/?p=11203\" title=\"Kein Hallenbad: Wie viel die Stadt Klagenfurt f\u00fcr Schul-Schwimmen an K\u00e4rnten Therme zahlte\">[&#8230;]<\/a><\/p>\n<\/div>","protected":false},"author":2,"featured_media":11218,"comment_status":"open","ping_status":"open","sticky":false,"template":"","format":"standard","meta":{"inline_featured_image":false,"_jetpack_memberships_contains_paid_content":false,"footnotes":""},"categories":[143],"tags":[80,654,154],"class_list":{"0":"post-11203","1":"post","2":"type-post","3":"status-publish","4":"format-standard","5":"has-post-thumbnail","7":"category-stadt-klagenfurt","8":"tag-hallenbad","9":"tag-kaernten-therme","10":"tag-villach"},"yoast_head":"<!-- This site is optimized with the Yoast SEO plugin v20.10 - https:\/\/yoast.com\/wordpress\/plugins\/seo\/ -->\n<title>Kein Hallenbad: Wie viel die Stadt Klagenfurt f\u00fcr Schul-Schwimmen an K\u00e4rnten Therme zahlte - Mediapartizan.at<\/title>\n<meta name=\"robots\" content=\"index, follow, max-snippet:-1, max-image-preview:large, max-video-preview:-1\" \/>\n<link rel=\"canonical\" href=\"https:\/\/www.mediapartizan.at\/?p=11203\" \/>\n<meta property=\"og:locale\" content=\"de_DE\" \/>\n<meta property=\"og:type\" content=\"article\" \/>\n<meta property=\"og:title\" content=\"Kein Hallenbad: Wie viel die Stadt Klagenfurt f\u00fcr Schul-Schwimmen an K\u00e4rnten Therme zahlte - Mediapartizan.at\" \/>\n<meta property=\"og:description\" content=\"Am Trockenen: Aufgetauchte Belege zeigen, wie viel die Stadt Klagenfurt an Eintrittsgeldern f\u00fcr Schulklassen an die K\u00e4rnten Therme \u00fcberweisen musste, weil kein Hallenbad mehr da war. Und: Bustransfers bei \u00fcber 100.000 Euro. [...]\" \/>\n<meta property=\"og:url\" content=\"https:\/\/www.mediapartizan.at\/?p=11203\" \/>\n<meta property=\"og:site_name\" content=\"Mediapartizan.at\" \/>\n<meta property=\"article:published_time\" content=\"2025-02-23T08:58:50+00:00\" \/>\n<meta property=\"article:modified_time\" content=\"2025-02-23T16:07:05+00:00\" \/>\n<meta property=\"og:image\" content=\"https:\/\/www.mediapartizan.at\/wp-content\/uploads\/2025\/02\/Kaernten_Therme_Warmbad-scaled.jpg\" \/>\n\t<meta property=\"og:image:width\" content=\"2560\" \/>\n\t<meta property=\"og:image:height\" content=\"1707\" \/>\n\t<meta property=\"og:image:type\" content=\"image\/jpeg\" \/>\n<meta name=\"author\" content=\"Franz Miklautz\" \/>\n<meta name=\"twitter:card\" content=\"summary_large_image\" \/>\n<meta name=\"twitter:label1\" content=\"Verfasst von\" \/>\n\t<meta name=\"twitter:data1\" content=\"Franz Miklautz\" \/>\n\t<meta name=\"twitter:label2\" content=\"Gesch\u00e4tzte Lesezeit\" \/>\n\t<meta name=\"twitter:data2\" content=\"3\u00a0Minuten\" \/>\n<script type=\"application\/ld+json\" class=\"yoast-schema-graph\">{\"@context\":\"https:\/\/schema.org\",\"@graph\":[{\"@type\":\"WebPage\",\"@id\":\"https:\/\/www.mediapartizan.at\/?p=11203\",\"url\":\"https:\/\/www.mediapartizan.at\/?p=11203\",\"name\":\"Kein Hallenbad: Wie viel die Stadt Klagenfurt f\u00fcr Schul-Schwimmen an K\u00e4rnten Therme zahlte - Mediapartizan.at\",\"isPartOf\":{\"@id\":\"https:\/\/www.mediapartizan.at\/#website\"},\"datePublished\":\"2025-02-23T08:58:50+00:00\",\"dateModified\":\"2025-02-23T16:07:05+00:00\",\"author\":{\"@id\":\"https:\/\/www.mediapartizan.at\/#\/schema\/person\/f6bd7eb8222f2fe985c78d08f17ed7a9\"},\"breadcrumb\":{\"@id\":\"https:\/\/www.mediapartizan.at\/?p=11203#breadcrumb\"},\"inLanguage\":\"de\",\"potentialAction\":[{\"@type\":\"ReadAction\",\"target\":[\"https:\/\/www.mediapartizan.at\/?p=11203\"]}]},{\"@type\":\"BreadcrumbList\",\"@id\":\"https:\/\/www.mediapartizan.at\/?p=11203#breadcrumb\",\"itemListElement\":[{\"@type\":\"ListItem\",\"position\":1,\"name\":\"Startseite\",\"item\":\"https:\/\/www.mediapartizan.at\/\"},{\"@type\":\"ListItem\",\"position\":2,\"name\":\"Kein Hallenbad: Wie viel die Stadt Klagenfurt f\u00fcr Schul-Schwimmen an K\u00e4rnten Therme zahlte\"}]},{\"@type\":\"WebSite\",\"@id\":\"https:\/\/www.mediapartizan.at\/#website\",\"url\":\"https:\/\/www.mediapartizan.at\/\",\"name\":\"Mediapartizan.at\",\"description\":\"\",\"potentialAction\":[{\"@type\":\"SearchAction\",\"target\":{\"@type\":\"EntryPoint\",\"urlTemplate\":\"https:\/\/www.mediapartizan.at\/?s={search_term_string}\"},\"query-input\":\"required name=search_term_string\"}],\"inLanguage\":\"de\"},{\"@type\":\"Person\",\"@id\":\"https:\/\/www.mediapartizan.at\/#\/schema\/person\/f6bd7eb8222f2fe985c78d08f17ed7a9\",\"name\":\"Franz Miklautz\",\"image\":{\"@type\":\"ImageObject\",\"inLanguage\":\"de\",\"@id\":\"https:\/\/www.mediapartizan.at\/#\/schema\/person\/image\/\",\"url\":\"https:\/\/secure.gravatar.com\/avatar\/5618667e9a7ab3fa3e1a0c75987c8d0c111ad041167e738d67ac0846e54e195e?s=96&d=mm&r=g\",\"contentUrl\":\"https:\/\/secure.gravatar.com\/avatar\/5618667e9a7ab3fa3e1a0c75987c8d0c111ad041167e738d67ac0846e54e195e?s=96&d=mm&r=g\",\"caption\":\"Franz Miklautz\"},\"url\":\"https:\/\/www.mediapartizan.at\/?author=2\"}]}<\/script>\n<!-- \/ Yoast SEO plugin. -->","yoast_head_json":{"title":"Kein Hallenbad: Wie viel die Stadt Klagenfurt f\u00fcr Schul-Schwimmen an K\u00e4rnten Therme zahlte - Mediapartizan.at","robots":{"index":"index","follow":"follow","max-snippet":"max-snippet:-1","max-image-preview":"max-image-preview:large","max-video-preview":"max-video-preview:-1"},"canonical":"https:\/\/www.mediapartizan.at\/?p=11203","og_locale":"de_DE","og_type":"article","og_title":"Kein Hallenbad: Wie viel die Stadt Klagenfurt f\u00fcr Schul-Schwimmen an K\u00e4rnten Therme zahlte - Mediapartizan.at","og_description":"Am Trockenen: Aufgetauchte Belege zeigen, wie viel die Stadt Klagenfurt an Eintrittsgeldern f\u00fcr Schulklassen an die K\u00e4rnten Therme \u00fcberweisen musste, weil kein Hallenbad mehr da war. Und: Bustransfers bei \u00fcber 100.000 Euro. [...]","og_url":"https:\/\/www.mediapartizan.at\/?p=11203","og_site_name":"Mediapartizan.at","article_published_time":"2025-02-23T08:58:50+00:00","article_modified_time":"2025-02-23T16:07:05+00:00","og_image":[{"width":2560,"height":1707,"url":"https:\/\/www.mediapartizan.at\/wp-content\/uploads\/2025\/02\/Kaernten_Therme_Warmbad-scaled.jpg","type":"image\/jpeg"}],"author":"Franz Miklautz","twitter_card":"summary_large_image","twitter_misc":{"Verfasst von":"Franz Miklautz","Gesch\u00e4tzte Lesezeit":"3\u00a0Minuten"},"schema":{"@context":"https:\/\/schema.org","@graph":[{"@type":"WebPage","@id":"https:\/\/www.mediapartizan.at\/?p=11203","url":"https:\/\/www.mediapartizan.at\/?p=11203","name":"Kein Hallenbad: Wie viel die Stadt Klagenfurt f\u00fcr Schul-Schwimmen an K\u00e4rnten Therme zahlte - Mediapartizan.at","isPartOf":{"@id":"https:\/\/www.mediapartizan.at\/#website"},"datePublished":"2025-02-23T08:58:50+00:00","dateModified":"2025-02-23T16:07:05+00:00","author":{"@id":"https:\/\/www.mediapartizan.at\/#\/schema\/person\/f6bd7eb8222f2fe985c78d08f17ed7a9"},"breadcrumb":{"@id":"https:\/\/www.mediapartizan.at\/?p=11203#breadcrumb"},"inLanguage":"de","potentialAction":[{"@type":"ReadAction","target":["https:\/\/www.mediapartizan.at\/?p=11203"]}]},{"@type":"BreadcrumbList","@id":"https:\/\/www.mediapartizan.at\/?p=11203#breadcrumb","itemListElement":[{"@type":"ListItem","position":1,"name":"Startseite","item":"https:\/\/www.mediapartizan.at\/"},{"@type":"ListItem","position":2,"name":"Kein Hallenbad: Wie viel die Stadt Klagenfurt f\u00fcr Schul-Schwimmen an K\u00e4rnten Therme zahlte"}]},{"@type":"WebSite","@id":"https:\/\/www.mediapartizan.at\/#website","url":"https:\/\/www.mediapartizan.at\/","name":"Mediapartizan.at","description":"","potentialAction":[{"@type":"SearchAction","target":{"@type":"EntryPoint","urlTemplate":"https:\/\/www.mediapartizan.at\/?s={search_term_string}"},"query-input":"required name=search_term_string"}],"inLanguage":"de"},{"@type":"Person","@id":"https:\/\/www.mediapartizan.at\/#\/schema\/person\/f6bd7eb8222f2fe985c78d08f17ed7a9","name":"Franz Miklautz","image":{"@type":"ImageObject","inLanguage":"de","@id":"https:\/\/www.mediapartizan.at\/#\/schema\/person\/image\/","url":"https:\/\/secure.gravatar.com\/avatar\/5618667e9a7ab3fa3e1a0c75987c8d0c111ad041167e738d67ac0846e54e195e?s=96&d=mm&r=g","contentUrl":"https:\/\/secure.gravatar.com\/avatar\/5618667e9a7ab3fa3e1a0c75987c8d0c111ad041167e738d67ac0846e54e195e?s=96&d=mm&r=g","caption":"Franz Miklautz"},"url":"https:\/\/www.mediapartizan.at\/?author=2"}]}},"jetpack_featured_media_url":"https:\/\/i0.wp.com\/www.mediapartizan.at\/wp-content\/uploads\/2025\/02\/Kaernten_Therme_Warmbad-scaled.jpg?fit=2560%2C1707&ssl=1","jetpack_sharing_enabled":true,"_links":{"self":[{"href":"https:\/\/www.mediapartizan.at\/index.php?rest_route=\/wp\/v2\/posts\/11203","targetHints":{"allow":["GET"]}}],"collection":[{"href":"https:\/\/www.mediapartizan.at\/index.php?rest_route=\/wp\/v2\/posts"}],"about":[{"href":"https:\/\/www.mediapartizan.at\/index.php?rest_route=\/wp\/v2\/types\/post"}],"author":[{"embeddable":true,"href":"https:\/\/www.mediapartizan.at\/index.php?rest_route=\/wp\/v2\/users\/2"}],"replies":[{"embeddable":true,"href":"https:\/\/www.mediapartizan.at\/index.php?rest_route=%2Fwp%2Fv2%2Fcomments&post=11203"}],"version-history":[{"count":10,"href":"https:\/\/www.mediapartizan.at\/index.php?rest_route=\/wp\/v2\/posts\/11203\/revisions"}],"predecessor-version":[{"id":11233,"href":"https:\/\/www.mediapartizan.at\/index.php?rest_route=\/wp\/v2\/posts\/11203\/revisions\/11233"}],"wp:featuredmedia":[{"embeddable":true,"href":"https:\/\/www.mediapartizan.at\/index.php?rest_route=\/wp\/v2\/media\/11218"}],"wp:attachment":[{"href":"https:\/\/www.mediapartizan.at\/index.php?rest_route=%2Fwp%2Fv2%2Fmedia&parent=11203"}],"wp:term":[{"taxonomy":"category","embeddable":true,"href":"https:\/\/www.mediapartizan.at\/index.php?rest_route=%2Fwp%2Fv2%2Fcategories&post=11203"},{"taxonomy":"post_tag","embeddable":true,"href":"https:\/\/www.mediapartizan.at\/index.php?rest_route=%2Fwp%2Fv2%2Ftags&post=11203"}],"curies":[{"name":"wp","href":"https:\/\/api.w.org\/{rel}","templated":true}]}}