{"id":11288,"date":"2025-03-04T16:59:36","date_gmt":"2025-03-04T15:59:36","guid":{"rendered":"https:\/\/www.mediapartizan.at\/?p=11288"},"modified":"2025-03-05T19:29:45","modified_gmt":"2025-03-05T18:29:45","slug":"paukenschlag-jonke-bedingt-bereit-auf-vizebuergermeister-sessel-zu-verzichten","status":"publish","type":"post","link":"https:\/\/www.mediapartizan.at\/?p=11288","title":{"rendered":"Paukenschlag: Jonke bedingt bereit, auf Vizeb\u00fcrgermeister-Sessel zu verzichten"},"content":{"rendered":"<p><\/p>\n<p class=\"has-text-align-right\">\n<p><\/p>\n<p><\/p>\n<p>Die Weihnachtsruhe 2024\/25 hielt nicht lange. Schon in den ersten J\u00e4nnertagen gingen die Wogen in der Klagenfurter Stadtpolitik hoch: Team-K\u00e4rnten-Landesparteichef Gerhard K\u00f6fer setzte seine Klagenfurt-Filiale samt und sonders vor die T\u00fcr. Der Grund: K\u00f6fer hatte Wind davon bekommen, dass eine Gruppe rund um B\u00fcrgermeister Christian Scheider (damals noch Team K\u00e4rnten Klagenfurt) mit den Freiheitlichen geflirtet haben soll, um zur\u00fcck in die blaue Heimat zu segeln. Das berichtete die Kleine Zeitung. Daraufhin machte K\u00f6fer kurzen Prozess und schmiss Scheider, seinen Klubobmann Patrick Jonke und die restlichen acht Gemeinder\u00e4te aus dem Team K\u00e4rnten K\u00f6fer. Heute firmiert die B\u00fcrgermeister-Gruppe unter <em>Liste Scheider<\/em> im Klagenfurter Gemeinderat.<\/p>\n<p><\/p>\n<p><\/p>\n<p><strong>Jonke sollte am 29. April \u00fcbernehmen<\/strong><\/p>\n<p><\/p>\n<p><\/p>\n<p>Doch damit nicht genug: Im Dezember des Vorjahres wurde bekannt, dass Jonke den derzeit (noch) amtierenden Vizeb\u00fcrgermeister Alexander Kastner, einen K\u00f6fer-Mann, beerben werde. Die Staffel\u00fcbergabe war f\u00fcr den 29. April 2025 geplant. Da sollte Jonke als Vizeb\u00fcrgermeister inthronisiert werden und Kastner abdanken. Das (damals noch so genannte) Team K\u00e4rnten Klagenfurt unter Scheider war so aufgebaut, dass jeweils ein Mandatar aus der Hemisph\u00e4re Scheiders und einer aus jener K\u00f6fers kam. Das bedeutet: Listenplatz 1 Scheider, Listenplatz 2 ein K\u00f6fer-Mann (Kastner), Listenplatz 3 wieder ein Scheider-Mann, Listenplatz 4 wieder ein K\u00f6fer-Mann &#8211; und so weiter. Was nichts anderes bedeutet, als dass Jonke mit seinem Vorsto\u00df auf den Vizeb\u00fcrgermeistersessel mit diesem &#8222;Rei\u00dfverschlusssystem&#8220; gebrochen hatte. Nicht zum Amusement K\u00f6fers. <\/p>\n<p><\/p>\n<p><\/p>\n<p><strong>Wieder auf Suche nach &#8222;Gemeinsamkeiten&#8220; mit K\u00f6fer<\/strong><\/p>\n<p><\/p>\n<p><\/p>\n<p>Doch nun scheint sich eine g\u00e4nzlich neue Entwicklung abzuzeichnen: Jonke soll unter gewissen Bedingungen bereit sein, auf den Vizeb\u00fcrgermeistersessel zu verzichten. Diese Bedingungen haben mit einer m\u00f6glichen &#8222;Wiedervereinigung&#8220; mit K\u00f6fers Team K\u00e4rnten zu tun. Von K\u00f6fer war zum Thema kein Kommentar zu erhalten. Jonke jedenfalls dementierte auf Anfrage nicht, dass es wieder &#8222;zu Gemeinsamkeiten&#8220; kommen k\u00f6nnte und er im Gegenzug auf den Vize-Stadtchef verzichten w\u00fcrde.<\/p>\n<p><\/p>\n<p><\/p>\n<p>Jonke hat aber eine Verzichtserkl\u00e4rung Kastners in der Hand und die Zustimmung des Liste-Scheider-Klubs, dass er, Jonke, neuer Vize werden solle. Jonke soll bereit sein, diese Assets f\u00fcr eine Wieder-Ann\u00e4herung in die Waagschale zu werfen.<\/p>\n<p><\/p>\n<p><\/p>\n<p>Vor cirka zwei Wochen ist es diesbez\u00fcglich zu einem Treffen K\u00f6fers mit Scheider und Jonke in Spittal an der Drau gekommen, wo K\u00f6fer B\u00fcrgermeister ist. <\/p>\n<p><\/p>\n<p><\/p>\n<p><strong>60.000 Euro-Damoklesschwert \u00fcber Liste Scheider<\/strong><\/p>\n<p><\/p>\n<p><\/p>\n<p>Nachdem K\u00f6fer, der Hunderttausende Euro als &#8222;Unterst\u00fctzung der Klubarbeit&#8220; an seine Klagenfurter Parteifreunde schickte, mit dem Rauswurf gleichsam den Geldhahn zugedreht hatte, spekulierte man, dass die Liste Scheider bei schlechter Liquidit\u00e4t sein k\u00f6nnte. Das dementierte Jonke aber im K\u00e4rntner MONAT (Ausgabe 2\/25). Es gebe zahlreiche Finanzierungsalternativen, so Jonke. Aber: Laut Dokumenten, die Mediapartizan.at aus dem Gemeinderats-Wahlkampf 2021 \u00fcbergeben wurden, k\u00f6nnte K\u00f6fer unter Umst\u00e4nden 60.000 Euro von Scheider &amp; Co. zur\u00fcckfordern. Damals war zwischen K\u00f6fer und Scheider eine Vereinbarung geschlossen worden, dass eben diese 60.000 &#8211; von der Gesamtwahlkampfhilfe K\u00f6fers in H\u00f6he von 150.000 Euro &#8211; an das Team K\u00e4rnten K\u00f6fer zur\u00fcckzuzahlen seien, sollte Scheider Schritte setzen, die dazu beitragen k\u00f6nnten, das Team K\u00e4rnten K\u00f6fer in Misskredit zu bringen oder sich Scheider im Klagenfurter Rathaus nicht mehr zu K\u00f6fers Partei bekenne. Ob es zu solchen Schritten gekommen ist, kann derzeit nicht gesagt werden.<\/p>\n<p><\/p>\n<p><\/p>\n<p><\/p>\n<p><\/p>\n<p><\/p>\n","protected":false},"excerpt":{"rendered":"<div class=\"mh-excerpt\"><p>Exklusiv: &#8222;Gekommen um zu bleiben&#8220; hatte der (noch) amtierende Klagenfurter Vizeb\u00fcrgermeister Alexander Kastner in den letzten Wochen skandiert. Eigentlich war geplant, dass Kastner am 29. April von Patrick Jonke abgel\u00f6st wird. Doch der soll im Gegenzug f\u00fcr eine Wiederann\u00e4herung zu Gerhard K\u00f6fer bereit sein, auf den Topjob zu verzichten. <a class=\"mh-excerpt-more\" href=\"https:\/\/www.mediapartizan.at\/?p=11288\" title=\"Paukenschlag: Jonke bedingt bereit, auf Vizeb\u00fcrgermeister-Sessel zu verzichten\">[&#8230;]<\/a><\/p>\n<\/div>","protected":false},"author":2,"featured_media":11291,"comment_status":"open","ping_status":"open","sticky":false,"template":"","format":"standard","meta":{"inline_featured_image":false,"_jetpack_memberships_contains_paid_content":false,"footnotes":""},"categories":[143],"tags":[530,86,516,498,204],"class_list":{"0":"post-11288","1":"post","2":"type-post","3":"status-publish","4":"format-standard","5":"has-post-thumbnail","7":"category-stadt-klagenfurt","8":"tag-alexander-kastner","9":"tag-christian-scheider","10":"tag-gerhard-koefer","11":"tag-patrick-jonke","12":"tag-team-kaernten"},"yoast_head":"<!-- This site is optimized with the Yoast SEO plugin v20.10 - https:\/\/yoast.com\/wordpress\/plugins\/seo\/ -->\n<title>Paukenschlag: Jonke bedingt bereit, auf Vizeb\u00fcrgermeister-Sessel zu verzichten - Mediapartizan.at<\/title>\n<meta name=\"robots\" content=\"index, follow, max-snippet:-1, max-image-preview:large, max-video-preview:-1\" \/>\n<link rel=\"canonical\" href=\"https:\/\/www.mediapartizan.at\/?p=11288\" \/>\n<meta property=\"og:locale\" content=\"de_DE\" \/>\n<meta property=\"og:type\" content=\"article\" \/>\n<meta property=\"og:title\" content=\"Paukenschlag: Jonke bedingt bereit, auf Vizeb\u00fcrgermeister-Sessel zu verzichten - Mediapartizan.at\" \/>\n<meta property=\"og:description\" content=\"Exklusiv: &quot;Gekommen um zu bleiben&quot; hatte der (noch) amtierende Klagenfurter Vizeb\u00fcrgermeister Alexander Kastner in den letzten Wochen skandiert. Eigentlich war geplant, dass Kastner am 29. April von Patrick Jonke abgel\u00f6st wird. Doch der soll im Gegenzug f\u00fcr eine Wiederann\u00e4herung zu Gerhard K\u00f6fer bereit sein, auf den Topjob zu verzichten. [...]\" \/>\n<meta property=\"og:url\" content=\"https:\/\/www.mediapartizan.at\/?p=11288\" \/>\n<meta property=\"og:site_name\" content=\"Mediapartizan.at\" \/>\n<meta property=\"article:published_time\" content=\"2025-03-04T15:59:36+00:00\" \/>\n<meta property=\"article:modified_time\" content=\"2025-03-05T18:29:45+00:00\" \/>\n<meta property=\"og:image\" content=\"https:\/\/www.mediapartizan.at\/wp-content\/uploads\/2025\/03\/Bildschirmfoto-2025-03-04-um-16.58.09.png\" \/>\n\t<meta property=\"og:image:width\" content=\"1514\" \/>\n\t<meta property=\"og:image:height\" content=\"940\" \/>\n\t<meta property=\"og:image:type\" content=\"image\/png\" \/>\n<meta name=\"author\" content=\"Franz Miklautz\" \/>\n<meta name=\"twitter:card\" content=\"summary_large_image\" \/>\n<meta name=\"twitter:label1\" content=\"Verfasst von\" \/>\n\t<meta name=\"twitter:data1\" content=\"Franz Miklautz\" \/>\n\t<meta name=\"twitter:label2\" content=\"Gesch\u00e4tzte Lesezeit\" \/>\n\t<meta name=\"twitter:data2\" content=\"3\u00a0Minuten\" \/>\n<script type=\"application\/ld+json\" class=\"yoast-schema-graph\">{\"@context\":\"https:\/\/schema.org\",\"@graph\":[{\"@type\":\"WebPage\",\"@id\":\"https:\/\/www.mediapartizan.at\/?p=11288\",\"url\":\"https:\/\/www.mediapartizan.at\/?p=11288\",\"name\":\"Paukenschlag: Jonke bedingt bereit, auf Vizeb\u00fcrgermeister-Sessel zu verzichten - Mediapartizan.at\",\"isPartOf\":{\"@id\":\"https:\/\/www.mediapartizan.at\/#website\"},\"datePublished\":\"2025-03-04T15:59:36+00:00\",\"dateModified\":\"2025-03-05T18:29:45+00:00\",\"author\":{\"@id\":\"https:\/\/www.mediapartizan.at\/#\/schema\/person\/f6bd7eb8222f2fe985c78d08f17ed7a9\"},\"breadcrumb\":{\"@id\":\"https:\/\/www.mediapartizan.at\/?p=11288#breadcrumb\"},\"inLanguage\":\"de\",\"potentialAction\":[{\"@type\":\"ReadAction\",\"target\":[\"https:\/\/www.mediapartizan.at\/?p=11288\"]}]},{\"@type\":\"BreadcrumbList\",\"@id\":\"https:\/\/www.mediapartizan.at\/?p=11288#breadcrumb\",\"itemListElement\":[{\"@type\":\"ListItem\",\"position\":1,\"name\":\"Startseite\",\"item\":\"https:\/\/www.mediapartizan.at\/\"},{\"@type\":\"ListItem\",\"position\":2,\"name\":\"Paukenschlag: Jonke bedingt bereit, auf Vizeb\u00fcrgermeister-Sessel zu verzichten\"}]},{\"@type\":\"WebSite\",\"@id\":\"https:\/\/www.mediapartizan.at\/#website\",\"url\":\"https:\/\/www.mediapartizan.at\/\",\"name\":\"Mediapartizan.at\",\"description\":\"\",\"potentialAction\":[{\"@type\":\"SearchAction\",\"target\":{\"@type\":\"EntryPoint\",\"urlTemplate\":\"https:\/\/www.mediapartizan.at\/?s={search_term_string}\"},\"query-input\":\"required name=search_term_string\"}],\"inLanguage\":\"de\"},{\"@type\":\"Person\",\"@id\":\"https:\/\/www.mediapartizan.at\/#\/schema\/person\/f6bd7eb8222f2fe985c78d08f17ed7a9\",\"name\":\"Franz Miklautz\",\"image\":{\"@type\":\"ImageObject\",\"inLanguage\":\"de\",\"@id\":\"https:\/\/www.mediapartizan.at\/#\/schema\/person\/image\/\",\"url\":\"https:\/\/secure.gravatar.com\/avatar\/5618667e9a7ab3fa3e1a0c75987c8d0c111ad041167e738d67ac0846e54e195e?s=96&d=mm&r=g\",\"contentUrl\":\"https:\/\/secure.gravatar.com\/avatar\/5618667e9a7ab3fa3e1a0c75987c8d0c111ad041167e738d67ac0846e54e195e?s=96&d=mm&r=g\",\"caption\":\"Franz Miklautz\"},\"url\":\"https:\/\/www.mediapartizan.at\/?author=2\"}]}<\/script>\n<!-- \/ Yoast SEO plugin. -->","yoast_head_json":{"title":"Paukenschlag: Jonke bedingt bereit, auf Vizeb\u00fcrgermeister-Sessel zu verzichten - Mediapartizan.at","robots":{"index":"index","follow":"follow","max-snippet":"max-snippet:-1","max-image-preview":"max-image-preview:large","max-video-preview":"max-video-preview:-1"},"canonical":"https:\/\/www.mediapartizan.at\/?p=11288","og_locale":"de_DE","og_type":"article","og_title":"Paukenschlag: Jonke bedingt bereit, auf Vizeb\u00fcrgermeister-Sessel zu verzichten - Mediapartizan.at","og_description":"Exklusiv: \"Gekommen um zu bleiben\" hatte der (noch) amtierende Klagenfurter Vizeb\u00fcrgermeister Alexander Kastner in den letzten Wochen skandiert. Eigentlich war geplant, dass Kastner am 29. April von Patrick Jonke abgel\u00f6st wird. Doch der soll im Gegenzug f\u00fcr eine Wiederann\u00e4herung zu Gerhard K\u00f6fer bereit sein, auf den Topjob zu verzichten. [...]","og_url":"https:\/\/www.mediapartizan.at\/?p=11288","og_site_name":"Mediapartizan.at","article_published_time":"2025-03-04T15:59:36+00:00","article_modified_time":"2025-03-05T18:29:45+00:00","og_image":[{"width":1514,"height":940,"url":"https:\/\/www.mediapartizan.at\/wp-content\/uploads\/2025\/03\/Bildschirmfoto-2025-03-04-um-16.58.09.png","type":"image\/png"}],"author":"Franz Miklautz","twitter_card":"summary_large_image","twitter_misc":{"Verfasst von":"Franz Miklautz","Gesch\u00e4tzte Lesezeit":"3\u00a0Minuten"},"schema":{"@context":"https:\/\/schema.org","@graph":[{"@type":"WebPage","@id":"https:\/\/www.mediapartizan.at\/?p=11288","url":"https:\/\/www.mediapartizan.at\/?p=11288","name":"Paukenschlag: Jonke bedingt bereit, auf Vizeb\u00fcrgermeister-Sessel zu verzichten - Mediapartizan.at","isPartOf":{"@id":"https:\/\/www.mediapartizan.at\/#website"},"datePublished":"2025-03-04T15:59:36+00:00","dateModified":"2025-03-05T18:29:45+00:00","author":{"@id":"https:\/\/www.mediapartizan.at\/#\/schema\/person\/f6bd7eb8222f2fe985c78d08f17ed7a9"},"breadcrumb":{"@id":"https:\/\/www.mediapartizan.at\/?p=11288#breadcrumb"},"inLanguage":"de","potentialAction":[{"@type":"ReadAction","target":["https:\/\/www.mediapartizan.at\/?p=11288"]}]},{"@type":"BreadcrumbList","@id":"https:\/\/www.mediapartizan.at\/?p=11288#breadcrumb","itemListElement":[{"@type":"ListItem","position":1,"name":"Startseite","item":"https:\/\/www.mediapartizan.at\/"},{"@type":"ListItem","position":2,"name":"Paukenschlag: Jonke bedingt bereit, auf Vizeb\u00fcrgermeister-Sessel zu verzichten"}]},{"@type":"WebSite","@id":"https:\/\/www.mediapartizan.at\/#website","url":"https:\/\/www.mediapartizan.at\/","name":"Mediapartizan.at","description":"","potentialAction":[{"@type":"SearchAction","target":{"@type":"EntryPoint","urlTemplate":"https:\/\/www.mediapartizan.at\/?s={search_term_string}"},"query-input":"required name=search_term_string"}],"inLanguage":"de"},{"@type":"Person","@id":"https:\/\/www.mediapartizan.at\/#\/schema\/person\/f6bd7eb8222f2fe985c78d08f17ed7a9","name":"Franz Miklautz","image":{"@type":"ImageObject","inLanguage":"de","@id":"https:\/\/www.mediapartizan.at\/#\/schema\/person\/image\/","url":"https:\/\/secure.gravatar.com\/avatar\/5618667e9a7ab3fa3e1a0c75987c8d0c111ad041167e738d67ac0846e54e195e?s=96&d=mm&r=g","contentUrl":"https:\/\/secure.gravatar.com\/avatar\/5618667e9a7ab3fa3e1a0c75987c8d0c111ad041167e738d67ac0846e54e195e?s=96&d=mm&r=g","caption":"Franz Miklautz"},"url":"https:\/\/www.mediapartizan.at\/?author=2"}]}},"jetpack_featured_media_url":"https:\/\/i0.wp.com\/www.mediapartizan.at\/wp-content\/uploads\/2025\/03\/Bildschirmfoto-2025-03-04-um-16.58.09.png?fit=1514%2C940&ssl=1","jetpack_sharing_enabled":true,"_links":{"self":[{"href":"https:\/\/www.mediapartizan.at\/index.php?rest_route=\/wp\/v2\/posts\/11288","targetHints":{"allow":["GET"]}}],"collection":[{"href":"https:\/\/www.mediapartizan.at\/index.php?rest_route=\/wp\/v2\/posts"}],"about":[{"href":"https:\/\/www.mediapartizan.at\/index.php?rest_route=\/wp\/v2\/types\/post"}],"author":[{"embeddable":true,"href":"https:\/\/www.mediapartizan.at\/index.php?rest_route=\/wp\/v2\/users\/2"}],"replies":[{"embeddable":true,"href":"https:\/\/www.mediapartizan.at\/index.php?rest_route=%2Fwp%2Fv2%2Fcomments&post=11288"}],"version-history":[{"count":9,"href":"https:\/\/www.mediapartizan.at\/index.php?rest_route=\/wp\/v2\/posts\/11288\/revisions"}],"predecessor-version":[{"id":11322,"href":"https:\/\/www.mediapartizan.at\/index.php?rest_route=\/wp\/v2\/posts\/11288\/revisions\/11322"}],"wp:featuredmedia":[{"embeddable":true,"href":"https:\/\/www.mediapartizan.at\/index.php?rest_route=\/wp\/v2\/media\/11291"}],"wp:attachment":[{"href":"https:\/\/www.mediapartizan.at\/index.php?rest_route=%2Fwp%2Fv2%2Fmedia&parent=11288"}],"wp:term":[{"taxonomy":"category","embeddable":true,"href":"https:\/\/www.mediapartizan.at\/index.php?rest_route=%2Fwp%2Fv2%2Fcategories&post=11288"},{"taxonomy":"post_tag","embeddable":true,"href":"https:\/\/www.mediapartizan.at\/index.php?rest_route=%2Fwp%2Fv2%2Ftags&post=11288"}],"curies":[{"name":"wp","href":"https:\/\/api.w.org\/{rel}","templated":true}]}}