{"id":11354,"date":"2025-03-11T13:38:06","date_gmt":"2025-03-11T12:38:06","guid":{"rendered":"https:\/\/www.mediapartizan.at\/?p=11354"},"modified":"2025-03-12T19:04:23","modified_gmt":"2025-03-12T18:04:23","slug":"faelschungsvorwuerfe-gegen-freiheitliche-wirtschaft-anzeige-bei-staatsanwaltschaft-wahrscheinlich","status":"publish","type":"post","link":"https:\/\/www.mediapartizan.at\/?p=11354","title":{"rendered":"F\u00e4lschungsvorw\u00fcrfe gegen Freiheitliche Wirtschaft: Gang zu Staatsanwaltschaft  wahrscheinlich"},"content":{"rendered":"<p><\/p>\n<p class=\"has-text-align-right\">\n<p><\/p>\n<p><\/p>\n<p>Seitdem <em>MeinBezirk<\/em> und der STANDARD vergangenen Samstag berichteten, dass es gegen die Freiheitliche Wirtschaft (FW) kurz vor den Wirtschaftskammer-Wahlen in K\u00e4rnten F\u00e4lschungsvorw\u00fcrfe gibt, \u00fcberschlagen sich die Ereignisse. Meldete der STANDARD am Samstag noch zwei F\u00e4lle mutma\u00dflich inkorrekter Wahlvorschl\u00e4ge der FW, sind es seit gestern, Montag, laut Sozialdemokratischem Wirtschaftsverband (SWV) f\u00fcnf solcher F\u00e4lle. Der ORF K\u00e4rnten berichtet indes schon &#8222;von zehn Betroffenen&#8220;.<\/p>\n<p><\/p>\n<p><\/p>\n<p><strong>Gesch\u00e4ftsf\u00fchrender FW-Obmann wohl vor R\u00fcckzug aus Wahlkommission<\/strong><\/p>\n<p><\/p>\n<p><\/p>\n<p>Zu Mittag tagte die Hauptwahlkommission in der WK K\u00e4rnten und beriet, wie mit den mutma\u00dflich falschen Kandidatenlisten der Blauen umzugehen sei. Dem Vernehmen nach wird sich die Kommission dazu durchringen, eine Sachverhaltsdarstellung bei der Staatsanwaltschaft (StA) Klagenfurt einzubringen &#8211; so viel sickerte mittlerweile durch. Auch der gesch\u00e4ftsf\u00fchrende Landesobmann der blauen Wirtschafter, G\u00fcnter Burger, soll sich aufgrund der Vorkommnisse angeblich aus der Hauptwahlkommission zur\u00fcckziehen. Wie Kenner der Lage sagen, h\u00e4tte er nicht sonderlich viele  Optionen gehabt: H\u00e4tte sich Burger gegen einen R\u00fcckzug entschieden, h\u00e4tte man ihm diesen nahe gelegt.<\/p>\n<p><\/p>\n<p><\/p>\n<p><strong>&#8222;Wahlbetrug und mutma\u00dfliche Unterschriftenf\u00e4lschung&#8220;<\/strong><\/p>\n<p><\/p>\n<p><\/p>\n<p>Wie durchsickerte, soll die Hauptwahlkommission bei der StA Klagenfurt deponieren, sich die Zustimmungs- bzw. Unterst\u00fctzungserkl\u00e4rungen der FW genauer anzusehen. Die Vorw\u00fcrfe, zumindest jene des SWV, lauten auf &#8222;mutma\u00dflich gro\u00df angelegten Wahlbetrug und mutma\u00dfliche Unterschriftenf\u00e4lschung&#8220;. Das hatte Andreas Sucher, SP\u00d6-Landesgesch\u00e4ftsf\u00fchrer, gestern Vormittag gesagt. <\/p>\n<p><\/p>\n<p><\/p>\n<p>In der Sache geht es darum, dass sich auf den Kandidatenlisten der FW Unternehmer befinden, die laut eigenen Angaben gar nicht kandidieren wollten. Das w\u00fcrde bedeuten, dass die Unterschriften der Firmeninhaber f\u00fcr die WK-Wahl &#8222;dupliziert&#8220; bzw. &#8222;kopiert&#8220; worden sein k\u00f6nnten, wie es einer der betroffenen Unternehmer formulierte. <\/p>\n<p><\/p>\n<p><\/p>\n<p>Oder Stefan Valentin: Der Ferlacher Farbenh\u00e4ndler habe etwa eine Unterst\u00fctzungserkl\u00e4rung unterfertigt, nicht aber eine Kandidatur, wie er gestern erkl\u00e4rte. Er befindet sich auf dem FW-Wahlvorschlag allerdings als Kandidat &#8211; und zwar sieben Mal. <\/p>\n<p><\/p>\n<p><\/p>\n<p>So auch Rainer Magek. Der Klagenfurter Bodenverleger habe laut eigenen Angaben eine Unterst\u00fctzungserkl\u00e4rung abgegeben, nicht aber eine Kandidatur. Doch auch er befindet sich zweifach am FW-Wahlvorschlag und hat sich gegen seine Kandidatur beschwert. Doch es gibt keine L\u00f6schung von der Liste mehr, da die Frist daf\u00fcr verstrichen ist.<\/p>\n<p><\/p>\n<p><\/p>\n<p>Zum Verst\u00e4ndnis: Eine Unterst\u00fctzungserkl\u00e4rung ist n\u00f6tig, damit die verschiedenen Fraktionen in einer Fachgruppe zur Wahl antreten k\u00f6nnen. Eine Zustimmungserkl\u00e4rung ist hingegen ein Ja zu einer Kandidatur. Auf den Formularen wird, wenn von den Unternehmern keine Kandidatur gew\u00fcnscht wird, das Wort &#8222;Zustimmung&#8220; h\u00e4ndisch durchgestrichen, womit nur mehr das Wort &#8222;Unterst\u00fctzungserkl\u00e4rung&#8220; \u00fcbrig bleibt. <\/p>\n<p><\/p>\n<p><\/p>\n<p>Burger erkl\u00e4rte Samstag noch, dass wohl eine FW-Sekret\u00e4rin einen Fehler begangen habe, also quasi ein Unternehmer als Kandidat durchgerutscht sein k\u00f6nnte. Sein FW-Gesch\u00e4ftsf\u00fchrer Herwig Druml sagte gestern, Montag, dass alle Unterschriften geleistet worden seien und keine F\u00e4lschungen vorl\u00e4gen. Es gilt die Unschuldsvermutung.<\/p>\n<p><\/p>\n<p><\/p>\n<p>Auf die WK-Wahl d\u00fcrften die F\u00e4lschungsvorw\u00fcrfe keine unmittaren Auswirkungen haben.<\/p>\n<p><\/p>\n","protected":false},"excerpt":{"rendered":"<div class=\"mh-excerpt\"><p>Mutma\u00dfliche Ungereimtheiten auf Kandidatenlisten der Freiheitlichen Wirtschaft d\u00fcrften eine Anzeige bei der Staatsanwaltschaft nach sich ziehen. Dem Vernehmen nach zieht sich FW-Obmann Burger aus Hauptwahlkommission zur\u00fcck. <a class=\"mh-excerpt-more\" href=\"https:\/\/www.mediapartizan.at\/?p=11354\" title=\"F\u00e4lschungsvorw\u00fcrfe gegen Freiheitliche Wirtschaft: Gang zu Staatsanwaltschaft  wahrscheinlich\">[&#8230;]<\/a><\/p>\n<\/div>","protected":false},"author":2,"featured_media":11358,"comment_status":"open","ping_status":"open","sticky":false,"template":"","format":"standard","meta":{"inline_featured_image":false,"_jetpack_memberships_contains_paid_content":false,"footnotes":""},"categories":[143],"tags":[658,657],"class_list":{"0":"post-11354","1":"post","2":"type-post","3":"status-publish","4":"format-standard","5":"has-post-thumbnail","7":"category-stadt-klagenfurt","8":"tag-freiheitliche-wirtschaft","9":"tag-wirtschaftskammer"},"yoast_head":"<!-- This site is optimized with the Yoast SEO plugin v20.10 - https:\/\/yoast.com\/wordpress\/plugins\/seo\/ -->\n<title>F\u00e4lschungsvorw\u00fcrfe gegen Freiheitliche Wirtschaft: Gang zu Staatsanwaltschaft wahrscheinlich - Mediapartizan.at<\/title>\n<meta name=\"robots\" content=\"index, follow, max-snippet:-1, max-image-preview:large, max-video-preview:-1\" \/>\n<link rel=\"canonical\" href=\"https:\/\/www.mediapartizan.at\/?p=11354\" \/>\n<meta property=\"og:locale\" content=\"de_DE\" \/>\n<meta property=\"og:type\" content=\"article\" \/>\n<meta property=\"og:title\" content=\"F\u00e4lschungsvorw\u00fcrfe gegen Freiheitliche Wirtschaft: Gang zu Staatsanwaltschaft wahrscheinlich - Mediapartizan.at\" \/>\n<meta property=\"og:description\" content=\"Mutma\u00dfliche Ungereimtheiten auf Kandidatenlisten der Freiheitlichen Wirtschaft d\u00fcrften eine Anzeige bei der Staatsanwaltschaft nach sich ziehen. Dem Vernehmen nach zieht sich FW-Obmann Burger aus Hauptwahlkommission zur\u00fcck. [...]\" \/>\n<meta property=\"og:url\" content=\"https:\/\/www.mediapartizan.at\/?p=11354\" \/>\n<meta property=\"og:site_name\" content=\"Mediapartizan.at\" \/>\n<meta property=\"article:published_time\" content=\"2025-03-11T12:38:06+00:00\" \/>\n<meta property=\"article:modified_time\" content=\"2025-03-12T18:04:23+00:00\" \/>\n<meta property=\"og:image\" content=\"https:\/\/www.mediapartizan.at\/wp-content\/uploads\/2025\/03\/IMG_20250311_134815.jpg\" \/>\n\t<meta property=\"og:image:width\" content=\"2080\" \/>\n\t<meta property=\"og:image:height\" content=\"1560\" \/>\n\t<meta property=\"og:image:type\" content=\"image\/jpeg\" \/>\n<meta name=\"author\" content=\"Franz Miklautz\" \/>\n<meta name=\"twitter:card\" content=\"summary_large_image\" \/>\n<meta name=\"twitter:label1\" content=\"Verfasst von\" \/>\n\t<meta name=\"twitter:data1\" content=\"Franz Miklautz\" \/>\n\t<meta name=\"twitter:label2\" content=\"Gesch\u00e4tzte Lesezeit\" \/>\n\t<meta name=\"twitter:data2\" content=\"3\u00a0Minuten\" \/>\n<script type=\"application\/ld+json\" class=\"yoast-schema-graph\">{\"@context\":\"https:\/\/schema.org\",\"@graph\":[{\"@type\":\"WebPage\",\"@id\":\"https:\/\/www.mediapartizan.at\/?p=11354\",\"url\":\"https:\/\/www.mediapartizan.at\/?p=11354\",\"name\":\"F\u00e4lschungsvorw\u00fcrfe gegen Freiheitliche Wirtschaft: Gang zu Staatsanwaltschaft wahrscheinlich - Mediapartizan.at\",\"isPartOf\":{\"@id\":\"https:\/\/www.mediapartizan.at\/#website\"},\"datePublished\":\"2025-03-11T12:38:06+00:00\",\"dateModified\":\"2025-03-12T18:04:23+00:00\",\"author\":{\"@id\":\"https:\/\/www.mediapartizan.at\/#\/schema\/person\/f6bd7eb8222f2fe985c78d08f17ed7a9\"},\"breadcrumb\":{\"@id\":\"https:\/\/www.mediapartizan.at\/?p=11354#breadcrumb\"},\"inLanguage\":\"de\",\"potentialAction\":[{\"@type\":\"ReadAction\",\"target\":[\"https:\/\/www.mediapartizan.at\/?p=11354\"]}]},{\"@type\":\"BreadcrumbList\",\"@id\":\"https:\/\/www.mediapartizan.at\/?p=11354#breadcrumb\",\"itemListElement\":[{\"@type\":\"ListItem\",\"position\":1,\"name\":\"Startseite\",\"item\":\"https:\/\/www.mediapartizan.at\/\"},{\"@type\":\"ListItem\",\"position\":2,\"name\":\"F\u00e4lschungsvorw\u00fcrfe gegen Freiheitliche Wirtschaft: Gang zu Staatsanwaltschaft wahrscheinlich\"}]},{\"@type\":\"WebSite\",\"@id\":\"https:\/\/www.mediapartizan.at\/#website\",\"url\":\"https:\/\/www.mediapartizan.at\/\",\"name\":\"Mediapartizan.at\",\"description\":\"\",\"potentialAction\":[{\"@type\":\"SearchAction\",\"target\":{\"@type\":\"EntryPoint\",\"urlTemplate\":\"https:\/\/www.mediapartizan.at\/?s={search_term_string}\"},\"query-input\":\"required name=search_term_string\"}],\"inLanguage\":\"de\"},{\"@type\":\"Person\",\"@id\":\"https:\/\/www.mediapartizan.at\/#\/schema\/person\/f6bd7eb8222f2fe985c78d08f17ed7a9\",\"name\":\"Franz Miklautz\",\"image\":{\"@type\":\"ImageObject\",\"inLanguage\":\"de\",\"@id\":\"https:\/\/www.mediapartizan.at\/#\/schema\/person\/image\/\",\"url\":\"https:\/\/secure.gravatar.com\/avatar\/5618667e9a7ab3fa3e1a0c75987c8d0c111ad041167e738d67ac0846e54e195e?s=96&d=mm&r=g\",\"contentUrl\":\"https:\/\/secure.gravatar.com\/avatar\/5618667e9a7ab3fa3e1a0c75987c8d0c111ad041167e738d67ac0846e54e195e?s=96&d=mm&r=g\",\"caption\":\"Franz Miklautz\"},\"url\":\"https:\/\/www.mediapartizan.at\/?author=2\"}]}<\/script>\n<!-- \/ Yoast SEO plugin. -->","yoast_head_json":{"title":"F\u00e4lschungsvorw\u00fcrfe gegen Freiheitliche Wirtschaft: Gang zu Staatsanwaltschaft wahrscheinlich - Mediapartizan.at","robots":{"index":"index","follow":"follow","max-snippet":"max-snippet:-1","max-image-preview":"max-image-preview:large","max-video-preview":"max-video-preview:-1"},"canonical":"https:\/\/www.mediapartizan.at\/?p=11354","og_locale":"de_DE","og_type":"article","og_title":"F\u00e4lschungsvorw\u00fcrfe gegen Freiheitliche Wirtschaft: Gang zu Staatsanwaltschaft wahrscheinlich - Mediapartizan.at","og_description":"Mutma\u00dfliche Ungereimtheiten auf Kandidatenlisten der Freiheitlichen Wirtschaft d\u00fcrften eine Anzeige bei der Staatsanwaltschaft nach sich ziehen. Dem Vernehmen nach zieht sich FW-Obmann Burger aus Hauptwahlkommission zur\u00fcck. [...]","og_url":"https:\/\/www.mediapartizan.at\/?p=11354","og_site_name":"Mediapartizan.at","article_published_time":"2025-03-11T12:38:06+00:00","article_modified_time":"2025-03-12T18:04:23+00:00","og_image":[{"width":2080,"height":1560,"url":"https:\/\/www.mediapartizan.at\/wp-content\/uploads\/2025\/03\/IMG_20250311_134815.jpg","type":"image\/jpeg"}],"author":"Franz Miklautz","twitter_card":"summary_large_image","twitter_misc":{"Verfasst von":"Franz Miklautz","Gesch\u00e4tzte Lesezeit":"3\u00a0Minuten"},"schema":{"@context":"https:\/\/schema.org","@graph":[{"@type":"WebPage","@id":"https:\/\/www.mediapartizan.at\/?p=11354","url":"https:\/\/www.mediapartizan.at\/?p=11354","name":"F\u00e4lschungsvorw\u00fcrfe gegen Freiheitliche Wirtschaft: Gang zu Staatsanwaltschaft wahrscheinlich - Mediapartizan.at","isPartOf":{"@id":"https:\/\/www.mediapartizan.at\/#website"},"datePublished":"2025-03-11T12:38:06+00:00","dateModified":"2025-03-12T18:04:23+00:00","author":{"@id":"https:\/\/www.mediapartizan.at\/#\/schema\/person\/f6bd7eb8222f2fe985c78d08f17ed7a9"},"breadcrumb":{"@id":"https:\/\/www.mediapartizan.at\/?p=11354#breadcrumb"},"inLanguage":"de","potentialAction":[{"@type":"ReadAction","target":["https:\/\/www.mediapartizan.at\/?p=11354"]}]},{"@type":"BreadcrumbList","@id":"https:\/\/www.mediapartizan.at\/?p=11354#breadcrumb","itemListElement":[{"@type":"ListItem","position":1,"name":"Startseite","item":"https:\/\/www.mediapartizan.at\/"},{"@type":"ListItem","position":2,"name":"F\u00e4lschungsvorw\u00fcrfe gegen Freiheitliche Wirtschaft: Gang zu Staatsanwaltschaft wahrscheinlich"}]},{"@type":"WebSite","@id":"https:\/\/www.mediapartizan.at\/#website","url":"https:\/\/www.mediapartizan.at\/","name":"Mediapartizan.at","description":"","potentialAction":[{"@type":"SearchAction","target":{"@type":"EntryPoint","urlTemplate":"https:\/\/www.mediapartizan.at\/?s={search_term_string}"},"query-input":"required name=search_term_string"}],"inLanguage":"de"},{"@type":"Person","@id":"https:\/\/www.mediapartizan.at\/#\/schema\/person\/f6bd7eb8222f2fe985c78d08f17ed7a9","name":"Franz Miklautz","image":{"@type":"ImageObject","inLanguage":"de","@id":"https:\/\/www.mediapartizan.at\/#\/schema\/person\/image\/","url":"https:\/\/secure.gravatar.com\/avatar\/5618667e9a7ab3fa3e1a0c75987c8d0c111ad041167e738d67ac0846e54e195e?s=96&d=mm&r=g","contentUrl":"https:\/\/secure.gravatar.com\/avatar\/5618667e9a7ab3fa3e1a0c75987c8d0c111ad041167e738d67ac0846e54e195e?s=96&d=mm&r=g","caption":"Franz Miklautz"},"url":"https:\/\/www.mediapartizan.at\/?author=2"}]}},"jetpack_featured_media_url":"https:\/\/i0.wp.com\/www.mediapartizan.at\/wp-content\/uploads\/2025\/03\/IMG_20250311_134815.jpg?fit=2080%2C1560&ssl=1","jetpack_sharing_enabled":true,"_links":{"self":[{"href":"https:\/\/www.mediapartizan.at\/index.php?rest_route=\/wp\/v2\/posts\/11354","targetHints":{"allow":["GET"]}}],"collection":[{"href":"https:\/\/www.mediapartizan.at\/index.php?rest_route=\/wp\/v2\/posts"}],"about":[{"href":"https:\/\/www.mediapartizan.at\/index.php?rest_route=\/wp\/v2\/types\/post"}],"author":[{"embeddable":true,"href":"https:\/\/www.mediapartizan.at\/index.php?rest_route=\/wp\/v2\/users\/2"}],"replies":[{"embeddable":true,"href":"https:\/\/www.mediapartizan.at\/index.php?rest_route=%2Fwp%2Fv2%2Fcomments&post=11354"}],"version-history":[{"count":5,"href":"https:\/\/www.mediapartizan.at\/index.php?rest_route=\/wp\/v2\/posts\/11354\/revisions"}],"predecessor-version":[{"id":11400,"href":"https:\/\/www.mediapartizan.at\/index.php?rest_route=\/wp\/v2\/posts\/11354\/revisions\/11400"}],"wp:featuredmedia":[{"embeddable":true,"href":"https:\/\/www.mediapartizan.at\/index.php?rest_route=\/wp\/v2\/media\/11358"}],"wp:attachment":[{"href":"https:\/\/www.mediapartizan.at\/index.php?rest_route=%2Fwp%2Fv2%2Fmedia&parent=11354"}],"wp:term":[{"taxonomy":"category","embeddable":true,"href":"https:\/\/www.mediapartizan.at\/index.php?rest_route=%2Fwp%2Fv2%2Fcategories&post=11354"},{"taxonomy":"post_tag","embeddable":true,"href":"https:\/\/www.mediapartizan.at\/index.php?rest_route=%2Fwp%2Fv2%2Ftags&post=11354"}],"curies":[{"name":"wp","href":"https:\/\/api.w.org\/{rel}","templated":true}]}}