{"id":11493,"date":"2025-04-03T18:28:33","date_gmt":"2025-04-03T16:28:33","guid":{"rendered":"https:\/\/www.mediapartizan.at\/?p=11493"},"modified":"2025-04-04T06:50:34","modified_gmt":"2025-04-04T04:50:34","slug":"das-60-000-euro-damoklesschwert-ueber-dem-haupt-von-christian-scheider-kommentar","status":"publish","type":"post","link":"https:\/\/www.mediapartizan.at\/?p=11493","title":{"rendered":"Das 60.000-Euro-Damoklesschwert \u00fcber dem Haupt von Christian Scheider | Kommentar"},"content":{"rendered":"<p><\/p>\n<p>Es muss einmal gesagt sein: Christian Scheider hat es nicht leicht. Der Klagenfurter B\u00fcrgermeister muss sich mit dem Hallenbad herumschlagen, Budget gibt es keins, das Rathaus befindet sich in der Zw\u00f6lftelregelung und jede freiwillige Leistung &#8211; so vermutlich auch sein B\u00fcrgermeister-Hilfsfonds &#8211; ist gesperrt. <\/p>\n<p><\/p>\n<p><\/p>\n<p><strong>60.000-Euro-Deal mit K\u00f6fer<\/strong><\/p>\n<p><\/p>\n<p><\/p>\n<p>Kopfweh d\u00fcrften Scheider aber noch ein paar andere Dinge bereiten. Kaum stottern er und seine Liste-Scheider-Gemeinder\u00e4te die mehr als 300.000 Euro an Kosten f\u00fcr den Vergleich mit dem ehemaligen Magistratsdirektor Peter Jost ab, schwebt erneut ein Damoklesschwert \u00fcber dem Haupt des Stadtchefs. Im Klagenfurter Rathaus geht n\u00e4mlich die M\u00e4r, dass Scheider seinem &#8211; nunmehr &#8211; ehemaligen Parteifreund Gerhard K\u00f6fer 60.000 Euro zur\u00fcckzahlen m\u00fcsse, sofern er K\u00f6fers Partei Team K\u00e4rnten in Misskredit bringe. Zur\u00fcckzahlen deshalb, weil K\u00f6fer 150.000 Euro f\u00fcr Scheiders 2021er Wahlkampf springen lie\u00df. <\/p>\n<p><\/p>\n<p><\/p>\n<p>Scheider, der ja von K\u00f6fer vor die T\u00fcr gesetzt wurde, als \u00f6ffentlich aufpoppte, dass eine Riege um ihn mit der FP\u00d6 geflirtet haben soll, sollen die 60.000 Euro im Magen liegen. Denn: Es ist keine M\u00e4r. Wie ein Vertragsentwurf vom Herbst 2020 eines damaligen Wahlkampfstrategen zeigt, ist Scheider diesen Deal mit K\u00f6fer tats\u00e4chlich eingegangen. Ob Scheider oder die Seinen das Team K\u00e4rnten in Misskredit gebracht haben, ist (noch) nicht zu sagen. Das wird ohne rechtliche Expertise wohl nicht gehen. <\/p>\n<p><\/p>\n<p><\/p>\n<p><strong>Kastner und Cerne w\u00fcrden Scheider-Club wohl verlassen<\/strong><\/p>\n<p><\/p>\n<p><\/p>\n<p>Scheider d\u00fcrften aber zumindest noch zwei weitere Punkte tiefe Sorgenfalten in die Stirn furchen: Sollte sein B\u00fcroleiter und Klubobmann Patrick Jonke Ende April tats\u00e4chlich Vizeb\u00fcrgermeister werden und Alexander Kastner &#8211; ein K\u00f6fer-Mann &#8211; abl\u00f6sen, w\u00fcrden Kastner und Ren\u00e9 Cerne &#8211; ebenso ein K\u00f6fer-Mann &#8211; den B\u00fcrgermeister-Club wohl verlassen. Das berichtet der Flurfunk im Rathaus. Kastner soll Scheider unmissverst\u00e4ndlich klar gemacht haben, dass er dann dem Club den R\u00fccken kehrt. Scheider soll dar\u00fcber sehr erstaunt gewesen sein. Wobei: Was hat er erwartet? Dass Kastner seiner Demontage l\u00e4chelnd applaudiert?<\/p>\n<p><\/p>\n<p><\/p>\n<p><strong>Buhlen um die &#8222;Kleinen&#8220;<\/strong><\/p>\n<p><\/p>\n<p><\/p>\n<p>Um Kastner und Cerne dezimiert, w\u00fcrde die Liste Scheider auf acht Mandatare schrumpfen. Damit h\u00e4tten seit Amtsantritt fast 30 % der Mandatare die B\u00fcrgermeisterpartei verlassen. Siegfried Reichl ist schon vor l\u00e4ngerer Zeit zur FP\u00d6 gewechselt. Sohin wird es fast unm\u00f6glich, Projekte gegen den Willen der SP\u00d6 durchzubringen. Denn selbst wenn \u00d6VP (7) und FP\u00d6 (6) auf Scheider-Projekte aufspringen &#8211; mehr als 21 Gemeinder\u00e4te werden\u00b4s in Summe nicht. Was weniger als die H\u00e4lfte ist (von 45). Mehrheiten bekommt der B\u00fcrgermeister nur mehr, wenn er bei den Gr\u00fcnen (3) oder Pinken (3) fischt. Schlagen die sich hingegen auf die Seite der SP\u00d6 und ist zumindest einer der vermutlichen von Scheider Scheidewilligen Kastner bzw. Cerne SP\u00d6-Vorschl\u00e4gen nicht abgeneigt, ist diese Vereinigung in der Mehrheit. Das wird den &#8222;Kleinen&#8220; in Zukunft geh\u00f6riges Verhandlungspouvoir verleihen.<\/p>\n<p><\/p>\n<p><\/p>\n<p><strong>Zwei Zahler weniger f\u00fcr den Jost-Vergleich?<\/strong><\/p>\n<p><\/p>\n<p><\/p>\n<p>Und dann geht es am Schluss wieder um\u00b4s Geld: Steigen Kastner und Cerne tats\u00e4chlich aus Scheiders Gemeinderats-Club aus, k\u00f6nnte es f\u00fcr den Jost-Vergleich zwei Zahler weniger geben. Zwar sollen alle Mandatare unterschrieben haben, bis zu 60 Prozent ihrer Stadt- und Gemeinderatssal\u00e4re in den Vergleich zu buttern. Die Frage ist, ob das rechtlich h\u00e4lt, wenn Kastner und Cerne aus dem Scheider-Club austreten? H\u00e4lt es nicht, k\u00f6nnten der Liste Scheider bis zum Ende der Amtsperiode \u00fcber 100.000 Euro fl\u00f6ten gehen. Die wohl auf die verbleibenden Acht verteilt werden m\u00fcssten. <\/p>\n<p><\/p>\n<p><\/p>\n<p>Denen d\u00fcrfte dann von ihren Gemeinderats-Entsch\u00e4digungen nicht viel mehr als ein paar Kr\u00fcmel \u00fcbrig bleiben. <\/p>\n<p><\/p>\n<p><\/p>\n<p><\/p>\n","protected":false},"excerpt":{"rendered":"<div class=\"mh-excerpt\"><p>Die Qualen des Klagenfurter B\u00fcrgermeisters: Team-K\u00e4rnten-Parteichef Gerhard K\u00f6fer k\u00f6nnte unter Umst\u00e4nden &#8222;Strafzahlung&#8220; gegen Christian Scheider geltend machen. Stadtvize Alexander Kastner und weiterer Gemeinderat m\u00f6glicherweise vor Austritt von Liste Scheider. In diesem Fall w\u00fcrde wohl etliches Geld f\u00fcr den Jost-Vergleich fehlen.   <a class=\"mh-excerpt-more\" href=\"https:\/\/www.mediapartizan.at\/?p=11493\" title=\"Das 60.000-Euro-Damoklesschwert \u00fcber dem Haupt von Christian Scheider | Kommentar\">[&#8230;]<\/a><\/p>\n<\/div>","protected":false},"author":2,"featured_media":11495,"comment_status":"open","ping_status":"open","sticky":false,"template":"","format":"standard","meta":{"inline_featured_image":false,"_jetpack_memberships_contains_paid_content":false,"footnotes":""},"categories":[143],"tags":[86,156,355,204],"class_list":{"0":"post-11493","1":"post","2":"type-post","3":"status-publish","4":"format-standard","5":"has-post-thumbnail","7":"category-stadt-klagenfurt","8":"tag-christian-scheider","9":"tag-klagenfurt","10":"tag-rathaus","11":"tag-team-kaernten"},"yoast_head":"<!-- This site is optimized with the Yoast SEO plugin v20.10 - https:\/\/yoast.com\/wordpress\/plugins\/seo\/ -->\n<title>Das 60.000-Euro-Damoklesschwert \u00fcber dem Haupt von Christian Scheider | Kommentar - Mediapartizan.at<\/title>\n<meta name=\"robots\" content=\"index, follow, max-snippet:-1, max-image-preview:large, max-video-preview:-1\" \/>\n<link rel=\"canonical\" href=\"https:\/\/www.mediapartizan.at\/?p=11493\" \/>\n<meta property=\"og:locale\" content=\"de_DE\" \/>\n<meta property=\"og:type\" content=\"article\" \/>\n<meta property=\"og:title\" content=\"Das 60.000-Euro-Damoklesschwert \u00fcber dem Haupt von Christian Scheider | Kommentar - Mediapartizan.at\" \/>\n<meta property=\"og:description\" content=\"Die Qualen des Klagenfurter B\u00fcrgermeisters: Team-K\u00e4rnten-Parteichef Gerhard K\u00f6fer k\u00f6nnte unter Umst\u00e4nden &quot;Strafzahlung&quot; gegen Christian Scheider geltend machen. Stadtvize Alexander Kastner und weiterer Gemeinderat m\u00f6glicherweise vor Austritt von Liste Scheider. In diesem Fall w\u00fcrde wohl etliches Geld f\u00fcr den Jost-Vergleich fehlen.  [...]\" \/>\n<meta property=\"og:url\" content=\"https:\/\/www.mediapartizan.at\/?p=11493\" \/>\n<meta property=\"og:site_name\" content=\"Mediapartizan.at\" \/>\n<meta property=\"article:published_time\" content=\"2025-04-03T16:28:33+00:00\" \/>\n<meta property=\"article:modified_time\" content=\"2025-04-04T04:50:34+00:00\" \/>\n<meta property=\"og:image\" content=\"https:\/\/www.mediapartizan.at\/wp-content\/uploads\/2025\/04\/Christian-Scheider-CC-NZPhoto-via-Wikimedia.jpg\" \/>\n\t<meta property=\"og:image:width\" content=\"1024\" \/>\n\t<meta property=\"og:image:height\" content=\"683\" \/>\n\t<meta property=\"og:image:type\" content=\"image\/jpeg\" \/>\n<meta name=\"author\" content=\"Franz Miklautz\" \/>\n<meta name=\"twitter:card\" content=\"summary_large_image\" \/>\n<meta name=\"twitter:label1\" content=\"Verfasst von\" \/>\n\t<meta name=\"twitter:data1\" content=\"Franz Miklautz\" \/>\n\t<meta name=\"twitter:label2\" content=\"Gesch\u00e4tzte Lesezeit\" \/>\n\t<meta name=\"twitter:data2\" content=\"3\u00a0Minuten\" \/>\n<script type=\"application\/ld+json\" class=\"yoast-schema-graph\">{\"@context\":\"https:\/\/schema.org\",\"@graph\":[{\"@type\":\"WebPage\",\"@id\":\"https:\/\/www.mediapartizan.at\/?p=11493\",\"url\":\"https:\/\/www.mediapartizan.at\/?p=11493\",\"name\":\"Das 60.000-Euro-Damoklesschwert \u00fcber dem Haupt von Christian Scheider | Kommentar - Mediapartizan.at\",\"isPartOf\":{\"@id\":\"https:\/\/www.mediapartizan.at\/#website\"},\"datePublished\":\"2025-04-03T16:28:33+00:00\",\"dateModified\":\"2025-04-04T04:50:34+00:00\",\"author\":{\"@id\":\"https:\/\/www.mediapartizan.at\/#\/schema\/person\/f6bd7eb8222f2fe985c78d08f17ed7a9\"},\"breadcrumb\":{\"@id\":\"https:\/\/www.mediapartizan.at\/?p=11493#breadcrumb\"},\"inLanguage\":\"de\",\"potentialAction\":[{\"@type\":\"ReadAction\",\"target\":[\"https:\/\/www.mediapartizan.at\/?p=11493\"]}]},{\"@type\":\"BreadcrumbList\",\"@id\":\"https:\/\/www.mediapartizan.at\/?p=11493#breadcrumb\",\"itemListElement\":[{\"@type\":\"ListItem\",\"position\":1,\"name\":\"Startseite\",\"item\":\"https:\/\/www.mediapartizan.at\/\"},{\"@type\":\"ListItem\",\"position\":2,\"name\":\"Das 60.000-Euro-Damoklesschwert \u00fcber dem Haupt von Christian Scheider | Kommentar\"}]},{\"@type\":\"WebSite\",\"@id\":\"https:\/\/www.mediapartizan.at\/#website\",\"url\":\"https:\/\/www.mediapartizan.at\/\",\"name\":\"Mediapartizan.at\",\"description\":\"\",\"potentialAction\":[{\"@type\":\"SearchAction\",\"target\":{\"@type\":\"EntryPoint\",\"urlTemplate\":\"https:\/\/www.mediapartizan.at\/?s={search_term_string}\"},\"query-input\":\"required name=search_term_string\"}],\"inLanguage\":\"de\"},{\"@type\":\"Person\",\"@id\":\"https:\/\/www.mediapartizan.at\/#\/schema\/person\/f6bd7eb8222f2fe985c78d08f17ed7a9\",\"name\":\"Franz Miklautz\",\"image\":{\"@type\":\"ImageObject\",\"inLanguage\":\"de\",\"@id\":\"https:\/\/www.mediapartizan.at\/#\/schema\/person\/image\/\",\"url\":\"https:\/\/secure.gravatar.com\/avatar\/5618667e9a7ab3fa3e1a0c75987c8d0c111ad041167e738d67ac0846e54e195e?s=96&d=mm&r=g\",\"contentUrl\":\"https:\/\/secure.gravatar.com\/avatar\/5618667e9a7ab3fa3e1a0c75987c8d0c111ad041167e738d67ac0846e54e195e?s=96&d=mm&r=g\",\"caption\":\"Franz Miklautz\"},\"url\":\"https:\/\/www.mediapartizan.at\/?author=2\"}]}<\/script>\n<!-- \/ Yoast SEO plugin. -->","yoast_head_json":{"title":"Das 60.000-Euro-Damoklesschwert \u00fcber dem Haupt von Christian Scheider | Kommentar - Mediapartizan.at","robots":{"index":"index","follow":"follow","max-snippet":"max-snippet:-1","max-image-preview":"max-image-preview:large","max-video-preview":"max-video-preview:-1"},"canonical":"https:\/\/www.mediapartizan.at\/?p=11493","og_locale":"de_DE","og_type":"article","og_title":"Das 60.000-Euro-Damoklesschwert \u00fcber dem Haupt von Christian Scheider | Kommentar - Mediapartizan.at","og_description":"Die Qualen des Klagenfurter B\u00fcrgermeisters: Team-K\u00e4rnten-Parteichef Gerhard K\u00f6fer k\u00f6nnte unter Umst\u00e4nden \"Strafzahlung\" gegen Christian Scheider geltend machen. Stadtvize Alexander Kastner und weiterer Gemeinderat m\u00f6glicherweise vor Austritt von Liste Scheider. In diesem Fall w\u00fcrde wohl etliches Geld f\u00fcr den Jost-Vergleich fehlen.  [...]","og_url":"https:\/\/www.mediapartizan.at\/?p=11493","og_site_name":"Mediapartizan.at","article_published_time":"2025-04-03T16:28:33+00:00","article_modified_time":"2025-04-04T04:50:34+00:00","og_image":[{"width":1024,"height":683,"url":"https:\/\/www.mediapartizan.at\/wp-content\/uploads\/2025\/04\/Christian-Scheider-CC-NZPhoto-via-Wikimedia.jpg","type":"image\/jpeg"}],"author":"Franz Miklautz","twitter_card":"summary_large_image","twitter_misc":{"Verfasst von":"Franz Miklautz","Gesch\u00e4tzte Lesezeit":"3\u00a0Minuten"},"schema":{"@context":"https:\/\/schema.org","@graph":[{"@type":"WebPage","@id":"https:\/\/www.mediapartizan.at\/?p=11493","url":"https:\/\/www.mediapartizan.at\/?p=11493","name":"Das 60.000-Euro-Damoklesschwert \u00fcber dem Haupt von Christian Scheider | Kommentar - Mediapartizan.at","isPartOf":{"@id":"https:\/\/www.mediapartizan.at\/#website"},"datePublished":"2025-04-03T16:28:33+00:00","dateModified":"2025-04-04T04:50:34+00:00","author":{"@id":"https:\/\/www.mediapartizan.at\/#\/schema\/person\/f6bd7eb8222f2fe985c78d08f17ed7a9"},"breadcrumb":{"@id":"https:\/\/www.mediapartizan.at\/?p=11493#breadcrumb"},"inLanguage":"de","potentialAction":[{"@type":"ReadAction","target":["https:\/\/www.mediapartizan.at\/?p=11493"]}]},{"@type":"BreadcrumbList","@id":"https:\/\/www.mediapartizan.at\/?p=11493#breadcrumb","itemListElement":[{"@type":"ListItem","position":1,"name":"Startseite","item":"https:\/\/www.mediapartizan.at\/"},{"@type":"ListItem","position":2,"name":"Das 60.000-Euro-Damoklesschwert \u00fcber dem Haupt von Christian Scheider | Kommentar"}]},{"@type":"WebSite","@id":"https:\/\/www.mediapartizan.at\/#website","url":"https:\/\/www.mediapartizan.at\/","name":"Mediapartizan.at","description":"","potentialAction":[{"@type":"SearchAction","target":{"@type":"EntryPoint","urlTemplate":"https:\/\/www.mediapartizan.at\/?s={search_term_string}"},"query-input":"required name=search_term_string"}],"inLanguage":"de"},{"@type":"Person","@id":"https:\/\/www.mediapartizan.at\/#\/schema\/person\/f6bd7eb8222f2fe985c78d08f17ed7a9","name":"Franz Miklautz","image":{"@type":"ImageObject","inLanguage":"de","@id":"https:\/\/www.mediapartizan.at\/#\/schema\/person\/image\/","url":"https:\/\/secure.gravatar.com\/avatar\/5618667e9a7ab3fa3e1a0c75987c8d0c111ad041167e738d67ac0846e54e195e?s=96&d=mm&r=g","contentUrl":"https:\/\/secure.gravatar.com\/avatar\/5618667e9a7ab3fa3e1a0c75987c8d0c111ad041167e738d67ac0846e54e195e?s=96&d=mm&r=g","caption":"Franz Miklautz"},"url":"https:\/\/www.mediapartizan.at\/?author=2"}]}},"jetpack_featured_media_url":"https:\/\/i0.wp.com\/www.mediapartizan.at\/wp-content\/uploads\/2025\/04\/Christian-Scheider-CC-NZPhoto-via-Wikimedia.jpg?fit=1024%2C683&ssl=1","jetpack_sharing_enabled":true,"_links":{"self":[{"href":"https:\/\/www.mediapartizan.at\/index.php?rest_route=\/wp\/v2\/posts\/11493","targetHints":{"allow":["GET"]}}],"collection":[{"href":"https:\/\/www.mediapartizan.at\/index.php?rest_route=\/wp\/v2\/posts"}],"about":[{"href":"https:\/\/www.mediapartizan.at\/index.php?rest_route=\/wp\/v2\/types\/post"}],"author":[{"embeddable":true,"href":"https:\/\/www.mediapartizan.at\/index.php?rest_route=\/wp\/v2\/users\/2"}],"replies":[{"embeddable":true,"href":"https:\/\/www.mediapartizan.at\/index.php?rest_route=%2Fwp%2Fv2%2Fcomments&post=11493"}],"version-history":[{"count":5,"href":"https:\/\/www.mediapartizan.at\/index.php?rest_route=\/wp\/v2\/posts\/11493\/revisions"}],"predecessor-version":[{"id":11505,"href":"https:\/\/www.mediapartizan.at\/index.php?rest_route=\/wp\/v2\/posts\/11493\/revisions\/11505"}],"wp:featuredmedia":[{"embeddable":true,"href":"https:\/\/www.mediapartizan.at\/index.php?rest_route=\/wp\/v2\/media\/11495"}],"wp:attachment":[{"href":"https:\/\/www.mediapartizan.at\/index.php?rest_route=%2Fwp%2Fv2%2Fmedia&parent=11493"}],"wp:term":[{"taxonomy":"category","embeddable":true,"href":"https:\/\/www.mediapartizan.at\/index.php?rest_route=%2Fwp%2Fv2%2Fcategories&post=11493"},{"taxonomy":"post_tag","embeddable":true,"href":"https:\/\/www.mediapartizan.at\/index.php?rest_route=%2Fwp%2Fv2%2Ftags&post=11493"}],"curies":[{"name":"wp","href":"https:\/\/api.w.org\/{rel}","templated":true}]}}