{"id":11636,"date":"2025-04-26T16:10:54","date_gmt":"2025-04-26T14:10:54","guid":{"rendered":"https:\/\/www.mediapartizan.at\/?p=11636"},"modified":"2025-04-26T17:34:56","modified_gmt":"2025-04-26T15:34:56","slug":"designierter-klagenfurter-vizebuergermeister-beschaeftigte-auslaender-illegal","status":"publish","type":"post","link":"https:\/\/www.mediapartizan.at\/?p=11636","title":{"rendered":"Designierter Klagenfurter Vizeb\u00fcrgermeister besch\u00e4ftigte Ausl\u00e4nder illegal"},"content":{"rendered":"<p><\/p>\n<p>Dienstag n\u00e4chste Woche ist f\u00fcr Patrick Jonke ein gro\u00dfer Tag. Der m\u00e4chtige B\u00fcroleiter von B\u00fcrgermeister Christian Scheider (Liste Scheider) hat einen erlauchten Kreis an Weggef\u00e4hrten &#8222;zu einem kleinen Umtrunk in die Klubr\u00e4umlichkeiten&#8220; ins Rathaus Klagenfurt geladen. Gefeiert werden soll seine Angelobung zum Vizeb\u00fcrgermeister. Er zeichnete die Einladung mit: &#8222;Patrick Jonke&#8220; &#8211; &#8222;Designierter Vizeb\u00fcrgermeister der Landeshauptstadt Klagenfurt am W\u00f6rthersee&#8220;.<\/p>\n<p><\/p>\n<p><\/p>\n<p><strong>Finanzpolizei wurde f\u00fcndig<\/strong><\/p>\n<p><\/p>\n<p><\/p>\n<p>Doch nicht immer ist Jonke zum Feiern zumute. So auch nicht an einem Tag im Jahr 2022. Denn da tauchen pl\u00f6tzlich ungebetene G\u00e4ste bei Jonke auf. Zumindest in seinem privaten Betrieb, einem Autoreinigungs-Unternehmen in Klagenfurt. Aber die G\u00e4ste sind nicht zur Auto-Politur da. Sie kontrollieren Betriebe nach Vergehen gegen das Abgabenrecht, Steuerhinterziehung oder illegaler Ausl\u00e4nderbesch\u00e4ftigung. Bei Jonke taucht die Finanzpolizei auf. <\/p>\n<p><\/p>\n<p><\/p>\n<figure class=\"wp-block-image aligncenter size-large is-resized\"><img data-recalc-dims=\"1\" loading=\"lazy\" decoding=\"async\" src=\"https:\/\/i0.wp.com\/www.mediapartizan.at\/wp-content\/uploads\/2025\/04\/Bildschirmfoto-2025-04-26-um-12.18.19.png?resize=434%2C287&#038;ssl=1\" alt=\"\" class=\"wp-image-11639\" width=\"434\" height=\"287\" srcset=\"https:\/\/i0.wp.com\/www.mediapartizan.at\/wp-content\/uploads\/2025\/04\/Bildschirmfoto-2025-04-26-um-12.18.19.png?resize=1024%2C679&amp;ssl=1 1024w, https:\/\/i0.wp.com\/www.mediapartizan.at\/wp-content\/uploads\/2025\/04\/Bildschirmfoto-2025-04-26-um-12.18.19.png?resize=300%2C199&amp;ssl=1 300w, https:\/\/i0.wp.com\/www.mediapartizan.at\/wp-content\/uploads\/2025\/04\/Bildschirmfoto-2025-04-26-um-12.18.19.png?resize=768%2C509&amp;ssl=1 768w, https:\/\/i0.wp.com\/www.mediapartizan.at\/wp-content\/uploads\/2025\/04\/Bildschirmfoto-2025-04-26-um-12.18.19.png?w=1294&amp;ssl=1 1294w\" sizes=\"auto, (max-width: 434px) 100vw, 434px\" \/><figcaption class=\"wp-element-caption\">Patrick Jonke (c) Vera Polaschegg<\/figcaption><\/figure>\n<p><\/p>\n<p><\/p>\n<p><strong>&#8222;Auf Steuerberater verlassen&#8220;<\/strong><\/p>\n<p><\/p>\n<p><\/p>\n<p>Und sie wird f\u00fcndig: In Jonkes Betrieb wird in einem Fall gegen das Ausl\u00e4nderbesch\u00e4ftigungsgesetz (AuslBG) versto\u00dfen. Die Finanzpolizei erstattet Strafantrag bei der zust\u00e4ndigen Beh\u00f6rde: der Stadt Klagenfurt &#8211; Jonkes Arbeitgeber. Der Unternehmer wird zu einer niedrigen vierstelligen Strafe verdonnert. Jonke best\u00e4tigt die Mediapartizan-Recherche, erkl\u00e4rt aber, &#8222;dass der wahre Wahnsinn darin liegt, dass man \u00fcberhaupt jemanden anmelden kann, der keine Arbeitsgenehmigung hat&#8220;. Au\u00dferdem &#8222;habe ich mich auf meinen Steuerberater verlassen, der mir zugesichert hat, dass die Besch\u00e4ftigung in Ordnung ist&#8220;, sagt Jonke. <\/p>\n<p><\/p>\n<p><\/p>\n<p><strong>Geburtstagsgeschenk f\u00fcr Jonke<\/strong><\/p>\n<p><\/p>\n<p><\/p>\n<p>Durch die Angelobung Jonkes sind Alexander Kastners Tage als Vizeb\u00fcrgermeister gez\u00e4hlt. Er wurde vom Gemeinderatsklub der Liste Scheider unsanft aus dem Amt bef\u00f6rdert. Der feierliche Umtrunk am Dienstag startet um 15 Uhr. Am n\u00e4chsten Tag hat Jonke Geburtstag.<\/p>\n<p><\/p>\n<p><\/p>\n<figure class=\"wp-block-image aligncenter size-full is-resized\"><a href=\"https:\/\/www.mediapartizan.at\/?page_id=670\" target=\"_blank\" rel=\"noreferrer noopener\"><img data-recalc-dims=\"1\" loading=\"lazy\" decoding=\"async\" src=\"https:\/\/i0.wp.com\/www.mediapartizan.at\/wp-content\/uploads\/2025\/04\/Unterstuetzen.png?resize=423%2C51&#038;ssl=1\" alt=\"\" class=\"wp-image-11652\" width=\"423\" height=\"51\" srcset=\"https:\/\/i0.wp.com\/www.mediapartizan.at\/wp-content\/uploads\/2025\/04\/Unterstuetzen.png?w=892&amp;ssl=1 892w, https:\/\/i0.wp.com\/www.mediapartizan.at\/wp-content\/uploads\/2025\/04\/Unterstuetzen.png?resize=300%2C37&amp;ssl=1 300w, https:\/\/i0.wp.com\/www.mediapartizan.at\/wp-content\/uploads\/2025\/04\/Unterstuetzen.png?resize=768%2C95&amp;ssl=1 768w\" sizes=\"auto, (max-width: 423px) 100vw, 423px\" \/><\/a><\/figure>\n<p><\/p>\n<p><\/p>\n<p><\/p>\n<p><\/p>\n<p><\/p>\n<p><\/p>\n<p><\/p>\n<p><\/p>\n<p><\/p>\n<p><\/p>\n<p><\/p>\n<p><\/p>\n<p><\/p>\n<p><\/p>\n<p><\/p>\n<p><\/p>\n<p><\/p>\n","protected":false},"excerpt":{"rendered":"<div class=\"mh-excerpt\"><p>Patrick Jonke, B\u00fcroleiter von Klagenfurts B\u00fcrgermeister Scheider, soll Ende April zum Stadtvize aufsteigen. In seinem Autowasch-Unternehmen tauchte Finanzpolizei auf. Fall von illegaler Ausl\u00e4nderbesch\u00e4ftigung entdeckt. Jonke fasste Geldstrafe aus. <a class=\"mh-excerpt-more\" href=\"https:\/\/www.mediapartizan.at\/?p=11636\" title=\"Designierter Klagenfurter Vizeb\u00fcrgermeister besch\u00e4ftigte Ausl\u00e4nder illegal\">[&#8230;]<\/a><\/p>\n<\/div>","protected":false},"author":2,"featured_media":11642,"comment_status":"open","ping_status":"open","sticky":false,"template":"","format":"standard","meta":{"inline_featured_image":false,"_jetpack_memberships_contains_paid_content":false,"footnotes":""},"categories":[143],"tags":[86,156,644,498],"class_list":{"0":"post-11636","1":"post","2":"type-post","3":"status-publish","4":"format-standard","5":"has-post-thumbnail","7":"category-stadt-klagenfurt","8":"tag-christian-scheider","9":"tag-klagenfurt","10":"tag-liste-scheider","11":"tag-patrick-jonke"},"yoast_head":"<!-- This site is optimized with the Yoast SEO plugin v20.10 - https:\/\/yoast.com\/wordpress\/plugins\/seo\/ -->\n<title>Designierter Klagenfurter Vizeb\u00fcrgermeister besch\u00e4ftigte Ausl\u00e4nder illegal - Mediapartizan.at<\/title>\n<meta name=\"robots\" content=\"index, follow, max-snippet:-1, max-image-preview:large, max-video-preview:-1\" \/>\n<link rel=\"canonical\" href=\"https:\/\/www.mediapartizan.at\/?p=11636\" \/>\n<meta property=\"og:locale\" content=\"de_DE\" \/>\n<meta property=\"og:type\" content=\"article\" \/>\n<meta property=\"og:title\" content=\"Designierter Klagenfurter Vizeb\u00fcrgermeister besch\u00e4ftigte Ausl\u00e4nder illegal - Mediapartizan.at\" \/>\n<meta property=\"og:description\" content=\"Patrick Jonke, B\u00fcroleiter von Klagenfurts B\u00fcrgermeister Scheider, soll Ende April zum Stadtvize aufsteigen. In seinem Autowasch-Unternehmen tauchte Finanzpolizei auf. Fall von illegaler Ausl\u00e4nderbesch\u00e4ftigung entdeckt. Jonke fasste Geldstrafe aus. [...]\" \/>\n<meta property=\"og:url\" content=\"https:\/\/www.mediapartizan.at\/?p=11636\" \/>\n<meta property=\"og:site_name\" content=\"Mediapartizan.at\" \/>\n<meta property=\"article:published_time\" content=\"2025-04-26T14:10:54+00:00\" \/>\n<meta property=\"article:modified_time\" content=\"2025-04-26T15:34:56+00:00\" \/>\n<meta property=\"og:image\" content=\"https:\/\/www.mediapartizan.at\/wp-content\/uploads\/2025\/04\/Bildschirmfoto-2025-04-26-um-15.42.43-1024x683.png\" \/>\n\t<meta property=\"og:image:width\" content=\"1024\" \/>\n\t<meta property=\"og:image:height\" content=\"683\" \/>\n\t<meta property=\"og:image:type\" content=\"image\/png\" \/>\n<meta name=\"author\" content=\"Franz Miklautz\" \/>\n<meta name=\"twitter:card\" content=\"summary_large_image\" \/>\n<meta name=\"twitter:label1\" content=\"Verfasst von\" \/>\n\t<meta name=\"twitter:data1\" content=\"Franz Miklautz\" \/>\n\t<meta name=\"twitter:label2\" content=\"Gesch\u00e4tzte Lesezeit\" \/>\n\t<meta name=\"twitter:data2\" content=\"2\u00a0Minuten\" \/>\n<script type=\"application\/ld+json\" class=\"yoast-schema-graph\">{\"@context\":\"https:\/\/schema.org\",\"@graph\":[{\"@type\":\"WebPage\",\"@id\":\"https:\/\/www.mediapartizan.at\/?p=11636\",\"url\":\"https:\/\/www.mediapartizan.at\/?p=11636\",\"name\":\"Designierter Klagenfurter Vizeb\u00fcrgermeister besch\u00e4ftigte Ausl\u00e4nder illegal - Mediapartizan.at\",\"isPartOf\":{\"@id\":\"https:\/\/www.mediapartizan.at\/#website\"},\"datePublished\":\"2025-04-26T14:10:54+00:00\",\"dateModified\":\"2025-04-26T15:34:56+00:00\",\"author\":{\"@id\":\"https:\/\/www.mediapartizan.at\/#\/schema\/person\/f6bd7eb8222f2fe985c78d08f17ed7a9\"},\"breadcrumb\":{\"@id\":\"https:\/\/www.mediapartizan.at\/?p=11636#breadcrumb\"},\"inLanguage\":\"de\",\"potentialAction\":[{\"@type\":\"ReadAction\",\"target\":[\"https:\/\/www.mediapartizan.at\/?p=11636\"]}]},{\"@type\":\"BreadcrumbList\",\"@id\":\"https:\/\/www.mediapartizan.at\/?p=11636#breadcrumb\",\"itemListElement\":[{\"@type\":\"ListItem\",\"position\":1,\"name\":\"Startseite\",\"item\":\"https:\/\/www.mediapartizan.at\/\"},{\"@type\":\"ListItem\",\"position\":2,\"name\":\"Designierter Klagenfurter Vizeb\u00fcrgermeister besch\u00e4ftigte Ausl\u00e4nder illegal\"}]},{\"@type\":\"WebSite\",\"@id\":\"https:\/\/www.mediapartizan.at\/#website\",\"url\":\"https:\/\/www.mediapartizan.at\/\",\"name\":\"Mediapartizan.at\",\"description\":\"\",\"potentialAction\":[{\"@type\":\"SearchAction\",\"target\":{\"@type\":\"EntryPoint\",\"urlTemplate\":\"https:\/\/www.mediapartizan.at\/?s={search_term_string}\"},\"query-input\":\"required name=search_term_string\"}],\"inLanguage\":\"de\"},{\"@type\":\"Person\",\"@id\":\"https:\/\/www.mediapartizan.at\/#\/schema\/person\/f6bd7eb8222f2fe985c78d08f17ed7a9\",\"name\":\"Franz Miklautz\",\"image\":{\"@type\":\"ImageObject\",\"inLanguage\":\"de\",\"@id\":\"https:\/\/www.mediapartizan.at\/#\/schema\/person\/image\/\",\"url\":\"https:\/\/secure.gravatar.com\/avatar\/5618667e9a7ab3fa3e1a0c75987c8d0c111ad041167e738d67ac0846e54e195e?s=96&d=mm&r=g\",\"contentUrl\":\"https:\/\/secure.gravatar.com\/avatar\/5618667e9a7ab3fa3e1a0c75987c8d0c111ad041167e738d67ac0846e54e195e?s=96&d=mm&r=g\",\"caption\":\"Franz Miklautz\"},\"url\":\"https:\/\/www.mediapartizan.at\/?author=2\"}]}<\/script>\n<!-- \/ Yoast SEO plugin. -->","yoast_head_json":{"title":"Designierter Klagenfurter Vizeb\u00fcrgermeister besch\u00e4ftigte Ausl\u00e4nder illegal - Mediapartizan.at","robots":{"index":"index","follow":"follow","max-snippet":"max-snippet:-1","max-image-preview":"max-image-preview:large","max-video-preview":"max-video-preview:-1"},"canonical":"https:\/\/www.mediapartizan.at\/?p=11636","og_locale":"de_DE","og_type":"article","og_title":"Designierter Klagenfurter Vizeb\u00fcrgermeister besch\u00e4ftigte Ausl\u00e4nder illegal - Mediapartizan.at","og_description":"Patrick Jonke, B\u00fcroleiter von Klagenfurts B\u00fcrgermeister Scheider, soll Ende April zum Stadtvize aufsteigen. In seinem Autowasch-Unternehmen tauchte Finanzpolizei auf. Fall von illegaler Ausl\u00e4nderbesch\u00e4ftigung entdeckt. Jonke fasste Geldstrafe aus. [...]","og_url":"https:\/\/www.mediapartizan.at\/?p=11636","og_site_name":"Mediapartizan.at","article_published_time":"2025-04-26T14:10:54+00:00","article_modified_time":"2025-04-26T15:34:56+00:00","og_image":[{"width":1024,"height":683,"url":"https:\/\/www.mediapartizan.at\/wp-content\/uploads\/2025\/04\/Bildschirmfoto-2025-04-26-um-15.42.43-1024x683.png","type":"image\/png"}],"author":"Franz Miklautz","twitter_card":"summary_large_image","twitter_misc":{"Verfasst von":"Franz Miklautz","Gesch\u00e4tzte Lesezeit":"2\u00a0Minuten"},"schema":{"@context":"https:\/\/schema.org","@graph":[{"@type":"WebPage","@id":"https:\/\/www.mediapartizan.at\/?p=11636","url":"https:\/\/www.mediapartizan.at\/?p=11636","name":"Designierter Klagenfurter Vizeb\u00fcrgermeister besch\u00e4ftigte Ausl\u00e4nder illegal - Mediapartizan.at","isPartOf":{"@id":"https:\/\/www.mediapartizan.at\/#website"},"datePublished":"2025-04-26T14:10:54+00:00","dateModified":"2025-04-26T15:34:56+00:00","author":{"@id":"https:\/\/www.mediapartizan.at\/#\/schema\/person\/f6bd7eb8222f2fe985c78d08f17ed7a9"},"breadcrumb":{"@id":"https:\/\/www.mediapartizan.at\/?p=11636#breadcrumb"},"inLanguage":"de","potentialAction":[{"@type":"ReadAction","target":["https:\/\/www.mediapartizan.at\/?p=11636"]}]},{"@type":"BreadcrumbList","@id":"https:\/\/www.mediapartizan.at\/?p=11636#breadcrumb","itemListElement":[{"@type":"ListItem","position":1,"name":"Startseite","item":"https:\/\/www.mediapartizan.at\/"},{"@type":"ListItem","position":2,"name":"Designierter Klagenfurter Vizeb\u00fcrgermeister besch\u00e4ftigte Ausl\u00e4nder illegal"}]},{"@type":"WebSite","@id":"https:\/\/www.mediapartizan.at\/#website","url":"https:\/\/www.mediapartizan.at\/","name":"Mediapartizan.at","description":"","potentialAction":[{"@type":"SearchAction","target":{"@type":"EntryPoint","urlTemplate":"https:\/\/www.mediapartizan.at\/?s={search_term_string}"},"query-input":"required name=search_term_string"}],"inLanguage":"de"},{"@type":"Person","@id":"https:\/\/www.mediapartizan.at\/#\/schema\/person\/f6bd7eb8222f2fe985c78d08f17ed7a9","name":"Franz Miklautz","image":{"@type":"ImageObject","inLanguage":"de","@id":"https:\/\/www.mediapartizan.at\/#\/schema\/person\/image\/","url":"https:\/\/secure.gravatar.com\/avatar\/5618667e9a7ab3fa3e1a0c75987c8d0c111ad041167e738d67ac0846e54e195e?s=96&d=mm&r=g","contentUrl":"https:\/\/secure.gravatar.com\/avatar\/5618667e9a7ab3fa3e1a0c75987c8d0c111ad041167e738d67ac0846e54e195e?s=96&d=mm&r=g","caption":"Franz Miklautz"},"url":"https:\/\/www.mediapartizan.at\/?author=2"}]}},"jetpack_featured_media_url":"https:\/\/i0.wp.com\/www.mediapartizan.at\/wp-content\/uploads\/2025\/04\/Bildschirmfoto-2025-04-26-um-15.42.43.png?fit=1592%2C1062&ssl=1","jetpack_sharing_enabled":true,"_links":{"self":[{"href":"https:\/\/www.mediapartizan.at\/index.php?rest_route=\/wp\/v2\/posts\/11636","targetHints":{"allow":["GET"]}}],"collection":[{"href":"https:\/\/www.mediapartizan.at\/index.php?rest_route=\/wp\/v2\/posts"}],"about":[{"href":"https:\/\/www.mediapartizan.at\/index.php?rest_route=\/wp\/v2\/types\/post"}],"author":[{"embeddable":true,"href":"https:\/\/www.mediapartizan.at\/index.php?rest_route=\/wp\/v2\/users\/2"}],"replies":[{"embeddable":true,"href":"https:\/\/www.mediapartizan.at\/index.php?rest_route=%2Fwp%2Fv2%2Fcomments&post=11636"}],"version-history":[{"count":9,"href":"https:\/\/www.mediapartizan.at\/index.php?rest_route=\/wp\/v2\/posts\/11636\/revisions"}],"predecessor-version":[{"id":11656,"href":"https:\/\/www.mediapartizan.at\/index.php?rest_route=\/wp\/v2\/posts\/11636\/revisions\/11656"}],"wp:featuredmedia":[{"embeddable":true,"href":"https:\/\/www.mediapartizan.at\/index.php?rest_route=\/wp\/v2\/media\/11642"}],"wp:attachment":[{"href":"https:\/\/www.mediapartizan.at\/index.php?rest_route=%2Fwp%2Fv2%2Fmedia&parent=11636"}],"wp:term":[{"taxonomy":"category","embeddable":true,"href":"https:\/\/www.mediapartizan.at\/index.php?rest_route=%2Fwp%2Fv2%2Fcategories&post=11636"},{"taxonomy":"post_tag","embeddable":true,"href":"https:\/\/www.mediapartizan.at\/index.php?rest_route=%2Fwp%2Fv2%2Ftags&post=11636"}],"curies":[{"name":"wp","href":"https:\/\/api.w.org\/{rel}","templated":true}]}}