{"id":11732,"date":"2025-05-06T15:16:48","date_gmt":"2025-05-06T13:16:48","guid":{"rendered":"https:\/\/www.mediapartizan.at\/?p=11732"},"modified":"2025-05-06T20:59:38","modified_gmt":"2025-05-06T18:59:38","slug":"pleitegeier-ueber-klagenfurt-3-3-von-gold-silber-millionen-gackerl-sackerl-und-teuren-klos","status":"publish","type":"post","link":"https:\/\/www.mediapartizan.at\/?p=11732","title":{"rendered":"Pleitegeier \u00fcber Klagenfurt (3\/3): Von Gold, Silber, Millionen Gackerl-Sackerl und teuren Klos"},"content":{"rendered":"<p><\/p>\n<p>Der Klagenfurter B\u00fcrgermeister Christian Scheider (Liste Scheider) lie\u00df vor einigen Monaten einen sogenannten Konsolidierungsstab einrichten, da die Stadt budget\u00e4r mit dem R\u00fccken zur Wand steht. Dessen Aufgabe ist es, einen Weg aus dem Finanz-Schlamassel zu finden. Gibt es bis November des heurigen Jahres keine dratischen Sparma\u00dfnahmen, l\u00e4uft die Stadt Gefahr, zahlungsunf\u00e4hig zu werden. <\/p>\n<p><\/p>\n<p><\/p>\n<p>Bisher ver\u00f6ffentlichte Mediapartizan.at die Aufsehen erregenden Sparvorschl\u00e4ge des Klagenfurter Stadtgartenamtsleiters, <a href=\"https:\/\/www.mediapartizan.at\/?p=11703\" target=\"_blank\" rel=\"noreferrer noopener\">der die &#8222;ausufernden Freizeitgew\u00e4hrungen&#8220; an die Mitarbeiter der Stadt tadelte<\/a>. Im zweiten Teil thematisierten wir, dass der Chef der Klagenfurter Entsorgung <a href=\"https:\/\/www.mediapartizan.at\/?p=11713\" target=\"_blank\" rel=\"noreferrer noopener\">seine Abteilung f\u00fcr Einsparungszwecke ausgliedern will und damit ein Stadtsenatsmitglied gestrichen werden k\u00f6nnte<\/a>. Beide Vorschl\u00e4ge vermittelten den Eindruck ehrlichen Bem\u00fchens.<\/p>\n<p><\/p>\n<p><\/p>\n<p><strong>Teil 3:<\/strong> <strong>Personalabteilung schl\u00e4gt Aufhebung von Gehaltsanpassung vor<\/strong><\/p>\n<p><\/p>\n<p><\/p>\n<p>Am 4. Februar 2025 schickt Magistratsdirektorin Isabella Jandl ein E-Mail an alle Abteilungsleiter. Sie setzt eine Frist bis 26. Februar, bis zu der sie Vorschl\u00e4ge zur Einsparung von 25 Prozent der  Bereichsbudgets haben m\u00f6chte. Daraufhin l\u00e4sst die Personalabteilung mit einem Vorschlag aufhorchen, der Sprengstoff birgt: Sie will 4,9 Millionen Euro einsparen. <\/p>\n<p><\/p>\n<p><\/p>\n<p>Die Kurzbezeichnung der Idee lautet: &#8222;Bezugserh\u00f6hung, Aufhebung des Beschlusses&#8220;. Gemeint ist damit die &#8222;Aufhebung des Beschlusses 34\/566\/24 vom 09.12.2024&#8220;. Wenn man im entsprechenden Gemeinderatsprotokoll recherchiert, findet sich dazu ein Passus, in dem es um den Gehaltsabschluss 2025 f\u00fcr Magistratsmitarbeiter geht. Der rote Personalvertreter Christian Schneewei\u00df &#8211; wie auch andere &#8211; hatte sich in dieser Gemeinderatssitzung vehement pro Gehaltserh\u00f6hung ausgesprochen und bezog sich auf einen &#8222;einstimmigen Stadtsenatsbeschluss&#8220;. Und das obwohl zu diesem Zeitpunkt bereits Warnungen vor einer Zahlungsunf\u00e4higkeit, etwa durch den ehemaligen Magistratsdirektor Peter Jost, bekannt waren.<\/p>\n<p><\/p>\n<p><\/p>\n<p>Dennoch: Die Gehaltserh\u00f6hung ging &#8211; mit Gegenstimmen der \u00d6VP und Neos &#8211; durch. Die B\u00fcrgermeisterpartei (heute: Liste Scheider) sprach sich mit Nachdruck f\u00fcr das Lohnplus aus. Auch die SP\u00d6 und die FP\u00d6 votierten daf\u00fcr. Der Aufhebungsvorschlag der Personalabteilung wirft nun ein fahles Licht auf die durchgeboxte Gehaltserh\u00f6hung. Die H\u00f6he von 4,9 Millionen Euro wurde &#8222;bezogen auf das gesamte Volumen des Voranschlages&#8220; errechnet. <\/p>\n<p><\/p>\n<p><\/p>\n<figure class=\"wp-block-image aligncenter size-full is-resized\"><a href=\"https:\/\/www.mediapartizan.at\/?page_id=670\" target=\"_blank\" rel=\"noreferrer noopener\"><img data-recalc-dims=\"1\" loading=\"lazy\" decoding=\"async\" src=\"https:\/\/i0.wp.com\/www.mediapartizan.at\/wp-content\/uploads\/2025\/05\/Unterstuetzen-4.png?resize=420%2C51&#038;ssl=1\" alt=\"\" class=\"wp-image-11742\" width=\"420\" height=\"51\" srcset=\"https:\/\/i0.wp.com\/www.mediapartizan.at\/wp-content\/uploads\/2025\/05\/Unterstuetzen-4.png?w=892&amp;ssl=1 892w, https:\/\/i0.wp.com\/www.mediapartizan.at\/wp-content\/uploads\/2025\/05\/Unterstuetzen-4.png?resize=300%2C37&amp;ssl=1 300w, https:\/\/i0.wp.com\/www.mediapartizan.at\/wp-content\/uploads\/2025\/05\/Unterstuetzen-4.png?resize=768%2C95&amp;ssl=1 768w\" sizes=\"auto, (max-width: 420px) 100vw, 420px\" \/><\/a><\/figure>\n<p><\/p>\n<p><\/p>\n<p><strong>100.000 Euro aus Gold- und Silberm\u00fcnzen<\/strong><\/p>\n<p><\/p>\n<p><\/p>\n<p>Aber es gibt noch andere Vorschl\u00e4ge, um an Geld zu kommen. Ein Mitarbeiter hegt die Idee, die Gold- und Silberm\u00fcnzensammlung der Stadt zu verkaufen. Das soll rund 100.000 Euro f\u00fcrs Budget bringen. Die Umsetzung allerdings wird als schwierig beurteilt, weil die Sammlung gesch\u00e4tzt werden m\u00fcsse und der Verkauf durch das Dorotheum langwierig sein k\u00f6nne.<\/p>\n<p><\/p>\n<p><\/p>\n<p><strong>Erh\u00f6hung der Mieten f\u00fcr Kojen am Benediktinermarkt<\/strong><\/p>\n<p><\/p>\n<p><\/p>\n<p>Dass die Mietkosten f\u00fcr Gesch\u00e4ftskojen am Benediktinermarkt sehr preiswert sind, ist bekannt. Deshalb schl\u00e4gt ein Mitarbeiter der Stadt vor, die Entgelte daf\u00fcr zu erh\u00f6hen. Das soll rund 55.000 Euro Mehreinnahmen bringen. <\/p>\n<p><\/p>\n<p><\/p>\n<p>Auch eine Erh\u00f6hrung der Tarife f\u00fcr Markth\u00fctten auf st\u00e4dtischen M\u00e4rkten (Ostern, Weihnachten etc.) wird vorgeschlagen. Parallel wird eine generelle Vergabe des Aufbaus der Markth\u00fctten an Private angedacht. Das br\u00e4chte offenbar 50.000 Euro f\u00fcr das marode Budget, ist den Papieren zu entnehmen. Weitere Idee: Eintritt am After-Work-Spektakel am Benediktinermarkt.<\/p>\n<p><\/p>\n<p><\/p>\n<p><strong>Gesch\u00e4ft mit dem &#8222;Gesch\u00e4ft&#8220;<\/strong><\/p>\n<p><\/p>\n<p><\/p>\n<p>Ganz generell will einer der Vorschlagenden die \u00f6ffentlichen WC\u00b4s an Private vergeben und damit einen Stadtmitarbeiter &#8211; rund 50.000 Euro pro Jahr &#8211; einsparen. An anderer Stelle in den Unterlagen wird eine Erh\u00f6hung der Ben\u00fctzungsgeb\u00fchr von \u00f6ffentlichen Toiletten erwogen, was 25.000 Euro in die Stadtkasse sp\u00fclen soll.<\/p>\n<p><\/p>\n<p><\/p>\n<p><strong>Ausgeknipst:<\/strong> <strong>Keine Geburtstagsfotos mit B\u00fcrgermeister mehr<\/strong><\/p>\n<p><\/p>\n<p><\/p>\n<p>27.000 Euro soll es bringen, wenn B\u00fcrgermeister Scheider keine Geburtstagsehrungen (mit \u00e4lteren B\u00fcrgerInnen) mehr durchf\u00fchre. Offenbar wurden Ehrurkunden und eventuell kleine Geschenke auf diese 27.000 Euro gesch\u00e4tzt. <\/p>\n<p><\/p>\n<p><\/p>\n<p><strong>1,6 Millionen Sackerl f\u00fcrs Gackerl<\/strong><\/p>\n<p><\/p>\n<p><\/p>\n<p>Die Stadt stellt pro Jahr offenbar 1,6 Millionen \u00d6ko-S\u00e4cke f\u00fcr das Gesch\u00e4ft von Hunden zur Verf\u00fcgung. Diese wie auch die Anzahl der Gassimaten sollen reduziert werden, so ein anderer Vorschlag. Man wolle die Hundebesitzer st\u00e4rker in Kostenpflicht nehmen.<\/p>\n<p><\/p>\n<p><\/p>\n<p>150.000 Euro soll eine Vergeb\u00fchrung der Nutzung von \u00f6ffentlichem Gut, etwa von Gemeindezentren, bringen. Zus\u00e4tzlich sollen B\u00fcrger noch eine Verwaltungsabgabe daf\u00fcr abliefern. Au\u00dferdem wird  vorgeschlagen, die Schneer\u00e4umung auf \u00f6ffentlichen Fl\u00e4chen einzuschr\u00e4nken. <\/p>\n<p><\/p>\n<p><\/p>\n<p><strong>&#8222;Streichung Sonderurlaub Betriebsausflug&#8220;<\/strong><\/p>\n<p><\/p>\n<p><\/p>\n<p>Offenbar erhalten Klagenfurter Magistratsmitarbeiter bei Teilnahme an Betriebsausfl\u00fcgen Sonderurlaub. Jedenfalls will eine der vorschlagenden Personen &#8211; <a href=\"https:\/\/www.mediapartizan.at\/?p=11713\" target=\"_blank\" rel=\"noreferrer noopener\">wie auch die Leiter der Abteilungen Entsorgung und Stadtgartenamt<\/a> &#8211; diesen Sonderurlaub gestrichen wissen und kalkuliert mit einer Einsparung von j\u00e4hrlich 85.000 Euro. <\/p>\n<p><\/p>\n<p><\/p>\n<p><strong>Scheider: &#8222;Bereits Ma\u00dfnahmen gesetzt&#8220;<\/strong><\/p>\n<p><\/p>\n<p><\/p>\n<p>Scheider antwortete auf eine Anfrage, &#8222;dass ich als Personalreferent bereits Ma\u00dfnahmen gesetzt habe, die sich budgetentlastend niederschlagen&#8220;. Dazu z\u00e4hle &#8222;der bereits seit mehreren Monaten g\u00fcltige Aufnahmestopp und eine generelle Nicht-Nachbesetzung bei nat\u00fcrlichen Abg\u00e4ngen&#8220;, so der Stadtchef. Die von der Personalabteilung vorgeschlagene Aufhebung der Lohnanpassung sei &#8222;Teil der derzeit laufenden Evaluierung&#8220;. Ob einzelene Vorschl\u00e4ge realistisch umsetzbar seien, werde der Konsolidierungsstab erarbeiten. Das h\u00e4nge &#8222;vor allem auch davon ab, ob sich politische Mehrheiten f\u00fcr eine Beschlussfassung finden&#8220;.<\/p>\n<p><\/p>\n<p><\/p>\n<p><strong>Fazit<\/strong> <strong>der Serie<\/strong><\/p>\n<p><\/p>\n<p><\/p>\n<p>Auf den Punkt gebracht ist das Fazit aus allen eingereichten Vorschl\u00e4gen: Den Stadtmitarbeitern ist die heikle Budgetlage offenbar ziemlich bewusst. Ob das auch bei den handelnden Politakteuren der Fall ist, bleibt die Frage.<\/p>\n<p><\/p>\n<p><\/p>\n<p><em>Ende der Serie<\/em><\/p>\n<p><\/p>\n<p><\/p>\n<figure class=\"wp-block-image aligncenter size-full is-resized\"><a href=\"https:\/\/www.mediapartizan.at\/?page_id=670\" target=\"_blank\" rel=\"noreferrer noopener\"><img data-recalc-dims=\"1\" loading=\"lazy\" decoding=\"async\" src=\"https:\/\/i0.wp.com\/www.mediapartizan.at\/wp-content\/uploads\/2025\/05\/Unterstuetzen-5.png?resize=421%2C51&#038;ssl=1\" alt=\"\" class=\"wp-image-11744\" width=\"421\" height=\"51\" srcset=\"https:\/\/i0.wp.com\/www.mediapartizan.at\/wp-content\/uploads\/2025\/05\/Unterstuetzen-5.png?w=892&amp;ssl=1 892w, https:\/\/i0.wp.com\/www.mediapartizan.at\/wp-content\/uploads\/2025\/05\/Unterstuetzen-5.png?resize=300%2C37&amp;ssl=1 300w, https:\/\/i0.wp.com\/www.mediapartizan.at\/wp-content\/uploads\/2025\/05\/Unterstuetzen-5.png?resize=768%2C95&amp;ssl=1 768w\" sizes=\"auto, (max-width: 421px) 100vw, 421px\" \/><\/a><\/figure>\n<p><\/p>\n<p><\/p>\n<p>Anmerkung zum Schluss: In allen drei Teilen der Serie handelte es sich um Vorschl\u00e4ge von Stadtmitarbeitern. F\u00fcr tats\u00e4chliches Inkraft-Treten br\u00e4uchte es politische Beschl\u00fcsse.<\/p>\n<p><\/p>\n<p><\/p>\n<p><\/p>\n<p><\/p>\n<p><\/p>\n<p><\/p>\n<p><\/p>\n<p><\/p>\n<p><\/p>\n<p><\/p>\n<p><\/p>\n<p><\/p>\n<p><\/p>\n<p><\/p>\n<p><\/p>\n<p><\/p>\n<p><\/p>\n<p><\/p>\n<p><\/p>\n<p><\/p>\n<p><\/p>\n<p><\/p>\n<p><\/p>\n<p><\/p>\n<p><\/p>\n<p><\/p>\n<p><\/p>\n<p><\/p>\n<p><\/p>\n","protected":false},"excerpt":{"rendered":"<div class=\"mh-excerpt\"><p>SERIE 3\/3 \u2013 Die geheimen Konsolidierungspapiere der Stadt Klagenfurt: In einem Aufsehen erregenden Vorschlag erw\u00e4gt die Personalabteilung die Aufhebung der letzten Gehaltsanpassung f\u00fcr Mitarbeiter. Das k\u00f6nne 4,9 Millionen Euro Einsparung bringen. Au\u00dferdem: Es sollen die Goldm\u00fcnzen der Stadt versilbert, Gassimaten gek\u00fcrzt, Marktkojen verteuert werden. Und der B\u00fcrgermeister soll keine Fotos mit SeniorInnen mehr machen. ENDE DER SERIE <a class=\"mh-excerpt-more\" href=\"https:\/\/www.mediapartizan.at\/?p=11732\" title=\"Pleitegeier \u00fcber Klagenfurt (3\/3): Von Gold, Silber, Millionen Gackerl-Sackerl und teuren Klos\">[&#8230;]<\/a><\/p>\n<\/div>","protected":false},"author":2,"featured_media":11740,"comment_status":"open","ping_status":"open","sticky":false,"template":"","format":"standard","meta":{"inline_featured_image":false,"_jetpack_memberships_contains_paid_content":false,"footnotes":""},"categories":[143],"tags":[367,684,685,156,675],"class_list":{"0":"post-11732","1":"post","2":"type-post","3":"status-publish","4":"format-standard","5":"has-post-thumbnail","7":"category-stadt-klagenfurt","8":"tag-budget","9":"tag-gehaltserhoehung","10":"tag-geheime-konsolidierungspapiere","11":"tag-klagenfurt","12":"tag-zahlungsunfaehigkeit"},"yoast_head":"<!-- This site is optimized with the Yoast SEO plugin v20.10 - https:\/\/yoast.com\/wordpress\/plugins\/seo\/ -->\n<title>Pleitegeier \u00fcber Klagenfurt (3\/3): Von Gold, Silber, Millionen Gackerl-Sackerl und teuren Klos - Mediapartizan.at<\/title>\n<meta name=\"robots\" content=\"index, follow, max-snippet:-1, max-image-preview:large, max-video-preview:-1\" \/>\n<link rel=\"canonical\" href=\"https:\/\/www.mediapartizan.at\/?p=11732\" \/>\n<meta property=\"og:locale\" content=\"de_DE\" \/>\n<meta property=\"og:type\" content=\"article\" \/>\n<meta property=\"og:title\" content=\"Pleitegeier \u00fcber Klagenfurt (3\/3): Von Gold, Silber, Millionen Gackerl-Sackerl und teuren Klos - Mediapartizan.at\" \/>\n<meta property=\"og:description\" content=\"SERIE 3\/3 \u2013 Die geheimen Konsolidierungspapiere der Stadt Klagenfurt: In einem Aufsehen erregenden Vorschlag erw\u00e4gt die Personalabteilung die Aufhebung der letzten Gehaltsanpassung f\u00fcr Mitarbeiter. Das k\u00f6nne 4,9 Millionen Euro Einsparung bringen. Au\u00dferdem: Es sollen die Goldm\u00fcnzen der Stadt versilbert, Gassimaten gek\u00fcrzt, Marktkojen verteuert werden. Und der B\u00fcrgermeister soll keine Fotos mit SeniorInnen mehr machen. ENDE DER SERIE [...]\" \/>\n<meta property=\"og:url\" content=\"https:\/\/www.mediapartizan.at\/?p=11732\" \/>\n<meta property=\"og:site_name\" content=\"Mediapartizan.at\" \/>\n<meta property=\"article:published_time\" content=\"2025-05-06T13:16:48+00:00\" \/>\n<meta property=\"article:modified_time\" content=\"2025-05-06T18:59:38+00:00\" \/>\n<meta property=\"og:image\" content=\"https:\/\/www.mediapartizan.at\/wp-content\/uploads\/2025\/05\/Gold-1024x629.png\" \/>\n\t<meta property=\"og:image:width\" content=\"1024\" \/>\n\t<meta property=\"og:image:height\" content=\"629\" \/>\n\t<meta property=\"og:image:type\" content=\"image\/png\" \/>\n<meta name=\"author\" content=\"Franz Miklautz\" \/>\n<meta name=\"twitter:card\" content=\"summary_large_image\" \/>\n<meta name=\"twitter:label1\" content=\"Verfasst von\" \/>\n\t<meta name=\"twitter:data1\" content=\"Franz Miklautz\" \/>\n\t<meta name=\"twitter:label2\" content=\"Gesch\u00e4tzte Lesezeit\" \/>\n\t<meta name=\"twitter:data2\" content=\"5\u00a0Minuten\" \/>\n<script type=\"application\/ld+json\" class=\"yoast-schema-graph\">{\"@context\":\"https:\/\/schema.org\",\"@graph\":[{\"@type\":\"WebPage\",\"@id\":\"https:\/\/www.mediapartizan.at\/?p=11732\",\"url\":\"https:\/\/www.mediapartizan.at\/?p=11732\",\"name\":\"Pleitegeier \u00fcber Klagenfurt (3\/3): Von Gold, Silber, Millionen Gackerl-Sackerl und teuren Klos - Mediapartizan.at\",\"isPartOf\":{\"@id\":\"https:\/\/www.mediapartizan.at\/#website\"},\"datePublished\":\"2025-05-06T13:16:48+00:00\",\"dateModified\":\"2025-05-06T18:59:38+00:00\",\"author\":{\"@id\":\"https:\/\/www.mediapartizan.at\/#\/schema\/person\/f6bd7eb8222f2fe985c78d08f17ed7a9\"},\"breadcrumb\":{\"@id\":\"https:\/\/www.mediapartizan.at\/?p=11732#breadcrumb\"},\"inLanguage\":\"de\",\"potentialAction\":[{\"@type\":\"ReadAction\",\"target\":[\"https:\/\/www.mediapartizan.at\/?p=11732\"]}]},{\"@type\":\"BreadcrumbList\",\"@id\":\"https:\/\/www.mediapartizan.at\/?p=11732#breadcrumb\",\"itemListElement\":[{\"@type\":\"ListItem\",\"position\":1,\"name\":\"Startseite\",\"item\":\"https:\/\/www.mediapartizan.at\/\"},{\"@type\":\"ListItem\",\"position\":2,\"name\":\"Pleitegeier \u00fcber Klagenfurt (3\/3): Von Gold, Silber, Millionen Gackerl-Sackerl und teuren Klos\"}]},{\"@type\":\"WebSite\",\"@id\":\"https:\/\/www.mediapartizan.at\/#website\",\"url\":\"https:\/\/www.mediapartizan.at\/\",\"name\":\"Mediapartizan.at\",\"description\":\"\",\"potentialAction\":[{\"@type\":\"SearchAction\",\"target\":{\"@type\":\"EntryPoint\",\"urlTemplate\":\"https:\/\/www.mediapartizan.at\/?s={search_term_string}\"},\"query-input\":\"required name=search_term_string\"}],\"inLanguage\":\"de\"},{\"@type\":\"Person\",\"@id\":\"https:\/\/www.mediapartizan.at\/#\/schema\/person\/f6bd7eb8222f2fe985c78d08f17ed7a9\",\"name\":\"Franz Miklautz\",\"image\":{\"@type\":\"ImageObject\",\"inLanguage\":\"de\",\"@id\":\"https:\/\/www.mediapartizan.at\/#\/schema\/person\/image\/\",\"url\":\"https:\/\/secure.gravatar.com\/avatar\/5618667e9a7ab3fa3e1a0c75987c8d0c111ad041167e738d67ac0846e54e195e?s=96&d=mm&r=g\",\"contentUrl\":\"https:\/\/secure.gravatar.com\/avatar\/5618667e9a7ab3fa3e1a0c75987c8d0c111ad041167e738d67ac0846e54e195e?s=96&d=mm&r=g\",\"caption\":\"Franz Miklautz\"},\"url\":\"https:\/\/www.mediapartizan.at\/?author=2\"}]}<\/script>\n<!-- \/ Yoast SEO plugin. -->","yoast_head_json":{"title":"Pleitegeier \u00fcber Klagenfurt (3\/3): Von Gold, Silber, Millionen Gackerl-Sackerl und teuren Klos - Mediapartizan.at","robots":{"index":"index","follow":"follow","max-snippet":"max-snippet:-1","max-image-preview":"max-image-preview:large","max-video-preview":"max-video-preview:-1"},"canonical":"https:\/\/www.mediapartizan.at\/?p=11732","og_locale":"de_DE","og_type":"article","og_title":"Pleitegeier \u00fcber Klagenfurt (3\/3): Von Gold, Silber, Millionen Gackerl-Sackerl und teuren Klos - Mediapartizan.at","og_description":"SERIE 3\/3 \u2013 Die geheimen Konsolidierungspapiere der Stadt Klagenfurt: In einem Aufsehen erregenden Vorschlag erw\u00e4gt die Personalabteilung die Aufhebung der letzten Gehaltsanpassung f\u00fcr Mitarbeiter. Das k\u00f6nne 4,9 Millionen Euro Einsparung bringen. Au\u00dferdem: Es sollen die Goldm\u00fcnzen der Stadt versilbert, Gassimaten gek\u00fcrzt, Marktkojen verteuert werden. Und der B\u00fcrgermeister soll keine Fotos mit SeniorInnen mehr machen. ENDE DER SERIE [...]","og_url":"https:\/\/www.mediapartizan.at\/?p=11732","og_site_name":"Mediapartizan.at","article_published_time":"2025-05-06T13:16:48+00:00","article_modified_time":"2025-05-06T18:59:38+00:00","og_image":[{"width":1024,"height":629,"url":"https:\/\/www.mediapartizan.at\/wp-content\/uploads\/2025\/05\/Gold-1024x629.png","type":"image\/png"}],"author":"Franz Miklautz","twitter_card":"summary_large_image","twitter_misc":{"Verfasst von":"Franz Miklautz","Gesch\u00e4tzte Lesezeit":"5\u00a0Minuten"},"schema":{"@context":"https:\/\/schema.org","@graph":[{"@type":"WebPage","@id":"https:\/\/www.mediapartizan.at\/?p=11732","url":"https:\/\/www.mediapartizan.at\/?p=11732","name":"Pleitegeier \u00fcber Klagenfurt (3\/3): Von Gold, Silber, Millionen Gackerl-Sackerl und teuren Klos - Mediapartizan.at","isPartOf":{"@id":"https:\/\/www.mediapartizan.at\/#website"},"datePublished":"2025-05-06T13:16:48+00:00","dateModified":"2025-05-06T18:59:38+00:00","author":{"@id":"https:\/\/www.mediapartizan.at\/#\/schema\/person\/f6bd7eb8222f2fe985c78d08f17ed7a9"},"breadcrumb":{"@id":"https:\/\/www.mediapartizan.at\/?p=11732#breadcrumb"},"inLanguage":"de","potentialAction":[{"@type":"ReadAction","target":["https:\/\/www.mediapartizan.at\/?p=11732"]}]},{"@type":"BreadcrumbList","@id":"https:\/\/www.mediapartizan.at\/?p=11732#breadcrumb","itemListElement":[{"@type":"ListItem","position":1,"name":"Startseite","item":"https:\/\/www.mediapartizan.at\/"},{"@type":"ListItem","position":2,"name":"Pleitegeier \u00fcber Klagenfurt (3\/3): Von Gold, Silber, Millionen Gackerl-Sackerl und teuren Klos"}]},{"@type":"WebSite","@id":"https:\/\/www.mediapartizan.at\/#website","url":"https:\/\/www.mediapartizan.at\/","name":"Mediapartizan.at","description":"","potentialAction":[{"@type":"SearchAction","target":{"@type":"EntryPoint","urlTemplate":"https:\/\/www.mediapartizan.at\/?s={search_term_string}"},"query-input":"required name=search_term_string"}],"inLanguage":"de"},{"@type":"Person","@id":"https:\/\/www.mediapartizan.at\/#\/schema\/person\/f6bd7eb8222f2fe985c78d08f17ed7a9","name":"Franz Miklautz","image":{"@type":"ImageObject","inLanguage":"de","@id":"https:\/\/www.mediapartizan.at\/#\/schema\/person\/image\/","url":"https:\/\/secure.gravatar.com\/avatar\/5618667e9a7ab3fa3e1a0c75987c8d0c111ad041167e738d67ac0846e54e195e?s=96&d=mm&r=g","contentUrl":"https:\/\/secure.gravatar.com\/avatar\/5618667e9a7ab3fa3e1a0c75987c8d0c111ad041167e738d67ac0846e54e195e?s=96&d=mm&r=g","caption":"Franz Miklautz"},"url":"https:\/\/www.mediapartizan.at\/?author=2"}]}},"jetpack_featured_media_url":"https:\/\/i0.wp.com\/www.mediapartizan.at\/wp-content\/uploads\/2025\/05\/Gold.png?fit=2168%2C1332&ssl=1","jetpack_sharing_enabled":true,"_links":{"self":[{"href":"https:\/\/www.mediapartizan.at\/index.php?rest_route=\/wp\/v2\/posts\/11732","targetHints":{"allow":["GET"]}}],"collection":[{"href":"https:\/\/www.mediapartizan.at\/index.php?rest_route=\/wp\/v2\/posts"}],"about":[{"href":"https:\/\/www.mediapartizan.at\/index.php?rest_route=\/wp\/v2\/types\/post"}],"author":[{"embeddable":true,"href":"https:\/\/www.mediapartizan.at\/index.php?rest_route=\/wp\/v2\/users\/2"}],"replies":[{"embeddable":true,"href":"https:\/\/www.mediapartizan.at\/index.php?rest_route=%2Fwp%2Fv2%2Fcomments&post=11732"}],"version-history":[{"count":3,"href":"https:\/\/www.mediapartizan.at\/index.php?rest_route=\/wp\/v2\/posts\/11732\/revisions"}],"predecessor-version":[{"id":11749,"href":"https:\/\/www.mediapartizan.at\/index.php?rest_route=\/wp\/v2\/posts\/11732\/revisions\/11749"}],"wp:featuredmedia":[{"embeddable":true,"href":"https:\/\/www.mediapartizan.at\/index.php?rest_route=\/wp\/v2\/media\/11740"}],"wp:attachment":[{"href":"https:\/\/www.mediapartizan.at\/index.php?rest_route=%2Fwp%2Fv2%2Fmedia&parent=11732"}],"wp:term":[{"taxonomy":"category","embeddable":true,"href":"https:\/\/www.mediapartizan.at\/index.php?rest_route=%2Fwp%2Fv2%2Fcategories&post=11732"},{"taxonomy":"post_tag","embeddable":true,"href":"https:\/\/www.mediapartizan.at\/index.php?rest_route=%2Fwp%2Fv2%2Ftags&post=11732"}],"curies":[{"name":"wp","href":"https:\/\/api.w.org\/{rel}","templated":true}]}}