{"id":12233,"date":"2025-07-15T12:40:43","date_gmt":"2025-07-15T10:40:43","guid":{"rendered":"https:\/\/www.mediapartizan.at\/?p=12233"},"modified":"2025-07-18T13:12:50","modified_gmt":"2025-07-18T11:12:50","slug":"gemeindeaufsicht-scheider-haette-anwalt-in-causa-jost-nicht-beauftragen-duerfen","status":"publish","type":"post","link":"https:\/\/www.mediapartizan.at\/?p=12233","title":{"rendered":"Gemeindeaufsicht: Scheider h\u00e4tte Anwalt in &#8222;Causa Jost&#8220; nicht beauftragen d\u00fcrfen"},"content":{"rendered":"<p><\/p>\n<p>Ganz am Anfang steht ein brisanter Aktenvermerk: Einer Mitarbeiterin im Rechnungswesen der Stadt Klagenfurt scheint eine Honorarnote einer bekannten steirischen Anwaltskanzlei nicht ganz koscher zu sein. Sie schreibt: &#8222;Wie die rechnerische und sachliche Richtigkeit dieser Rechnung best\u00e4tigt werden kann, erschlie\u00dft sich (&#8230;) der Abteilung Rechnungswesen nicht!&#8220; Sie ersucht &#8222;um Pr\u00fcfung, ob die Vergabe dieser Leistungen und nunmehr vorliegende Rechnung im Einklang mit dem \u00a7 69 Ktn. Allg. Gemeindeordnung (&#8230;) ist!&#8220; Anstatt eines Fragezeichens setzt sie ein Rufzeichen an das Satzende.<\/p>\n<p><\/p>\n<p><\/p>\n<p>Hinter dem Paragrafen verbirgt sich nicht weniger als die gesetzliche Regelung, in welchen F\u00e4llen ein K\u00e4rntner B\u00fcrgermeister Rechtsanw\u00e4lte beauftragen darf. Diese werden seit 2023 taxativ aufgez\u00e4hlt. Doch dazu sp\u00e4ter.<\/p>\n<p><\/p>\n<p><\/p>\n<div class=\"wp-block-media-text alignwide is-stacked-on-mobile\" style=\"grid-template-columns:65% auto\">\n<figure class=\"wp-block-media-text__media\"><img data-recalc-dims=\"1\" loading=\"lazy\" decoding=\"async\" width=\"1024\" height=\"990\" src=\"https:\/\/i0.wp.com\/www.mediapartizan.at\/wp-content\/uploads\/2025\/07\/Bildschirmfoto-2025-07-14-um-23.07.11.png?resize=1024%2C990&#038;ssl=1\" alt=\"\" class=\"wp-image-12238 size-full\" srcset=\"https:\/\/i0.wp.com\/www.mediapartizan.at\/wp-content\/uploads\/2025\/07\/Bildschirmfoto-2025-07-14-um-23.07.11.png?resize=1024%2C990&amp;ssl=1 1024w, https:\/\/i0.wp.com\/www.mediapartizan.at\/wp-content\/uploads\/2025\/07\/Bildschirmfoto-2025-07-14-um-23.07.11.png?resize=300%2C290&amp;ssl=1 300w, https:\/\/i0.wp.com\/www.mediapartizan.at\/wp-content\/uploads\/2025\/07\/Bildschirmfoto-2025-07-14-um-23.07.11.png?resize=768%2C743&amp;ssl=1 768w, https:\/\/i0.wp.com\/www.mediapartizan.at\/wp-content\/uploads\/2025\/07\/Bildschirmfoto-2025-07-14-um-23.07.11.png?w=1032&amp;ssl=1 1032w\" sizes=\"auto, (max-width: 1000px) 100vw, 1000px\" \/><\/figure>\n<div class=\"wp-block-media-text__content\"><\/p>\n<p><strong>Rechnungswesen wird stutzig<\/strong>: Am 11. November 2024 regt das Rechnungswesen der Stadt an, die Rechnung einer der beiden Kanzleien auf Gesetzeskonformit\u00e4t zu pr\u00fcfen.<\/p>\n<p><\/div>\n<\/div>\n<p><\/p>\n<p><\/p>\n<p><\/p>\n<p><\/p>\n<p>Im Visier der Mitarbeiterin ist die Honorarnote &#8222;24\/2189&#8220; vom 30. September 2024 in der H\u00f6he von \u00fcber 97.000 Euro. Alle hier angegebenen Werte verstehen sich brutto. Die Note ist eine aus einem Konglomerat an Anwaltsrechnungen, die in Zusammenhang mit der &#8222;Causa Jost II&#8220; ins Rathaus Klagenfurt flattern und von denen nun ein Teil noch Folgen haben k\u00f6nnte.<\/p>\n<p><\/p>\n<p><\/p>\n<p><strong>Gegen Gemeindeordnung versto\u00dfen<\/strong><\/p>\n<p><\/p>\n<p><\/p>\n<p>Wie die Juristen der K\u00e4rntner Gemeindeaufsicht in einer Stellungnahme vom 17. Juni dieses Jahres n\u00e4mlich festhalten, h\u00e4tte Scheider Anwaltsleistungen von 53.714,28 Euro nicht beauftragen d\u00fcrfen. Die 11-seitige Stellungnahme des Landes war aufgrund einer Aufsichtsbeschwerde der SP\u00d6 Klagenfurt auf Basis von Recherchen von Mediapartizan.at entstanden. Darin wird festgehalten, dass Scheider mit der <em>alleinigen<\/em> Beauftragung eines Anwalts in H\u00f6he besagter fast 54.000 Euro gegen <a href=\"https:\/\/www.ris.bka.gv.at\/NormDokument.wxe?Abfrage=LrK&amp;Gesetzesnummer=10000276&amp;FassungVom=2025-03-19&amp;Artikel=&amp;Paragraf=69&amp;Anlage=&amp;Uebergangsrecht=\" target=\"_blank\" rel=\"noreferrer noopener\">Paragraf 69 der K\u00e4rntner Gemeindeordnung (K-AGO)<\/a> versto\u00dfen habe.<\/p>\n<p><\/p>\n<p><\/p>\n<p>Die Vorgeschichte: Ende 2022 verl\u00e4ngert Scheider den damaligen Magistratsdirektor Peter Jost um zwei Jahre \u00fcber dessen Regelpensionsalter hinaus. Und zwar mit dem sogenannten Notfallparagrafen &#8211; also im Alleingang und ohne Einbindung anderer Parteien. Daraufhin bringen SP\u00d6, FP\u00d6 und Neos eine Beschwerde bei der Gemeindeaufsicht ein, die nach rund einem Jahr zu einer aufsehenerregenden Nichtig-Erkl\u00e4rung von Josts Dienstverl\u00e4ngerung f\u00fchrt. Scheider habe seine Befugnis durch die Inanspruchnahme des Notparagrafens \u00fcberschritten. Jost muss in Pension.<\/p>\n<p><\/p>\n<p><\/p>\n<p><strong>Rien ne va plus<\/strong><\/p>\n<p><\/p>\n<p><\/p>\n<p>Doch w\u00e4hrend des besagten Jahres l\u00e4sst Scheider einen berufenen K\u00e4rntner Anwalt f\u00fcr die Aufrechterhaltung seiner Not-Verl\u00e4ngerung Josts k\u00e4mpfen. Der letztendlichen Nichterkl\u00e4rung waren n\u00e4mlich zwei Bescheide der Gemeindeaufsicht vorausgegangen. Und schon diese erkl\u00e4rten, dass Scheiders Alleingang zu Unrecht erfolgt sei. Der Anwalt bek\u00e4mpfte diese zwei Entscheidungen zun\u00e4chst erfolgreich, in dem er der Aufsicht vor dem Landesverwaltungsgericht (LVwG) Formalfehler und falsch gewichtete Einsch\u00e4tzungen vorwarf. Bis es mit der Nichterkl\u00e4rung schlussendlich final Rien ne va plus hie\u00df.<\/p>\n<p><\/p>\n<p><\/p>\n<div class=\"wp-block-media-text alignwide is-stacked-on-mobile is-vertically-aligned-center\" style=\"grid-template-columns:65% auto\">\n<figure class=\"wp-block-media-text__media\"><img data-recalc-dims=\"1\" loading=\"lazy\" decoding=\"async\" width=\"776\" height=\"1024\" src=\"https:\/\/i0.wp.com\/www.mediapartizan.at\/wp-content\/uploads\/2025\/07\/Bildschirmfoto-2025-07-14-um-23.42.55-1.png?resize=776%2C1024&#038;ssl=1\" alt=\"\" class=\"wp-image-12242 size-full\" srcset=\"https:\/\/i0.wp.com\/www.mediapartizan.at\/wp-content\/uploads\/2025\/07\/Bildschirmfoto-2025-07-14-um-23.42.55-1.png?resize=776%2C1024&amp;ssl=1 776w, https:\/\/i0.wp.com\/www.mediapartizan.at\/wp-content\/uploads\/2025\/07\/Bildschirmfoto-2025-07-14-um-23.42.55-1.png?resize=227%2C300&amp;ssl=1 227w, https:\/\/i0.wp.com\/www.mediapartizan.at\/wp-content\/uploads\/2025\/07\/Bildschirmfoto-2025-07-14-um-23.42.55-1.png?resize=768%2C1013&amp;ssl=1 768w, https:\/\/i0.wp.com\/www.mediapartizan.at\/wp-content\/uploads\/2025\/07\/Bildschirmfoto-2025-07-14-um-23.42.55-1.png?w=884&amp;ssl=1 884w\" sizes=\"auto, (max-width: 776px) 100vw, 776px\" \/><\/figure>\n<div class=\"wp-block-media-text__content\"><\/p>\n<p><strong>Nicht die gesamten<\/strong> der fast 320.000 Euro brutto, die Scheider per Unterschrift hat anweisen lassen, fallen unter den Titel &#8222;Causa Jost II&#8220;. Aber ein gro\u00dfer Teil der Rechnungen haben mit Scheiders Notfallakt und Josts darauf folgende Forderungen zu tun.<\/p>\n<p><\/div>\n<\/div>\n<p><\/p>\n<p><\/p>\n<p><\/p>\n<p><\/p>\n<p>Offiziell stand der K\u00e4rntner Anwalt im Auftrag der Stadt, seine Rechnungen gingen aber direkt ans B\u00fcrgermeisterb\u00fcro. Alle Honorarnoten wurden von B\u00fcrgermeister Scheider mit Datum 17. Dezember 2024 abgezeichnet. Doch Scheider scheint die Rechnung ohne Gemeindeaufsicht gemacht zu haben: <a href=\"https:\/\/www.ris.bka.gv.at\/NormDokument.wxe?Abfrage=LrK&amp;Gesetzesnummer=10000276&amp;FassungVom=2025-03-19&amp;Artikel=&amp;Paragraf=69&amp;Anlage=&amp;Uebergangsrecht=\" target=\"_blank\" rel=\"noreferrer noopener\">Nach K-AGO d\u00fcrfen B\u00fcrgermeister Rechtsanw\u00e4lte n\u00e4mlich nur dann im Alleingang beauftragen<\/a>, wenn eine Mahnklage (bis 5000 Euro) eingebracht werden soll; wenn die Stadt beklagte Partei ist; und bei Revisionen &#8211; sofern der B\u00fcrgermeister belangte Beh\u00f6rde ist. Nichts davon treffe laut Gemeindeaufsicht auf die fast 54.000 Euro an Anwaltsleistungen zu (siehe Seiten 9, 10, 11 des Dokuments am Textende).<\/p>\n<p><\/p>\n<p><\/p>\n<figure class=\"wp-block-image aligncenter size-large is-resized\"><img data-recalc-dims=\"1\" loading=\"lazy\" decoding=\"async\" src=\"https:\/\/i0.wp.com\/www.mediapartizan.at\/wp-content\/uploads\/2025\/07\/Bildschirmfoto-2025-07-14-um-15.35.23.png?resize=645%2C73&#038;ssl=1\" alt=\"\" class=\"wp-image-12234\" width=\"645\" height=\"73\" srcset=\"https:\/\/i0.wp.com\/www.mediapartizan.at\/wp-content\/uploads\/2025\/07\/Bildschirmfoto-2025-07-14-um-15.35.23.png?resize=1024%2C118&amp;ssl=1 1024w, https:\/\/i0.wp.com\/www.mediapartizan.at\/wp-content\/uploads\/2025\/07\/Bildschirmfoto-2025-07-14-um-15.35.23.png?resize=300%2C34&amp;ssl=1 300w, https:\/\/i0.wp.com\/www.mediapartizan.at\/wp-content\/uploads\/2025\/07\/Bildschirmfoto-2025-07-14-um-15.35.23.png?resize=768%2C88&amp;ssl=1 768w, https:\/\/i0.wp.com\/www.mediapartizan.at\/wp-content\/uploads\/2025\/07\/Bildschirmfoto-2025-07-14-um-15.35.23.png?resize=1536%2C176&amp;ssl=1 1536w, https:\/\/i0.wp.com\/www.mediapartizan.at\/wp-content\/uploads\/2025\/07\/Bildschirmfoto-2025-07-14-um-15.35.23.png?w=1828&amp;ssl=1 1828w\" sizes=\"auto, (max-width: 645px) 100vw, 645px\" \/><\/figure>\n<p><\/p>\n<p><\/p>\n<p><strong>Rechnungen &#8222;vier bis f\u00fcnf Mal&#8220; umgeschrieben<\/strong><\/p>\n<p><\/p>\n<p><\/p>\n<p>Die Stadt lie\u00df den K\u00e4rntner Anwalt Monate auf sein Honorar warten. In dieser Zeit waren die Rechnungen offenbar &#8222;vier bis f\u00fcnf Mal&#8220; umzuschreiben, erkl\u00e4rt eine in das Geschehen involvierte Person, die anonym bleiben will. Schlussendlich \u00fcbertrug die Stadt der eingangs erw\u00e4hnten steirischen Juristenkanzlei, die in der &#8222;Causa Jost II&#8220; selbst gro\u00dffl\u00e4chig f\u00fcr das Rathaus t\u00e4tig war, die \u00dcberpr\u00fcfung der 54.000-Euro-Honorare des Anwalts. <\/p>\n<p><\/p>\n<p><\/p>\n<p>Die Steirer gaben die Summe unter dem Titel &#8222;laufende Verwaltung&#8220; frei. Dieser Titel h\u00e4tte die Abzeichnung der Rechnungen durch Scheider legitimiert. Doch dem schiebt die Gemeindeaufsicht nun einen Riegel vor: Das aufsichtsbeh\u00f6rdliche Verfahren, in dem der Anwalt vor dem LVwG f\u00fcr Scheiders Notfallparagrafen gek\u00e4mpft hatte, sei keineswegs als Akt der &#8222;laufenden Verwaltung&#8220; zu verstehen.<\/p>\n<p><\/p>\n<p><\/p>\n<p><strong>B\u00fcrgermeisterb\u00fcro: &#8222;Nicht nachvollziehbar&#8220;<\/strong><\/p>\n<p><\/p>\n<p><\/p>\n<p>Das B\u00fcrgermeisterb\u00fcro erkl\u00e4rt auf Anfrage, dass die Ausf\u00fchrungen der Gemeindeaufsicht &#8222;f\u00fcr die Stadt nicht nachvollziehbar&#8220; seien. Ein renommierter Verfassungsjurist &#8222;best\u00e4tigte vorab, dass die Beauftragung der Rechtsberatungen im Rahmen der laufenden Verwaltung erfolgen&#8220; k\u00f6nne. Zwischenzeitlich liege &#8222;der Stadt ein weiteres Rechtsgutachten&#8220; des &#8222;renommierten Verfassungsjuristen&#8220; Peter Bu\u00dfj\u00e4ger vor, &#8222;dass, die Bevollm\u00e4chtigung eines Rechtsanwaltes als Angelegenheit der laufenden Verwaltung grunds\u00e4tzlich zul\u00e4ssig ist'&#8220;.<\/p>\n<p><\/p>\n<p><\/p>\n<p>Die Stadt wolle &#8222;daher einen Bescheid von Seiten der Gemeindeaufsicht anfordern&#8220;, um diesen zu beeinspruchen. Offenbar ist ein Gerichtsgang nicht ausgeschlossen. Warum die Gemeindeaufsicht einen solchen Bescheid nicht schon ausgestellt habe, beantwortet Gemeindeabteilungschef Stefan Primosch so: &#8222;Das ist die \u00fcbliche Vorgangsweise bei einer Aufsichtsbeschwerde.&#8220; Jetzt habe die Stadt die M\u00f6glichkeit, die Angelegenheit intern zu regeln. Es k\u00f6nne ja sein, &#8222;dass das Honorar vom Gemeinderat nachtr\u00e4glich genehmigt &#8211; oder vom Anwalt zur\u00fcckgefordert&#8220; werde. <\/p>\n<p><\/p>\n<p><\/p>\n<p><strong>Regress gegen Scheider?<\/strong><\/p>\n<p><\/p>\n<p><\/p>\n<p>Und wenn der Gemeinderat keine der beiden Optionen ziehe? Auf die Frage, ob sich die Stadt bei Scheider schadlos halten k\u00f6nnte, sagt Primosch: &#8222;Es ist nichts auszuschlie\u00dfen.&#8220;<\/p>\n<p><\/p>\n<p><\/p>\n<p>Und da w\u00e4re dann auch noch die Rechnung der steirischen Anwaltskanzlei, die der Rechnungswesen-Mitarbeiterin offenbar nicht ganz koscher war. In Bezug auf Paragraf 69 K-AGO.<\/p>\n<p><\/p>\n<p><\/p>\n<div data-wp-interactive=\"core\/file\" class=\"wp-block-file aligncenter\"><object data-wp-bind--hidden=\"!state.hasPdfPreview\" hidden class=\"wp-block-file__embed\" data=\"https:\/\/www.mediapartizan.at\/wp-content\/uploads\/2025\/07\/Aufsichtsbeschwerde_Anwaltshonorare.pdf\" type=\"application\/pdf\" style=\"width:100%;height:690px\" aria-label=\"Einbettung von Anwaltshonorare nicht rechtskonform.\"><\/object><a id=\"wp-block-file--media-68942ead-8893-46f7-9949-101b58a805c7\" href=\"https:\/\/www.mediapartizan.at\/wp-content\/uploads\/2025\/07\/Aufsichtsbeschwerde_Anwaltshonorare.pdf\">Anwaltshonorare nicht rechtskonform<\/a><a href=\"https:\/\/www.mediapartizan.at\/wp-content\/uploads\/2025\/07\/Aufsichtsbeschwerde_Anwaltshonorare.pdf\" class=\"wp-block-file__button wp-element-button\" download aria-describedby=\"wp-block-file--media-68942ead-8893-46f7-9949-101b58a805c7\">Herunterladen<\/a><\/div>\n<p><\/p>\n<p><\/p>\n<p><\/p>\n<p><\/p>\n<p><\/p>\n<p><\/p>\n<p><\/p>\n<p><\/p>\n<p><\/p>\n<p><\/p>\n<p><\/p>\n<p><\/p>\n<p><\/p>\n<p><\/p>\n<p><\/p>\n","protected":false},"excerpt":{"rendered":"<div class=\"mh-excerpt\"><p>Paukenschlag: K\u00e4rntner Gemeindeaufsicht erkl\u00e4rt in Stellungnahme, dass Klagenfurts B\u00fcrgermeister Christian Scheider in &#8222;Causa Jost II&#8220; keine Legitimation gehabt habe, einen Anwalt zu beauftragen. Jetzt steht 54.000-Euro-Honorar auf dem Spiel. R\u00fcckforderung bei Anwalt oder Regress bei Scheider? Rechnungen sollen mehrmals umgeschrieben worden sein. Stadt: &#8222;Nicht nachvollziehbar&#8220;.  <a class=\"mh-excerpt-more\" href=\"https:\/\/www.mediapartizan.at\/?p=12233\" title=\"Gemeindeaufsicht: Scheider h\u00e4tte Anwalt in &#8222;Causa Jost&#8220; nicht beauftragen d\u00fcrfen\">[&#8230;]<\/a><\/p>\n<\/div>","protected":false},"author":2,"featured_media":12251,"comment_status":"open","ping_status":"open","sticky":false,"template":"","format":"standard","meta":{"inline_featured_image":false,"_jetpack_memberships_contains_paid_content":false,"footnotes":""},"categories":[143],"tags":[705,472,615,156,707,146],"class_list":{"0":"post-12233","1":"post","2":"type-post","3":"status-publish","4":"format-standard","5":"has-post-thumbnail","7":"category-stadt-klagenfurt","8":"tag-anwalt","9":"tag-causa-jost","10":"tag-gemeindeaufsicht","11":"tag-klagenfurt","12":"tag-rechtskosten","13":"tag-scheider"},"yoast_head":"<!-- This site is optimized with the Yoast SEO plugin v20.10 - https:\/\/yoast.com\/wordpress\/plugins\/seo\/ -->\n<title>Gemeindeaufsicht: Scheider h\u00e4tte Anwalt in &quot;Causa Jost&quot; nicht beauftragen d\u00fcrfen - Mediapartizan.at<\/title>\n<meta name=\"robots\" content=\"index, follow, max-snippet:-1, max-image-preview:large, max-video-preview:-1\" \/>\n<link rel=\"canonical\" href=\"https:\/\/www.mediapartizan.at\/?p=12233\" \/>\n<meta property=\"og:locale\" content=\"de_DE\" \/>\n<meta property=\"og:type\" content=\"article\" \/>\n<meta property=\"og:title\" content=\"Gemeindeaufsicht: Scheider h\u00e4tte Anwalt in &quot;Causa Jost&quot; nicht beauftragen d\u00fcrfen - Mediapartizan.at\" \/>\n<meta property=\"og:description\" content=\"Paukenschlag: K\u00e4rntner Gemeindeaufsicht erkl\u00e4rt in Stellungnahme, dass Klagenfurts B\u00fcrgermeister Christian Scheider in &quot;Causa Jost II&quot; keine Legitimation gehabt habe, einen Anwalt zu beauftragen. Jetzt steht 54.000-Euro-Honorar auf dem Spiel. R\u00fcckforderung bei Anwalt oder Regress bei Scheider? Rechnungen sollen mehrmals umgeschrieben worden sein. Stadt: &quot;Nicht nachvollziehbar&quot;. [...]\" \/>\n<meta property=\"og:url\" content=\"https:\/\/www.mediapartizan.at\/?p=12233\" \/>\n<meta property=\"og:site_name\" content=\"Mediapartizan.at\" \/>\n<meta property=\"article:published_time\" content=\"2025-07-15T10:40:43+00:00\" \/>\n<meta property=\"article:modified_time\" content=\"2025-07-18T11:12:50+00:00\" \/>\n<meta property=\"og:image\" content=\"https:\/\/www.mediapartizan.at\/wp-content\/uploads\/2025\/07\/20210407_PD1683.HR_-1-scaled.jpg\" \/>\n\t<meta property=\"og:image:width\" content=\"2560\" \/>\n\t<meta property=\"og:image:height\" content=\"1939\" \/>\n\t<meta property=\"og:image:type\" content=\"image\/jpeg\" \/>\n<meta name=\"author\" content=\"Franz Miklautz\" \/>\n<meta name=\"twitter:card\" content=\"summary_large_image\" \/>\n<meta name=\"twitter:label1\" content=\"Verfasst von\" \/>\n\t<meta name=\"twitter:data1\" content=\"Franz Miklautz\" \/>\n\t<meta name=\"twitter:label2\" content=\"Gesch\u00e4tzte Lesezeit\" \/>\n\t<meta name=\"twitter:data2\" content=\"6\u00a0Minuten\" \/>\n<script type=\"application\/ld+json\" class=\"yoast-schema-graph\">{\"@context\":\"https:\/\/schema.org\",\"@graph\":[{\"@type\":\"WebPage\",\"@id\":\"https:\/\/www.mediapartizan.at\/?p=12233\",\"url\":\"https:\/\/www.mediapartizan.at\/?p=12233\",\"name\":\"Gemeindeaufsicht: Scheider h\u00e4tte Anwalt in \\\"Causa Jost\\\" nicht beauftragen d\u00fcrfen - Mediapartizan.at\",\"isPartOf\":{\"@id\":\"https:\/\/www.mediapartizan.at\/#website\"},\"datePublished\":\"2025-07-15T10:40:43+00:00\",\"dateModified\":\"2025-07-18T11:12:50+00:00\",\"author\":{\"@id\":\"https:\/\/www.mediapartizan.at\/#\/schema\/person\/f6bd7eb8222f2fe985c78d08f17ed7a9\"},\"breadcrumb\":{\"@id\":\"https:\/\/www.mediapartizan.at\/?p=12233#breadcrumb\"},\"inLanguage\":\"de\",\"potentialAction\":[{\"@type\":\"ReadAction\",\"target\":[\"https:\/\/www.mediapartizan.at\/?p=12233\"]}]},{\"@type\":\"BreadcrumbList\",\"@id\":\"https:\/\/www.mediapartizan.at\/?p=12233#breadcrumb\",\"itemListElement\":[{\"@type\":\"ListItem\",\"position\":1,\"name\":\"Startseite\",\"item\":\"https:\/\/www.mediapartizan.at\/\"},{\"@type\":\"ListItem\",\"position\":2,\"name\":\"Gemeindeaufsicht: Scheider h\u00e4tte Anwalt in &#8220;Causa Jost&#8221; nicht beauftragen d\u00fcrfen\"}]},{\"@type\":\"WebSite\",\"@id\":\"https:\/\/www.mediapartizan.at\/#website\",\"url\":\"https:\/\/www.mediapartizan.at\/\",\"name\":\"Mediapartizan.at\",\"description\":\"\",\"potentialAction\":[{\"@type\":\"SearchAction\",\"target\":{\"@type\":\"EntryPoint\",\"urlTemplate\":\"https:\/\/www.mediapartizan.at\/?s={search_term_string}\"},\"query-input\":\"required name=search_term_string\"}],\"inLanguage\":\"de\"},{\"@type\":\"Person\",\"@id\":\"https:\/\/www.mediapartizan.at\/#\/schema\/person\/f6bd7eb8222f2fe985c78d08f17ed7a9\",\"name\":\"Franz Miklautz\",\"image\":{\"@type\":\"ImageObject\",\"inLanguage\":\"de\",\"@id\":\"https:\/\/www.mediapartizan.at\/#\/schema\/person\/image\/\",\"url\":\"https:\/\/secure.gravatar.com\/avatar\/5618667e9a7ab3fa3e1a0c75987c8d0c111ad041167e738d67ac0846e54e195e?s=96&d=mm&r=g\",\"contentUrl\":\"https:\/\/secure.gravatar.com\/avatar\/5618667e9a7ab3fa3e1a0c75987c8d0c111ad041167e738d67ac0846e54e195e?s=96&d=mm&r=g\",\"caption\":\"Franz Miklautz\"},\"url\":\"https:\/\/www.mediapartizan.at\/?author=2\"}]}<\/script>\n<!-- \/ Yoast SEO plugin. -->","yoast_head_json":{"title":"Gemeindeaufsicht: Scheider h\u00e4tte Anwalt in \"Causa Jost\" nicht beauftragen d\u00fcrfen - Mediapartizan.at","robots":{"index":"index","follow":"follow","max-snippet":"max-snippet:-1","max-image-preview":"max-image-preview:large","max-video-preview":"max-video-preview:-1"},"canonical":"https:\/\/www.mediapartizan.at\/?p=12233","og_locale":"de_DE","og_type":"article","og_title":"Gemeindeaufsicht: Scheider h\u00e4tte Anwalt in \"Causa Jost\" nicht beauftragen d\u00fcrfen - Mediapartizan.at","og_description":"Paukenschlag: K\u00e4rntner Gemeindeaufsicht erkl\u00e4rt in Stellungnahme, dass Klagenfurts B\u00fcrgermeister Christian Scheider in \"Causa Jost II\" keine Legitimation gehabt habe, einen Anwalt zu beauftragen. Jetzt steht 54.000-Euro-Honorar auf dem Spiel. R\u00fcckforderung bei Anwalt oder Regress bei Scheider? Rechnungen sollen mehrmals umgeschrieben worden sein. Stadt: \"Nicht nachvollziehbar\". [...]","og_url":"https:\/\/www.mediapartizan.at\/?p=12233","og_site_name":"Mediapartizan.at","article_published_time":"2025-07-15T10:40:43+00:00","article_modified_time":"2025-07-18T11:12:50+00:00","og_image":[{"width":2560,"height":1939,"url":"https:\/\/www.mediapartizan.at\/wp-content\/uploads\/2025\/07\/20210407_PD1683.HR_-1-scaled.jpg","type":"image\/jpeg"}],"author":"Franz Miklautz","twitter_card":"summary_large_image","twitter_misc":{"Verfasst von":"Franz Miklautz","Gesch\u00e4tzte Lesezeit":"6\u00a0Minuten"},"schema":{"@context":"https:\/\/schema.org","@graph":[{"@type":"WebPage","@id":"https:\/\/www.mediapartizan.at\/?p=12233","url":"https:\/\/www.mediapartizan.at\/?p=12233","name":"Gemeindeaufsicht: Scheider h\u00e4tte Anwalt in \"Causa Jost\" nicht beauftragen d\u00fcrfen - Mediapartizan.at","isPartOf":{"@id":"https:\/\/www.mediapartizan.at\/#website"},"datePublished":"2025-07-15T10:40:43+00:00","dateModified":"2025-07-18T11:12:50+00:00","author":{"@id":"https:\/\/www.mediapartizan.at\/#\/schema\/person\/f6bd7eb8222f2fe985c78d08f17ed7a9"},"breadcrumb":{"@id":"https:\/\/www.mediapartizan.at\/?p=12233#breadcrumb"},"inLanguage":"de","potentialAction":[{"@type":"ReadAction","target":["https:\/\/www.mediapartizan.at\/?p=12233"]}]},{"@type":"BreadcrumbList","@id":"https:\/\/www.mediapartizan.at\/?p=12233#breadcrumb","itemListElement":[{"@type":"ListItem","position":1,"name":"Startseite","item":"https:\/\/www.mediapartizan.at\/"},{"@type":"ListItem","position":2,"name":"Gemeindeaufsicht: Scheider h\u00e4tte Anwalt in &#8220;Causa Jost&#8221; nicht beauftragen d\u00fcrfen"}]},{"@type":"WebSite","@id":"https:\/\/www.mediapartizan.at\/#website","url":"https:\/\/www.mediapartizan.at\/","name":"Mediapartizan.at","description":"","potentialAction":[{"@type":"SearchAction","target":{"@type":"EntryPoint","urlTemplate":"https:\/\/www.mediapartizan.at\/?s={search_term_string}"},"query-input":"required name=search_term_string"}],"inLanguage":"de"},{"@type":"Person","@id":"https:\/\/www.mediapartizan.at\/#\/schema\/person\/f6bd7eb8222f2fe985c78d08f17ed7a9","name":"Franz Miklautz","image":{"@type":"ImageObject","inLanguage":"de","@id":"https:\/\/www.mediapartizan.at\/#\/schema\/person\/image\/","url":"https:\/\/secure.gravatar.com\/avatar\/5618667e9a7ab3fa3e1a0c75987c8d0c111ad041167e738d67ac0846e54e195e?s=96&d=mm&r=g","contentUrl":"https:\/\/secure.gravatar.com\/avatar\/5618667e9a7ab3fa3e1a0c75987c8d0c111ad041167e738d67ac0846e54e195e?s=96&d=mm&r=g","caption":"Franz Miklautz"},"url":"https:\/\/www.mediapartizan.at\/?author=2"}]}},"jetpack_featured_media_url":"https:\/\/i0.wp.com\/www.mediapartizan.at\/wp-content\/uploads\/2025\/07\/20210407_PD1683.HR_-1-scaled.jpg?fit=2560%2C1939&ssl=1","jetpack_sharing_enabled":true,"_links":{"self":[{"href":"https:\/\/www.mediapartizan.at\/index.php?rest_route=\/wp\/v2\/posts\/12233","targetHints":{"allow":["GET"]}}],"collection":[{"href":"https:\/\/www.mediapartizan.at\/index.php?rest_route=\/wp\/v2\/posts"}],"about":[{"href":"https:\/\/www.mediapartizan.at\/index.php?rest_route=\/wp\/v2\/types\/post"}],"author":[{"embeddable":true,"href":"https:\/\/www.mediapartizan.at\/index.php?rest_route=\/wp\/v2\/users\/2"}],"replies":[{"embeddable":true,"href":"https:\/\/www.mediapartizan.at\/index.php?rest_route=%2Fwp%2Fv2%2Fcomments&post=12233"}],"version-history":[{"count":5,"href":"https:\/\/www.mediapartizan.at\/index.php?rest_route=\/wp\/v2\/posts\/12233\/revisions"}],"predecessor-version":[{"id":12265,"href":"https:\/\/www.mediapartizan.at\/index.php?rest_route=\/wp\/v2\/posts\/12233\/revisions\/12265"}],"wp:featuredmedia":[{"embeddable":true,"href":"https:\/\/www.mediapartizan.at\/index.php?rest_route=\/wp\/v2\/media\/12251"}],"wp:attachment":[{"href":"https:\/\/www.mediapartizan.at\/index.php?rest_route=%2Fwp%2Fv2%2Fmedia&parent=12233"}],"wp:term":[{"taxonomy":"category","embeddable":true,"href":"https:\/\/www.mediapartizan.at\/index.php?rest_route=%2Fwp%2Fv2%2Fcategories&post=12233"},{"taxonomy":"post_tag","embeddable":true,"href":"https:\/\/www.mediapartizan.at\/index.php?rest_route=%2Fwp%2Fv2%2Ftags&post=12233"}],"curies":[{"name":"wp","href":"https:\/\/api.w.org\/{rel}","templated":true}]}}