{"id":12310,"date":"2025-07-26T20:19:50","date_gmt":"2025-07-26T18:19:50","guid":{"rendered":"https:\/\/www.mediapartizan.at\/?p=12310"},"modified":"2025-07-27T10:49:15","modified_gmt":"2025-07-27T08:49:15","slug":"gericht-bewilligt-versteigerung-von-orasch-liegenschaft-in-tainach","status":"publish","type":"post","link":"https:\/\/www.mediapartizan.at\/?p=12310","title":{"rendered":"Gericht bewilligt Versteigerung von Orasch-Liegenschaft in Tainach"},"content":{"rendered":"<p><\/p>\n<p>Zwar geh\u00f6ren die Adressen Dorfplatz 23 und Dorfplatz 25 in Tainach noch zu 100 Prozent der DL Dorfplatz Entwicklungs GmbH der Familie des Immobilienunternehmers Franz Peter Orasch (Lilihill-Gruppe). Doch das k\u00f6nnte sich in \u00fcberschaubarer Zeit \u00e4ndern. <\/p>\n<p><\/p>\n<p><\/p>\n<p>Orasch und seine Ehefrau, die Winzerin Mirjam Orasch, haben die Liegenschaft vor rund vier Jahren um 380.000 Euro gekauft. An der Adresse war der &#8222;Platzlwirt&#8220; untergebracht, ein bekanntes hiesiges Wirtshaus. Der Immobilienkauf d\u00fcrfte \u00fcber die Raiffeisenbank Eberndorf finanziert worden sein, das zeigen Pfandrechte der Bank auf die Liegenschaft. H\u00f6chstbetrag 400.000 Euro. <\/p>\n<p><\/p>\n<p><\/p>\n<p>Und die d\u00fcrfte wohl ihr Geld zur\u00fcckgefordert haben, jedenfalls brachte sie im Oktober des Vorjahres eine Klage gegen die DL Dorfplatz Entwicklungs GmbH am Bezirksgericht V\u00f6lkermarkt ein, wie der Leiter der Medienstelle am Landesgericht (LG) Klagenfurt, Christian Liebhauser-Karl, unl\u00e4ngst sagte. Diesbez\u00fcglich sei es &#8222;zu einem Anerkenntnisurteil gekommen&#8220;, sagt Liebhauser-Karl, Orasch habe also den Anspruch der RB Eberndorf auf das ausstehende Geld anerkannt. <\/p>\n<p><\/p>\n<p><\/p>\n<p><strong>&#8222;Hereinbringung von 70.000 Euro&#8220;<\/strong><\/p>\n<p><\/p>\n<p><\/p>\n<p>Der &#8222;K\u00e4rntner MONAT&#8220; hatte in seiner Juni-Ausgabe ausf\u00fchrlich \u00fcber den Gerichtsgang berichtet. Nun droht offenbar eine Versteigerung der Liegenschaft. Jedenfalls verr\u00e4t dies ein Blick in das Grundbuch.<\/p>\n<p><\/p>\n<p><\/p>\n<figure class=\"wp-block-image aligncenter size-large is-resized\"><img data-recalc-dims=\"1\" loading=\"lazy\" decoding=\"async\" src=\"https:\/\/i0.wp.com\/www.mediapartizan.at\/wp-content\/uploads\/2025\/07\/Bildschirmfoto-2025-07-26-um-19.25.22.png?resize=568%2C108&#038;ssl=1\" alt=\"\" class=\"wp-image-12311\" width=\"568\" height=\"108\" srcset=\"https:\/\/i0.wp.com\/www.mediapartizan.at\/wp-content\/uploads\/2025\/07\/Bildschirmfoto-2025-07-26-um-19.25.22.png?resize=1024%2C196&amp;ssl=1 1024w, https:\/\/i0.wp.com\/www.mediapartizan.at\/wp-content\/uploads\/2025\/07\/Bildschirmfoto-2025-07-26-um-19.25.22.png?resize=300%2C58&amp;ssl=1 300w, https:\/\/i0.wp.com\/www.mediapartizan.at\/wp-content\/uploads\/2025\/07\/Bildschirmfoto-2025-07-26-um-19.25.22.png?resize=768%2C147&amp;ssl=1 768w, https:\/\/i0.wp.com\/www.mediapartizan.at\/wp-content\/uploads\/2025\/07\/Bildschirmfoto-2025-07-26-um-19.25.22.png?w=1272&amp;ssl=1 1272w\" sizes=\"auto, (max-width: 568px) 100vw, 568px\" \/><\/figure>\n<p><\/p>\n<p><\/p>\n<p>Es geht um die &#8222;Hereinbringung von EUR 70.000,&#8211;&#8222;, wie ein Grundbuchauszug zu den zwei Adressen offen legt. Ob Orasch gegen die Versteigerung vorgehen wird, ist nicht bekannt. Sein Pressesprecher Alexander Khaelss-Khaelssberg war am Samstag telefonisch nicht zu erreichen. <\/p>\n<p><\/p>\n<p><\/p>\n<p>Orasch k\u00f6nnte die Versteigerung durch Bezahlung seiner Schuld wohl noch abwenden. Es ist aber nicht die erste drohende Versteigerung einer seiner Immobilien. Die &#8222;Kleine Zeitung&#8220; berichtete im April von einer solchen im Landhaushof in Klagenfurt beim sogenannten Salzamt. Da will die Raiffeisenlandesbank Ober\u00f6sterreich rund 208.000 Euro von Orasch sehen und hat eine Versteigerung beantragt. <\/p>\n<p><\/p>\n<p><\/p>\n<p><\/p>\n<p><\/p>\n<pre class=\"wp-block-preformatted\"><\/pre>\n<p><\/p>\n<p><\/p>\n<p><\/p>\n<p><\/p>\n<p><\/p>\n<p><\/p>\n<p><\/p>\n","protected":false},"excerpt":{"rendered":"<div class=\"mh-excerpt\"><p>&#8222;Hereinbringung von 70.000 Euro&#8220;: Immobilienunternehmer Orasch schuldet Raiffeisenbank Eberndorf R\u00fcckzahlung eines Immobilienkredits. Das Bezirksgericht V\u00f6lkermarkt bewilligte nun die Versteigerung einer Liegenschaft in Tainach. <a class=\"mh-excerpt-more\" href=\"https:\/\/www.mediapartizan.at\/?p=12310\" title=\"Gericht bewilligt Versteigerung von Orasch-Liegenschaft in Tainach\">[&#8230;]<\/a><\/p>\n<\/div>","protected":false},"author":2,"featured_media":12317,"comment_status":"open","ping_status":"open","sticky":false,"template":"","format":"standard","meta":{"inline_featured_image":false,"_jetpack_memberships_contains_paid_content":false,"footnotes":""},"categories":[480],"tags":[169,273,708],"class_list":{"0":"post-12310","1":"post","2":"type-post","3":"status-publish","4":"format-standard","5":"has-post-thumbnail","7":"category-gemeinden","8":"tag-franz-peter-orasch","9":"tag-immobilien","10":"tag-raiffeisenbank"},"yoast_head":"<!-- This site is optimized with the Yoast SEO plugin v20.10 - https:\/\/yoast.com\/wordpress\/plugins\/seo\/ -->\n<title>Gericht bewilligt Versteigerung von Orasch-Liegenschaft in Tainach - Mediapartizan.at<\/title>\n<meta name=\"robots\" content=\"index, follow, max-snippet:-1, max-image-preview:large, max-video-preview:-1\" \/>\n<link rel=\"canonical\" href=\"https:\/\/www.mediapartizan.at\/?p=12310\" \/>\n<meta property=\"og:locale\" content=\"de_DE\" \/>\n<meta property=\"og:type\" content=\"article\" \/>\n<meta property=\"og:title\" content=\"Gericht bewilligt Versteigerung von Orasch-Liegenschaft in Tainach - Mediapartizan.at\" \/>\n<meta property=\"og:description\" content=\"&quot;Hereinbringung von 70.000 Euro&quot;: Immobilienunternehmer Orasch schuldet Raiffeisenbank Eberndorf R\u00fcckzahlung eines Immobilienkredits. Das Bezirksgericht V\u00f6lkermarkt bewilligte nun die Versteigerung einer Liegenschaft in Tainach. [...]\" \/>\n<meta property=\"og:url\" content=\"https:\/\/www.mediapartizan.at\/?p=12310\" \/>\n<meta property=\"og:site_name\" content=\"Mediapartizan.at\" \/>\n<meta property=\"article:published_time\" content=\"2025-07-26T18:19:50+00:00\" \/>\n<meta property=\"article:modified_time\" content=\"2025-07-27T08:49:15+00:00\" \/>\n<meta property=\"og:image\" content=\"https:\/\/www.mediapartizan.at\/wp-content\/uploads\/2025\/07\/IMG_5135-scaled.jpeg\" \/>\n\t<meta property=\"og:image:width\" content=\"2560\" \/>\n\t<meta property=\"og:image:height\" content=\"1707\" \/>\n\t<meta property=\"og:image:type\" content=\"image\/jpeg\" \/>\n<meta name=\"author\" content=\"Franz Miklautz\" \/>\n<meta name=\"twitter:card\" content=\"summary_large_image\" \/>\n<meta name=\"twitter:label1\" content=\"Verfasst von\" \/>\n\t<meta name=\"twitter:data1\" content=\"Franz Miklautz\" \/>\n\t<meta name=\"twitter:label2\" content=\"Gesch\u00e4tzte Lesezeit\" \/>\n\t<meta name=\"twitter:data2\" content=\"2\u00a0Minuten\" \/>\n<script type=\"application\/ld+json\" class=\"yoast-schema-graph\">{\"@context\":\"https:\/\/schema.org\",\"@graph\":[{\"@type\":\"WebPage\",\"@id\":\"https:\/\/www.mediapartizan.at\/?p=12310\",\"url\":\"https:\/\/www.mediapartizan.at\/?p=12310\",\"name\":\"Gericht bewilligt Versteigerung von Orasch-Liegenschaft in Tainach - Mediapartizan.at\",\"isPartOf\":{\"@id\":\"https:\/\/www.mediapartizan.at\/#website\"},\"datePublished\":\"2025-07-26T18:19:50+00:00\",\"dateModified\":\"2025-07-27T08:49:15+00:00\",\"author\":{\"@id\":\"https:\/\/www.mediapartizan.at\/#\/schema\/person\/f6bd7eb8222f2fe985c78d08f17ed7a9\"},\"breadcrumb\":{\"@id\":\"https:\/\/www.mediapartizan.at\/?p=12310#breadcrumb\"},\"inLanguage\":\"de\",\"potentialAction\":[{\"@type\":\"ReadAction\",\"target\":[\"https:\/\/www.mediapartizan.at\/?p=12310\"]}]},{\"@type\":\"BreadcrumbList\",\"@id\":\"https:\/\/www.mediapartizan.at\/?p=12310#breadcrumb\",\"itemListElement\":[{\"@type\":\"ListItem\",\"position\":1,\"name\":\"Startseite\",\"item\":\"https:\/\/www.mediapartizan.at\/\"},{\"@type\":\"ListItem\",\"position\":2,\"name\":\"Gericht bewilligt Versteigerung von Orasch-Liegenschaft in Tainach\"}]},{\"@type\":\"WebSite\",\"@id\":\"https:\/\/www.mediapartizan.at\/#website\",\"url\":\"https:\/\/www.mediapartizan.at\/\",\"name\":\"Mediapartizan.at\",\"description\":\"\",\"potentialAction\":[{\"@type\":\"SearchAction\",\"target\":{\"@type\":\"EntryPoint\",\"urlTemplate\":\"https:\/\/www.mediapartizan.at\/?s={search_term_string}\"},\"query-input\":\"required name=search_term_string\"}],\"inLanguage\":\"de\"},{\"@type\":\"Person\",\"@id\":\"https:\/\/www.mediapartizan.at\/#\/schema\/person\/f6bd7eb8222f2fe985c78d08f17ed7a9\",\"name\":\"Franz Miklautz\",\"image\":{\"@type\":\"ImageObject\",\"inLanguage\":\"de\",\"@id\":\"https:\/\/www.mediapartizan.at\/#\/schema\/person\/image\/\",\"url\":\"https:\/\/secure.gravatar.com\/avatar\/5618667e9a7ab3fa3e1a0c75987c8d0c111ad041167e738d67ac0846e54e195e?s=96&d=mm&r=g\",\"contentUrl\":\"https:\/\/secure.gravatar.com\/avatar\/5618667e9a7ab3fa3e1a0c75987c8d0c111ad041167e738d67ac0846e54e195e?s=96&d=mm&r=g\",\"caption\":\"Franz Miklautz\"},\"url\":\"https:\/\/www.mediapartizan.at\/?author=2\"}]}<\/script>\n<!-- \/ Yoast SEO plugin. -->","yoast_head_json":{"title":"Gericht bewilligt Versteigerung von Orasch-Liegenschaft in Tainach - Mediapartizan.at","robots":{"index":"index","follow":"follow","max-snippet":"max-snippet:-1","max-image-preview":"max-image-preview:large","max-video-preview":"max-video-preview:-1"},"canonical":"https:\/\/www.mediapartizan.at\/?p=12310","og_locale":"de_DE","og_type":"article","og_title":"Gericht bewilligt Versteigerung von Orasch-Liegenschaft in Tainach - Mediapartizan.at","og_description":"\"Hereinbringung von 70.000 Euro\": Immobilienunternehmer Orasch schuldet Raiffeisenbank Eberndorf R\u00fcckzahlung eines Immobilienkredits. Das Bezirksgericht V\u00f6lkermarkt bewilligte nun die Versteigerung einer Liegenschaft in Tainach. [...]","og_url":"https:\/\/www.mediapartizan.at\/?p=12310","og_site_name":"Mediapartizan.at","article_published_time":"2025-07-26T18:19:50+00:00","article_modified_time":"2025-07-27T08:49:15+00:00","og_image":[{"width":2560,"height":1707,"url":"https:\/\/www.mediapartizan.at\/wp-content\/uploads\/2025\/07\/IMG_5135-scaled.jpeg","type":"image\/jpeg"}],"author":"Franz Miklautz","twitter_card":"summary_large_image","twitter_misc":{"Verfasst von":"Franz Miklautz","Gesch\u00e4tzte Lesezeit":"2\u00a0Minuten"},"schema":{"@context":"https:\/\/schema.org","@graph":[{"@type":"WebPage","@id":"https:\/\/www.mediapartizan.at\/?p=12310","url":"https:\/\/www.mediapartizan.at\/?p=12310","name":"Gericht bewilligt Versteigerung von Orasch-Liegenschaft in Tainach - Mediapartizan.at","isPartOf":{"@id":"https:\/\/www.mediapartizan.at\/#website"},"datePublished":"2025-07-26T18:19:50+00:00","dateModified":"2025-07-27T08:49:15+00:00","author":{"@id":"https:\/\/www.mediapartizan.at\/#\/schema\/person\/f6bd7eb8222f2fe985c78d08f17ed7a9"},"breadcrumb":{"@id":"https:\/\/www.mediapartizan.at\/?p=12310#breadcrumb"},"inLanguage":"de","potentialAction":[{"@type":"ReadAction","target":["https:\/\/www.mediapartizan.at\/?p=12310"]}]},{"@type":"BreadcrumbList","@id":"https:\/\/www.mediapartizan.at\/?p=12310#breadcrumb","itemListElement":[{"@type":"ListItem","position":1,"name":"Startseite","item":"https:\/\/www.mediapartizan.at\/"},{"@type":"ListItem","position":2,"name":"Gericht bewilligt Versteigerung von Orasch-Liegenschaft in Tainach"}]},{"@type":"WebSite","@id":"https:\/\/www.mediapartizan.at\/#website","url":"https:\/\/www.mediapartizan.at\/","name":"Mediapartizan.at","description":"","potentialAction":[{"@type":"SearchAction","target":{"@type":"EntryPoint","urlTemplate":"https:\/\/www.mediapartizan.at\/?s={search_term_string}"},"query-input":"required name=search_term_string"}],"inLanguage":"de"},{"@type":"Person","@id":"https:\/\/www.mediapartizan.at\/#\/schema\/person\/f6bd7eb8222f2fe985c78d08f17ed7a9","name":"Franz Miklautz","image":{"@type":"ImageObject","inLanguage":"de","@id":"https:\/\/www.mediapartizan.at\/#\/schema\/person\/image\/","url":"https:\/\/secure.gravatar.com\/avatar\/5618667e9a7ab3fa3e1a0c75987c8d0c111ad041167e738d67ac0846e54e195e?s=96&d=mm&r=g","contentUrl":"https:\/\/secure.gravatar.com\/avatar\/5618667e9a7ab3fa3e1a0c75987c8d0c111ad041167e738d67ac0846e54e195e?s=96&d=mm&r=g","caption":"Franz Miklautz"},"url":"https:\/\/www.mediapartizan.at\/?author=2"}]}},"jetpack_featured_media_url":"https:\/\/i0.wp.com\/www.mediapartizan.at\/wp-content\/uploads\/2025\/07\/IMG_5135-scaled.jpeg?fit=2560%2C1707&ssl=1","jetpack_sharing_enabled":true,"_links":{"self":[{"href":"https:\/\/www.mediapartizan.at\/index.php?rest_route=\/wp\/v2\/posts\/12310","targetHints":{"allow":["GET"]}}],"collection":[{"href":"https:\/\/www.mediapartizan.at\/index.php?rest_route=\/wp\/v2\/posts"}],"about":[{"href":"https:\/\/www.mediapartizan.at\/index.php?rest_route=\/wp\/v2\/types\/post"}],"author":[{"embeddable":true,"href":"https:\/\/www.mediapartizan.at\/index.php?rest_route=\/wp\/v2\/users\/2"}],"replies":[{"embeddable":true,"href":"https:\/\/www.mediapartizan.at\/index.php?rest_route=%2Fwp%2Fv2%2Fcomments&post=12310"}],"version-history":[{"count":4,"href":"https:\/\/www.mediapartizan.at\/index.php?rest_route=\/wp\/v2\/posts\/12310\/revisions"}],"predecessor-version":[{"id":12399,"href":"https:\/\/www.mediapartizan.at\/index.php?rest_route=\/wp\/v2\/posts\/12310\/revisions\/12399"}],"wp:featuredmedia":[{"embeddable":true,"href":"https:\/\/www.mediapartizan.at\/index.php?rest_route=\/wp\/v2\/media\/12317"}],"wp:attachment":[{"href":"https:\/\/www.mediapartizan.at\/index.php?rest_route=%2Fwp%2Fv2%2Fmedia&parent=12310"}],"wp:term":[{"taxonomy":"category","embeddable":true,"href":"https:\/\/www.mediapartizan.at\/index.php?rest_route=%2Fwp%2Fv2%2Fcategories&post=12310"},{"taxonomy":"post_tag","embeddable":true,"href":"https:\/\/www.mediapartizan.at\/index.php?rest_route=%2Fwp%2Fv2%2Ftags&post=12310"}],"curies":[{"name":"wp","href":"https:\/\/api.w.org\/{rel}","templated":true}]}}