{"id":12367,"date":"2025-08-05T12:32:25","date_gmt":"2025-08-05T10:32:25","guid":{"rendered":"https:\/\/www.mediapartizan.at\/?p=12367"},"modified":"2025-08-05T12:32:30","modified_gmt":"2025-08-05T10:32:30","slug":"die-party-muss-weitergehen-wird-die-ekg-verkauft-ein-kommentar","status":"publish","type":"post","link":"https:\/\/www.mediapartizan.at\/?p=12367","title":{"rendered":"Die Party muss weitergehen: Wird die EKG verkauft? | Ein Kommentar"},"content":{"rendered":"<p><\/p>\n<p>Wir erinnern uns: Die Stadt Klagenfurt steht finanziell mit dem R\u00fccken zur Wand. Der  Konsolidierungsstab erkl\u00e4rte der Lindwurmpolitik f\u00fcr den Fall, dass das geplante Hallenbad kommt, dass Klagenfurts Finanzzukunft kurzlebig sein w\u00fcrde. Peter Pilz von der BDO Consulting, Hirsch-Servo-CEO Harald Kogler, Magistratsdirektorin Isabella Jandl und Rechnungswesen-Chef Klaus Thuller legten der Politik einen eindeutigen Befund vor: Besser kein Hallenbad, besser eine Nulllohnrunde f\u00fcr Magistratsbedienstete, besser Mitarbeiter abbauen &#8211; sonst ist Schicht im Schacht.<\/p>\n<p><\/p>\n<p><\/p>\n<p>Einen Tag nach dem Gemeinderat vom 15. Juli wird der st\u00e4dtische Finanzchef Christoph Wutte von der sozialdemokratischen Finanzreferentin Constance Mochar auf &#8222;5Min.at&#8220; mit den Nettigkeiten &#8222;Hetzkampagne&#8220; und &#8222;Schlechtrednerei&#8220; bedacht. Dabei hatte er den Mandataren in der Gemeinderatssitzung nur die Wahrheit eingeschenkt. Manchen tut die offenbar ziemlich weh.<\/p>\n<p><\/p>\n<p><\/p>\n<p><strong>Reicher Scheich aus Emiraten?<\/strong><\/p>\n<p><\/p>\n<p><\/p>\n<p>Doch offenbar ist weder die Scheider-FSP noch die SP\u00d6 sonderlich angetan von den Sparideen des Konsolidierungsstabs: Das Geldverpulvern geht munter weiter &#8211; keine Nulllohnrunde und das Hallenbad muss her. Koste die Zukunft den n\u00e4chsten Generationen was sie wolle! Hinter uns die Sintflut.<\/p>\n<p><\/p>\n<p><\/p>\n<p><strong>\u00d6lquelle am Kreuzbergl?<\/strong><\/p>\n<p><\/p>\n<p><\/p>\n<p>Doch wie geht das? Auch die angepeilte Einsparungs-Million bei der Berufsfeuerwehr ist k\u00fcrzlich gefallen. Hat Feuerwehrreferent Scheider irgendwo einen geheimen Geldspeicher? Hat SP\u00d6-Chef Ronald Rabitsch einen reichen Scheich-Onkel in den Emiraten? Oder hat die FP\u00d6, auch sie ist gegen eine Nulllohnrunde im Magistrat, eine \u00d6lquelle am Kreuzbergl entdeckt?<\/p>\n<p><\/p>\n<p><\/p>\n<p><strong>Oder doch die EKG?<\/strong><\/p>\n<p><\/p>\n<p><\/p>\n<p>Oder ist die \u00d6lquelle, der reiche Scheich und der Geldspeicher &#8211; alles in einem &#8211; einfach nur in der St. Veiter Stra\u00dfe 31 beheimatet? Dem Sitz der Energie Klagenfurt GmbH (EKG), der Cash-Cow der 100-Prozent-Stadttochter STW. <\/p>\n<p><\/p>\n<p><\/p>\n<p>Seit Monaten halten sich hartn\u00e4ckig Ger\u00fcchte, dass das Prunkst\u00fcck &#8222;vertscheppert&#8220; werden soll. Damit die Party im Klagenfurter Rathaus weitergehen kann. In den letzten Tagen gesellt sich ein neues Ger\u00fccht dazu: Der Aufsichtsrat soll mit je zwei Personen von FSP und SP\u00d6 und dazu noch Magistratsdirektorin Jandl auskommen. Ende August ist Hauptversammlung. Dann wird die Stadt sagen, was sie will. <\/p>\n<p><\/p>\n<p><\/p>\n<p>Anteile an der EKG sind schon einmal verkauft worden. An den Verbund. Und dann wieder zur\u00fcckgekauft. Es war das Husarenst\u00fcck des damaligen STW-Vorstands Romed Karr\u00e9. Der Verbund lie\u00df 2005 f\u00fcr 49 Prozent der EKG-Anteile 130 Millionen Euro springen, Karr\u00e9 kaufte sie (unter Scheider) 2012 f\u00fcr 70 Millionen Euro zur\u00fcck. Ein Bombengesch\u00e4ft. <\/p>\n<p><\/p>\n<p><\/p>\n<p><strong>Kelag ante portas?<\/strong><\/p>\n<p><\/p>\n<p><\/p>\n<p>Aber sollte nun etwa die Kelag zugreifen, wird sp\u00e4ter wohl keine M\u00f6glichkeit mehr zum R\u00fcckkauf gegeben sein. Zu finanzschwach w\u00e4re die Stadt daf\u00fcr. Und so ginge der muntere Abverkauf von Filetst\u00fccken, die sich im Besitz der Klagenfurter Bev\u00f6lkerung befinden, fr\u00f6hlich weiter. Ein etwaiger EKG-Verkauf w\u00fcrde das Verhalten der FSP und der SP\u00d6 erkl\u00e4ren, bei den gr\u00f6\u00dften Ausgabenbrocken nicht auf die Bremse zu steigen. Im Rathaus scheint es nur mehr eine Devise zu geben: Die Party muss weitergehen!<\/p>\n<p><\/p>\n<p><\/p>\n<p><\/p>\n<p><\/p>\n<p><\/p>\n<p><\/p>\n<p><\/p>\n<p><\/p>\n<p><\/p>\n","protected":false},"excerpt":{"rendered":"<div class=\"mh-excerpt\"><p>Die Stadt Klagenfurt hat keinen Heller in der Tasche, buttert aber Millionen in Lohnanpassungen und Hallenbad. Wie geht das? \u00d6lquelle am Kreuzbergl? Reicher Scheich in den Emiraten? Oder vielleicht doch durch den Verkauf elektrisierenden Familiensilbers? <a class=\"mh-excerpt-more\" href=\"https:\/\/www.mediapartizan.at\/?p=12367\" title=\"Die Party muss weitergehen: Wird die EKG verkauft? | Ein Kommentar\">[&#8230;]<\/a><\/p>\n<\/div>","protected":false},"author":2,"featured_media":12371,"comment_status":"open","ping_status":"open","sticky":false,"template":"","format":"standard","meta":{"inline_featured_image":false,"_jetpack_memberships_contains_paid_content":false,"footnotes":""},"categories":[107],"tags":[346,713,709,156,112,79],"class_list":{"0":"post-12367","1":"post","2":"type-post","3":"status-publish","4":"format-standard","5":"has-post-thumbnail","7":"category-projekt-stadtwerke-klagenfurt-2","8":"tag-aufsichtsrat","9":"tag-energie-klagenfurt-gmbh","10":"tag-fsp","11":"tag-klagenfurt","12":"tag-spoe","13":"tag-stadtwerke-klagenfurt"},"yoast_head":"<!-- This site is optimized with the Yoast SEO plugin v20.10 - https:\/\/yoast.com\/wordpress\/plugins\/seo\/ -->\n<title>Die Party muss weitergehen: Wird die EKG verkauft? | Ein Kommentar - Mediapartizan.at<\/title>\n<meta name=\"robots\" content=\"index, follow, max-snippet:-1, max-image-preview:large, max-video-preview:-1\" \/>\n<link rel=\"canonical\" href=\"https:\/\/www.mediapartizan.at\/?p=12367\" \/>\n<meta property=\"og:locale\" content=\"de_DE\" \/>\n<meta property=\"og:type\" content=\"article\" \/>\n<meta property=\"og:title\" content=\"Die Party muss weitergehen: Wird die EKG verkauft? | Ein Kommentar - Mediapartizan.at\" \/>\n<meta property=\"og:description\" content=\"Die Stadt Klagenfurt hat keinen Heller in der Tasche, buttert aber Millionen in Lohnanpassungen und Hallenbad. Wie geht das? \u00d6lquelle am Kreuzbergl? Reicher Scheich in den Emiraten? Oder vielleicht doch durch den Verkauf elektrisierenden Familiensilbers? [...]\" \/>\n<meta property=\"og:url\" content=\"https:\/\/www.mediapartizan.at\/?p=12367\" \/>\n<meta property=\"og:site_name\" content=\"Mediapartizan.at\" \/>\n<meta property=\"article:published_time\" content=\"2025-08-05T10:32:25+00:00\" \/>\n<meta property=\"article:modified_time\" content=\"2025-08-05T10:32:30+00:00\" \/>\n<meta property=\"og:image\" content=\"https:\/\/www.mediapartizan.at\/wp-content\/uploads\/2025\/08\/IMG_20250805_112245-scaled.jpg\" \/>\n\t<meta property=\"og:image:width\" content=\"2560\" \/>\n\t<meta property=\"og:image:height\" content=\"1920\" \/>\n\t<meta property=\"og:image:type\" content=\"image\/jpeg\" \/>\n<meta name=\"author\" content=\"Franz Miklautz\" \/>\n<meta name=\"twitter:card\" content=\"summary_large_image\" \/>\n<meta name=\"twitter:label1\" content=\"Verfasst von\" \/>\n\t<meta name=\"twitter:data1\" content=\"Franz Miklautz\" \/>\n\t<meta name=\"twitter:label2\" content=\"Gesch\u00e4tzte Lesezeit\" \/>\n\t<meta name=\"twitter:data2\" content=\"3\u00a0Minuten\" \/>\n<script type=\"application\/ld+json\" class=\"yoast-schema-graph\">{\"@context\":\"https:\/\/schema.org\",\"@graph\":[{\"@type\":\"WebPage\",\"@id\":\"https:\/\/www.mediapartizan.at\/?p=12367\",\"url\":\"https:\/\/www.mediapartizan.at\/?p=12367\",\"name\":\"Die Party muss weitergehen: Wird die EKG verkauft? | Ein Kommentar - Mediapartizan.at\",\"isPartOf\":{\"@id\":\"https:\/\/www.mediapartizan.at\/#website\"},\"datePublished\":\"2025-08-05T10:32:25+00:00\",\"dateModified\":\"2025-08-05T10:32:30+00:00\",\"author\":{\"@id\":\"https:\/\/www.mediapartizan.at\/#\/schema\/person\/f6bd7eb8222f2fe985c78d08f17ed7a9\"},\"breadcrumb\":{\"@id\":\"https:\/\/www.mediapartizan.at\/?p=12367#breadcrumb\"},\"inLanguage\":\"de\",\"potentialAction\":[{\"@type\":\"ReadAction\",\"target\":[\"https:\/\/www.mediapartizan.at\/?p=12367\"]}]},{\"@type\":\"BreadcrumbList\",\"@id\":\"https:\/\/www.mediapartizan.at\/?p=12367#breadcrumb\",\"itemListElement\":[{\"@type\":\"ListItem\",\"position\":1,\"name\":\"Startseite\",\"item\":\"https:\/\/www.mediapartizan.at\/\"},{\"@type\":\"ListItem\",\"position\":2,\"name\":\"Die Party muss weitergehen: Wird die EKG verkauft? | Ein Kommentar\"}]},{\"@type\":\"WebSite\",\"@id\":\"https:\/\/www.mediapartizan.at\/#website\",\"url\":\"https:\/\/www.mediapartizan.at\/\",\"name\":\"Mediapartizan.at\",\"description\":\"\",\"potentialAction\":[{\"@type\":\"SearchAction\",\"target\":{\"@type\":\"EntryPoint\",\"urlTemplate\":\"https:\/\/www.mediapartizan.at\/?s={search_term_string}\"},\"query-input\":\"required name=search_term_string\"}],\"inLanguage\":\"de\"},{\"@type\":\"Person\",\"@id\":\"https:\/\/www.mediapartizan.at\/#\/schema\/person\/f6bd7eb8222f2fe985c78d08f17ed7a9\",\"name\":\"Franz Miklautz\",\"image\":{\"@type\":\"ImageObject\",\"inLanguage\":\"de\",\"@id\":\"https:\/\/www.mediapartizan.at\/#\/schema\/person\/image\/\",\"url\":\"https:\/\/secure.gravatar.com\/avatar\/5618667e9a7ab3fa3e1a0c75987c8d0c111ad041167e738d67ac0846e54e195e?s=96&d=mm&r=g\",\"contentUrl\":\"https:\/\/secure.gravatar.com\/avatar\/5618667e9a7ab3fa3e1a0c75987c8d0c111ad041167e738d67ac0846e54e195e?s=96&d=mm&r=g\",\"caption\":\"Franz Miklautz\"},\"url\":\"https:\/\/www.mediapartizan.at\/?author=2\"}]}<\/script>\n<!-- \/ Yoast SEO plugin. -->","yoast_head_json":{"title":"Die Party muss weitergehen: Wird die EKG verkauft? | Ein Kommentar - Mediapartizan.at","robots":{"index":"index","follow":"follow","max-snippet":"max-snippet:-1","max-image-preview":"max-image-preview:large","max-video-preview":"max-video-preview:-1"},"canonical":"https:\/\/www.mediapartizan.at\/?p=12367","og_locale":"de_DE","og_type":"article","og_title":"Die Party muss weitergehen: Wird die EKG verkauft? | Ein Kommentar - Mediapartizan.at","og_description":"Die Stadt Klagenfurt hat keinen Heller in der Tasche, buttert aber Millionen in Lohnanpassungen und Hallenbad. Wie geht das? \u00d6lquelle am Kreuzbergl? Reicher Scheich in den Emiraten? Oder vielleicht doch durch den Verkauf elektrisierenden Familiensilbers? [...]","og_url":"https:\/\/www.mediapartizan.at\/?p=12367","og_site_name":"Mediapartizan.at","article_published_time":"2025-08-05T10:32:25+00:00","article_modified_time":"2025-08-05T10:32:30+00:00","og_image":[{"width":2560,"height":1920,"url":"https:\/\/www.mediapartizan.at\/wp-content\/uploads\/2025\/08\/IMG_20250805_112245-scaled.jpg","type":"image\/jpeg"}],"author":"Franz Miklautz","twitter_card":"summary_large_image","twitter_misc":{"Verfasst von":"Franz Miklautz","Gesch\u00e4tzte Lesezeit":"3\u00a0Minuten"},"schema":{"@context":"https:\/\/schema.org","@graph":[{"@type":"WebPage","@id":"https:\/\/www.mediapartizan.at\/?p=12367","url":"https:\/\/www.mediapartizan.at\/?p=12367","name":"Die Party muss weitergehen: Wird die EKG verkauft? | Ein Kommentar - Mediapartizan.at","isPartOf":{"@id":"https:\/\/www.mediapartizan.at\/#website"},"datePublished":"2025-08-05T10:32:25+00:00","dateModified":"2025-08-05T10:32:30+00:00","author":{"@id":"https:\/\/www.mediapartizan.at\/#\/schema\/person\/f6bd7eb8222f2fe985c78d08f17ed7a9"},"breadcrumb":{"@id":"https:\/\/www.mediapartizan.at\/?p=12367#breadcrumb"},"inLanguage":"de","potentialAction":[{"@type":"ReadAction","target":["https:\/\/www.mediapartizan.at\/?p=12367"]}]},{"@type":"BreadcrumbList","@id":"https:\/\/www.mediapartizan.at\/?p=12367#breadcrumb","itemListElement":[{"@type":"ListItem","position":1,"name":"Startseite","item":"https:\/\/www.mediapartizan.at\/"},{"@type":"ListItem","position":2,"name":"Die Party muss weitergehen: Wird die EKG verkauft? | Ein Kommentar"}]},{"@type":"WebSite","@id":"https:\/\/www.mediapartizan.at\/#website","url":"https:\/\/www.mediapartizan.at\/","name":"Mediapartizan.at","description":"","potentialAction":[{"@type":"SearchAction","target":{"@type":"EntryPoint","urlTemplate":"https:\/\/www.mediapartizan.at\/?s={search_term_string}"},"query-input":"required name=search_term_string"}],"inLanguage":"de"},{"@type":"Person","@id":"https:\/\/www.mediapartizan.at\/#\/schema\/person\/f6bd7eb8222f2fe985c78d08f17ed7a9","name":"Franz Miklautz","image":{"@type":"ImageObject","inLanguage":"de","@id":"https:\/\/www.mediapartizan.at\/#\/schema\/person\/image\/","url":"https:\/\/secure.gravatar.com\/avatar\/5618667e9a7ab3fa3e1a0c75987c8d0c111ad041167e738d67ac0846e54e195e?s=96&d=mm&r=g","contentUrl":"https:\/\/secure.gravatar.com\/avatar\/5618667e9a7ab3fa3e1a0c75987c8d0c111ad041167e738d67ac0846e54e195e?s=96&d=mm&r=g","caption":"Franz Miklautz"},"url":"https:\/\/www.mediapartizan.at\/?author=2"}]}},"jetpack_featured_media_url":"https:\/\/i0.wp.com\/www.mediapartizan.at\/wp-content\/uploads\/2025\/08\/IMG_20250805_112245-scaled.jpg?fit=2560%2C1920&ssl=1","jetpack_sharing_enabled":true,"_links":{"self":[{"href":"https:\/\/www.mediapartizan.at\/index.php?rest_route=\/wp\/v2\/posts\/12367","targetHints":{"allow":["GET"]}}],"collection":[{"href":"https:\/\/www.mediapartizan.at\/index.php?rest_route=\/wp\/v2\/posts"}],"about":[{"href":"https:\/\/www.mediapartizan.at\/index.php?rest_route=\/wp\/v2\/types\/post"}],"author":[{"embeddable":true,"href":"https:\/\/www.mediapartizan.at\/index.php?rest_route=\/wp\/v2\/users\/2"}],"replies":[{"embeddable":true,"href":"https:\/\/www.mediapartizan.at\/index.php?rest_route=%2Fwp%2Fv2%2Fcomments&post=12367"}],"version-history":[{"count":1,"href":"https:\/\/www.mediapartizan.at\/index.php?rest_route=\/wp\/v2\/posts\/12367\/revisions"}],"predecessor-version":[{"id":12372,"href":"https:\/\/www.mediapartizan.at\/index.php?rest_route=\/wp\/v2\/posts\/12367\/revisions\/12372"}],"wp:featuredmedia":[{"embeddable":true,"href":"https:\/\/www.mediapartizan.at\/index.php?rest_route=\/wp\/v2\/media\/12371"}],"wp:attachment":[{"href":"https:\/\/www.mediapartizan.at\/index.php?rest_route=%2Fwp%2Fv2%2Fmedia&parent=12367"}],"wp:term":[{"taxonomy":"category","embeddable":true,"href":"https:\/\/www.mediapartizan.at\/index.php?rest_route=%2Fwp%2Fv2%2Fcategories&post=12367"},{"taxonomy":"post_tag","embeddable":true,"href":"https:\/\/www.mediapartizan.at\/index.php?rest_route=%2Fwp%2Fv2%2Ftags&post=12367"}],"curies":[{"name":"wp","href":"https:\/\/api.w.org\/{rel}","templated":true}]}}