{"id":12665,"date":"2025-09-15T16:16:58","date_gmt":"2025-09-15T14:16:58","guid":{"rendered":"https:\/\/www.mediapartizan.at\/?p=12665"},"modified":"2025-09-16T13:14:07","modified_gmt":"2025-09-16T11:14:07","slug":"bewertung-ekg-geheimes-leistungsblatt-naehrt-vermutung-dass-stw-tochter-verkauft-wird","status":"publish","type":"post","link":"https:\/\/www.mediapartizan.at\/?p=12665","title":{"rendered":"&#8222;Bewertung EKG&#8220;: Geheimes Leistungsblatt n\u00e4hrt Vermutung, dass STW-Tochter verkauft wird"},"content":{"rendered":"<p><\/p>\n<p>Gestern holte Klagenfurts B\u00fcrgermeister Christian Scheider (FSP) zu einem M\u00e4\u00dfigungsruf gegen kritische Stimmen in Bezug auf den Bau des geplanten Klagenfurter Hallenbades aus. Auf Facebook beschwerte er sich, dass Sequenzen aus einem Gutachten genommen und publiziert worden seien, um Stimmung gegen das Hallenbadprojekt am Klagenfurter S\u00fcdring zu machen. <\/p>\n<p><\/p>\n<p><\/p>\n<p>Gemeint ist mit &#8222;Gutachten&#8220; die Analyse des Klagenfurter Steuerberaters und Wirtschaftspr\u00fcfers Ulrich Kra\u00dfnig, der auf Antrag Scheiders &#8211; und Zustimmung einer Stadtsenatsmehrheit &#8211; einen Pr\u00fcfauftrag f\u00fcr den Budget-Voranschlag und die mittelfristige Finanzplanung von der Stadt Klagenfurt bekam. Und daf\u00fcr 72.000 Euro brutto veranschlagte. Seit Freitag letzter Woche ist dieses Gutachten, Kra\u00dfnig selbst nennt es einen &#8222;Bericht&#8220;, nicht mehr unumstritten: Neos-Chef Janos Juvan zeigte n\u00e4mlich auf, dass dem Klagenfurter Gemeinderat f\u00fcr die Sitzung im Juli nur ein &#8222;harmloses Kurzpapier&#8220; dieses &#8222;Berichts&#8220; \u00fcberreicht wurde, um \u00fcber den Budgetvoranschlag inklusive Hallenbad abzustimmen. Insgesamt hat der &#8222;Bericht&#8220; 139 Seiten, die aber nicht vollends Kra\u00dfnig zuzurechnen sind.<\/p>\n<p><\/p>\n<p><\/p>\n<figure class=\"wp-block-image aligncenter size-large\"><img data-recalc-dims=\"1\" loading=\"lazy\" decoding=\"async\" width=\"1024\" height=\"147\" src=\"https:\/\/i0.wp.com\/www.mediapartizan.at\/wp-content\/uploads\/2025\/09\/Bildschirmfoto-2025-09-15-um-15.46.06.png?resize=1024%2C147&#038;ssl=1\" alt=\"\" class=\"wp-image-12672\" srcset=\"https:\/\/i0.wp.com\/www.mediapartizan.at\/wp-content\/uploads\/2025\/09\/Bildschirmfoto-2025-09-15-um-15.46.06.png?resize=1024%2C147&amp;ssl=1 1024w, https:\/\/i0.wp.com\/www.mediapartizan.at\/wp-content\/uploads\/2025\/09\/Bildschirmfoto-2025-09-15-um-15.46.06.png?resize=300%2C43&amp;ssl=1 300w, https:\/\/i0.wp.com\/www.mediapartizan.at\/wp-content\/uploads\/2025\/09\/Bildschirmfoto-2025-09-15-um-15.46.06.png?resize=768%2C110&amp;ssl=1 768w, https:\/\/i0.wp.com\/www.mediapartizan.at\/wp-content\/uploads\/2025\/09\/Bildschirmfoto-2025-09-15-um-15.46.06.png?resize=1536%2C221&amp;ssl=1 1536w, https:\/\/i0.wp.com\/www.mediapartizan.at\/wp-content\/uploads\/2025\/09\/Bildschirmfoto-2025-09-15-um-15.46.06.png?w=1656&amp;ssl=1 1656w\" sizes=\"auto, (max-width: 1000px) 100vw, 1000px\" \/><figcaption class=\"wp-element-caption\">Aus der Analyse Kra\u00dfnigs<\/figcaption><\/figure>\n<p><\/p>\n<p><\/p>\n<p><strong>100 Millionen Erl\u00f6s aus EKG<\/strong><\/p>\n<p><\/p>\n<p><\/p>\n<p>Scheider sagte in seinem gestrigen Facebook-Posting au\u00dferdem, dass ein Verkauf oder Teilverkauf der Energie Klagenfurt GmbH (EKG), die in Kra\u00dfnigs &#8222;Bericht&#8220; 15 Mal genannt wird, &#8222;aktuell nicht in den Einsparungs- oder Reformpl\u00e4nen der Stadt enthalten&#8220; sei. Es ist wahrscheinlich, dass Scheider seine Worte mit Bedacht gew\u00e4hlt hat. Denn sein Satz beginnt mit: a<em>ktuell<\/em>. Wie aus einem geheimen Leistungsverzeichnis Kra\u00dfnigs n\u00e4mlich hervorgeht, bewertete dieser die EKG, die die Cashcow der Klagenfurter Stadtwerke ist, in seinem Bericht sehr wohl. Und zwar mit rund 100 Millionen Euro Verkaufserl\u00f6s im Jahr 2027. Und das obwohl ihm die Stadt offiziell nicht den Auftrag dazu gab.<\/p>\n<p><\/p>\n<p><\/p>\n<figure class=\"wp-block-image aligncenter size-large\"><img data-recalc-dims=\"1\" loading=\"lazy\" decoding=\"async\" width=\"1024\" height=\"373\" src=\"https:\/\/i0.wp.com\/www.mediapartizan.at\/wp-content\/uploads\/2025\/09\/Bildschirmfoto-2025-09-15-um-17.59.16.png?resize=1024%2C373&#038;ssl=1\" alt=\"\" class=\"wp-image-12682\" srcset=\"https:\/\/i0.wp.com\/www.mediapartizan.at\/wp-content\/uploads\/2025\/09\/Bildschirmfoto-2025-09-15-um-17.59.16.png?resize=1024%2C373&amp;ssl=1 1024w, https:\/\/i0.wp.com\/www.mediapartizan.at\/wp-content\/uploads\/2025\/09\/Bildschirmfoto-2025-09-15-um-17.59.16.png?resize=300%2C109&amp;ssl=1 300w, https:\/\/i0.wp.com\/www.mediapartizan.at\/wp-content\/uploads\/2025\/09\/Bildschirmfoto-2025-09-15-um-17.59.16.png?resize=768%2C279&amp;ssl=1 768w, https:\/\/i0.wp.com\/www.mediapartizan.at\/wp-content\/uploads\/2025\/09\/Bildschirmfoto-2025-09-15-um-17.59.16.png?resize=1536%2C559&amp;ssl=1 1536w, https:\/\/i0.wp.com\/www.mediapartizan.at\/wp-content\/uploads\/2025\/09\/Bildschirmfoto-2025-09-15-um-17.59.16.png?resize=2048%2C745&amp;ssl=1 2048w\" sizes=\"auto, (max-width: 1000px) 100vw, 1000px\" \/><figcaption class=\"wp-element-caption\">Aus Kra\u00dfnigs Papier: 100 Millionen Euro aus EKG-Anteilsverkauf<\/figcaption><\/figure>\n<p><\/p>\n<p><\/p>\n<p><strong>Auch rote Stadtr\u00e4te bei &#8222;EKG-Besprechung&#8220; dabei<\/strong><\/p>\n<p><\/p>\n<p><\/p>\n<p>Nun liegt die Vermutung nahe, dass Kra\u00dfnig Scheider von der Bewertung der EKG noch vor Finalisierung des &#8222;Berichts&#8220; informierte. Neben dem B\u00fcrgermeister waren am 14. Juli 2024 in einer zweist\u00fcndigen Besprechung mit Kra\u00dfnig auch Vizeb\u00fcrgermeister Patrick Jonke (FSP) und die beiden roten Stadtr\u00e4te Constance Mochar und Franz Petritz dabei. Schwer vorstellbar, dass Kra\u00dfnig die vier Stadtsenatsmitglieder nicht von seiner Bewertung und den 100 Millionen Euro informiert hat. Scheider bestreitet das Gespr\u00e4ch gar nicht, sagt aber weiterhin: &#8222;Der Verkauf der EKG ist derzeit kein Thema. Wir haben viele Punkte von Experten erheben lassen. Das hei\u00dft aber nicht, dass wir alle umsetzen m\u00fcssen. Die Erhebung ist kein Pr\u00e4judiz, dass es tats\u00e4chlich so kommen muss&#8220;, so Scheider auf Anfrage. Dass die EKG aber Thema in der Sitzung mit Kra\u00dfnig war, das stimme, sagt Scheider. <\/p>\n<p><\/p>\n<p><\/p>\n<p>Im finalen Bericht geht Kra\u00dfnig von einem Verkauf von &#8222;40% oder 60% an der Energie Klagenfurt GmbH&#8220; aus. Die Anteilsabgabe solle &#8222;unbedingt einer vertieften Evaluierung unterzogen werden&#8220;.<\/p>\n<p><\/p>\n<p><\/p>\n<p><strong>Hallenbad ohne Verkauf von EKG-Anteilen<\/strong> <strong>&#8222;nicht m\u00f6glich&#8220;<\/strong><\/p>\n<p><\/p>\n<p><\/p>\n<p>SP\u00d6-Vizeb\u00fcrgermeister Ronald Rabitsch und \u00d6VP-Stadtchef Julian Geier wollen in der n\u00e4chsten Gemeinderatssitzung am Mittwoch dieser Woche Dringlichkeitsantr\u00e4ge einbringen, &#8222;dass die EKG nicht verkauft werden darf&#8220;. Kra\u00dfnig h\u00e4lt jedoch fest, &#8222;dass die Ver\u00e4u\u00dferung von Anteilen an der EKG als Konsolidierungsma\u00dfnahme jedenfalls in Erw\u00e4gung gezogen werden sollte, da anderenfalls eine Umsetzung s\u00e4mtlicher veranschlagter Investitionen (einschlie\u00dflich des Hallenbads) nicht m\u00f6glich ist&#8220;. <\/p>\n<p><\/p>\n<p><\/p>\n<p><strong>Juvan: Verantwortliche &#8222;werden es durchwinken, um eigenen Kopf zu retten&#8220;<\/strong><\/p>\n<p><\/p>\n<p><\/p>\n<p>&#8222;Scheider glaubt immer noch, dass 3 mal 3 vier ist. In dieser Situation ist der Gemeinderat gefordert, Schaden von der Stadt abzuwenden&#8220;, sagt Juvan, der die Diskussion ins Rollen brachte. &#8222;Wer in der aktuellen Situation dem 75-Millionen-Hallenbad zustimmt, tr\u00e4gt Mitschuld, wenn Klagenfurt bald gezwungen sein wird, EKG-Anteile, Grundst\u00fccke und Immobilien zum Spottpreis zu verschleudern&#8220;, so der pinke Parteichef. &#8222;Und diejenigen, die das politisch zu verantworten haben, werden es durchwinken, um ihren eigenen Kopf zu retten.&#8220;<\/p>\n<p><\/p>\n<p><\/p>\n<p>Die EKG-Anteile wurden schon einmal verkauft: In der \u00c4ra von Alt-B\u00fcrgermeister Harald Scheucher (\u00d6VP) gingen 49 Prozent der STW-Tochter an den Verbund. Erl\u00f6s: 130 Millionen Euro. Der ehemalige STW-Vorstandschef Romed Karr\u00e9 kaufte sie in der \u00c4ra Scheider I um 70 Millionen Euro zur\u00fcck. Was damals einem Husarenst\u00fcck glich.<\/p>\n<p><\/p>\n<p><\/p>\n<p><\/p>\n<p><\/p>\n<p><\/p>\n<p><\/p>\n<p><\/p>\n<p><\/p>\n<p><\/p>\n<p><\/p>\n<p><\/p>\n<p><\/p>\n<p><\/p>\n<p><\/p>\n<p><\/p>\n<p><\/p>\n<p><\/p>\n","protected":false},"excerpt":{"rendered":"<div class=\"mh-excerpt\"><p>In Zusammenhang mit Hallenbad-Bau: Geheimes Leistungsverzeichnis zeigt, dass Steuerberater Ulrich Kra\u00dfnig den Unternehmenswert der Stadtwerke-Tochter Energie Klagenfurt bestimmt hat. Hallenbad-Bau sei nur durch Verkauf von EKG-Anteilen m\u00f6glich. Neben Scheider und Jonke auch Mochar und Petritz bei \u201eEKG-Besprechung\u201c dabei. Scheider: \u201eVerkauf derzeit kein Thema.&#8220;<\/p>\n<p> <a class=\"mh-excerpt-more\" href=\"https:\/\/www.mediapartizan.at\/?p=12665\" title=\"&#8222;Bewertung EKG&#8220;: Geheimes Leistungsblatt n\u00e4hrt Vermutung, dass STW-Tochter verkauft wird\">[&#8230;]<\/a><\/p>\n<\/div>","protected":false},"author":2,"featured_media":12685,"comment_status":"open","ping_status":"open","sticky":false,"template":"","format":"standard","meta":{"inline_featured_image":false,"_jetpack_memberships_contains_paid_content":false,"footnotes":""},"categories":[143,107],"tags":[116,735,144,156,734,146,374],"class_list":{"0":"post-12665","1":"post","2":"type-post","3":"status-publish","4":"format-standard","5":"has-post-thumbnail","7":"category-stadt-klagenfurt","8":"category-projekt-stadtwerke-klagenfurt-2","9":"tag-ekg","10":"tag-familiensilber","11":"tag-geiger","12":"tag-klagenfurt","13":"tag-rabitsch","14":"tag-scheider","15":"tag-verkauf"},"yoast_head":"<!-- This site is optimized with the Yoast SEO plugin v20.10 - https:\/\/yoast.com\/wordpress\/plugins\/seo\/ -->\n<title>&quot;Bewertung EKG&quot;: Geheimes Leistungsblatt n\u00e4hrt Vermutung, dass STW-Tochter verkauft wird - Mediapartizan.at<\/title>\n<meta name=\"robots\" content=\"index, follow, max-snippet:-1, max-image-preview:large, max-video-preview:-1\" \/>\n<link rel=\"canonical\" href=\"https:\/\/www.mediapartizan.at\/?p=12665\" \/>\n<meta property=\"og:locale\" content=\"de_DE\" \/>\n<meta property=\"og:type\" content=\"article\" \/>\n<meta property=\"og:title\" content=\"&quot;Bewertung EKG&quot;: Geheimes Leistungsblatt n\u00e4hrt Vermutung, dass STW-Tochter verkauft wird - Mediapartizan.at\" \/>\n<meta property=\"og:description\" content=\"In Zusammenhang mit Hallenbad-Bau: Geheimes Leistungsverzeichnis zeigt, dass Steuerberater Ulrich Kra\u00dfnig den Unternehmenswert der Stadtwerke-Tochter Energie Klagenfurt bestimmt hat. Hallenbad-Bau sei nur durch Verkauf von EKG-Anteilen m\u00f6glich. Neben Scheider und Jonke auch Mochar und Petritz bei \u201eEKG-Besprechung\u201c dabei. Scheider: \u201eVerkauf derzeit kein Thema.&quot;  [...]\" \/>\n<meta property=\"og:url\" content=\"https:\/\/www.mediapartizan.at\/?p=12665\" \/>\n<meta property=\"og:site_name\" content=\"Mediapartizan.at\" \/>\n<meta property=\"article:published_time\" content=\"2025-09-15T14:16:58+00:00\" \/>\n<meta property=\"article:modified_time\" content=\"2025-09-16T11:14:07+00:00\" \/>\n<meta property=\"og:image\" content=\"https:\/\/www.mediapartizan.at\/wp-content\/uploads\/2025\/09\/Bildschirmfoto-2025-09-15-um-18.36.16-1024x665.png\" \/>\n\t<meta property=\"og:image:width\" content=\"1024\" \/>\n\t<meta property=\"og:image:height\" content=\"665\" \/>\n\t<meta property=\"og:image:type\" content=\"image\/png\" \/>\n<meta name=\"author\" content=\"Franz Miklautz\" \/>\n<meta name=\"twitter:card\" content=\"summary_large_image\" \/>\n<meta name=\"twitter:label1\" content=\"Verfasst von\" \/>\n\t<meta name=\"twitter:data1\" content=\"Franz Miklautz\" \/>\n\t<meta name=\"twitter:label2\" content=\"Gesch\u00e4tzte Lesezeit\" \/>\n\t<meta name=\"twitter:data2\" content=\"4\u00a0Minuten\" \/>\n<script type=\"application\/ld+json\" class=\"yoast-schema-graph\">{\"@context\":\"https:\/\/schema.org\",\"@graph\":[{\"@type\":\"WebPage\",\"@id\":\"https:\/\/www.mediapartizan.at\/?p=12665\",\"url\":\"https:\/\/www.mediapartizan.at\/?p=12665\",\"name\":\"\\\"Bewertung EKG\\\": Geheimes Leistungsblatt n\u00e4hrt Vermutung, dass STW-Tochter verkauft wird - Mediapartizan.at\",\"isPartOf\":{\"@id\":\"https:\/\/www.mediapartizan.at\/#website\"},\"datePublished\":\"2025-09-15T14:16:58+00:00\",\"dateModified\":\"2025-09-16T11:14:07+00:00\",\"author\":{\"@id\":\"https:\/\/www.mediapartizan.at\/#\/schema\/person\/f6bd7eb8222f2fe985c78d08f17ed7a9\"},\"breadcrumb\":{\"@id\":\"https:\/\/www.mediapartizan.at\/?p=12665#breadcrumb\"},\"inLanguage\":\"de\",\"potentialAction\":[{\"@type\":\"ReadAction\",\"target\":[\"https:\/\/www.mediapartizan.at\/?p=12665\"]}]},{\"@type\":\"BreadcrumbList\",\"@id\":\"https:\/\/www.mediapartizan.at\/?p=12665#breadcrumb\",\"itemListElement\":[{\"@type\":\"ListItem\",\"position\":1,\"name\":\"Startseite\",\"item\":\"https:\/\/www.mediapartizan.at\/\"},{\"@type\":\"ListItem\",\"position\":2,\"name\":\"&#8222;Bewertung EKG&#8220;: Geheimes Leistungsblatt n\u00e4hrt Vermutung, dass STW-Tochter verkauft wird\"}]},{\"@type\":\"WebSite\",\"@id\":\"https:\/\/www.mediapartizan.at\/#website\",\"url\":\"https:\/\/www.mediapartizan.at\/\",\"name\":\"Mediapartizan.at\",\"description\":\"\",\"potentialAction\":[{\"@type\":\"SearchAction\",\"target\":{\"@type\":\"EntryPoint\",\"urlTemplate\":\"https:\/\/www.mediapartizan.at\/?s={search_term_string}\"},\"query-input\":\"required name=search_term_string\"}],\"inLanguage\":\"de\"},{\"@type\":\"Person\",\"@id\":\"https:\/\/www.mediapartizan.at\/#\/schema\/person\/f6bd7eb8222f2fe985c78d08f17ed7a9\",\"name\":\"Franz Miklautz\",\"image\":{\"@type\":\"ImageObject\",\"inLanguage\":\"de\",\"@id\":\"https:\/\/www.mediapartizan.at\/#\/schema\/person\/image\/\",\"url\":\"https:\/\/secure.gravatar.com\/avatar\/5618667e9a7ab3fa3e1a0c75987c8d0c111ad041167e738d67ac0846e54e195e?s=96&d=mm&r=g\",\"contentUrl\":\"https:\/\/secure.gravatar.com\/avatar\/5618667e9a7ab3fa3e1a0c75987c8d0c111ad041167e738d67ac0846e54e195e?s=96&d=mm&r=g\",\"caption\":\"Franz Miklautz\"},\"url\":\"https:\/\/www.mediapartizan.at\/?author=2\"}]}<\/script>\n<!-- \/ Yoast SEO plugin. -->","yoast_head_json":{"title":"\"Bewertung EKG\": Geheimes Leistungsblatt n\u00e4hrt Vermutung, dass STW-Tochter verkauft wird - Mediapartizan.at","robots":{"index":"index","follow":"follow","max-snippet":"max-snippet:-1","max-image-preview":"max-image-preview:large","max-video-preview":"max-video-preview:-1"},"canonical":"https:\/\/www.mediapartizan.at\/?p=12665","og_locale":"de_DE","og_type":"article","og_title":"\"Bewertung EKG\": Geheimes Leistungsblatt n\u00e4hrt Vermutung, dass STW-Tochter verkauft wird - Mediapartizan.at","og_description":"In Zusammenhang mit Hallenbad-Bau: Geheimes Leistungsverzeichnis zeigt, dass Steuerberater Ulrich Kra\u00dfnig den Unternehmenswert der Stadtwerke-Tochter Energie Klagenfurt bestimmt hat. Hallenbad-Bau sei nur durch Verkauf von EKG-Anteilen m\u00f6glich. Neben Scheider und Jonke auch Mochar und Petritz bei \u201eEKG-Besprechung\u201c dabei. Scheider: \u201eVerkauf derzeit kein Thema.\"  [...]","og_url":"https:\/\/www.mediapartizan.at\/?p=12665","og_site_name":"Mediapartizan.at","article_published_time":"2025-09-15T14:16:58+00:00","article_modified_time":"2025-09-16T11:14:07+00:00","og_image":[{"width":1024,"height":665,"url":"https:\/\/www.mediapartizan.at\/wp-content\/uploads\/2025\/09\/Bildschirmfoto-2025-09-15-um-18.36.16-1024x665.png","type":"image\/png"}],"author":"Franz Miklautz","twitter_card":"summary_large_image","twitter_misc":{"Verfasst von":"Franz Miklautz","Gesch\u00e4tzte Lesezeit":"4\u00a0Minuten"},"schema":{"@context":"https:\/\/schema.org","@graph":[{"@type":"WebPage","@id":"https:\/\/www.mediapartizan.at\/?p=12665","url":"https:\/\/www.mediapartizan.at\/?p=12665","name":"\"Bewertung EKG\": Geheimes Leistungsblatt n\u00e4hrt Vermutung, dass STW-Tochter verkauft wird - Mediapartizan.at","isPartOf":{"@id":"https:\/\/www.mediapartizan.at\/#website"},"datePublished":"2025-09-15T14:16:58+00:00","dateModified":"2025-09-16T11:14:07+00:00","author":{"@id":"https:\/\/www.mediapartizan.at\/#\/schema\/person\/f6bd7eb8222f2fe985c78d08f17ed7a9"},"breadcrumb":{"@id":"https:\/\/www.mediapartizan.at\/?p=12665#breadcrumb"},"inLanguage":"de","potentialAction":[{"@type":"ReadAction","target":["https:\/\/www.mediapartizan.at\/?p=12665"]}]},{"@type":"BreadcrumbList","@id":"https:\/\/www.mediapartizan.at\/?p=12665#breadcrumb","itemListElement":[{"@type":"ListItem","position":1,"name":"Startseite","item":"https:\/\/www.mediapartizan.at\/"},{"@type":"ListItem","position":2,"name":"&#8222;Bewertung EKG&#8220;: Geheimes Leistungsblatt n\u00e4hrt Vermutung, dass STW-Tochter verkauft wird"}]},{"@type":"WebSite","@id":"https:\/\/www.mediapartizan.at\/#website","url":"https:\/\/www.mediapartizan.at\/","name":"Mediapartizan.at","description":"","potentialAction":[{"@type":"SearchAction","target":{"@type":"EntryPoint","urlTemplate":"https:\/\/www.mediapartizan.at\/?s={search_term_string}"},"query-input":"required name=search_term_string"}],"inLanguage":"de"},{"@type":"Person","@id":"https:\/\/www.mediapartizan.at\/#\/schema\/person\/f6bd7eb8222f2fe985c78d08f17ed7a9","name":"Franz Miklautz","image":{"@type":"ImageObject","inLanguage":"de","@id":"https:\/\/www.mediapartizan.at\/#\/schema\/person\/image\/","url":"https:\/\/secure.gravatar.com\/avatar\/5618667e9a7ab3fa3e1a0c75987c8d0c111ad041167e738d67ac0846e54e195e?s=96&d=mm&r=g","contentUrl":"https:\/\/secure.gravatar.com\/avatar\/5618667e9a7ab3fa3e1a0c75987c8d0c111ad041167e738d67ac0846e54e195e?s=96&d=mm&r=g","caption":"Franz Miklautz"},"url":"https:\/\/www.mediapartizan.at\/?author=2"}]}},"jetpack_featured_media_url":"https:\/\/i0.wp.com\/www.mediapartizan.at\/wp-content\/uploads\/2025\/09\/Bildschirmfoto-2025-09-15-um-18.36.16.png?fit=1768%2C1148&ssl=1","jetpack_sharing_enabled":true,"_links":{"self":[{"href":"https:\/\/www.mediapartizan.at\/index.php?rest_route=\/wp\/v2\/posts\/12665","targetHints":{"allow":["GET"]}}],"collection":[{"href":"https:\/\/www.mediapartizan.at\/index.php?rest_route=\/wp\/v2\/posts"}],"about":[{"href":"https:\/\/www.mediapartizan.at\/index.php?rest_route=\/wp\/v2\/types\/post"}],"author":[{"embeddable":true,"href":"https:\/\/www.mediapartizan.at\/index.php?rest_route=\/wp\/v2\/users\/2"}],"replies":[{"embeddable":true,"href":"https:\/\/www.mediapartizan.at\/index.php?rest_route=%2Fwp%2Fv2%2Fcomments&post=12665"}],"version-history":[{"count":8,"href":"https:\/\/www.mediapartizan.at\/index.php?rest_route=\/wp\/v2\/posts\/12665\/revisions"}],"predecessor-version":[{"id":12686,"href":"https:\/\/www.mediapartizan.at\/index.php?rest_route=\/wp\/v2\/posts\/12665\/revisions\/12686"}],"wp:featuredmedia":[{"embeddable":true,"href":"https:\/\/www.mediapartizan.at\/index.php?rest_route=\/wp\/v2\/media\/12685"}],"wp:attachment":[{"href":"https:\/\/www.mediapartizan.at\/index.php?rest_route=%2Fwp%2Fv2%2Fmedia&parent=12665"}],"wp:term":[{"taxonomy":"category","embeddable":true,"href":"https:\/\/www.mediapartizan.at\/index.php?rest_route=%2Fwp%2Fv2%2Fcategories&post=12665"},{"taxonomy":"post_tag","embeddable":true,"href":"https:\/\/www.mediapartizan.at\/index.php?rest_route=%2Fwp%2Fv2%2Ftags&post=12665"}],"curies":[{"name":"wp","href":"https:\/\/api.w.org\/{rel}","templated":true}]}}