{"id":1328,"date":"2020-09-03T07:40:00","date_gmt":"2020-09-03T05:40:00","guid":{"rendered":"https:\/\/www.mediapartizan.at\/?p=1328"},"modified":"2020-10-04T11:22:49","modified_gmt":"2020-10-04T09:22:49","slug":"flughafen-klagenfurt-von-handschellen-und-fussfesseln","status":"publish","type":"post","link":"https:\/\/www.mediapartizan.at\/?p=1328","title":{"rendered":"Flughafen Klagenfurt: Von Handschellen und Fussfesseln"},"content":{"rendered":"<p><\/p>\n<p>|<strong>Kommentar<\/strong>| <br \/><strong>Der schlimmste Alptraum des Martin Payer: Einen Flughafen zur\u00fcckkaufen zu m\u00fcssen, der nach zweij\u00e4hriger Investoren-Mehrheit noch maroder ist als unter der vorherigen F\u00fchrung der \u00f6ffentlichen Hand.<\/strong><\/p>\n<p><\/p>\n<p><\/p>\n<p><\/p>\n<p><\/p>\n<p><\/p>\n<p><\/p>\n<p><\/p>\n<p><\/p>\n<p><\/p>\n<p><\/p>\n<p><\/p>\n<p><\/p>\n<p><\/p>\n<p><\/p>\n<p><\/p>\n<p><\/p>\n<p><strong><span style=\"text-decoration: underline;\"><\/span><\/strong><\/p>\n<p><\/p>\n<p><\/p>\n<p>In der Haut von Martin Payer m\u00f6chte man nicht stecken: Hinter ihm die Politik, die sich in der zur Groteske geratenden Teilprivatisierung des Klagenfurter Flughafens mit Wortspenden auff\u00e4llig zur\u00fcckh\u00e4lt &#8211; Landeshauptmann Peter Kaiser (SP\u00d6) und der zust\u00e4ndige Beteiligungsreferent Martin Gruber (\u00d6VP) \u00fcberbr\u00fcllen einander im Schweigen. Und vor ihm mit Franz Peter Orasch ein Investor, als dessen liebstes Werkzeug in Verhandlungen nicht gerade das Florett gelten soll. Ein Schelm, wem jetzt das Bildnis vom angst-erstarrten Kaninchen und der Schlange in den Kopf kommt. <\/p>\n<p><\/p>\n<p><\/p>\n<p>Jetzt will Orasch f\u00fcr seine Lilihill-Gruppe eine Anteilserh\u00f6hung am Airport von &#8222;74,9 auf 89 Prozent&#8220; durchdr\u00fccken, wie Payer erz\u00e4hlt. <\/p>\n<p><\/p>\n<p><\/p>\n<p><strong>Und niemand fragt: Warum?<\/strong><\/p>\n<p><\/p>\n<p><\/p>\n<p>Warum? Wenn damit, wie von Payer, er ist Vorstand der K\u00e4rntner Beteiligungs-Verwaltung (KBV), gesagt wird, keine massive Ausweitung von Oraschs Rechten am Flughafen und demzufolge auch keine massive Einschr\u00e4nkung der Rechte der Altgesellschafter Land K\u00e4rnten (noch 20,08 Prozent) und Stadt Klagenfurt (noch 5,02 Prozent) verbunden sein sollen?<\/p>\n<p><\/p>\n<p><\/p>\n<p>Warum? F\u00fcr 14 Prozent mehr vom Kuchen? Und diese 14 Prozent plus hemmen Orasch dann nicht mehr, die angek\u00fcndigten Investitionen in den Flughafen zu t\u00e4tigen? Zur Erinnerung: Seit 783 Tagen geh\u00f6rt der Flughafen mehrheitlich Orasch. \u00c4u\u00dferlich ist in dieser Zeit nicht viel mehr passiert, als dass ein Hangar plattgemacht wurde. In \u00fcber zwei Jahren. In dieser Zeit bauten andere das Empire State Building. Vor fast 100 Jahren.<\/p>\n<p><\/p>\n<p><\/p>\n<p><strong>Corona? F\u00fcr alles gut!<\/strong><\/p>\n<p><\/p>\n<p><\/p>\n<p>Vor \u00fcber einem Jahr dann die Ank\u00fcndigung der Lilihill-Gruppe: Milliarden-Investition in den Flughafen. Zu sehen ist davon nichts. Warum? Wegen Corona? Der Lockdown wurde erst am 13. M\u00e4rz 2020 verk\u00fcndet. Das gesamte Jahr 2019 verlief aber passagierm\u00e4\u00dfig schon fl\u00fcgellahm: Nur mehr 209.278  Flugg\u00e4ste, minus 8,36 Prozent gegen\u00fcber 2018. Und das im ersten vollen Jahr unter Lilihill-Patronanz. Zudem liefen auch die ersten zwei Monate 2020 &#8211; also noch vor dem Lockdown &#8211; negativ: Minus 14 Prozent Flugg\u00e4ste im J\u00e4nner, minus zehn im Februar. Quelle: Statistik Austria. Das Virus verl\u00e4ngerte den Sinkflug nur.<\/p>\n<p><\/p>\n<p><\/p>\n<p><strong>Alptraum R\u00fcckabwicklung<\/strong><\/p>\n<p><\/p>\n<p><\/p>\n<p>Oder wurden Orasch durch die sogenannte <em>Call Option<\/em> &#8222;Handschellen&#8220; angelegt, wie nun sogar von Mitgesellschaftern, der B\u00fcrgermeisterin der Stadt Klagenfurt, Maria-Luise Mathiaschitz (SP\u00d6), in der &#8222;Kleinen Zeitung&#8220; gesagt wurde? Die <em>Call Option<\/em> besagt unter anderem, dass der Flughafen unter der Bedingung, dass 100.000 Passagiere im Jahr unterschritten werden, von den Altgesellschaftern zur\u00fcckgekauft werden kann. Das aber d\u00fcrfte der schlimmste Alptraum Martin Payers sein: Einen Flughafen zur\u00fcckkaufen zu m\u00fcssen, der nach zweij\u00e4hriger Investoren-Mehrheit noch maroder ist als unter der vorherigen F\u00fchrung der \u00f6ffentlichen Hand. Das w\u00fcrde n\u00e4mlich eine blutige Bruchlandung der Politik bedeuten. Und politisch m\u00f6glicherweise einen Kopf kosten. Wohl nicht den des Landeshauptmanns, zur Auswahl st\u00fcnde aber noch der des Beteiligungsreferenten.<\/p>\n<p><\/p>\n<p><\/p>\n<p>Wom\u00f6glich ist das mit ein Grund, warum die KBV nun plant, ein zweites  Gutachten f\u00fcr die nicht betriebsnotwendigen Grundst\u00fccke in Auftrag zu geben (lesen Sie dazu bitte die Story &#8222;Luftkampf um Grund und Boden&#8220; in der Ausgabe 09 des <a rel=\"noreferrer noopener\" href=\"http:\/\/www.monat.at\" target=\"_blank\">&#8222;K\u00e4rntner MONAT&#8220;<\/a>). Witzig dabei: Die KBV ist gar nicht Eigent\u00fcmerin dieser Grundst\u00fccke. Es ist die K\u00e4rntner Flughafen Betriebs Gesellschaft (KFBG). Herauskommen k\u00f6nnte dabei mitunter ein weitaus niedrigerer Verkehrswert der Liegenschaften als in einem bereits vorhandenen Gutachten aus dem Jahr 2015: In diesem sind die Grundst\u00fccke mit einem Wert von 28 Millionen Euro ausgewiesen. Eine Reduktion des Grundst\u00fcckswerts w\u00fcrde wohl jeden Investor verz\u00fccken. Den Steuerzahler halt nicht: Der fliegt statt Business nur mehr Frachtraum. Aber wen hat der schon jemals interessiert? <\/p>\n<p><\/p>\n<p><\/p>\n<p>Bleibt nur zu hoffen, dass aus den Handschellen nicht irgendwann f\u00fcr jemanden Fussfesseln werden. <\/p>\n<p><\/p>\n<p><\/p>\n<p>Mediapartizan.at ver\u00f6ffentlicht das Verkehrswert-Gutachten \u00fcber die nicht betriebsnotwendigen Grundst\u00fccke des Flughafens aus dem Jahr 2015 hier: <\/p>\n<p><\/p>\n<p><\/p>\n<figure class=\"wp-block-image size-large is-resized\"><a href=\"https:\/\/www.mediapartizan.at\/ga_klagenfurt_flughafen\/\" target=\"_blank\" rel=\"Gutachten 2015 nicht betriebsnotwendige Grundst\u00fccke FH Klagenfurt noopener noreferrer\"><img data-recalc-dims=\"1\" loading=\"lazy\" decoding=\"async\" src=\"https:\/\/i0.wp.com\/www.mediapartizan.at\/wp-content\/uploads\/2020\/09\/Bildschirmfoto-2020-09-02-um-17.46.22.png?resize=323%2C453&#038;ssl=1\" alt=\"\" class=\"wp-image-1334\" width=\"323\" height=\"453\" srcset=\"https:\/\/i0.wp.com\/www.mediapartizan.at\/wp-content\/uploads\/2020\/09\/Bildschirmfoto-2020-09-02-um-17.46.22.png?w=542&amp;ssl=1 542w, https:\/\/i0.wp.com\/www.mediapartizan.at\/wp-content\/uploads\/2020\/09\/Bildschirmfoto-2020-09-02-um-17.46.22.png?resize=213%2C300&amp;ssl=1 213w\" sizes=\"auto, (max-width: 323px) 100vw, 323px\" \/><\/a><\/figure>\n<p><\/p>\n<p><\/p>\n<p>***<\/p>\n<p><\/p>\n<p><\/p>\n<p>Foto(s): <a href=\"https:\/\/commons.wikimedia.org\/wiki\/User:Zacke82\">Zacke82<\/a>, <a rel=\"noreferrer noopener\" href=\"https:\/\/creativecommons.org\/licenses\/by-sa\/3.0\" target=\"_blank\">CC BY-SA 3.0<\/a><\/p>\n<p><\/p>\n","protected":false},"excerpt":{"rendered":"<div class=\"mh-excerpt\"><p>|Kommentar| Der schlimmste Alptraum des Martin Payer: Einen Flughafen zur\u00fcckkaufen zu m\u00fcssen, der nach zweij\u00e4hriger Investoren-Mehrheit noch maroder ist als unter der vorherigen F\u00fchrung der \u00f6ffentlichen Hand. In der Haut von Martin Payer m\u00f6chte man <a class=\"mh-excerpt-more\" href=\"https:\/\/www.mediapartizan.at\/?p=1328\" title=\"Flughafen Klagenfurt: Von Handschellen und Fussfesseln\">[&#8230;]<\/a><\/p>\n<\/div>","protected":false},"author":2,"featured_media":1346,"comment_status":"open","ping_status":"open","sticky":false,"template":"","format":"standard","meta":{"inline_featured_image":false,"_jetpack_memberships_contains_paid_content":false,"footnotes":""},"categories":[166],"tags":[167,169,177,174,173,176,168,171,172,170,175],"class_list":{"0":"post-1328","1":"post","2":"type-post","3":"status-publish","4":"format-standard","5":"has-post-thumbnail","7":"category-flughafen-klagenfurt","8":"tag-flughafen-klagenfurt","9":"tag-franz-peter-orasch","10":"tag-fussfesseln","11":"tag-grundstuecke","12":"tag-gutachten","13":"tag-handschellen","14":"tag-lilihill","15":"tag-martin-gruber","16":"tag-martin-payer","17":"tag-peter-kaiser","18":"tag-steuerzahler"},"yoast_head":"<!-- This site is optimized with the Yoast SEO plugin v20.10 - https:\/\/yoast.com\/wordpress\/plugins\/seo\/ -->\n<title>Flughafen Klagenfurt: Von Handschellen und Fussfesseln - Mediapartizan.at<\/title>\n<meta name=\"robots\" content=\"index, follow, max-snippet:-1, max-image-preview:large, max-video-preview:-1\" \/>\n<link rel=\"canonical\" href=\"https:\/\/www.mediapartizan.at\/?p=1328\" \/>\n<meta property=\"og:locale\" content=\"de_DE\" \/>\n<meta property=\"og:type\" content=\"article\" \/>\n<meta property=\"og:title\" content=\"Flughafen Klagenfurt: Von Handschellen und Fussfesseln - Mediapartizan.at\" \/>\n<meta property=\"og:description\" content=\"|Kommentar| Der schlimmste Alptraum des Martin Payer: Einen Flughafen zur\u00fcckkaufen zu m\u00fcssen, der nach zweij\u00e4hriger Investoren-Mehrheit noch maroder ist als unter der vorherigen F\u00fchrung der \u00f6ffentlichen Hand. In der Haut von Martin Payer m\u00f6chte man [...]\" \/>\n<meta property=\"og:url\" content=\"https:\/\/www.mediapartizan.at\/?p=1328\" \/>\n<meta property=\"og:site_name\" content=\"Mediapartizan.at\" \/>\n<meta property=\"article:published_time\" content=\"2020-09-03T05:40:00+00:00\" \/>\n<meta property=\"article:modified_time\" content=\"2020-10-04T09:22:49+00:00\" \/>\n<meta property=\"og:image\" content=\"https:\/\/www.mediapartizan.at\/wp-content\/uploads\/2020\/09\/Bildschirmfoto-2020-09-02-um-19.48.15-1024x395.png\" \/>\n\t<meta property=\"og:image:width\" content=\"1024\" \/>\n\t<meta property=\"og:image:height\" content=\"395\" \/>\n\t<meta property=\"og:image:type\" content=\"image\/png\" \/>\n<meta name=\"author\" content=\"Franz Miklautz\" \/>\n<meta name=\"twitter:card\" content=\"summary_large_image\" \/>\n<meta name=\"twitter:label1\" content=\"Verfasst von\" \/>\n\t<meta name=\"twitter:data1\" content=\"Franz Miklautz\" \/>\n\t<meta name=\"twitter:label2\" content=\"Gesch\u00e4tzte Lesezeit\" \/>\n\t<meta name=\"twitter:data2\" content=\"3\u00a0Minuten\" \/>\n<script type=\"application\/ld+json\" class=\"yoast-schema-graph\">{\"@context\":\"https:\/\/schema.org\",\"@graph\":[{\"@type\":\"WebPage\",\"@id\":\"https:\/\/www.mediapartizan.at\/?p=1328\",\"url\":\"https:\/\/www.mediapartizan.at\/?p=1328\",\"name\":\"Flughafen Klagenfurt: Von Handschellen und Fussfesseln - Mediapartizan.at\",\"isPartOf\":{\"@id\":\"https:\/\/www.mediapartizan.at\/#website\"},\"datePublished\":\"2020-09-03T05:40:00+00:00\",\"dateModified\":\"2020-10-04T09:22:49+00:00\",\"author\":{\"@id\":\"https:\/\/www.mediapartizan.at\/#\/schema\/person\/f6bd7eb8222f2fe985c78d08f17ed7a9\"},\"breadcrumb\":{\"@id\":\"https:\/\/www.mediapartizan.at\/?p=1328#breadcrumb\"},\"inLanguage\":\"de\",\"potentialAction\":[{\"@type\":\"ReadAction\",\"target\":[\"https:\/\/www.mediapartizan.at\/?p=1328\"]}]},{\"@type\":\"BreadcrumbList\",\"@id\":\"https:\/\/www.mediapartizan.at\/?p=1328#breadcrumb\",\"itemListElement\":[{\"@type\":\"ListItem\",\"position\":1,\"name\":\"Startseite\",\"item\":\"https:\/\/www.mediapartizan.at\/\"},{\"@type\":\"ListItem\",\"position\":2,\"name\":\"Flughafen Klagenfurt: Von Handschellen und Fussfesseln\"}]},{\"@type\":\"WebSite\",\"@id\":\"https:\/\/www.mediapartizan.at\/#website\",\"url\":\"https:\/\/www.mediapartizan.at\/\",\"name\":\"Mediapartizan.at\",\"description\":\"\",\"potentialAction\":[{\"@type\":\"SearchAction\",\"target\":{\"@type\":\"EntryPoint\",\"urlTemplate\":\"https:\/\/www.mediapartizan.at\/?s={search_term_string}\"},\"query-input\":\"required name=search_term_string\"}],\"inLanguage\":\"de\"},{\"@type\":\"Person\",\"@id\":\"https:\/\/www.mediapartizan.at\/#\/schema\/person\/f6bd7eb8222f2fe985c78d08f17ed7a9\",\"name\":\"Franz Miklautz\",\"image\":{\"@type\":\"ImageObject\",\"inLanguage\":\"de\",\"@id\":\"https:\/\/www.mediapartizan.at\/#\/schema\/person\/image\/\",\"url\":\"https:\/\/secure.gravatar.com\/avatar\/5618667e9a7ab3fa3e1a0c75987c8d0c111ad041167e738d67ac0846e54e195e?s=96&d=mm&r=g\",\"contentUrl\":\"https:\/\/secure.gravatar.com\/avatar\/5618667e9a7ab3fa3e1a0c75987c8d0c111ad041167e738d67ac0846e54e195e?s=96&d=mm&r=g\",\"caption\":\"Franz Miklautz\"},\"url\":\"https:\/\/www.mediapartizan.at\/?author=2\"}]}<\/script>\n<!-- \/ Yoast SEO plugin. -->","yoast_head_json":{"title":"Flughafen Klagenfurt: Von Handschellen und Fussfesseln - Mediapartizan.at","robots":{"index":"index","follow":"follow","max-snippet":"max-snippet:-1","max-image-preview":"max-image-preview:large","max-video-preview":"max-video-preview:-1"},"canonical":"https:\/\/www.mediapartizan.at\/?p=1328","og_locale":"de_DE","og_type":"article","og_title":"Flughafen Klagenfurt: Von Handschellen und Fussfesseln - Mediapartizan.at","og_description":"|Kommentar| Der schlimmste Alptraum des Martin Payer: Einen Flughafen zur\u00fcckkaufen zu m\u00fcssen, der nach zweij\u00e4hriger Investoren-Mehrheit noch maroder ist als unter der vorherigen F\u00fchrung der \u00f6ffentlichen Hand. In der Haut von Martin Payer m\u00f6chte man [...]","og_url":"https:\/\/www.mediapartizan.at\/?p=1328","og_site_name":"Mediapartizan.at","article_published_time":"2020-09-03T05:40:00+00:00","article_modified_time":"2020-10-04T09:22:49+00:00","og_image":[{"width":1024,"height":395,"url":"https:\/\/www.mediapartizan.at\/wp-content\/uploads\/2020\/09\/Bildschirmfoto-2020-09-02-um-19.48.15-1024x395.png","type":"image\/png"}],"author":"Franz Miklautz","twitter_card":"summary_large_image","twitter_misc":{"Verfasst von":"Franz Miklautz","Gesch\u00e4tzte Lesezeit":"3\u00a0Minuten"},"schema":{"@context":"https:\/\/schema.org","@graph":[{"@type":"WebPage","@id":"https:\/\/www.mediapartizan.at\/?p=1328","url":"https:\/\/www.mediapartizan.at\/?p=1328","name":"Flughafen Klagenfurt: Von Handschellen und Fussfesseln - Mediapartizan.at","isPartOf":{"@id":"https:\/\/www.mediapartizan.at\/#website"},"datePublished":"2020-09-03T05:40:00+00:00","dateModified":"2020-10-04T09:22:49+00:00","author":{"@id":"https:\/\/www.mediapartizan.at\/#\/schema\/person\/f6bd7eb8222f2fe985c78d08f17ed7a9"},"breadcrumb":{"@id":"https:\/\/www.mediapartizan.at\/?p=1328#breadcrumb"},"inLanguage":"de","potentialAction":[{"@type":"ReadAction","target":["https:\/\/www.mediapartizan.at\/?p=1328"]}]},{"@type":"BreadcrumbList","@id":"https:\/\/www.mediapartizan.at\/?p=1328#breadcrumb","itemListElement":[{"@type":"ListItem","position":1,"name":"Startseite","item":"https:\/\/www.mediapartizan.at\/"},{"@type":"ListItem","position":2,"name":"Flughafen Klagenfurt: Von Handschellen und Fussfesseln"}]},{"@type":"WebSite","@id":"https:\/\/www.mediapartizan.at\/#website","url":"https:\/\/www.mediapartizan.at\/","name":"Mediapartizan.at","description":"","potentialAction":[{"@type":"SearchAction","target":{"@type":"EntryPoint","urlTemplate":"https:\/\/www.mediapartizan.at\/?s={search_term_string}"},"query-input":"required name=search_term_string"}],"inLanguage":"de"},{"@type":"Person","@id":"https:\/\/www.mediapartizan.at\/#\/schema\/person\/f6bd7eb8222f2fe985c78d08f17ed7a9","name":"Franz Miklautz","image":{"@type":"ImageObject","inLanguage":"de","@id":"https:\/\/www.mediapartizan.at\/#\/schema\/person\/image\/","url":"https:\/\/secure.gravatar.com\/avatar\/5618667e9a7ab3fa3e1a0c75987c8d0c111ad041167e738d67ac0846e54e195e?s=96&d=mm&r=g","contentUrl":"https:\/\/secure.gravatar.com\/avatar\/5618667e9a7ab3fa3e1a0c75987c8d0c111ad041167e738d67ac0846e54e195e?s=96&d=mm&r=g","caption":"Franz Miklautz"},"url":"https:\/\/www.mediapartizan.at\/?author=2"}]}},"jetpack_featured_media_url":"https:\/\/i0.wp.com\/www.mediapartizan.at\/wp-content\/uploads\/2020\/09\/Bildschirmfoto-2020-09-02-um-19.48.15.png?fit=2134%2C824&ssl=1","jetpack_sharing_enabled":true,"_links":{"self":[{"href":"https:\/\/www.mediapartizan.at\/index.php?rest_route=\/wp\/v2\/posts\/1328","targetHints":{"allow":["GET"]}}],"collection":[{"href":"https:\/\/www.mediapartizan.at\/index.php?rest_route=\/wp\/v2\/posts"}],"about":[{"href":"https:\/\/www.mediapartizan.at\/index.php?rest_route=\/wp\/v2\/types\/post"}],"author":[{"embeddable":true,"href":"https:\/\/www.mediapartizan.at\/index.php?rest_route=\/wp\/v2\/users\/2"}],"replies":[{"embeddable":true,"href":"https:\/\/www.mediapartizan.at\/index.php?rest_route=%2Fwp%2Fv2%2Fcomments&post=1328"}],"version-history":[{"count":16,"href":"https:\/\/www.mediapartizan.at\/index.php?rest_route=\/wp\/v2\/posts\/1328\/revisions"}],"predecessor-version":[{"id":1488,"href":"https:\/\/www.mediapartizan.at\/index.php?rest_route=\/wp\/v2\/posts\/1328\/revisions\/1488"}],"wp:featuredmedia":[{"embeddable":true,"href":"https:\/\/www.mediapartizan.at\/index.php?rest_route=\/wp\/v2\/media\/1346"}],"wp:attachment":[{"href":"https:\/\/www.mediapartizan.at\/index.php?rest_route=%2Fwp%2Fv2%2Fmedia&parent=1328"}],"wp:term":[{"taxonomy":"category","embeddable":true,"href":"https:\/\/www.mediapartizan.at\/index.php?rest_route=%2Fwp%2Fv2%2Fcategories&post=1328"},{"taxonomy":"post_tag","embeddable":true,"href":"https:\/\/www.mediapartizan.at\/index.php?rest_route=%2Fwp%2Fv2%2Ftags&post=1328"}],"curies":[{"name":"wp","href":"https:\/\/api.w.org\/{rel}","templated":true}]}}