{"id":13621,"date":"2026-01-10T19:53:16","date_gmt":"2026-01-10T18:53:16","guid":{"rendered":"https:\/\/www.mediapartizan.at\/?p=13621"},"modified":"2026-01-12T10:18:17","modified_gmt":"2026-01-12T09:18:17","slug":"patrick-allein-zu-haus-kommentar","status":"publish","type":"post","link":"https:\/\/www.mediapartizan.at\/?p=13621","title":{"rendered":"Patrick allein zu Haus? | Kommentar"},"content":{"rendered":"<p><\/p>\n<p>Nat\u00fcrlich: Es k\u00f6nnte sein, dass alles nur eine Show ist. Inszeniert. Die Kompetenz dazu h\u00e4tten sie. Patrick Jonke, Karl-Heinz Petritz und Christian Scheider. Das Spiel mit den Medien beherrschen alle drei. Das politische Einmaleins, wie man False Flags setzt. Von kritischen Schaupl\u00e4tzen ablenkt. Und kampagnisiert. Schwer vorzustellen, dass nicht Jonke und Petritz hinter der Kampagne steckten, an deren Ende der damalige rote Stadtvize Philipp Liesnig unter schwerem Druck zur\u00fccktrat (&#8222;Chat-Aff\u00e4re&#8220;).<\/p>\n<p><\/p>\n<p><\/p>\n<p>Nun aber k\u00f6nnte f\u00fcr Jonke der Tag des j\u00fcngsten politischen Gerichts gekommen sein. Und daf\u00fcr verantwortlich w\u00e4re ausgerechnet der, der ihm die Pforten zum Klagenfurter Rathaus aufstie\u00df: B\u00fcrgermeister Christian Scheider. Die Klammer zwischen dem fast 62-j\u00e4hrigen Scheider und dem um fast 30 Jahre j\u00fcngeren Jonke: Ihre Retortenpartei FSP. Raketenstart hatte die Trutzgeburt seit der Gr\u00fcndung im Juli vorigen Jahres keinen: Auf Facebook hat die Freie Soziale B\u00fcrgerpartei gerade mal 302 Follower. Jonke ist ihr Obmann. Scheider Gr\u00fcndungsmitglied. Die Frage ist: Wie lange noch?<\/p>\n<p><\/p>\n<p><\/p>\n<p><strong>Skorianz und Germ sollen an Reunion mit Scheider arbeiten<\/strong><\/p>\n<p><\/p>\n<p><\/p>\n<p>Seit mehr als einem Monat h\u00e4lt sich n\u00e4mlich folgendes Ger\u00fccht hartn\u00e4ckig: Scheider k\u00f6nnte wieder mal die Seiten wechseln. Darin hat der Klagenfurter Stadtchef \u00dcbung: Bald nach seiner Abwahl als FP\u00d6-Stadtrat im Dezember 2020, dockte Scheider vor der Gemeinderatswahl 2021 bei Team-K\u00e4rnten-Chef Gerhard K\u00f6fer an. Damals redete Scheider nachweislich auch mit dem BZ\u00d6, das &#8211; das zeigen Papiere &#8211; 100.000 Euro f\u00fcr Scheider in den Wahlkampf investieren wollte. Bei K\u00f6fer war offenbar mehr zu holen.<\/p>\n<p><\/p>\n<p><\/p>\n<p>In Folge gaben Scheider und Jonke den W\u00f6rthersee-Ableger K\u00f6fers. Bis dieser sie nach Geldspritzen von mehreren Hunderttausend Euro Anfang 2025 rauswarf, weil ein Teil seiner Klagenfurt-Partie mit der FP\u00d6 gelieb\u00e4ugelt haben soll.<\/p>\n<p><\/p>\n<p><\/p>\n<p><strong>Mit FSP wohl auf verlorenem Posten<\/strong><\/p>\n<p><\/p>\n<p><\/p>\n<p>Und genau das soll auch jetzt, Anfang 2026, der Fall sein: Scheider soll den Avancen von FP\u00d6-Klubobmann Andreas Skorianz und Gemeinderat Wolfgang Germ, in die blaue Heimat zur\u00fcckzukehren und mit der FP\u00d6 in den Wahlkampf 2027 zu starten, nicht g\u00e4nzlich abgeneigt sein. Mit der FSP h\u00e4tte er wohl auch wenig Chancen beim Urnengang in einem Jahr.<\/p>\n<p><\/p>\n<p><\/p>\n<p>Was das hie\u00dfe? Dass Jonke mit der FSP \u00fcbrig bleiben k\u00f6nnte. Oder: Patrick allein zu Haus.<\/p>\n<p><\/p>\n<p><\/p>\n<p>Ein Indiz in diese Richtung k\u00f6nnte auch sein: Karl-Heinz Petritz scheint als Generalsekret\u00e4r nicht mehr auf der Website der FSP auf. Wie ein gut unterrichteter Rathaus-Insider sagt, sollen sich Jonke und Petritz nicht mehr gr\u00fcn sein. Und zwar deshalb, weil Petritz weiterhin Berater von Scheider sein wolle. Und sollte der zur FP\u00d6 zur\u00fcckgehen, bliebe Jonke eben \u00fcbrig. Die Blauen n\u00e4hmen Jonke n\u00e4mlich nicht retour. Der 34-J\u00e4hrige soll ein rotes Tuch f\u00fcr sie sein.<\/p>\n<p><\/p>\n<p><\/p>\n<p>Doch unter dem ganzen Soll und W\u00fcrde und K\u00f6nnte schlummert eine tickende Zeitbombe. Denn das wahre \u00dcbel dieser Stadt ist, dass ein skandalbehafteter B\u00fcrgermeister wie Scheider \u00fcberhaupt noch Chancen auf eine Wiederwahl hat. Die Schw\u00e4che seiner politischen Konkurrenten scheint daf\u00fcr der beste Wahlhelfer zu sein.<\/p>\n<p><\/p>\n","protected":false},"excerpt":{"rendered":"<div class=\"mh-excerpt\"><p>Blaupause: In der Klagenfurter FP\u00d6 soll es einen Plan geben, Christian Scheider zur\u00fcck zu den Blauen zu holen. Damit w\u00e4re Patrick Jonke mit seiner FSP isoliert. Das \u00dcbel Klagenfurts ist aber, dass Scheider tats\u00e4chlich noch einmal B\u00fcrgermeister werden k\u00f6nnte. Die Schw\u00e4che seiner Konkurrenten ist ihm dabei der beste Wahlhelfer. <a class=\"mh-excerpt-more\" href=\"https:\/\/www.mediapartizan.at\/?p=13621\" title=\"Patrick allein zu Haus? | Kommentar\">[&#8230;]<\/a><\/p>\n<\/div>","protected":false},"author":2,"featured_media":13631,"comment_status":"open","ping_status":"open","sticky":false,"template":"","format":"standard","meta":{"inline_featured_image":false,"_jetpack_memberships_contains_paid_content":false,"footnotes":""},"categories":[143],"tags":[],"class_list":{"0":"post-13621","1":"post","2":"type-post","3":"status-publish","4":"format-standard","5":"has-post-thumbnail","7":"category-stadt-klagenfurt"},"yoast_head":"<!-- This site is optimized with the Yoast SEO plugin v20.10 - https:\/\/yoast.com\/wordpress\/plugins\/seo\/ -->\n<title>Patrick allein zu Haus? | Kommentar - Mediapartizan.at<\/title>\n<meta name=\"robots\" content=\"index, follow, max-snippet:-1, max-image-preview:large, max-video-preview:-1\" \/>\n<link rel=\"canonical\" href=\"https:\/\/www.mediapartizan.at\/?p=13621\" \/>\n<meta property=\"og:locale\" content=\"de_DE\" \/>\n<meta property=\"og:type\" content=\"article\" \/>\n<meta property=\"og:title\" content=\"Patrick allein zu Haus? | Kommentar - Mediapartizan.at\" \/>\n<meta property=\"og:description\" content=\"Blaupause: In der Klagenfurter FP\u00d6 soll es einen Plan geben, Christian Scheider zur\u00fcck zu den Blauen zu holen. Damit w\u00e4re Patrick Jonke mit seiner FSP isoliert. Das \u00dcbel Klagenfurts ist aber, dass Scheider tats\u00e4chlich noch einmal B\u00fcrgermeister werden k\u00f6nnte. Die Schw\u00e4che seiner Konkurrenten ist ihm dabei der beste Wahlhelfer. [...]\" \/>\n<meta property=\"og:url\" content=\"https:\/\/www.mediapartizan.at\/?p=13621\" \/>\n<meta property=\"og:site_name\" content=\"Mediapartizan.at\" \/>\n<meta property=\"article:published_time\" content=\"2026-01-10T18:53:16+00:00\" \/>\n<meta property=\"article:modified_time\" content=\"2026-01-12T09:18:17+00:00\" \/>\n<meta property=\"og:image\" content=\"https:\/\/www.mediapartizan.at\/wp-content\/uploads\/2026\/01\/Jonke.png\" \/>\n\t<meta property=\"og:image:width\" content=\"1184\" \/>\n\t<meta property=\"og:image:height\" content=\"864\" \/>\n\t<meta property=\"og:image:type\" content=\"image\/png\" \/>\n<meta name=\"author\" content=\"Franz Miklautz\" \/>\n<meta name=\"twitter:card\" content=\"summary_large_image\" \/>\n<meta name=\"twitter:label1\" content=\"Verfasst von\" \/>\n\t<meta name=\"twitter:data1\" content=\"Franz Miklautz\" \/>\n\t<meta name=\"twitter:label2\" content=\"Gesch\u00e4tzte Lesezeit\" \/>\n\t<meta name=\"twitter:data2\" content=\"3\u00a0Minuten\" \/>\n<script type=\"application\/ld+json\" class=\"yoast-schema-graph\">{\"@context\":\"https:\/\/schema.org\",\"@graph\":[{\"@type\":\"WebPage\",\"@id\":\"https:\/\/www.mediapartizan.at\/?p=13621\",\"url\":\"https:\/\/www.mediapartizan.at\/?p=13621\",\"name\":\"Patrick allein zu Haus? | Kommentar - Mediapartizan.at\",\"isPartOf\":{\"@id\":\"https:\/\/www.mediapartizan.at\/#website\"},\"datePublished\":\"2026-01-10T18:53:16+00:00\",\"dateModified\":\"2026-01-12T09:18:17+00:00\",\"author\":{\"@id\":\"https:\/\/www.mediapartizan.at\/#\/schema\/person\/f6bd7eb8222f2fe985c78d08f17ed7a9\"},\"breadcrumb\":{\"@id\":\"https:\/\/www.mediapartizan.at\/?p=13621#breadcrumb\"},\"inLanguage\":\"de\",\"potentialAction\":[{\"@type\":\"ReadAction\",\"target\":[\"https:\/\/www.mediapartizan.at\/?p=13621\"]}]},{\"@type\":\"BreadcrumbList\",\"@id\":\"https:\/\/www.mediapartizan.at\/?p=13621#breadcrumb\",\"itemListElement\":[{\"@type\":\"ListItem\",\"position\":1,\"name\":\"Startseite\",\"item\":\"https:\/\/www.mediapartizan.at\/\"},{\"@type\":\"ListItem\",\"position\":2,\"name\":\"Patrick allein zu Haus? | Kommentar\"}]},{\"@type\":\"WebSite\",\"@id\":\"https:\/\/www.mediapartizan.at\/#website\",\"url\":\"https:\/\/www.mediapartizan.at\/\",\"name\":\"Mediapartizan.at\",\"description\":\"\",\"potentialAction\":[{\"@type\":\"SearchAction\",\"target\":{\"@type\":\"EntryPoint\",\"urlTemplate\":\"https:\/\/www.mediapartizan.at\/?s={search_term_string}\"},\"query-input\":\"required name=search_term_string\"}],\"inLanguage\":\"de\"},{\"@type\":\"Person\",\"@id\":\"https:\/\/www.mediapartizan.at\/#\/schema\/person\/f6bd7eb8222f2fe985c78d08f17ed7a9\",\"name\":\"Franz Miklautz\",\"image\":{\"@type\":\"ImageObject\",\"inLanguage\":\"de\",\"@id\":\"https:\/\/www.mediapartizan.at\/#\/schema\/person\/image\/\",\"url\":\"https:\/\/secure.gravatar.com\/avatar\/5618667e9a7ab3fa3e1a0c75987c8d0c111ad041167e738d67ac0846e54e195e?s=96&d=mm&r=g\",\"contentUrl\":\"https:\/\/secure.gravatar.com\/avatar\/5618667e9a7ab3fa3e1a0c75987c8d0c111ad041167e738d67ac0846e54e195e?s=96&d=mm&r=g\",\"caption\":\"Franz Miklautz\"},\"url\":\"https:\/\/www.mediapartizan.at\/?author=2\"}]}<\/script>\n<!-- \/ Yoast SEO plugin. -->","yoast_head_json":{"title":"Patrick allein zu Haus? | Kommentar - Mediapartizan.at","robots":{"index":"index","follow":"follow","max-snippet":"max-snippet:-1","max-image-preview":"max-image-preview:large","max-video-preview":"max-video-preview:-1"},"canonical":"https:\/\/www.mediapartizan.at\/?p=13621","og_locale":"de_DE","og_type":"article","og_title":"Patrick allein zu Haus? | Kommentar - Mediapartizan.at","og_description":"Blaupause: In der Klagenfurter FP\u00d6 soll es einen Plan geben, Christian Scheider zur\u00fcck zu den Blauen zu holen. Damit w\u00e4re Patrick Jonke mit seiner FSP isoliert. Das \u00dcbel Klagenfurts ist aber, dass Scheider tats\u00e4chlich noch einmal B\u00fcrgermeister werden k\u00f6nnte. Die Schw\u00e4che seiner Konkurrenten ist ihm dabei der beste Wahlhelfer. [...]","og_url":"https:\/\/www.mediapartizan.at\/?p=13621","og_site_name":"Mediapartizan.at","article_published_time":"2026-01-10T18:53:16+00:00","article_modified_time":"2026-01-12T09:18:17+00:00","og_image":[{"width":1184,"height":864,"url":"https:\/\/www.mediapartizan.at\/wp-content\/uploads\/2026\/01\/Jonke.png","type":"image\/png"}],"author":"Franz Miklautz","twitter_card":"summary_large_image","twitter_misc":{"Verfasst von":"Franz Miklautz","Gesch\u00e4tzte Lesezeit":"3\u00a0Minuten"},"schema":{"@context":"https:\/\/schema.org","@graph":[{"@type":"WebPage","@id":"https:\/\/www.mediapartizan.at\/?p=13621","url":"https:\/\/www.mediapartizan.at\/?p=13621","name":"Patrick allein zu Haus? | Kommentar - Mediapartizan.at","isPartOf":{"@id":"https:\/\/www.mediapartizan.at\/#website"},"datePublished":"2026-01-10T18:53:16+00:00","dateModified":"2026-01-12T09:18:17+00:00","author":{"@id":"https:\/\/www.mediapartizan.at\/#\/schema\/person\/f6bd7eb8222f2fe985c78d08f17ed7a9"},"breadcrumb":{"@id":"https:\/\/www.mediapartizan.at\/?p=13621#breadcrumb"},"inLanguage":"de","potentialAction":[{"@type":"ReadAction","target":["https:\/\/www.mediapartizan.at\/?p=13621"]}]},{"@type":"BreadcrumbList","@id":"https:\/\/www.mediapartizan.at\/?p=13621#breadcrumb","itemListElement":[{"@type":"ListItem","position":1,"name":"Startseite","item":"https:\/\/www.mediapartizan.at\/"},{"@type":"ListItem","position":2,"name":"Patrick allein zu Haus? | Kommentar"}]},{"@type":"WebSite","@id":"https:\/\/www.mediapartizan.at\/#website","url":"https:\/\/www.mediapartizan.at\/","name":"Mediapartizan.at","description":"","potentialAction":[{"@type":"SearchAction","target":{"@type":"EntryPoint","urlTemplate":"https:\/\/www.mediapartizan.at\/?s={search_term_string}"},"query-input":"required name=search_term_string"}],"inLanguage":"de"},{"@type":"Person","@id":"https:\/\/www.mediapartizan.at\/#\/schema\/person\/f6bd7eb8222f2fe985c78d08f17ed7a9","name":"Franz Miklautz","image":{"@type":"ImageObject","inLanguage":"de","@id":"https:\/\/www.mediapartizan.at\/#\/schema\/person\/image\/","url":"https:\/\/secure.gravatar.com\/avatar\/5618667e9a7ab3fa3e1a0c75987c8d0c111ad041167e738d67ac0846e54e195e?s=96&d=mm&r=g","contentUrl":"https:\/\/secure.gravatar.com\/avatar\/5618667e9a7ab3fa3e1a0c75987c8d0c111ad041167e738d67ac0846e54e195e?s=96&d=mm&r=g","caption":"Franz Miklautz"},"url":"https:\/\/www.mediapartizan.at\/?author=2"}]}},"jetpack_featured_media_url":"https:\/\/i0.wp.com\/www.mediapartizan.at\/wp-content\/uploads\/2026\/01\/Jonke.png?fit=1184%2C864&ssl=1","jetpack_sharing_enabled":true,"_links":{"self":[{"href":"https:\/\/www.mediapartizan.at\/index.php?rest_route=\/wp\/v2\/posts\/13621","targetHints":{"allow":["GET"]}}],"collection":[{"href":"https:\/\/www.mediapartizan.at\/index.php?rest_route=\/wp\/v2\/posts"}],"about":[{"href":"https:\/\/www.mediapartizan.at\/index.php?rest_route=\/wp\/v2\/types\/post"}],"author":[{"embeddable":true,"href":"https:\/\/www.mediapartizan.at\/index.php?rest_route=\/wp\/v2\/users\/2"}],"replies":[{"embeddable":true,"href":"https:\/\/www.mediapartizan.at\/index.php?rest_route=%2Fwp%2Fv2%2Fcomments&post=13621"}],"version-history":[{"count":4,"href":"https:\/\/www.mediapartizan.at\/index.php?rest_route=\/wp\/v2\/posts\/13621\/revisions"}],"predecessor-version":[{"id":13633,"href":"https:\/\/www.mediapartizan.at\/index.php?rest_route=\/wp\/v2\/posts\/13621\/revisions\/13633"}],"wp:featuredmedia":[{"embeddable":true,"href":"https:\/\/www.mediapartizan.at\/index.php?rest_route=\/wp\/v2\/media\/13631"}],"wp:attachment":[{"href":"https:\/\/www.mediapartizan.at\/index.php?rest_route=%2Fwp%2Fv2%2Fmedia&parent=13621"}],"wp:term":[{"taxonomy":"category","embeddable":true,"href":"https:\/\/www.mediapartizan.at\/index.php?rest_route=%2Fwp%2Fv2%2Fcategories&post=13621"},{"taxonomy":"post_tag","embeddable":true,"href":"https:\/\/www.mediapartizan.at\/index.php?rest_route=%2Fwp%2Fv2%2Ftags&post=13621"}],"curies":[{"name":"wp","href":"https:\/\/api.w.org\/{rel}","templated":true}]}}