{"id":13670,"date":"2026-01-15T14:42:55","date_gmt":"2026-01-15T13:42:55","guid":{"rendered":"https:\/\/www.mediapartizan.at\/?p=13670"},"modified":"2026-01-31T13:45:35","modified_gmt":"2026-01-31T12:45:35","slug":"amt-fuer-korruptionsbekaempfung-ermittelt-in-klo-causa-gegen-klagenfurter-stadtvize-jonke","status":"publish","type":"post","link":"https:\/\/www.mediapartizan.at\/?p=13670","title":{"rendered":"Amt f\u00fcr Korruptionsbek\u00e4mpfung ermittelt in &#8222;Klo-Causa&#8220; gegen Klagenfurter Stadtvize Jonke"},"content":{"rendered":"<p><\/p>\n<p class=\"has-text-align-right\"><strong>Developing<\/strong><\/p>\n<p><\/p>\n<p><\/p>\n<p>Vor gut einem Monat <a href=\"https:\/\/www.mediapartizan.at\/?p=13511\" target=\"_blank\" rel=\"noreferrer noopener\">ermittelte die Staatsanwaltschaft (StA) Klagenfurt in der sogenannten &#8222;Klo-Causa&#8220; noch gegen unbekannte T\u00e4ter<\/a>. In der Sache geht es darum, dass 2023 und 2024 vom Klagenfurter Marktamt Auftr\u00e4ge f\u00fcr die Bereitstellung von WC-Containern am Klagenfurter Christkindlmarkt an die TAS GmbH vergeben wurden. <a href=\"https:\/\/www.mediapartizan.at\/?p=12823\">Die Sache wurde durch monatelange Recherchen von Mediapartizan.at \u00f6ffentlich.<\/a> <\/p>\n<p><\/p>\n<p><\/p>\n<p><strong>Verdacht: Missbrauch der Amtsgewalt<\/strong><\/p>\n<p><\/p>\n<p><\/p>\n<p>Nun hat die StA das Bundesamt f\u00fcr Korruptionsbek\u00e4mpfung (BAK) mit den weiteren Ermittlungen beauftragt. Und es wird nicht mehr (nur) gegen Unbekannt ermittelt: Sondern gegen den Klagenfurter Vizeb\u00fcrgermeister Patrick Jonke (FSP). &#8222;Er ist als Beschuldigter erfasst&#8220;, erkl\u00e4rt die Pressestelle der StA auf Anfrage. Der Verdacht: &#8222;Missbrauch der Amtsgewalt.&#8220; <\/p>\n<p><\/p>\n<p><\/p>\n<figure class=\"wp-block-image aligncenter size-full is-resized\"><a href=\"https:\/\/www.mediapartizan.at\/?page_id=670\" target=\"_blank\" rel=\" noreferrer noopener\"><img data-recalc-dims=\"1\" loading=\"lazy\" decoding=\"async\" width=\"892\" height=\"110\" src=\"https:\/\/i0.wp.com\/www.mediapartizan.at\/wp-content\/uploads\/2026\/01\/Unterstuetzen.png?resize=892%2C110&#038;ssl=1\" alt=\"\" class=\"wp-image-13678\" style=\"width:421px;height:auto\" srcset=\"https:\/\/i0.wp.com\/www.mediapartizan.at\/wp-content\/uploads\/2026\/01\/Unterstuetzen.png?w=892&amp;ssl=1 892w, https:\/\/i0.wp.com\/www.mediapartizan.at\/wp-content\/uploads\/2026\/01\/Unterstuetzen.png?resize=300%2C37&amp;ssl=1 300w, https:\/\/i0.wp.com\/www.mediapartizan.at\/wp-content\/uploads\/2026\/01\/Unterstuetzen.png?resize=768%2C95&amp;ssl=1 768w\" sizes=\"auto, (max-width: 892px) 100vw, 892px\" \/><\/a><\/figure>\n<p><\/p>\n<p><\/p>\n<p><strong>WC-Auftr\u00e4ge f\u00fcr Gastrofirma<\/strong><\/p>\n<p><\/p>\n<p><\/p>\n<p>Die TAS GmbH wurde 2023 eigentlich als Gastronomiefirma gegr\u00fcndet. Sie geh\u00f6rt ehemaligen Gesch\u00e4ftspartnern und aktuellen pers\u00f6nlichen Freunden von Jonke. F\u00fcr die beiden WC-Container und deren Servicierung verrechnete die TAS dem Marktamt beim 2023er-Auftrag 18.000 Euro brutto. 2024 verlangte sie dann 35.700 Euro brutto. Eine Verdoppelung. Und die Firma behielt mit Einverst\u00e4ndnis des Marktamtes in beiden Jahren das Inkasso f\u00fcr sich (das ist das Benutzungsentgelt f\u00fcr den WC-Besuch). 2023 verlangte die Firma 50 Cent pro Toilettenbesuch, im Jahr darauf einen (1) Euro. <\/p>\n<p><\/p>\n<p><\/p>\n<p><strong>TAS um 30 Prozent teurer als neuer Anbieter<\/strong><\/p>\n<p><\/p>\n<p><\/p>\n<p>2025 bot ein anderer Anbieter an: Die Firma Veki. Sie verlangte rund 39.600 Euro brutto. Davon werden nun aber rund 15.100 Euro brutto Inkassogeld abgezogen, das die Veki einkassierte, im Gegensatz zur TAS aber nicht behalten darf. <a href=\"https:\/\/www.mediapartizan.at\/?p=13636\">So dass die Veki die Stadt &#8222;nur&#8220; gut 24.500 Euro kostete<\/a>. Die TAS war also ein Jahr davor um mehr als 11.000 Euro teurer als die Veki. Und durfte dazu das Inkasso behalten.<\/p>\n<p><\/p>\n<p><\/p>\n<p>11.000 Euro &#8211; das sind gut 30 Prozent. Warum die TAS innerhalb eines Jahres den Preis nahezu verdoppelte, dar\u00fcber gibt es bei der Stadt offenbar nur eine Annahme: Man \u201egeht davon aus, dass angesichts der allgemeinen wirtschaftlichen Herausforderungen und der fl\u00e4chendeckenden Teuerungen in ganz \u00d6sterreich auch dieses Angebot nachtr\u00e4glich kalkuliert wurde\u201c, so die Stadt in einer Presseantwort.<\/p>\n<p><\/p>\n<p><\/p>\n<figure class=\"wp-block-image aligncenter size-full is-resized\"><a href=\"https:\/\/www.mediapartizan.at\/?page_id=670\" target=\"_blank\" rel=\" noreferrer noopener\"><img data-recalc-dims=\"1\" loading=\"lazy\" decoding=\"async\" width=\"892\" height=\"110\" src=\"https:\/\/i0.wp.com\/www.mediapartizan.at\/wp-content\/uploads\/2026\/01\/Unterstuetzen.png?resize=892%2C110&#038;ssl=1\" alt=\"\" class=\"wp-image-13678\" style=\"width:421px;height:auto\" srcset=\"https:\/\/i0.wp.com\/www.mediapartizan.at\/wp-content\/uploads\/2026\/01\/Unterstuetzen.png?w=892&amp;ssl=1 892w, https:\/\/i0.wp.com\/www.mediapartizan.at\/wp-content\/uploads\/2026\/01\/Unterstuetzen.png?resize=300%2C37&amp;ssl=1 300w, https:\/\/i0.wp.com\/www.mediapartizan.at\/wp-content\/uploads\/2026\/01\/Unterstuetzen.png?resize=768%2C95&amp;ssl=1 768w\" sizes=\"auto, (max-width: 892px) 100vw, 892px\" \/><\/a><\/figure>\n<p><\/p>\n<p><\/p>\n<p><strong>Warum durfte TAS Inkasso behalten?<\/strong><\/p>\n<p><\/p>\n<p><\/p>\n<p>Warum die zust\u00e4ndige Marktkoordinatorin das Inkassogeld nicht schon von der TAS zur\u00fcckforderte und dies erst &#8211; zeitlich nach den ersten Mediapartizan-Recherchen &#8211; der Firma Veki abzog? \u201eSeitens der Marktverwaltung wurde dies seit 2023 so ausgeschrieben. Es wurde f\u00fcr die Abwicklung das wirtschaftlich g\u00fcnstigste und organisatorisch beste Angebot angenommen. Die Firma TAS war in diesem Jahr mit Abstand der bestbietende Anbieter&#8220;, erkl\u00e4rt die Stadt. Das mag stimmen. Aber 2023 kassierte die TAS &#8211; unter dem vorigen Marktkoordinator &#8211; eben &#8222;nur&#8220; 18.000 Euro. Die Erh\u00f6hung auf 35.700 Euro brutto f\u00e4llt in die \u00c4ra der aktuellen Marktkoordinatorin. Sie ist Jonkes Lebensgef\u00e4hrtin.<\/p>\n<p><\/p>\n<p><\/p>\n<p>Die SP\u00d6 Klagenfurt hatte die Sache zur Anzeige gebracht. Eine Compliance-Verletzung oder eine m\u00f6gliche Befangenheit der Marktkoordinatorin sieht die Stadt Klagenfurt nicht: <a href=\"https:\/\/www.mediapartizan.at\/?p=12823\" target=\"_blank\" rel=\"noreferrer noopener\">\u201eDie Auftragsvergabe erfolgte im Einklang mit den internen Compliance- und Vergaberichtlinien.\u201c<\/a> Es seien ordnungsgem\u00e4\u00df drei Angebote eingeholt worden. \u201eIn beiden Jahren erhielt jeweils der Bestbieter den Zuschlag.&#8220; Die \u00dcberweisung der Auftragssumme 2024 an die TAS erfolgte im Vier-Augen-Prinzip.<\/p>\n<p><\/p>\n<p><\/p>\n<p>Jonkes Anwalt Michael Sommer erkl\u00e4rt, dass er von diesbez\u00fcglichen Ermittlungen gegen seinen Klienten zwar noch nichts geh\u00f6rt habe. Er kenne aber die WC-Vergabe-Thematik, &#8222;da ist nichts Strafbares dran. Ich werde auch dieses Verfahren &#8211; wie alle anderen zuvor &#8211; zur Einstellung bringen&#8220;, so Sommer in einer ersten Einsch\u00e4tzung. F\u00fcr Jonke und etwaige andere gilt die Unschuldsvermutung.<\/p>\n<p><\/p>\n<p><\/p>\n<h2 class=\"wp-block-heading\">Update: Jonke-Anwalt meldet sich zu Wort<\/h2>\n<p><\/p>\n<p><\/p>\n<p>In einem E-Mail vom 28. J\u00e4nner 2026 meldet sich Jonke-Anwalt Michael Sommer zu Wort. Er teilt mit, dass Jonke nicht Beschuldigter in diesem Verfahren sei und gegen unbekannte T\u00e4ter ermittelt werde. Er f\u00fchrt dazu und \u00fcbermittelt einen E-Mail-Verkehr mit dem BAK als Untermauerung an. Die Staatsanwaltschaft Klagenfurt bleibt auf wiederholte Anfrage jedoch bei der von ihr von Anfang an mitgeteilten Auskunft: Es werde gegen Jonke ermittelt und der Vizeb\u00fcrgermeister befinde sich im Status eines Beschuldigten (es gilt die Unschuldsvermutung).<\/p>\n<p><\/p>\n<p><\/p>\n<p><\/p>\n<p><\/p>\n<p><\/p>\n<p><\/p>\n<p><\/p>\n","protected":false},"excerpt":{"rendered":"<div class=\"mh-excerpt\"><p>Verdacht des Amtsmissbrauchs: In der Causa der Vergabe von WC-Containern am Klagenfurter Christkindlmarkt hat die Staatsanwaltschaft nun das BAK mit den Ermittlungen beauftragt. Vizeb\u00fcrgermeister Patrick Jonke wird als Beschuldigter gef\u00fchrt. <a class=\"mh-excerpt-more\" href=\"https:\/\/www.mediapartizan.at\/?p=13670\" title=\"Amt f\u00fcr Korruptionsbek\u00e4mpfung ermittelt in &#8222;Klo-Causa&#8220; gegen Klagenfurter Stadtvize Jonke\">[&#8230;]<\/a><\/p>\n<\/div>","protected":false},"author":2,"featured_media":11638,"comment_status":"open","ping_status":"open","sticky":false,"template":"","format":"standard","meta":{"inline_featured_image":false,"_jetpack_memberships_contains_paid_content":false,"footnotes":""},"categories":[143],"tags":[],"class_list":{"0":"post-13670","1":"post","2":"type-post","3":"status-publish","4":"format-standard","5":"has-post-thumbnail","7":"category-stadt-klagenfurt"},"yoast_head":"<!-- This site is optimized with the Yoast SEO plugin v20.10 - https:\/\/yoast.com\/wordpress\/plugins\/seo\/ -->\n<title>Amt f\u00fcr Korruptionsbek\u00e4mpfung ermittelt in &quot;Klo-Causa&quot; gegen Klagenfurter Stadtvize Jonke - Mediapartizan.at<\/title>\n<meta name=\"robots\" content=\"index, follow, max-snippet:-1, max-image-preview:large, max-video-preview:-1\" \/>\n<link rel=\"canonical\" href=\"https:\/\/www.mediapartizan.at\/?p=13670\" \/>\n<meta property=\"og:locale\" content=\"de_DE\" \/>\n<meta property=\"og:type\" content=\"article\" \/>\n<meta property=\"og:title\" content=\"Amt f\u00fcr Korruptionsbek\u00e4mpfung ermittelt in &quot;Klo-Causa&quot; gegen Klagenfurter Stadtvize Jonke - Mediapartizan.at\" \/>\n<meta property=\"og:description\" content=\"Verdacht des Amtsmissbrauchs: In der Causa der Vergabe von WC-Containern am Klagenfurter Christkindlmarkt hat die Staatsanwaltschaft nun das BAK mit den Ermittlungen beauftragt. Vizeb\u00fcrgermeister Patrick Jonke wird als Beschuldigter gef\u00fchrt. [...]\" \/>\n<meta property=\"og:url\" content=\"https:\/\/www.mediapartizan.at\/?p=13670\" \/>\n<meta property=\"og:site_name\" content=\"Mediapartizan.at\" \/>\n<meta property=\"article:published_time\" content=\"2026-01-15T13:42:55+00:00\" \/>\n<meta property=\"article:modified_time\" content=\"2026-01-31T12:45:35+00:00\" \/>\n<meta property=\"og:image\" content=\"https:\/\/www.mediapartizan.at\/wp-content\/uploads\/2025\/04\/Patrick-Jonke-scaled.jpg\" \/>\n\t<meta property=\"og:image:width\" content=\"2560\" \/>\n\t<meta property=\"og:image:height\" content=\"1707\" \/>\n\t<meta property=\"og:image:type\" content=\"image\/jpeg\" \/>\n<meta name=\"author\" content=\"Franz Miklautz\" \/>\n<meta name=\"twitter:card\" content=\"summary_large_image\" \/>\n<meta name=\"twitter:label1\" content=\"Verfasst von\" \/>\n\t<meta name=\"twitter:data1\" content=\"Franz Miklautz\" \/>\n\t<meta name=\"twitter:label2\" content=\"Gesch\u00e4tzte Lesezeit\" \/>\n\t<meta name=\"twitter:data2\" content=\"4\u00a0Minuten\" \/>\n<script type=\"application\/ld+json\" class=\"yoast-schema-graph\">{\"@context\":\"https:\/\/schema.org\",\"@graph\":[{\"@type\":\"WebPage\",\"@id\":\"https:\/\/www.mediapartizan.at\/?p=13670\",\"url\":\"https:\/\/www.mediapartizan.at\/?p=13670\",\"name\":\"Amt f\u00fcr Korruptionsbek\u00e4mpfung ermittelt in \\\"Klo-Causa\\\" gegen Klagenfurter Stadtvize Jonke - Mediapartizan.at\",\"isPartOf\":{\"@id\":\"https:\/\/www.mediapartizan.at\/#website\"},\"datePublished\":\"2026-01-15T13:42:55+00:00\",\"dateModified\":\"2026-01-31T12:45:35+00:00\",\"author\":{\"@id\":\"https:\/\/www.mediapartizan.at\/#\/schema\/person\/f6bd7eb8222f2fe985c78d08f17ed7a9\"},\"breadcrumb\":{\"@id\":\"https:\/\/www.mediapartizan.at\/?p=13670#breadcrumb\"},\"inLanguage\":\"de\",\"potentialAction\":[{\"@type\":\"ReadAction\",\"target\":[\"https:\/\/www.mediapartizan.at\/?p=13670\"]}]},{\"@type\":\"BreadcrumbList\",\"@id\":\"https:\/\/www.mediapartizan.at\/?p=13670#breadcrumb\",\"itemListElement\":[{\"@type\":\"ListItem\",\"position\":1,\"name\":\"Startseite\",\"item\":\"https:\/\/www.mediapartizan.at\/\"},{\"@type\":\"ListItem\",\"position\":2,\"name\":\"Amt f\u00fcr Korruptionsbek\u00e4mpfung ermittelt in &#8222;Klo-Causa&#8220; gegen Klagenfurter Stadtvize Jonke\"}]},{\"@type\":\"WebSite\",\"@id\":\"https:\/\/www.mediapartizan.at\/#website\",\"url\":\"https:\/\/www.mediapartizan.at\/\",\"name\":\"Mediapartizan.at\",\"description\":\"\",\"potentialAction\":[{\"@type\":\"SearchAction\",\"target\":{\"@type\":\"EntryPoint\",\"urlTemplate\":\"https:\/\/www.mediapartizan.at\/?s={search_term_string}\"},\"query-input\":\"required name=search_term_string\"}],\"inLanguage\":\"de\"},{\"@type\":\"Person\",\"@id\":\"https:\/\/www.mediapartizan.at\/#\/schema\/person\/f6bd7eb8222f2fe985c78d08f17ed7a9\",\"name\":\"Franz Miklautz\",\"image\":{\"@type\":\"ImageObject\",\"inLanguage\":\"de\",\"@id\":\"https:\/\/www.mediapartizan.at\/#\/schema\/person\/image\/\",\"url\":\"https:\/\/secure.gravatar.com\/avatar\/5618667e9a7ab3fa3e1a0c75987c8d0c111ad041167e738d67ac0846e54e195e?s=96&d=mm&r=g\",\"contentUrl\":\"https:\/\/secure.gravatar.com\/avatar\/5618667e9a7ab3fa3e1a0c75987c8d0c111ad041167e738d67ac0846e54e195e?s=96&d=mm&r=g\",\"caption\":\"Franz Miklautz\"},\"url\":\"https:\/\/www.mediapartizan.at\/?author=2\"}]}<\/script>\n<!-- \/ Yoast SEO plugin. -->","yoast_head_json":{"title":"Amt f\u00fcr Korruptionsbek\u00e4mpfung ermittelt in \"Klo-Causa\" gegen Klagenfurter Stadtvize Jonke - Mediapartizan.at","robots":{"index":"index","follow":"follow","max-snippet":"max-snippet:-1","max-image-preview":"max-image-preview:large","max-video-preview":"max-video-preview:-1"},"canonical":"https:\/\/www.mediapartizan.at\/?p=13670","og_locale":"de_DE","og_type":"article","og_title":"Amt f\u00fcr Korruptionsbek\u00e4mpfung ermittelt in \"Klo-Causa\" gegen Klagenfurter Stadtvize Jonke - Mediapartizan.at","og_description":"Verdacht des Amtsmissbrauchs: In der Causa der Vergabe von WC-Containern am Klagenfurter Christkindlmarkt hat die Staatsanwaltschaft nun das BAK mit den Ermittlungen beauftragt. Vizeb\u00fcrgermeister Patrick Jonke wird als Beschuldigter gef\u00fchrt. [...]","og_url":"https:\/\/www.mediapartizan.at\/?p=13670","og_site_name":"Mediapartizan.at","article_published_time":"2026-01-15T13:42:55+00:00","article_modified_time":"2026-01-31T12:45:35+00:00","og_image":[{"width":2560,"height":1707,"url":"https:\/\/www.mediapartizan.at\/wp-content\/uploads\/2025\/04\/Patrick-Jonke-scaled.jpg","type":"image\/jpeg"}],"author":"Franz Miklautz","twitter_card":"summary_large_image","twitter_misc":{"Verfasst von":"Franz Miklautz","Gesch\u00e4tzte Lesezeit":"4\u00a0Minuten"},"schema":{"@context":"https:\/\/schema.org","@graph":[{"@type":"WebPage","@id":"https:\/\/www.mediapartizan.at\/?p=13670","url":"https:\/\/www.mediapartizan.at\/?p=13670","name":"Amt f\u00fcr Korruptionsbek\u00e4mpfung ermittelt in \"Klo-Causa\" gegen Klagenfurter Stadtvize Jonke - Mediapartizan.at","isPartOf":{"@id":"https:\/\/www.mediapartizan.at\/#website"},"datePublished":"2026-01-15T13:42:55+00:00","dateModified":"2026-01-31T12:45:35+00:00","author":{"@id":"https:\/\/www.mediapartizan.at\/#\/schema\/person\/f6bd7eb8222f2fe985c78d08f17ed7a9"},"breadcrumb":{"@id":"https:\/\/www.mediapartizan.at\/?p=13670#breadcrumb"},"inLanguage":"de","potentialAction":[{"@type":"ReadAction","target":["https:\/\/www.mediapartizan.at\/?p=13670"]}]},{"@type":"BreadcrumbList","@id":"https:\/\/www.mediapartizan.at\/?p=13670#breadcrumb","itemListElement":[{"@type":"ListItem","position":1,"name":"Startseite","item":"https:\/\/www.mediapartizan.at\/"},{"@type":"ListItem","position":2,"name":"Amt f\u00fcr Korruptionsbek\u00e4mpfung ermittelt in &#8222;Klo-Causa&#8220; gegen Klagenfurter Stadtvize Jonke"}]},{"@type":"WebSite","@id":"https:\/\/www.mediapartizan.at\/#website","url":"https:\/\/www.mediapartizan.at\/","name":"Mediapartizan.at","description":"","potentialAction":[{"@type":"SearchAction","target":{"@type":"EntryPoint","urlTemplate":"https:\/\/www.mediapartizan.at\/?s={search_term_string}"},"query-input":"required name=search_term_string"}],"inLanguage":"de"},{"@type":"Person","@id":"https:\/\/www.mediapartizan.at\/#\/schema\/person\/f6bd7eb8222f2fe985c78d08f17ed7a9","name":"Franz Miklautz","image":{"@type":"ImageObject","inLanguage":"de","@id":"https:\/\/www.mediapartizan.at\/#\/schema\/person\/image\/","url":"https:\/\/secure.gravatar.com\/avatar\/5618667e9a7ab3fa3e1a0c75987c8d0c111ad041167e738d67ac0846e54e195e?s=96&d=mm&r=g","contentUrl":"https:\/\/secure.gravatar.com\/avatar\/5618667e9a7ab3fa3e1a0c75987c8d0c111ad041167e738d67ac0846e54e195e?s=96&d=mm&r=g","caption":"Franz Miklautz"},"url":"https:\/\/www.mediapartizan.at\/?author=2"}]}},"jetpack_featured_media_url":"https:\/\/i0.wp.com\/www.mediapartizan.at\/wp-content\/uploads\/2025\/04\/Patrick-Jonke-scaled.jpg?fit=2560%2C1707&ssl=1","jetpack_sharing_enabled":true,"_links":{"self":[{"href":"https:\/\/www.mediapartizan.at\/index.php?rest_route=\/wp\/v2\/posts\/13670","targetHints":{"allow":["GET"]}}],"collection":[{"href":"https:\/\/www.mediapartizan.at\/index.php?rest_route=\/wp\/v2\/posts"}],"about":[{"href":"https:\/\/www.mediapartizan.at\/index.php?rest_route=\/wp\/v2\/types\/post"}],"author":[{"embeddable":true,"href":"https:\/\/www.mediapartizan.at\/index.php?rest_route=\/wp\/v2\/users\/2"}],"replies":[{"embeddable":true,"href":"https:\/\/www.mediapartizan.at\/index.php?rest_route=%2Fwp%2Fv2%2Fcomments&post=13670"}],"version-history":[{"count":7,"href":"https:\/\/www.mediapartizan.at\/index.php?rest_route=\/wp\/v2\/posts\/13670\/revisions"}],"predecessor-version":[{"id":13773,"href":"https:\/\/www.mediapartizan.at\/index.php?rest_route=\/wp\/v2\/posts\/13670\/revisions\/13773"}],"wp:featuredmedia":[{"embeddable":true,"href":"https:\/\/www.mediapartizan.at\/index.php?rest_route=\/wp\/v2\/media\/11638"}],"wp:attachment":[{"href":"https:\/\/www.mediapartizan.at\/index.php?rest_route=%2Fwp%2Fv2%2Fmedia&parent=13670"}],"wp:term":[{"taxonomy":"category","embeddable":true,"href":"https:\/\/www.mediapartizan.at\/index.php?rest_route=%2Fwp%2Fv2%2Fcategories&post=13670"},{"taxonomy":"post_tag","embeddable":true,"href":"https:\/\/www.mediapartizan.at\/index.php?rest_route=%2Fwp%2Fv2%2Ftags&post=13670"}],"curies":[{"name":"wp","href":"https:\/\/api.w.org\/{rel}","templated":true}]}}