{"id":1405,"date":"2020-10-01T21:43:08","date_gmt":"2020-10-01T19:43:08","guid":{"rendered":"https:\/\/www.mediapartizan.at\/?p=1405"},"modified":"2020-10-02T10:53:23","modified_gmt":"2020-10-02T08:53:23","slug":"k-bv-vorstand-berichtete-faelschlicherweise-an-aufsichtsrat","status":"publish","type":"post","link":"https:\/\/www.mediapartizan.at\/?p=1405","title":{"rendered":"K-BV-Vorstand berichtete &#8222;f\u00e4lschlicherweise&#8220; an Aufsichtsrat"},"content":{"rendered":"<p><\/p>\n<p>Der druckfrische Bericht des Landes-Rechnungshofs (LRH) \u00fcber die Teilprivatisierung des Klagenfurter Flughafens beinhaltet brisante und bisher unver\u00f6ffentlichte Details \u00fcber die Abgabe von 74,9 Prozent am Airport an die Lilihill Capital Beteiligung GmbH des Immobilieninvestors Franz Peter Orasch. In den Jahren davor waren Land K\u00e4rnten und Stadt Klagenfurt zu 80 bzw. 20 Prozent Eigent\u00fcmer am Flughafen. Der nunmehrige LRH-Bericht bescheinigt der K\u00e4rntner Beteiligungsverwaltung (K-BV), sie hatte federf\u00fchrend die Privatisierung verhandelt, ein klangloses Zeugnis.<\/p>\n<p><\/p>\n<p><\/p>\n<p><strong>K-BV-Vorstand berichtete &#8222;f\u00e4lschlicherweise&#8220;<\/strong><\/p>\n<p><\/p>\n<p><\/p>\n<p>Im Vorfeld der Privatisierung wurden zwei Gutachten zum Wert des Flughafens eingeholt. Dabei handelte es sich um sogenannte indikative Bewertungen, die den Marktwert des Eigenkapitals der K\u00e4rntner Flughafen Betriebs GmbH (KFGB), also des Flughafens, ausweisen sollten. Bei einer indikativen Pr\u00fcfung dreht es sich gegen\u00fcber einer Due-Dilligence, bei der das Kaufobjekt auf Herz und Nieren gepr\u00fcft wird, um eine relativ niederschwelligere Unternehmenspr\u00fcfung. <\/p>\n<p><\/p>\n<p><\/p>\n<p>Der LRH kritisierte, &#8222;dass der Vorstand der K-BV f\u00e4lschlicherweise berichtete, dass Due-Diligence-Pr\u00fcfungen beauftragt worden w\u00e4ren und den Aufsichtsr\u00e4ten den Ertragswert ,gleich Null&#8216; kommunizierte, obwohl die Gutachten der Beratungsunternehmen nur indikative Bewertungen darstellten (&#8230;)&#8220;. <\/p>\n<p><\/p>\n<p><\/p>\n<p><strong>Immer wieder die Grundst\u00fccke: K-BV-Vorstand informierte Aufsichtsrat mangelhaft<\/strong><\/p>\n<p><\/p>\n<p><\/p>\n<p>&#8222;Der LRH kritisierte des Weiteren, dass der Vorstand der K-BV die Aufsichtsr\u00e4te nicht dar\u00fcber aufkl\u00e4rte, dass die Werte der nicht betriebsnotwendigen Grundst\u00fccke in den Unternehmensbewertungen, (&#8230;) nicht ber\u00fccksichtigt waren.&#8220; <\/p>\n<p><\/p>\n<p><\/p>\n<p>Die nicht betriebsnotwendigen Grundst\u00fccke des Flughafens Klagenfurt waren laut einem Gutachten aus dem Jahr 2015 mit einem Verkehrswert von 28 Millionen Euro beziffert worden.<\/p>\n<p><\/p>\n<p><\/p>\n<p><\/p>\n<p><\/p>\n<p><\/p>\n<p><\/p>\n<p><\/p>\n<p><\/p>\n<p><\/p>\n<p><\/p>\n<p><\/p>\n<p><\/p>\n<p><\/p>\n<p><\/p>\n<p><\/p>\n<p><\/p>\n<p>*** <\/p>\n<p><\/p>\n<p><\/p>\n<p>Foto(s): <a href=\"https:\/\/www.istockphoto.com\/de\/portfolio\/cunfek?mediatype=photography\">cunfek<\/a>, Standardlizenz, www.istockfoto.com<\/p>\n<p><\/p>\n","protected":false},"excerpt":{"rendered":"<div class=\"mh-excerpt\"><p>Der druckfrische Bericht des Landes-Rechnungshofs (LRH) \u00fcber die Teilprivatisierung des Klagenfurter Flughafens beinhaltet brisante und bisher unver\u00f6ffentlichte Details \u00fcber die Abgabe von 74,9 Prozent am Airport an die Lilihill Capital Beteiligung GmbH des Immobilieninvestors Franz <a class=\"mh-excerpt-more\" href=\"https:\/\/www.mediapartizan.at\/?p=1405\" title=\"K-BV-Vorstand berichtete &#8222;f\u00e4lschlicherweise&#8220; an Aufsichtsrat\">[&#8230;]<\/a><\/p>\n<\/div>","protected":false},"author":2,"featured_media":1406,"comment_status":"open","ping_status":"open","sticky":false,"template":"","format":"standard","meta":{"inline_featured_image":false,"_jetpack_memberships_contains_paid_content":false,"footnotes":""},"categories":[166],"tags":[181,167,169,182,183,180,184,168,118],"class_list":{"0":"post-1405","1":"post","2":"type-post","3":"status-publish","4":"format-standard","5":"has-post-thumbnail","7":"category-flughafen-klagenfurt","8":"tag-airport-klagenfurt","9":"tag-flughafen-klagenfurt","10":"tag-franz-peter-orasch","11":"tag-kaerntner-beteiligungsverwaltung","12":"tag-kbv","13":"tag-land-kaernten","14":"tag-landesrechnungshof","15":"tag-lilihill","16":"tag-stadt-klagenfurt"},"yoast_head":"<!-- This site is optimized with the Yoast SEO plugin v20.10 - https:\/\/yoast.com\/wordpress\/plugins\/seo\/ -->\n<title>K-BV-Vorstand berichtete &quot;f\u00e4lschlicherweise&quot; an Aufsichtsrat - Mediapartizan.at<\/title>\n<meta name=\"robots\" content=\"index, follow, max-snippet:-1, max-image-preview:large, max-video-preview:-1\" \/>\n<link rel=\"canonical\" href=\"https:\/\/www.mediapartizan.at\/?p=1405\" \/>\n<meta property=\"og:locale\" content=\"de_DE\" \/>\n<meta property=\"og:type\" content=\"article\" \/>\n<meta property=\"og:title\" content=\"K-BV-Vorstand berichtete &quot;f\u00e4lschlicherweise&quot; an Aufsichtsrat - Mediapartizan.at\" \/>\n<meta property=\"og:description\" content=\"Der druckfrische Bericht des Landes-Rechnungshofs (LRH) \u00fcber die Teilprivatisierung des Klagenfurter Flughafens beinhaltet brisante und bisher unver\u00f6ffentlichte Details \u00fcber die Abgabe von 74,9 Prozent am Airport an die Lilihill Capital Beteiligung GmbH des Immobilieninvestors Franz [...]\" \/>\n<meta property=\"og:url\" content=\"https:\/\/www.mediapartizan.at\/?p=1405\" \/>\n<meta property=\"og:site_name\" content=\"Mediapartizan.at\" \/>\n<meta property=\"article:published_time\" content=\"2020-10-01T19:43:08+00:00\" \/>\n<meta property=\"article:modified_time\" content=\"2020-10-02T08:53:23+00:00\" \/>\n<meta property=\"og:image\" content=\"https:\/\/www.mediapartizan.at\/wp-content\/uploads\/2020\/10\/Bildschirmfoto-2020-10-01-um-19.30.59-1024x680.png\" \/>\n\t<meta property=\"og:image:width\" content=\"1024\" \/>\n\t<meta property=\"og:image:height\" content=\"680\" \/>\n\t<meta property=\"og:image:type\" content=\"image\/png\" \/>\n<meta name=\"author\" content=\"Franz Miklautz\" \/>\n<meta name=\"twitter:card\" content=\"summary_large_image\" \/>\n<meta name=\"twitter:label1\" content=\"Verfasst von\" \/>\n\t<meta name=\"twitter:data1\" content=\"Franz Miklautz\" \/>\n\t<meta name=\"twitter:label2\" content=\"Gesch\u00e4tzte Lesezeit\" \/>\n\t<meta name=\"twitter:data2\" content=\"1\u00a0Minute\" \/>\n<script type=\"application\/ld+json\" class=\"yoast-schema-graph\">{\"@context\":\"https:\/\/schema.org\",\"@graph\":[{\"@type\":\"WebPage\",\"@id\":\"https:\/\/www.mediapartizan.at\/?p=1405\",\"url\":\"https:\/\/www.mediapartizan.at\/?p=1405\",\"name\":\"K-BV-Vorstand berichtete \\\"f\u00e4lschlicherweise\\\" an Aufsichtsrat - Mediapartizan.at\",\"isPartOf\":{\"@id\":\"https:\/\/www.mediapartizan.at\/#website\"},\"datePublished\":\"2020-10-01T19:43:08+00:00\",\"dateModified\":\"2020-10-02T08:53:23+00:00\",\"author\":{\"@id\":\"https:\/\/www.mediapartizan.at\/#\/schema\/person\/f6bd7eb8222f2fe985c78d08f17ed7a9\"},\"breadcrumb\":{\"@id\":\"https:\/\/www.mediapartizan.at\/?p=1405#breadcrumb\"},\"inLanguage\":\"de\",\"potentialAction\":[{\"@type\":\"ReadAction\",\"target\":[\"https:\/\/www.mediapartizan.at\/?p=1405\"]}]},{\"@type\":\"BreadcrumbList\",\"@id\":\"https:\/\/www.mediapartizan.at\/?p=1405#breadcrumb\",\"itemListElement\":[{\"@type\":\"ListItem\",\"position\":1,\"name\":\"Startseite\",\"item\":\"https:\/\/www.mediapartizan.at\/\"},{\"@type\":\"ListItem\",\"position\":2,\"name\":\"K-BV-Vorstand berichtete &#8222;f\u00e4lschlicherweise&#8220; an Aufsichtsrat\"}]},{\"@type\":\"WebSite\",\"@id\":\"https:\/\/www.mediapartizan.at\/#website\",\"url\":\"https:\/\/www.mediapartizan.at\/\",\"name\":\"Mediapartizan.at\",\"description\":\"\",\"potentialAction\":[{\"@type\":\"SearchAction\",\"target\":{\"@type\":\"EntryPoint\",\"urlTemplate\":\"https:\/\/www.mediapartizan.at\/?s={search_term_string}\"},\"query-input\":\"required name=search_term_string\"}],\"inLanguage\":\"de\"},{\"@type\":\"Person\",\"@id\":\"https:\/\/www.mediapartizan.at\/#\/schema\/person\/f6bd7eb8222f2fe985c78d08f17ed7a9\",\"name\":\"Franz Miklautz\",\"image\":{\"@type\":\"ImageObject\",\"inLanguage\":\"de\",\"@id\":\"https:\/\/www.mediapartizan.at\/#\/schema\/person\/image\/\",\"url\":\"https:\/\/secure.gravatar.com\/avatar\/5618667e9a7ab3fa3e1a0c75987c8d0c111ad041167e738d67ac0846e54e195e?s=96&d=mm&r=g\",\"contentUrl\":\"https:\/\/secure.gravatar.com\/avatar\/5618667e9a7ab3fa3e1a0c75987c8d0c111ad041167e738d67ac0846e54e195e?s=96&d=mm&r=g\",\"caption\":\"Franz Miklautz\"},\"url\":\"https:\/\/www.mediapartizan.at\/?author=2\"}]}<\/script>\n<!-- \/ Yoast SEO plugin. -->","yoast_head_json":{"title":"K-BV-Vorstand berichtete \"f\u00e4lschlicherweise\" an Aufsichtsrat - Mediapartizan.at","robots":{"index":"index","follow":"follow","max-snippet":"max-snippet:-1","max-image-preview":"max-image-preview:large","max-video-preview":"max-video-preview:-1"},"canonical":"https:\/\/www.mediapartizan.at\/?p=1405","og_locale":"de_DE","og_type":"article","og_title":"K-BV-Vorstand berichtete \"f\u00e4lschlicherweise\" an Aufsichtsrat - Mediapartizan.at","og_description":"Der druckfrische Bericht des Landes-Rechnungshofs (LRH) \u00fcber die Teilprivatisierung des Klagenfurter Flughafens beinhaltet brisante und bisher unver\u00f6ffentlichte Details \u00fcber die Abgabe von 74,9 Prozent am Airport an die Lilihill Capital Beteiligung GmbH des Immobilieninvestors Franz [...]","og_url":"https:\/\/www.mediapartizan.at\/?p=1405","og_site_name":"Mediapartizan.at","article_published_time":"2020-10-01T19:43:08+00:00","article_modified_time":"2020-10-02T08:53:23+00:00","og_image":[{"width":1024,"height":680,"url":"https:\/\/www.mediapartizan.at\/wp-content\/uploads\/2020\/10\/Bildschirmfoto-2020-10-01-um-19.30.59-1024x680.png","type":"image\/png"}],"author":"Franz Miklautz","twitter_card":"summary_large_image","twitter_misc":{"Verfasst von":"Franz Miklautz","Gesch\u00e4tzte Lesezeit":"1\u00a0Minute"},"schema":{"@context":"https:\/\/schema.org","@graph":[{"@type":"WebPage","@id":"https:\/\/www.mediapartizan.at\/?p=1405","url":"https:\/\/www.mediapartizan.at\/?p=1405","name":"K-BV-Vorstand berichtete \"f\u00e4lschlicherweise\" an Aufsichtsrat - Mediapartizan.at","isPartOf":{"@id":"https:\/\/www.mediapartizan.at\/#website"},"datePublished":"2020-10-01T19:43:08+00:00","dateModified":"2020-10-02T08:53:23+00:00","author":{"@id":"https:\/\/www.mediapartizan.at\/#\/schema\/person\/f6bd7eb8222f2fe985c78d08f17ed7a9"},"breadcrumb":{"@id":"https:\/\/www.mediapartizan.at\/?p=1405#breadcrumb"},"inLanguage":"de","potentialAction":[{"@type":"ReadAction","target":["https:\/\/www.mediapartizan.at\/?p=1405"]}]},{"@type":"BreadcrumbList","@id":"https:\/\/www.mediapartizan.at\/?p=1405#breadcrumb","itemListElement":[{"@type":"ListItem","position":1,"name":"Startseite","item":"https:\/\/www.mediapartizan.at\/"},{"@type":"ListItem","position":2,"name":"K-BV-Vorstand berichtete &#8222;f\u00e4lschlicherweise&#8220; an Aufsichtsrat"}]},{"@type":"WebSite","@id":"https:\/\/www.mediapartizan.at\/#website","url":"https:\/\/www.mediapartizan.at\/","name":"Mediapartizan.at","description":"","potentialAction":[{"@type":"SearchAction","target":{"@type":"EntryPoint","urlTemplate":"https:\/\/www.mediapartizan.at\/?s={search_term_string}"},"query-input":"required name=search_term_string"}],"inLanguage":"de"},{"@type":"Person","@id":"https:\/\/www.mediapartizan.at\/#\/schema\/person\/f6bd7eb8222f2fe985c78d08f17ed7a9","name":"Franz Miklautz","image":{"@type":"ImageObject","inLanguage":"de","@id":"https:\/\/www.mediapartizan.at\/#\/schema\/person\/image\/","url":"https:\/\/secure.gravatar.com\/avatar\/5618667e9a7ab3fa3e1a0c75987c8d0c111ad041167e738d67ac0846e54e195e?s=96&d=mm&r=g","contentUrl":"https:\/\/secure.gravatar.com\/avatar\/5618667e9a7ab3fa3e1a0c75987c8d0c111ad041167e738d67ac0846e54e195e?s=96&d=mm&r=g","caption":"Franz Miklautz"},"url":"https:\/\/www.mediapartizan.at\/?author=2"}]}},"jetpack_featured_media_url":"https:\/\/i0.wp.com\/www.mediapartizan.at\/wp-content\/uploads\/2020\/10\/Bildschirmfoto-2020-10-01-um-19.30.59.png?fit=2112%2C1402&ssl=1","jetpack_sharing_enabled":true,"_links":{"self":[{"href":"https:\/\/www.mediapartizan.at\/index.php?rest_route=\/wp\/v2\/posts\/1405","targetHints":{"allow":["GET"]}}],"collection":[{"href":"https:\/\/www.mediapartizan.at\/index.php?rest_route=\/wp\/v2\/posts"}],"about":[{"href":"https:\/\/www.mediapartizan.at\/index.php?rest_route=\/wp\/v2\/types\/post"}],"author":[{"embeddable":true,"href":"https:\/\/www.mediapartizan.at\/index.php?rest_route=\/wp\/v2\/users\/2"}],"replies":[{"embeddable":true,"href":"https:\/\/www.mediapartizan.at\/index.php?rest_route=%2Fwp%2Fv2%2Fcomments&post=1405"}],"version-history":[{"count":11,"href":"https:\/\/www.mediapartizan.at\/index.php?rest_route=\/wp\/v2\/posts\/1405\/revisions"}],"predecessor-version":[{"id":1417,"href":"https:\/\/www.mediapartizan.at\/index.php?rest_route=\/wp\/v2\/posts\/1405\/revisions\/1417"}],"wp:featuredmedia":[{"embeddable":true,"href":"https:\/\/www.mediapartizan.at\/index.php?rest_route=\/wp\/v2\/media\/1406"}],"wp:attachment":[{"href":"https:\/\/www.mediapartizan.at\/index.php?rest_route=%2Fwp%2Fv2%2Fmedia&parent=1405"}],"wp:term":[{"taxonomy":"category","embeddable":true,"href":"https:\/\/www.mediapartizan.at\/index.php?rest_route=%2Fwp%2Fv2%2Fcategories&post=1405"},{"taxonomy":"post_tag","embeddable":true,"href":"https:\/\/www.mediapartizan.at\/index.php?rest_route=%2Fwp%2Fv2%2Ftags&post=1405"}],"curies":[{"name":"wp","href":"https:\/\/api.w.org\/{rel}","templated":true}]}}