{"id":1418,"date":"2020-10-02T14:26:27","date_gmt":"2020-10-02T12:26:27","guid":{"rendered":"https:\/\/www.mediapartizan.at\/?p=1418"},"modified":"2020-10-09T11:48:57","modified_gmt":"2020-10-09T09:48:57","slug":"zu-welch-guenstigen-konditionen-land-und-stadt-den-flughafen-zurueckkaufen-koennten","status":"publish","type":"post","link":"https:\/\/www.mediapartizan.at\/?p=1418","title":{"rendered":"Zu welch (g\u00fcnstigen) Konditionen Land und Stadt den Flughafen zur\u00fcckkaufen k\u00f6nnten"},"content":{"rendered":"<p><\/p>\n<p><strong>R\u00fccknahme des Airports w\u00e4re &#8222;Gesch\u00e4ft&#8220;.<\/strong> <strong>Kontrollausschuss des Landes will nach Rechnungshof-Bericht nun fast 20 Personen in den Landtag laden.<\/strong><\/p>\n<p><\/p>\n<p><\/p>\n<p>209.278. Das war die Passagierzahl am Flughafen Klagenfurt im Jahr 2019. Verglichen mit 2018 um rund 8,4 Prozent weniger. 2019 gilt als erstes volles Jahr unter der Mehrheitseigent\u00fcmerschaft der Lilihill Capital Beteiligung GmbH des Immobilieninvestors Franz Peter Orasch. Der Beteiligungsvertrag wurde am 12. Juli 2018 zwischen Orasch\u00b4s Lilihill, der K\u00e4rntner Beteiligungs-Verwaltung (K-BV) f\u00fcr das Land K\u00e4rnten und der Stadt Klagenfurt abgeschlossen. Orasch setzte f\u00fcr die Beteiligung 3,5 Millionen Kapitalerh\u00f6hung und 4,6 Millionen Euro Gesellschafterzuschuss ein. Einen Kaufpreis gab es nicht. Am Konto von Land und Stadt landete kein einziger Euro. <br \/>Insgesamt setzte Orasch somit 8,1 Millionen Euro. <\/p>\n<p><\/p>\n<p><\/p>\n<p><strong>Zu 57 Prozent abh\u00e4ngig von der AUA<\/strong><\/p>\n<p><\/p>\n<p><\/p>\n<p>Wie der K\u00e4rntner Landesrechnungshof (LRH) in seinem j\u00fcngsten Bericht \u00fcber die Teilprivatisierung errechnete, bef\u00f6rderte allein die AUA 2019 rund 119.000 Passagiere. Von den insgesamt erw\u00e4hnten 209.278. Demnach w\u00e4re der Flughafen zu 57 Prozent (!) von der AUA abh\u00e4ngig gewesen. <\/p>\n<p><\/p>\n<p><\/p>\n<p><strong>Ohne AUA nur 90.000 Passagiere<\/strong><\/p>\n<p><\/p>\n<p><\/p>\n<p>Die dramatische Abh\u00e4ngigkeit von der AUA zeigt sich auch in absoluten Zahlen: L\u00e4sst man das Gedankenexperiment zu, die AUA w\u00fcrde Klagenfurt nicht mehr befliegen, betr\u00fcge die Passagieranzahl auf das Jahr 2019 bezogen nur mehr 90.000. Eher unwahrscheinlich. Obwohl: &#8222;Ein zuk\u00fcnftiger Wegfall der Flugbewegungen der Austrian Airlines w\u00fcrde jedenfalls zum Unterschreiten des in der Call Option festgelegten Passagieraufkommens f\u00fchren&#8220;, schreibt der LRH. <\/p>\n<p><\/p>\n<p><\/p>\n<p>Au\u00dferdem: Bedenkt man, dass das Damoklesschwert der Koralmbahn \u00fcber dem Flughafen h\u00e4ngt, sie wird die Fahrzeit von Klagenfurt nach Wien deutlich verringern, k\u00f6nnten dem Airport Einbr\u00fcche auf der beliebten Inlandsstrecke drohen. Und noch mehr Jahre mit Abg\u00e4ngen von fast 20.000 Passagieren wie von 2018 auf 2019 wird der Flughafen nicht durchhalten. Nur f\u00fcnf weitere solcher Jahre und die kritische Grenze von fast nur mehr 100.000 Passagieren w\u00e4re erreicht. <\/p>\n<p><\/p>\n<p><\/p>\n<p>Womit von Stadt und Land die sogenannte <em>Call Option<\/em> gezogen werden k\u00f6nnte: Diese besagt, dass die \u00f6ffentlichen Eigent\u00fcmer bei Unterschreiten von 100.000 Passagieren pro Jahr berechtigt sind, den Flughafen zur\u00fcckzukaufen. Doch zu welchen Konditionen?<\/p>\n<p><\/p>\n<p><\/p>\n<div class=\"wp-block-image\">\n<figure class=\"aligncenter size-large is-resized\"><img loading=\"lazy\" decoding=\"async\" src=\"https:\/\/i0.wp.com\/www.mediapartizan.at\/wp-content\/uploads\/2020\/10\/Bildschirmfoto-2020-10-02-um-12.16.17.png?fit=1024%2C484&amp;ssl=1\" alt=\"\" class=\"wp-image-1419\" width=\"545\" height=\"257\" srcset=\"https:\/\/i0.wp.com\/www.mediapartizan.at\/wp-content\/uploads\/2020\/10\/Bildschirmfoto-2020-10-02-um-12.16.17.png?w=1480&amp;ssl=1 1480w, https:\/\/i0.wp.com\/www.mediapartizan.at\/wp-content\/uploads\/2020\/10\/Bildschirmfoto-2020-10-02-um-12.16.17.png?resize=300%2C142&amp;ssl=1 300w, https:\/\/i0.wp.com\/www.mediapartizan.at\/wp-content\/uploads\/2020\/10\/Bildschirmfoto-2020-10-02-um-12.16.17.png?resize=1024%2C484&amp;ssl=1 1024w, https:\/\/i0.wp.com\/www.mediapartizan.at\/wp-content\/uploads\/2020\/10\/Bildschirmfoto-2020-10-02-um-12.16.17.png?resize=768%2C363&amp;ssl=1 768w\" sizes=\"auto, (max-width: 545px) 100vw, 545px\" \/><figcaption>Quelle: Bericht des K\u00e4rntner Landesrechnungshofs \u00fcber die Teilprivatisierung des Klagenfurter Flughafens, (c) Rechnungshof<\/figcaption><\/figure>\n<\/div>\n<p><\/p>\n<p><\/p>\n<p><strong>Die Konditionen<\/strong><\/p>\n<p><\/p>\n<p><\/p>\n<p>Sp\u00e4testens seit Abschluss der Privatisierung wird ger\u00e4tselt, zu welchem Preis die K-BV und die Stadt Klagenfurt den Airport zur\u00fcckkaufen k\u00f6nnten. Nun hat der Rechnungshof Licht in die Sache gebracht: Die von der Lilihill geleisteten Beteiligungsmittel von 8,1 Millionen Euro werden auf zehn Jahre gesplittet. Beginnend mit 2019 h\u00e4tten Land und Stadt also &#8211; bei Inanspruchnahme der Call Option &#8211; jedes Jahr die M\u00f6glichkeit (gehabt), den Flughafen um (weitere) 810.000 Euro zur\u00fcckzukaufen. Sprich 2019 um 810.000 Euro, 2020 um 1.620.000 Euro. Und so weiter bis zum Jahr 2028, in dem der Lilihill die vollen 8,1 Millionen Euro zust\u00fcnden (siehe Tabelle oben).<\/p>\n<p><\/p>\n<p><\/p>\n<p>Eine R\u00fccknahme des Flughafens w\u00e4re so gesehen ein Gesch\u00e4ft f\u00fcr Stadt und Land. W\u00e4re da nicht Corona. Die Pandemie, das attestiert auch der LRH, gehe durchaus als <em>h\u00f6here Gewalt<\/em> durch, womit die Call Option au\u00dfer Kraft trete. Die Frage ist, wie lange die Seuche noch als (Mit-)Grund f\u00fcr den Sinkflug des Airports herhalten wird k\u00f6nnen. <\/p>\n<p><\/p>\n<p><\/p>\n<p>Unterdessen bereitet sich der K\u00e4rntner Landtag offenbar auf einen &#8222;Untersuchungsausschuss light&#8220; vor: Der Kontrollausschuss unter Gernot Darmann (FP\u00d6) will dem Vernehmen nach knapp 20 Personen &#8222;laden&#8220;, die in die Privatisierung involviert waren. Von Landesrat Martin Gruber \u00fcber ehemalige K-BV-Vorst\u00e4nde bis zu Klagenfurts B\u00fcrgermeisterin Maria-Luise Mathiaschitz (SP\u00d6) samt der Anwaltskanzlei Wiedenbauer sollen alle Rede und Antwort stehen.<\/p>\n<p><\/p>\n<p><\/p>\n<p>***<\/p>\n<p><\/p>\n<p><\/p>\n<p><a href=\"https:\/\/www.lrh-ktn.at\/berichte\" target=\"_blank\" rel=\"noreferrer noopener\">Hier<\/a> bietet der Rechnungshof den Bericht an.<\/p>\n<p><\/p>\n<p><\/p>\n<p>Foto(s): Christian Brandst\u00e4tter<\/p>\n<p><\/p>\n<p><\/p>\n<p><\/p>\n<p><\/p>\n<p><\/p>\n","protected":false},"excerpt":{"rendered":"<div class=\"mh-excerpt\"><p>R\u00fccknahme des Airports w\u00e4re &#8222;Gesch\u00e4ft&#8220;. Kontrollausschuss des Landes will nach Rechnungshof-Bericht nun fast 20 Personen in den Landtag laden. 209.278. Das war die Passagierzahl am Flughafen Klagenfurt im Jahr 2019. Verglichen mit 2018 um rund <a class=\"mh-excerpt-more\" href=\"https:\/\/www.mediapartizan.at\/?p=1418\" title=\"Zu welch (g\u00fcnstigen) Konditionen Land und Stadt den Flughafen zur\u00fcckkaufen k\u00f6nnten\">[&#8230;]<\/a><\/p>\n<\/div>","protected":false},"author":2,"featured_media":1422,"comment_status":"open","ping_status":"open","sticky":false,"template":"","format":"standard","meta":{"inline_featured_image":false,"_jetpack_memberships_contains_paid_content":false,"footnotes":""},"categories":[166],"tags":[167,169,185,180,168,118],"class_list":{"0":"post-1418","1":"post","2":"type-post","3":"status-publish","4":"format-standard","5":"has-post-thumbnail","7":"category-flughafen-klagenfurt","8":"tag-flughafen-klagenfurt","9":"tag-franz-peter-orasch","10":"tag-kontrollausschuss","11":"tag-land-kaernten","12":"tag-lilihill","13":"tag-stadt-klagenfurt"},"yoast_head":"<!-- This site is optimized with the Yoast SEO plugin v20.10 - https:\/\/yoast.com\/wordpress\/plugins\/seo\/ -->\n<title>Zu welch (g\u00fcnstigen) Konditionen Land und Stadt den Flughafen zur\u00fcckkaufen k\u00f6nnten - Mediapartizan.at<\/title>\n<meta name=\"robots\" content=\"index, follow, max-snippet:-1, max-image-preview:large, max-video-preview:-1\" \/>\n<link rel=\"canonical\" href=\"https:\/\/www.mediapartizan.at\/?p=1418\" \/>\n<meta property=\"og:locale\" content=\"de_DE\" \/>\n<meta property=\"og:type\" content=\"article\" \/>\n<meta property=\"og:title\" content=\"Zu welch (g\u00fcnstigen) Konditionen Land und Stadt den Flughafen zur\u00fcckkaufen k\u00f6nnten - Mediapartizan.at\" \/>\n<meta property=\"og:description\" content=\"R\u00fccknahme des Airports w\u00e4re &#8222;Gesch\u00e4ft&#8220;. Kontrollausschuss des Landes will nach Rechnungshof-Bericht nun fast 20 Personen in den Landtag laden. 209.278. Das war die Passagierzahl am Flughafen Klagenfurt im Jahr 2019. Verglichen mit 2018 um rund [...]\" \/>\n<meta property=\"og:url\" content=\"https:\/\/www.mediapartizan.at\/?p=1418\" \/>\n<meta property=\"og:site_name\" content=\"Mediapartizan.at\" \/>\n<meta property=\"article:published_time\" content=\"2020-10-02T12:26:27+00:00\" \/>\n<meta property=\"article:modified_time\" content=\"2020-10-09T09:48:57+00:00\" \/>\n<meta property=\"og:image\" content=\"https:\/\/www.mediapartizan.at\/wp-content\/uploads\/2020\/10\/Bildschirmfoto-2020-10-02-um-14.27.10-1024x684.png\" \/>\n\t<meta property=\"og:image:width\" content=\"1024\" \/>\n\t<meta property=\"og:image:height\" content=\"684\" \/>\n\t<meta property=\"og:image:type\" content=\"image\/png\" \/>\n<meta name=\"author\" content=\"Franz Miklautz\" \/>\n<meta name=\"twitter:card\" content=\"summary_large_image\" \/>\n<meta name=\"twitter:label1\" content=\"Verfasst von\" \/>\n\t<meta name=\"twitter:data1\" content=\"Franz Miklautz\" \/>\n\t<meta name=\"twitter:label2\" content=\"Gesch\u00e4tzte Lesezeit\" \/>\n\t<meta name=\"twitter:data2\" content=\"3\u00a0Minuten\" \/>\n<script type=\"application\/ld+json\" class=\"yoast-schema-graph\">{\"@context\":\"https:\/\/schema.org\",\"@graph\":[{\"@type\":\"WebPage\",\"@id\":\"https:\/\/www.mediapartizan.at\/?p=1418\",\"url\":\"https:\/\/www.mediapartizan.at\/?p=1418\",\"name\":\"Zu welch (g\u00fcnstigen) Konditionen Land und Stadt den Flughafen zur\u00fcckkaufen k\u00f6nnten - Mediapartizan.at\",\"isPartOf\":{\"@id\":\"https:\/\/www.mediapartizan.at\/#website\"},\"datePublished\":\"2020-10-02T12:26:27+00:00\",\"dateModified\":\"2020-10-09T09:48:57+00:00\",\"author\":{\"@id\":\"https:\/\/www.mediapartizan.at\/#\/schema\/person\/f6bd7eb8222f2fe985c78d08f17ed7a9\"},\"breadcrumb\":{\"@id\":\"https:\/\/www.mediapartizan.at\/?p=1418#breadcrumb\"},\"inLanguage\":\"de\",\"potentialAction\":[{\"@type\":\"ReadAction\",\"target\":[\"https:\/\/www.mediapartizan.at\/?p=1418\"]}]},{\"@type\":\"BreadcrumbList\",\"@id\":\"https:\/\/www.mediapartizan.at\/?p=1418#breadcrumb\",\"itemListElement\":[{\"@type\":\"ListItem\",\"position\":1,\"name\":\"Startseite\",\"item\":\"https:\/\/www.mediapartizan.at\/\"},{\"@type\":\"ListItem\",\"position\":2,\"name\":\"Zu welch (g\u00fcnstigen) Konditionen Land und Stadt den Flughafen zur\u00fcckkaufen k\u00f6nnten\"}]},{\"@type\":\"WebSite\",\"@id\":\"https:\/\/www.mediapartizan.at\/#website\",\"url\":\"https:\/\/www.mediapartizan.at\/\",\"name\":\"Mediapartizan.at\",\"description\":\"\",\"potentialAction\":[{\"@type\":\"SearchAction\",\"target\":{\"@type\":\"EntryPoint\",\"urlTemplate\":\"https:\/\/www.mediapartizan.at\/?s={search_term_string}\"},\"query-input\":\"required name=search_term_string\"}],\"inLanguage\":\"de\"},{\"@type\":\"Person\",\"@id\":\"https:\/\/www.mediapartizan.at\/#\/schema\/person\/f6bd7eb8222f2fe985c78d08f17ed7a9\",\"name\":\"Franz Miklautz\",\"image\":{\"@type\":\"ImageObject\",\"inLanguage\":\"de\",\"@id\":\"https:\/\/www.mediapartizan.at\/#\/schema\/person\/image\/\",\"url\":\"https:\/\/secure.gravatar.com\/avatar\/5618667e9a7ab3fa3e1a0c75987c8d0c111ad041167e738d67ac0846e54e195e?s=96&d=mm&r=g\",\"contentUrl\":\"https:\/\/secure.gravatar.com\/avatar\/5618667e9a7ab3fa3e1a0c75987c8d0c111ad041167e738d67ac0846e54e195e?s=96&d=mm&r=g\",\"caption\":\"Franz Miklautz\"},\"url\":\"https:\/\/www.mediapartizan.at\/?author=2\"}]}<\/script>\n<!-- \/ Yoast SEO plugin. -->","yoast_head_json":{"title":"Zu welch (g\u00fcnstigen) Konditionen Land und Stadt den Flughafen zur\u00fcckkaufen k\u00f6nnten - Mediapartizan.at","robots":{"index":"index","follow":"follow","max-snippet":"max-snippet:-1","max-image-preview":"max-image-preview:large","max-video-preview":"max-video-preview:-1"},"canonical":"https:\/\/www.mediapartizan.at\/?p=1418","og_locale":"de_DE","og_type":"article","og_title":"Zu welch (g\u00fcnstigen) Konditionen Land und Stadt den Flughafen zur\u00fcckkaufen k\u00f6nnten - Mediapartizan.at","og_description":"R\u00fccknahme des Airports w\u00e4re &#8222;Gesch\u00e4ft&#8220;. Kontrollausschuss des Landes will nach Rechnungshof-Bericht nun fast 20 Personen in den Landtag laden. 209.278. Das war die Passagierzahl am Flughafen Klagenfurt im Jahr 2019. Verglichen mit 2018 um rund [...]","og_url":"https:\/\/www.mediapartizan.at\/?p=1418","og_site_name":"Mediapartizan.at","article_published_time":"2020-10-02T12:26:27+00:00","article_modified_time":"2020-10-09T09:48:57+00:00","og_image":[{"width":1024,"height":684,"url":"https:\/\/www.mediapartizan.at\/wp-content\/uploads\/2020\/10\/Bildschirmfoto-2020-10-02-um-14.27.10-1024x684.png","type":"image\/png"}],"author":"Franz Miklautz","twitter_card":"summary_large_image","twitter_misc":{"Verfasst von":"Franz Miklautz","Gesch\u00e4tzte Lesezeit":"3\u00a0Minuten"},"schema":{"@context":"https:\/\/schema.org","@graph":[{"@type":"WebPage","@id":"https:\/\/www.mediapartizan.at\/?p=1418","url":"https:\/\/www.mediapartizan.at\/?p=1418","name":"Zu welch (g\u00fcnstigen) Konditionen Land und Stadt den Flughafen zur\u00fcckkaufen k\u00f6nnten - Mediapartizan.at","isPartOf":{"@id":"https:\/\/www.mediapartizan.at\/#website"},"datePublished":"2020-10-02T12:26:27+00:00","dateModified":"2020-10-09T09:48:57+00:00","author":{"@id":"https:\/\/www.mediapartizan.at\/#\/schema\/person\/f6bd7eb8222f2fe985c78d08f17ed7a9"},"breadcrumb":{"@id":"https:\/\/www.mediapartizan.at\/?p=1418#breadcrumb"},"inLanguage":"de","potentialAction":[{"@type":"ReadAction","target":["https:\/\/www.mediapartizan.at\/?p=1418"]}]},{"@type":"BreadcrumbList","@id":"https:\/\/www.mediapartizan.at\/?p=1418#breadcrumb","itemListElement":[{"@type":"ListItem","position":1,"name":"Startseite","item":"https:\/\/www.mediapartizan.at\/"},{"@type":"ListItem","position":2,"name":"Zu welch (g\u00fcnstigen) Konditionen Land und Stadt den Flughafen zur\u00fcckkaufen k\u00f6nnten"}]},{"@type":"WebSite","@id":"https:\/\/www.mediapartizan.at\/#website","url":"https:\/\/www.mediapartizan.at\/","name":"Mediapartizan.at","description":"","potentialAction":[{"@type":"SearchAction","target":{"@type":"EntryPoint","urlTemplate":"https:\/\/www.mediapartizan.at\/?s={search_term_string}"},"query-input":"required name=search_term_string"}],"inLanguage":"de"},{"@type":"Person","@id":"https:\/\/www.mediapartizan.at\/#\/schema\/person\/f6bd7eb8222f2fe985c78d08f17ed7a9","name":"Franz Miklautz","image":{"@type":"ImageObject","inLanguage":"de","@id":"https:\/\/www.mediapartizan.at\/#\/schema\/person\/image\/","url":"https:\/\/secure.gravatar.com\/avatar\/5618667e9a7ab3fa3e1a0c75987c8d0c111ad041167e738d67ac0846e54e195e?s=96&d=mm&r=g","contentUrl":"https:\/\/secure.gravatar.com\/avatar\/5618667e9a7ab3fa3e1a0c75987c8d0c111ad041167e738d67ac0846e54e195e?s=96&d=mm&r=g","caption":"Franz Miklautz"},"url":"https:\/\/www.mediapartizan.at\/?author=2"}]}},"jetpack_featured_media_url":"https:\/\/i0.wp.com\/www.mediapartizan.at\/wp-content\/uploads\/2020\/10\/Bildschirmfoto-2020-10-02-um-14.27.10.png?fit=2108%2C1408&ssl=1","jetpack_sharing_enabled":true,"_links":{"self":[{"href":"https:\/\/www.mediapartizan.at\/index.php?rest_route=\/wp\/v2\/posts\/1418","targetHints":{"allow":["GET"]}}],"collection":[{"href":"https:\/\/www.mediapartizan.at\/index.php?rest_route=\/wp\/v2\/posts"}],"about":[{"href":"https:\/\/www.mediapartizan.at\/index.php?rest_route=\/wp\/v2\/types\/post"}],"author":[{"embeddable":true,"href":"https:\/\/www.mediapartizan.at\/index.php?rest_route=\/wp\/v2\/users\/2"}],"replies":[{"embeddable":true,"href":"https:\/\/www.mediapartizan.at\/index.php?rest_route=%2Fwp%2Fv2%2Fcomments&post=1418"}],"version-history":[{"count":16,"href":"https:\/\/www.mediapartizan.at\/index.php?rest_route=\/wp\/v2\/posts\/1418\/revisions"}],"predecessor-version":[{"id":1523,"href":"https:\/\/www.mediapartizan.at\/index.php?rest_route=\/wp\/v2\/posts\/1418\/revisions\/1523"}],"wp:featuredmedia":[{"embeddable":true,"href":"https:\/\/www.mediapartizan.at\/index.php?rest_route=\/wp\/v2\/media\/1422"}],"wp:attachment":[{"href":"https:\/\/www.mediapartizan.at\/index.php?rest_route=%2Fwp%2Fv2%2Fmedia&parent=1418"}],"wp:term":[{"taxonomy":"category","embeddable":true,"href":"https:\/\/www.mediapartizan.at\/index.php?rest_route=%2Fwp%2Fv2%2Fcategories&post=1418"},{"taxonomy":"post_tag","embeddable":true,"href":"https:\/\/www.mediapartizan.at\/index.php?rest_route=%2Fwp%2Fv2%2Ftags&post=1418"}],"curies":[{"name":"wp","href":"https:\/\/api.w.org\/{rel}","templated":true}]}}