{"id":3589,"date":"2022-07-04T17:26:16","date_gmt":"2022-07-04T15:26:16","guid":{"rendered":"https:\/\/www.mediapartizan.at\/?p=3589"},"modified":"2022-07-04T20:04:11","modified_gmt":"2022-07-04T18:04:11","slug":"einstweilige-verfuegungen-gegen-lilihill-pachtvertrag-am-flughafen-entscheidung-soll-in-wien-fallen","status":"publish","type":"post","link":"https:\/\/www.mediapartizan.at\/?p=3589","title":{"rendered":"Einstweilige Verf\u00fcgungen gegen Lilihill-Pachtvertrag am Flughafen: Entscheidung soll in Wien fallen"},"content":{"rendered":"<p><\/p>\n<p>Mit einigem Aufsehen war Ende April dieses Jahres \u00f6ffentlich geworden, dass die K\u00e4rntner Beteiligungsverwaltung (KBV) einstweilige Verf\u00fcgungen an den Bezirksgerichten (BG) Klagenfurt und Wien Innere Stadt eingebracht hatte. Und zwar gegen die Gesch\u00e4ftsf\u00fchrung der K\u00e4rntner Flughafen Betriebs Gesellschaft (KFBG). Dort sitzt Flughafeninvestor Franz Peter Orasch &#8211; seiner Lilihill-Gruppe geh\u00f6ren seit fast genau vier Jahren nahezu 75 Prozent des Flughafens &#8211; als einer der Gesch\u00e4ftsf\u00fchrer im Cockpit. Grund der einstweiligen Verf\u00fcgungen: Der Aufsichtsrat der KFBG soll an der Generalversammlung vorbei genehmigt haben, dass der Lilihill-Gruppe etwa 130 Hektar der Flughafengr\u00fcnde verpachtet werden. Man vermutete dahinter ein In-sich-Gesch\u00e4ft. Orasch hatte dies nie best\u00e4tigt, Unternehmenssprecher Gerhard Seifried sagte, er gehe davon aus, dass alles rechtens sei.<\/p>\n<p><\/p>\n<p><\/p>\n<p><strong>&#8222;Sittenwidrig&#8220;<\/strong><\/p>\n<p><\/p>\n<p><\/p>\n<p>Der Pachtvertrag f\u00fcr die nicht betriebsnotwendigen Grundst\u00fccke soll &#8211; verglichen etwa mit einer Baurechtsvergabe &#8211; recht lukrative Preise f\u00fcr Orasch aufwarten: Die Rede war von 250 Euro pro Hektar und Jahr. Das stie\u00df der KBV auf. Sie h\u00e4lt 20 Prozent am Airport und sah durch die Pacht die Interessen des Landes gef\u00e4hrdet. Den Antr\u00e4gen auf die &#8222;Einstweiligen&#8220; wurde sowohl in Klagenfurt als auch in Wien Anfang Mai stattgegeben. Grundtenor: Eine solche Verpachtung an Lilihill-Gesellschaften sei &#8222;sittenwidrig&#8220;. Die Pachtdauer h\u00e4tte drei Jahre betragen, allerdings mit der M\u00f6glichkeit einer zweimaligen Verl\u00e4ngerung zu je zehn Jahren. In Summe also 23 Jahre. <\/p>\n<p><\/p>\n<p><\/p>\n<p><strong>Richterspruch in Wien soll &#8222;picken&#8220;<\/strong><\/p>\n<p><\/p>\n<p><\/p>\n<p>Wie die &#8222;Kleine Zeitung&#8220; Ende Mai <a href=\"https:\/\/www.kleinezeitung.at\/wirtschaft\/6144031\/Richterin-befangen_Wirbel-um-einstweilige-Verfuegung-zu\" target=\"_blank\" rel=\"noreferrer noopener\">berichtete<\/a>, ist in Folge jedoch die Richterin am BG Klagenfurt wegen Befangenheit &#8222;abgelehnt&#8220; worden. Heute dann der n\u00e4chste Showdown: Die Kontrahenten trafen sich um 12.30 Uhr vor Richterin Birgit Trinks am BG Klagenfurt. Gegen die einstweiligen Verf\u00fcgungen der KBV wurde seitens Lilihill n\u00e4mlich Einspruch erhoben. Auch gegen jene in Wien. Ersten Informationen zufolge sollen in Klagenfurt aber einige Fragen offen geblieben und somit vereinbart worden sein, dass es, so lange keine Einigung vorherrsche, man den Richterspruch in Wien abwarte. Der soll dann, wie man h\u00f6rt, allerdings &#8222;picken&#8220;. <\/p>\n<p><\/p>\n<p><\/p>\n<p><strong>Nachfolger von Maximilian Wildt gefunden<\/strong><\/p>\n<p><\/p>\n<p><\/p>\n<p>Einen Nachfolger hat der Airport offenbar f\u00fcr den zu Do&amp;Co abgewanderten Airline-Manager Maximilian Wildt gefunden: Es handelt sich dabei um den FH-Absolventen Marcus Hepner, so jedenfalls die Information von der Website des Flughafens. Hepner hat 2020 eine Bachelor-Arbeit zum Thema &#8222;Die Entwicklung von Regionalflugh\u00e4fen am Beispiel des Klagenfurter Flughafens&#8220; geschrieben. Hepner empfiehlt darin res\u00fcmierend, strategische Energie in Tourismusank\u00fcnfte und die Akquise von Hubs zu investieren. Was dem Strategieplan des Flughafens entspr\u00e4che. Dessen Umsetzung das Land seit genau vier Jahren von Orasch einfordert. <\/p>\n<p><\/p>\n","protected":false},"excerpt":{"rendered":"<div class=\"mh-excerpt\"><p>Flughafen-Investor Lilihill soll sich 130 Hektar der Airport-Grundst\u00fccke per Pacht &#8222;einverleibt&#8220; haben. Die K\u00e4rntner Beteiligungsverwaltung brachte dagegen erfolgreich einstweilige Verf\u00fcgungen ein. Heute verhandelte man in Klagenfurt. Und: Nachfolger f\u00fcr abgewanderten Airline-Marketer gefunden. <a class=\"mh-excerpt-more\" href=\"https:\/\/www.mediapartizan.at\/?p=3589\" title=\"Einstweilige Verf\u00fcgungen gegen Lilihill-Pachtvertrag am Flughafen: Entscheidung soll in Wien fallen\">[&#8230;]<\/a><\/p>\n<\/div>","protected":false},"author":2,"featured_media":3594,"comment_status":"open","ping_status":"open","sticky":false,"template":"","format":"standard","meta":{"inline_featured_image":false,"_jetpack_memberships_contains_paid_content":false,"footnotes":""},"categories":[166],"tags":[214,167,169,182,168],"class_list":{"0":"post-3589","1":"post","2":"type-post","3":"status-publish","4":"format-standard","5":"has-post-thumbnail","7":"category-flughafen-klagenfurt","8":"tag-aviation-city","9":"tag-flughafen-klagenfurt","10":"tag-franz-peter-orasch","11":"tag-kaerntner-beteiligungsverwaltung","12":"tag-lilihill"},"yoast_head":"<!-- This site is optimized with the Yoast SEO plugin v20.10 - https:\/\/yoast.com\/wordpress\/plugins\/seo\/ -->\n<title>Einstweilige Verf\u00fcgungen gegen Lilihill-Pachtvertrag am Flughafen: Entscheidung soll in Wien fallen - Mediapartizan.at<\/title>\n<meta name=\"robots\" content=\"index, follow, max-snippet:-1, max-image-preview:large, max-video-preview:-1\" \/>\n<link rel=\"canonical\" href=\"https:\/\/www.mediapartizan.at\/?p=3589\" \/>\n<meta property=\"og:locale\" content=\"de_DE\" \/>\n<meta property=\"og:type\" content=\"article\" \/>\n<meta property=\"og:title\" content=\"Einstweilige Verf\u00fcgungen gegen Lilihill-Pachtvertrag am Flughafen: Entscheidung soll in Wien fallen\" \/>\n<meta property=\"og:description\" content=\"Flughafen-Investor Lilihill soll sich 130 Hektar der Airport-Grundst\u00fccke per Pacht \u201eeinverleibt\u201c haben. Die K\u00e4rntner Beteiligungsverwaltung brachte dagegen erfolgreich Einstweilige Verf\u00fcgungen ein. Heute verhandelte man in Klagenfurt. Und: Nachfolger f\u00fcr abgewanderten Airline-Marketer gefunden.\" \/>\n<meta property=\"og:url\" content=\"https:\/\/www.mediapartizan.at\/?p=3589\" \/>\n<meta property=\"og:site_name\" content=\"Mediapartizan.at\" \/>\n<meta property=\"article:published_time\" content=\"2022-07-04T15:26:16+00:00\" \/>\n<meta property=\"article:modified_time\" content=\"2022-07-04T18:04:11+00:00\" \/>\n<meta property=\"og:image\" content=\"https:\/\/www.mediapartizan.at\/wp-content\/uploads\/2022\/07\/Bezirksgericht-Klagenfurt-scaled.jpg\" \/>\n\t<meta property=\"og:image:width\" content=\"2560\" \/>\n\t<meta property=\"og:image:height\" content=\"1920\" \/>\n\t<meta property=\"og:image:type\" content=\"image\/jpeg\" \/>\n<meta name=\"author\" content=\"Franz Miklautz\" \/>\n<meta name=\"twitter:card\" content=\"summary_large_image\" \/>\n<meta name=\"twitter:title\" content=\"Einstweilige Verf\u00fcgungen gegen Lilihill-Pachtvertrag am Flughafen: Entscheidung soll in Wien fallen\" \/>\n<meta name=\"twitter:description\" content=\"Flughafen-Investor Lilihill soll sich 130 Hektar der Airport-Grundst\u00fccke per Pacht \u201eeinverleibt\u201c haben. Die K\u00e4rntner Beteiligungsverwaltung brachte dagegen erfolgreich Einstweilige Verf\u00fcgungen ein. Heute verhandelte man in Klagenfurt. Und: Nachfolger f\u00fcr abgewanderten Airline-Marketer gefunden.\" \/>\n<meta name=\"twitter:image\" content=\"https:\/\/i0.wp.com\/www.mediapartizan.at\/wp-content\/uploads\/2022\/07\/Bezirksgericht-Klagenfurt-scaled.jpg?fit=2560%2C1920&ssl=1\" \/>\n<meta name=\"twitter:label1\" content=\"Verfasst von\" \/>\n\t<meta name=\"twitter:data1\" content=\"Franz Miklautz\" \/>\n\t<meta name=\"twitter:label2\" content=\"Gesch\u00e4tzte Lesezeit\" \/>\n\t<meta name=\"twitter:data2\" content=\"3\u00a0Minuten\" \/>\n<script type=\"application\/ld+json\" class=\"yoast-schema-graph\">{\"@context\":\"https:\/\/schema.org\",\"@graph\":[{\"@type\":\"WebPage\",\"@id\":\"https:\/\/www.mediapartizan.at\/?p=3589\",\"url\":\"https:\/\/www.mediapartizan.at\/?p=3589\",\"name\":\"Einstweilige Verf\u00fcgungen gegen Lilihill-Pachtvertrag am Flughafen: Entscheidung soll in Wien fallen - Mediapartizan.at\",\"isPartOf\":{\"@id\":\"https:\/\/www.mediapartizan.at\/#website\"},\"datePublished\":\"2022-07-04T15:26:16+00:00\",\"dateModified\":\"2022-07-04T18:04:11+00:00\",\"author\":{\"@id\":\"https:\/\/www.mediapartizan.at\/#\/schema\/person\/f6bd7eb8222f2fe985c78d08f17ed7a9\"},\"breadcrumb\":{\"@id\":\"https:\/\/www.mediapartizan.at\/?p=3589#breadcrumb\"},\"inLanguage\":\"de\",\"potentialAction\":[{\"@type\":\"ReadAction\",\"target\":[\"https:\/\/www.mediapartizan.at\/?p=3589\"]}]},{\"@type\":\"BreadcrumbList\",\"@id\":\"https:\/\/www.mediapartizan.at\/?p=3589#breadcrumb\",\"itemListElement\":[{\"@type\":\"ListItem\",\"position\":1,\"name\":\"Startseite\",\"item\":\"https:\/\/www.mediapartizan.at\/\"},{\"@type\":\"ListItem\",\"position\":2,\"name\":\"Einstweilige Verf\u00fcgungen gegen Lilihill-Pachtvertrag am Flughafen: Entscheidung soll in Wien fallen\"}]},{\"@type\":\"WebSite\",\"@id\":\"https:\/\/www.mediapartizan.at\/#website\",\"url\":\"https:\/\/www.mediapartizan.at\/\",\"name\":\"Mediapartizan.at\",\"description\":\"\",\"potentialAction\":[{\"@type\":\"SearchAction\",\"target\":{\"@type\":\"EntryPoint\",\"urlTemplate\":\"https:\/\/www.mediapartizan.at\/?s={search_term_string}\"},\"query-input\":\"required name=search_term_string\"}],\"inLanguage\":\"de\"},{\"@type\":\"Person\",\"@id\":\"https:\/\/www.mediapartizan.at\/#\/schema\/person\/f6bd7eb8222f2fe985c78d08f17ed7a9\",\"name\":\"Franz Miklautz\",\"image\":{\"@type\":\"ImageObject\",\"inLanguage\":\"de\",\"@id\":\"https:\/\/www.mediapartizan.at\/#\/schema\/person\/image\/\",\"url\":\"https:\/\/secure.gravatar.com\/avatar\/5618667e9a7ab3fa3e1a0c75987c8d0c111ad041167e738d67ac0846e54e195e?s=96&d=mm&r=g\",\"contentUrl\":\"https:\/\/secure.gravatar.com\/avatar\/5618667e9a7ab3fa3e1a0c75987c8d0c111ad041167e738d67ac0846e54e195e?s=96&d=mm&r=g\",\"caption\":\"Franz Miklautz\"},\"url\":\"https:\/\/www.mediapartizan.at\/?author=2\"}]}<\/script>\n<!-- \/ Yoast SEO plugin. -->","yoast_head_json":{"title":"Einstweilige Verf\u00fcgungen gegen Lilihill-Pachtvertrag am Flughafen: Entscheidung soll in Wien fallen - Mediapartizan.at","robots":{"index":"index","follow":"follow","max-snippet":"max-snippet:-1","max-image-preview":"max-image-preview:large","max-video-preview":"max-video-preview:-1"},"canonical":"https:\/\/www.mediapartizan.at\/?p=3589","og_locale":"de_DE","og_type":"article","og_title":"Einstweilige Verf\u00fcgungen gegen Lilihill-Pachtvertrag am Flughafen: Entscheidung soll in Wien fallen","og_description":"Flughafen-Investor Lilihill soll sich 130 Hektar der Airport-Grundst\u00fccke per Pacht \u201eeinverleibt\u201c haben. Die K\u00e4rntner Beteiligungsverwaltung brachte dagegen erfolgreich Einstweilige Verf\u00fcgungen ein. Heute verhandelte man in Klagenfurt. Und: Nachfolger f\u00fcr abgewanderten Airline-Marketer gefunden.","og_url":"https:\/\/www.mediapartizan.at\/?p=3589","og_site_name":"Mediapartizan.at","article_published_time":"2022-07-04T15:26:16+00:00","article_modified_time":"2022-07-04T18:04:11+00:00","og_image":[{"width":2560,"height":1920,"url":"https:\/\/www.mediapartizan.at\/wp-content\/uploads\/2022\/07\/Bezirksgericht-Klagenfurt-scaled.jpg","type":"image\/jpeg"}],"author":"Franz Miklautz","twitter_card":"summary_large_image","twitter_title":"Einstweilige Verf\u00fcgungen gegen Lilihill-Pachtvertrag am Flughafen: Entscheidung soll in Wien fallen","twitter_description":"Flughafen-Investor Lilihill soll sich 130 Hektar der Airport-Grundst\u00fccke per Pacht \u201eeinverleibt\u201c haben. Die K\u00e4rntner Beteiligungsverwaltung brachte dagegen erfolgreich Einstweilige Verf\u00fcgungen ein. Heute verhandelte man in Klagenfurt. Und: Nachfolger f\u00fcr abgewanderten Airline-Marketer gefunden.","twitter_image":"https:\/\/i0.wp.com\/www.mediapartizan.at\/wp-content\/uploads\/2022\/07\/Bezirksgericht-Klagenfurt-scaled.jpg?fit=2560%2C1920&ssl=1","twitter_misc":{"Verfasst von":"Franz Miklautz","Gesch\u00e4tzte Lesezeit":"3\u00a0Minuten"},"schema":{"@context":"https:\/\/schema.org","@graph":[{"@type":"WebPage","@id":"https:\/\/www.mediapartizan.at\/?p=3589","url":"https:\/\/www.mediapartizan.at\/?p=3589","name":"Einstweilige Verf\u00fcgungen gegen Lilihill-Pachtvertrag am Flughafen: Entscheidung soll in Wien fallen - Mediapartizan.at","isPartOf":{"@id":"https:\/\/www.mediapartizan.at\/#website"},"datePublished":"2022-07-04T15:26:16+00:00","dateModified":"2022-07-04T18:04:11+00:00","author":{"@id":"https:\/\/www.mediapartizan.at\/#\/schema\/person\/f6bd7eb8222f2fe985c78d08f17ed7a9"},"breadcrumb":{"@id":"https:\/\/www.mediapartizan.at\/?p=3589#breadcrumb"},"inLanguage":"de","potentialAction":[{"@type":"ReadAction","target":["https:\/\/www.mediapartizan.at\/?p=3589"]}]},{"@type":"BreadcrumbList","@id":"https:\/\/www.mediapartizan.at\/?p=3589#breadcrumb","itemListElement":[{"@type":"ListItem","position":1,"name":"Startseite","item":"https:\/\/www.mediapartizan.at\/"},{"@type":"ListItem","position":2,"name":"Einstweilige Verf\u00fcgungen gegen Lilihill-Pachtvertrag am Flughafen: Entscheidung soll in Wien fallen"}]},{"@type":"WebSite","@id":"https:\/\/www.mediapartizan.at\/#website","url":"https:\/\/www.mediapartizan.at\/","name":"Mediapartizan.at","description":"","potentialAction":[{"@type":"SearchAction","target":{"@type":"EntryPoint","urlTemplate":"https:\/\/www.mediapartizan.at\/?s={search_term_string}"},"query-input":"required name=search_term_string"}],"inLanguage":"de"},{"@type":"Person","@id":"https:\/\/www.mediapartizan.at\/#\/schema\/person\/f6bd7eb8222f2fe985c78d08f17ed7a9","name":"Franz Miklautz","image":{"@type":"ImageObject","inLanguage":"de","@id":"https:\/\/www.mediapartizan.at\/#\/schema\/person\/image\/","url":"https:\/\/secure.gravatar.com\/avatar\/5618667e9a7ab3fa3e1a0c75987c8d0c111ad041167e738d67ac0846e54e195e?s=96&d=mm&r=g","contentUrl":"https:\/\/secure.gravatar.com\/avatar\/5618667e9a7ab3fa3e1a0c75987c8d0c111ad041167e738d67ac0846e54e195e?s=96&d=mm&r=g","caption":"Franz Miklautz"},"url":"https:\/\/www.mediapartizan.at\/?author=2"}]}},"jetpack_featured_media_url":"https:\/\/i0.wp.com\/www.mediapartizan.at\/wp-content\/uploads\/2022\/07\/Bezirksgericht-Klagenfurt-scaled.jpg?fit=2560%2C1920&ssl=1","jetpack_sharing_enabled":true,"_links":{"self":[{"href":"https:\/\/www.mediapartizan.at\/index.php?rest_route=\/wp\/v2\/posts\/3589","targetHints":{"allow":["GET"]}}],"collection":[{"href":"https:\/\/www.mediapartizan.at\/index.php?rest_route=\/wp\/v2\/posts"}],"about":[{"href":"https:\/\/www.mediapartizan.at\/index.php?rest_route=\/wp\/v2\/types\/post"}],"author":[{"embeddable":true,"href":"https:\/\/www.mediapartizan.at\/index.php?rest_route=\/wp\/v2\/users\/2"}],"replies":[{"embeddable":true,"href":"https:\/\/www.mediapartizan.at\/index.php?rest_route=%2Fwp%2Fv2%2Fcomments&post=3589"}],"version-history":[{"count":8,"href":"https:\/\/www.mediapartizan.at\/index.php?rest_route=\/wp\/v2\/posts\/3589\/revisions"}],"predecessor-version":[{"id":3604,"href":"https:\/\/www.mediapartizan.at\/index.php?rest_route=\/wp\/v2\/posts\/3589\/revisions\/3604"}],"wp:featuredmedia":[{"embeddable":true,"href":"https:\/\/www.mediapartizan.at\/index.php?rest_route=\/wp\/v2\/media\/3594"}],"wp:attachment":[{"href":"https:\/\/www.mediapartizan.at\/index.php?rest_route=%2Fwp%2Fv2%2Fmedia&parent=3589"}],"wp:term":[{"taxonomy":"category","embeddable":true,"href":"https:\/\/www.mediapartizan.at\/index.php?rest_route=%2Fwp%2Fv2%2Fcategories&post=3589"},{"taxonomy":"post_tag","embeddable":true,"href":"https:\/\/www.mediapartizan.at\/index.php?rest_route=%2Fwp%2Fv2%2Ftags&post=3589"}],"curies":[{"name":"wp","href":"https:\/\/api.w.org\/{rel}","templated":true}]}}