{"id":3859,"date":"2022-09-05T16:05:25","date_gmt":"2022-09-05T14:05:25","guid":{"rendered":"https:\/\/www.mediapartizan.at\/?p=3859"},"modified":"2022-09-05T21:54:12","modified_gmt":"2022-09-05T19:54:12","slug":"kontrollausschuss-will-inseratenschaltungen-der-stadt-klagenfurt-unter-die-lupe-nehmen-neos-fordern-befragung-von-stadtkommunikations-chef","status":"publish","type":"post","link":"https:\/\/www.mediapartizan.at\/?p=3859","title":{"rendered":"Kontrollausschuss will Inseratenschaltungen der Stadt Klagenfurt unter die Lupe nehmen. Neos fordern Befragung von Stadtkommunikations-Chef"},"content":{"rendered":"<p><\/p>\n<p>Der Bericht von Mediapartizan.at <a href=\"https:\/\/www.mediapartizan.at\/?p=3825\" target=\"_blank\" rel=\"noreferrer noopener\">\u00fcber Inseratenschaltungen der Stadt Klagenfurt im Gratisblatt &#8222;Das K\u00e4rnten&#8220;<\/a> d\u00fcrfte nur mehr das T\u00fcpfelchen auf dem i gewesen sein. Die Stadt hatte dort in der August-Ausgabe ein ganzseitiges Inserat auf der letzten Seite, der sogenannten U4, geschaltet, das ausschlie\u00dflich Klagenfurter B\u00fcrger adressiert. In diesem werden Leistungen der Sozialabteilung beworben: &#8222;Klagenfurter Stadtkarte&#8220;, &#8222;Klagenfurter Schulstartgeld&#8220;, &#8222;Klagenfurter Sozialfonds&#8220; und der &#8222;Hilfsfonds des B\u00fcrgermeisters&#8220;. Alles Aktionen von B\u00fcrgermeister Christian Scheider (Team K\u00e4rnten). Die Krux dabei: Das Gratisblatt wird eigenen Angaben zufolge in einer Auflage von 212.000 St\u00fcck an K\u00e4rntner Haushalte verteilt. Klagenfurt hat aber nur 60.000 Haushalte, damit verpufft das Inserat bei den restlichen rund 150.000 Haushalten in K\u00e4rnten, da B\u00fcrger au\u00dferhalb Klagenfurts diese Leistungen gar nicht in Anspruch nehmen k\u00f6nnen.<\/p>\n<p><\/p>\n<p><\/p>\n<p><strong>&#8222;Niemand zahlt Listenpreise&#8220;<\/strong><\/p>\n<p><\/p>\n<p><\/p>\n<p>Das Inserat kostet nach Liste 9.900 Euro netto. Und ist laut Stadtkommunikations-Chef Valentin Unterkircher nicht das erste, das die Stadt in dem Gratisblatt schaltet. Unterkircher betont, dass &#8222;niemand Listenpreise bezahlt&#8220;, die Stadt also einen &#8222;deutlichen Abschlag&#8220; bekommen habe. Was den Streuverlust, eigentlich ein rotes Tuch im Marketingbereich, jedoch nur minimiert, nicht tilgt. Nun wird sich, wie FP\u00d6-Klubobmann Andreas Skorianz auf Anfrage bekannt gab, der Kontrollausschuss der Stadt der Sache annehmen. Skorianz ist der Ausschuss-Obmann. &#8222;Wir hatten ohnehin vor, uns die Inseratengesch\u00e4fte der Stadt genauer anzusehen&#8220;, sagt Skorianz. Auch die ganzseitige Schaltung im Gratisblatt k\u00f6nnte diesbez\u00fcglich noch eine Rolle spielen, &#8222;da eine Partei das in den Kontrollausschuss einbringen m\u00f6chte&#8220;.<\/p>\n<p><\/p>\n<p><\/p>\n<p><strong>Team K\u00e4rnten kommt \u00fcberproportional oft vor<\/strong><\/p>\n<p><\/p>\n<p><\/p>\n<p>Dabei d\u00fcrfte es sich um die Neos handeln, die heute eine Presseaussendung zum Thema versendet haben. Der Kontrollausschuss solle &#8222;Klagenfurter Steuergeld-Verschwendung f\u00fcr Team-K\u00e4rnten-PR pr\u00fcfen&#8220;. In dem Gratisblatt waren vier Abbildungen von Scheider, zwei seines B\u00fcroleiters und Team-K\u00e4rnten-Klubobmanns Patrick Jonke und eine Abbildung von Scheider-Mitarbeiter Karl-Heinz Petritz zu sehen. Das Team K\u00e4rnten kommt in der Zeitung damit auff\u00e4llig oft vor. Auch Team-K\u00e4rnten-Parteichef Gerhard K\u00f6fer kommt auf vier Abbilungen. Er hat ein ganzseitiges Parteiinserat geschaltet, das aber wohl aus dem Werbebudget des Team K\u00e4rnten beglichen wird. Unterkircher begr\u00fcndete das Inserat der Stadt auch damit, dass man im Gegenzug eine Geschichte \u00fcber die Attraktivit\u00e4t der Stadt f\u00fcr Lehrlinge in der Zeitung bekommen habe &#8211; die nicht als PR-Artikel gekennzeichnet ist. Dennoch: Das Inserat schoss an rund 150.000 Haushalten oder sch\u00e4tzungsweise 300.000 K\u00e4rntner Einwohnern schlichtweg vorbei.<\/p>\n<p><\/p>\n<p><\/p>\n<p><strong>&#8222;Riecht danach, dass da was nicht stimmt&#8220;<\/strong><\/p>\n<p><\/p>\n<p><\/p>\n<p>\u201eDass eine Partei in einem Medium inseriert, ist das eine. Aber das Inserat der Stadt Klagenfurt mit der Info \u00fcber Leistungen f\u00fcr Klagenfurt, das mehrheitlich an der Zielgruppe vorbei geht, wurde mit Steuergeldern der Klagenfurter_innen bezahlt und ist am Ende des Tages nichts anderes als Positiv-PR f\u00fcr B\u00fcrgermeister Scheider und das Team K\u00e4rnten&#8220;, kritisiert Neos-Chef Janos Juvan. &#8222;Dieser Fall riecht verd\u00e4chtig danach, dass da was nicht stimmt. Das werden wir nicht so stehen lassen.\u201c <\/p>\n<p><\/p>\n<p><\/p>\n<p><strong>Von wem kam der Auftrag zur Schaltung?<\/strong><\/p>\n<p><\/p>\n<p><\/p>\n<p>Die Neos wollen sich nun daf\u00fcr einsetzen, dass Unterkircher im Kontrollausschuss befragt werde, &#8222;von wem der Auftrag kam&#8220;. Die Stadtkommunikation habe das Inserat n\u00e4mlich &#8222;nur \u00fcbermittelt&#8220;, sagt Unterkircher. Dass es eine Einmischung der Stadtspitze gegeben hat, verneint Scheider-B\u00fcroleiter Jonke: &#8222;Das m\u00fcssen schon die Kommunikationsprofis (von der Stadtkommunikation, Anm.) selbst entscheiden&#8220;, sagt er. K\u00f6nnte noch spannend werden.<\/p>\n<p><\/p>\n<p><\/p>\n<p><\/p>\n","protected":false},"excerpt":{"rendered":"<div class=\"mh-excerpt\"><p>Inserate: Kontrollausschuss-Obmann Andreas Skorianz will die Werbeschaltungen der Stadt ins Visier nehmen. Neos: &#8222;Riecht danach, dass da was nicht stimmt.&#8220; <a class=\"mh-excerpt-more\" href=\"https:\/\/www.mediapartizan.at\/?p=3859\" title=\"Kontrollausschuss will Inseratenschaltungen der Stadt Klagenfurt unter die Lupe nehmen. Neos fordern Befragung von Stadtkommunikations-Chef\">[&#8230;]<\/a><\/p>\n<\/div>","protected":false},"author":2,"featured_media":3860,"comment_status":"open","ping_status":"open","sticky":false,"template":"","format":"standard","meta":{"inline_featured_image":false,"_jetpack_memberships_contains_paid_content":false,"footnotes":""},"categories":[143],"tags":[91,86,256,243,258,257],"class_list":{"0":"post-3859","1":"post","2":"type-post","3":"status-publish","4":"format-standard","5":"has-post-thumbnail","7":"category-stadt-klagenfurt","8":"tag-andreas-skorianz","9":"tag-christian-scheider","10":"tag-das-kaernten","11":"tag-inserate","12":"tag-janos-juvan","13":"tag-neos"},"yoast_head":"<!-- This site is optimized with the Yoast SEO plugin v20.10 - https:\/\/yoast.com\/wordpress\/plugins\/seo\/ -->\n<title>Kontrollausschuss will Inseratenschaltungen der Stadt Klagenfurt unter die Lupe nehmen. Neos fordern Befragung von Stadtkommunikations-Chef - Mediapartizan.at<\/title>\n<meta name=\"robots\" content=\"index, follow, max-snippet:-1, max-image-preview:large, max-video-preview:-1\" \/>\n<link rel=\"canonical\" href=\"https:\/\/www.mediapartizan.at\/?p=3859\" \/>\n<meta property=\"og:locale\" content=\"de_DE\" \/>\n<meta property=\"og:type\" content=\"article\" \/>\n<meta property=\"og:title\" content=\"Kontrollausschuss will Inseratenschaltungen der Stadt Klagenfurt unter die Lupe nehmen. Neos fordern Befragung von Stadtkommunikations-Chef - Mediapartizan.at\" \/>\n<meta property=\"og:description\" content=\"Inserate: Kontrollausschuss-Obmann Andreas Skorianz will die Werbeschaltungen der Stadt ins Visier nehmen. Neos: &quot;Riecht danach, dass da was nicht stimmt.&quot; [...]\" \/>\n<meta property=\"og:url\" content=\"https:\/\/www.mediapartizan.at\/?p=3859\" \/>\n<meta property=\"og:site_name\" content=\"Mediapartizan.at\" \/>\n<meta property=\"article:published_time\" content=\"2022-09-05T14:05:25+00:00\" \/>\n<meta property=\"article:modified_time\" content=\"2022-09-05T19:54:12+00:00\" \/>\n<meta property=\"og:image\" content=\"https:\/\/www.mediapartizan.at\/wp-content\/uploads\/2022\/09\/csm_Rathaus-2560x1704_71ae6ba86a.jpg\" \/>\n\t<meta property=\"og:image:width\" content=\"1200\" \/>\n\t<meta property=\"og:image:height\" content=\"799\" \/>\n\t<meta property=\"og:image:type\" content=\"image\/jpeg\" \/>\n<meta name=\"author\" content=\"Franz Miklautz\" \/>\n<meta name=\"twitter:card\" content=\"summary_large_image\" \/>\n<meta name=\"twitter:label1\" content=\"Verfasst von\" \/>\n\t<meta name=\"twitter:data1\" content=\"Franz Miklautz\" \/>\n\t<meta name=\"twitter:label2\" content=\"Gesch\u00e4tzte Lesezeit\" \/>\n\t<meta name=\"twitter:data2\" content=\"3\u00a0Minuten\" \/>\n<script type=\"application\/ld+json\" class=\"yoast-schema-graph\">{\"@context\":\"https:\/\/schema.org\",\"@graph\":[{\"@type\":\"WebPage\",\"@id\":\"https:\/\/www.mediapartizan.at\/?p=3859\",\"url\":\"https:\/\/www.mediapartizan.at\/?p=3859\",\"name\":\"Kontrollausschuss will Inseratenschaltungen der Stadt Klagenfurt unter die Lupe nehmen. Neos fordern Befragung von Stadtkommunikations-Chef - Mediapartizan.at\",\"isPartOf\":{\"@id\":\"https:\/\/www.mediapartizan.at\/#website\"},\"datePublished\":\"2022-09-05T14:05:25+00:00\",\"dateModified\":\"2022-09-05T19:54:12+00:00\",\"author\":{\"@id\":\"https:\/\/www.mediapartizan.at\/#\/schema\/person\/f6bd7eb8222f2fe985c78d08f17ed7a9\"},\"breadcrumb\":{\"@id\":\"https:\/\/www.mediapartizan.at\/?p=3859#breadcrumb\"},\"inLanguage\":\"de\",\"potentialAction\":[{\"@type\":\"ReadAction\",\"target\":[\"https:\/\/www.mediapartizan.at\/?p=3859\"]}]},{\"@type\":\"BreadcrumbList\",\"@id\":\"https:\/\/www.mediapartizan.at\/?p=3859#breadcrumb\",\"itemListElement\":[{\"@type\":\"ListItem\",\"position\":1,\"name\":\"Startseite\",\"item\":\"https:\/\/www.mediapartizan.at\/\"},{\"@type\":\"ListItem\",\"position\":2,\"name\":\"Kontrollausschuss will Inseratenschaltungen der Stadt Klagenfurt unter die Lupe nehmen. Neos fordern Befragung von Stadtkommunikations-Chef\"}]},{\"@type\":\"WebSite\",\"@id\":\"https:\/\/www.mediapartizan.at\/#website\",\"url\":\"https:\/\/www.mediapartizan.at\/\",\"name\":\"Mediapartizan.at\",\"description\":\"\",\"potentialAction\":[{\"@type\":\"SearchAction\",\"target\":{\"@type\":\"EntryPoint\",\"urlTemplate\":\"https:\/\/www.mediapartizan.at\/?s={search_term_string}\"},\"query-input\":\"required name=search_term_string\"}],\"inLanguage\":\"de\"},{\"@type\":\"Person\",\"@id\":\"https:\/\/www.mediapartizan.at\/#\/schema\/person\/f6bd7eb8222f2fe985c78d08f17ed7a9\",\"name\":\"Franz Miklautz\",\"image\":{\"@type\":\"ImageObject\",\"inLanguage\":\"de\",\"@id\":\"https:\/\/www.mediapartizan.at\/#\/schema\/person\/image\/\",\"url\":\"https:\/\/secure.gravatar.com\/avatar\/5618667e9a7ab3fa3e1a0c75987c8d0c111ad041167e738d67ac0846e54e195e?s=96&d=mm&r=g\",\"contentUrl\":\"https:\/\/secure.gravatar.com\/avatar\/5618667e9a7ab3fa3e1a0c75987c8d0c111ad041167e738d67ac0846e54e195e?s=96&d=mm&r=g\",\"caption\":\"Franz Miklautz\"},\"url\":\"https:\/\/www.mediapartizan.at\/?author=2\"}]}<\/script>\n<!-- \/ Yoast SEO plugin. -->","yoast_head_json":{"title":"Kontrollausschuss will Inseratenschaltungen der Stadt Klagenfurt unter die Lupe nehmen. Neos fordern Befragung von Stadtkommunikations-Chef - Mediapartizan.at","robots":{"index":"index","follow":"follow","max-snippet":"max-snippet:-1","max-image-preview":"max-image-preview:large","max-video-preview":"max-video-preview:-1"},"canonical":"https:\/\/www.mediapartizan.at\/?p=3859","og_locale":"de_DE","og_type":"article","og_title":"Kontrollausschuss will Inseratenschaltungen der Stadt Klagenfurt unter die Lupe nehmen. Neos fordern Befragung von Stadtkommunikations-Chef - Mediapartizan.at","og_description":"Inserate: Kontrollausschuss-Obmann Andreas Skorianz will die Werbeschaltungen der Stadt ins Visier nehmen. Neos: \"Riecht danach, dass da was nicht stimmt.\" [...]","og_url":"https:\/\/www.mediapartizan.at\/?p=3859","og_site_name":"Mediapartizan.at","article_published_time":"2022-09-05T14:05:25+00:00","article_modified_time":"2022-09-05T19:54:12+00:00","og_image":[{"width":1200,"height":799,"url":"https:\/\/www.mediapartizan.at\/wp-content\/uploads\/2022\/09\/csm_Rathaus-2560x1704_71ae6ba86a.jpg","type":"image\/jpeg"}],"author":"Franz Miklautz","twitter_card":"summary_large_image","twitter_misc":{"Verfasst von":"Franz Miklautz","Gesch\u00e4tzte Lesezeit":"3\u00a0Minuten"},"schema":{"@context":"https:\/\/schema.org","@graph":[{"@type":"WebPage","@id":"https:\/\/www.mediapartizan.at\/?p=3859","url":"https:\/\/www.mediapartizan.at\/?p=3859","name":"Kontrollausschuss will Inseratenschaltungen der Stadt Klagenfurt unter die Lupe nehmen. Neos fordern Befragung von Stadtkommunikations-Chef - Mediapartizan.at","isPartOf":{"@id":"https:\/\/www.mediapartizan.at\/#website"},"datePublished":"2022-09-05T14:05:25+00:00","dateModified":"2022-09-05T19:54:12+00:00","author":{"@id":"https:\/\/www.mediapartizan.at\/#\/schema\/person\/f6bd7eb8222f2fe985c78d08f17ed7a9"},"breadcrumb":{"@id":"https:\/\/www.mediapartizan.at\/?p=3859#breadcrumb"},"inLanguage":"de","potentialAction":[{"@type":"ReadAction","target":["https:\/\/www.mediapartizan.at\/?p=3859"]}]},{"@type":"BreadcrumbList","@id":"https:\/\/www.mediapartizan.at\/?p=3859#breadcrumb","itemListElement":[{"@type":"ListItem","position":1,"name":"Startseite","item":"https:\/\/www.mediapartizan.at\/"},{"@type":"ListItem","position":2,"name":"Kontrollausschuss will Inseratenschaltungen der Stadt Klagenfurt unter die Lupe nehmen. Neos fordern Befragung von Stadtkommunikations-Chef"}]},{"@type":"WebSite","@id":"https:\/\/www.mediapartizan.at\/#website","url":"https:\/\/www.mediapartizan.at\/","name":"Mediapartizan.at","description":"","potentialAction":[{"@type":"SearchAction","target":{"@type":"EntryPoint","urlTemplate":"https:\/\/www.mediapartizan.at\/?s={search_term_string}"},"query-input":"required name=search_term_string"}],"inLanguage":"de"},{"@type":"Person","@id":"https:\/\/www.mediapartizan.at\/#\/schema\/person\/f6bd7eb8222f2fe985c78d08f17ed7a9","name":"Franz Miklautz","image":{"@type":"ImageObject","inLanguage":"de","@id":"https:\/\/www.mediapartizan.at\/#\/schema\/person\/image\/","url":"https:\/\/secure.gravatar.com\/avatar\/5618667e9a7ab3fa3e1a0c75987c8d0c111ad041167e738d67ac0846e54e195e?s=96&d=mm&r=g","contentUrl":"https:\/\/secure.gravatar.com\/avatar\/5618667e9a7ab3fa3e1a0c75987c8d0c111ad041167e738d67ac0846e54e195e?s=96&d=mm&r=g","caption":"Franz Miklautz"},"url":"https:\/\/www.mediapartizan.at\/?author=2"}]}},"jetpack_featured_media_url":"https:\/\/i0.wp.com\/www.mediapartizan.at\/wp-content\/uploads\/2022\/09\/csm_Rathaus-2560x1704_71ae6ba86a.jpg?fit=1200%2C799&ssl=1","jetpack_sharing_enabled":true,"_links":{"self":[{"href":"https:\/\/www.mediapartizan.at\/index.php?rest_route=\/wp\/v2\/posts\/3859","targetHints":{"allow":["GET"]}}],"collection":[{"href":"https:\/\/www.mediapartizan.at\/index.php?rest_route=\/wp\/v2\/posts"}],"about":[{"href":"https:\/\/www.mediapartizan.at\/index.php?rest_route=\/wp\/v2\/types\/post"}],"author":[{"embeddable":true,"href":"https:\/\/www.mediapartizan.at\/index.php?rest_route=\/wp\/v2\/users\/2"}],"replies":[{"embeddable":true,"href":"https:\/\/www.mediapartizan.at\/index.php?rest_route=%2Fwp%2Fv2%2Fcomments&post=3859"}],"version-history":[{"count":5,"href":"https:\/\/www.mediapartizan.at\/index.php?rest_route=\/wp\/v2\/posts\/3859\/revisions"}],"predecessor-version":[{"id":3865,"href":"https:\/\/www.mediapartizan.at\/index.php?rest_route=\/wp\/v2\/posts\/3859\/revisions\/3865"}],"wp:featuredmedia":[{"embeddable":true,"href":"https:\/\/www.mediapartizan.at\/index.php?rest_route=\/wp\/v2\/media\/3860"}],"wp:attachment":[{"href":"https:\/\/www.mediapartizan.at\/index.php?rest_route=%2Fwp%2Fv2%2Fmedia&parent=3859"}],"wp:term":[{"taxonomy":"category","embeddable":true,"href":"https:\/\/www.mediapartizan.at\/index.php?rest_route=%2Fwp%2Fv2%2Fcategories&post=3859"},{"taxonomy":"post_tag","embeddable":true,"href":"https:\/\/www.mediapartizan.at\/index.php?rest_route=%2Fwp%2Fv2%2Ftags&post=3859"}],"curies":[{"name":"wp","href":"https:\/\/api.w.org\/{rel}","templated":true}]}}