{"id":4317,"date":"2022-10-18T15:36:27","date_gmt":"2022-10-18T13:36:27","guid":{"rendered":"https:\/\/www.mediapartizan.at\/?p=4317"},"modified":"2022-10-19T09:01:52","modified_gmt":"2022-10-19T07:01:52","slug":"flughafen-von-der-spoe-verkuendete-einigung-mit-orasch-zerbroeckelt","status":"publish","type":"post","link":"https:\/\/www.mediapartizan.at\/?p=4317","title":{"rendered":"Flughafen: Von der SP\u00d6 verk\u00fcndete Einigung mit Orasch l\u00f6st sich in Luft auf"},"content":{"rendered":"<p><\/p>\n<p>Eigentlich hatte die SP\u00d6 rund um Landeshauptmann Peter Kaiser ja schon im Sommer von einer Einigung und dem sprichw\u00f6rtlichen wei\u00dfen Rauch in den Verhandlungen mit Flughafen-Investor Franz Peter Orasch (Lilihill) gesprochen. Mehr noch: Kaiser hatte zusammen mit der Klagenfurter Stadtspitze seine Unterschrift unter einen &#8222;10-Punkte-Plan&#8220;, in dem man sich mit Orasch geeinigt haben wollte, gesetzt. Aus heutiger Sicht scheint dieser &#8222;10-Punkte-Plan&#8220; geradezu wie ein &#8222;ungedeckter Scheck&#8220;.<\/p>\n<p><\/p>\n<p><\/p>\n<p><strong>&#8222;Orasch geht es nur um die Grundst\u00fccke&#8220;<\/strong><\/p>\n<p><\/p>\n<p><\/p>\n<p>Wie heute von Kaisers Koalitionspartner Landesrat Martin Gruber (\u00d6VP) in einer Pressekonferenz pr\u00e4sentiert, wird n\u00e4mlich der wichtigste Punkt dieser Vereinbarung, die Gruber nicht unterschrieben hatte, &#8211; die R\u00fccknahme der Pachtvertr\u00e4ge, mit denen sich Orasch 130 Hektar der Flughafenfl\u00e4chen per Pacht einverleibt hatte &#8211; nicht bedingungslos erf\u00fcllt. Als Gegenleistung fordere Orasch n\u00e4mlich, nachtr\u00e4glich in den Beteiligungsvertrag eingreifen zu k\u00f6nnen und eine Direktvergabe von Baurechtsvertr\u00e4gen an die Lilihill. Was Gruber aber rundweg ablehnt. &#8222;Orasch h\u00e4lt sich nicht an Vereinbarungen und auch nicht an seine eigenen Versprechen. Es geht ihm nicht um den Flughafen, es geht ihm ausschlie\u00dflich um die  Flughafen-Grundst\u00fccke.&#8220;<\/p>\n<p><\/p>\n<p><\/p>\n<p>&#8222;<strong>Baurechte weiterverkaufen&#8220;<\/strong><\/p>\n<p><\/p>\n<p><\/p>\n<p>Die von Orasch in den Verhandlungen versprochene Frankfurt-Verbindung soll es nur geben, wenn das Land daf\u00fcr alle Vertr\u00e4ge bis 15. Oktober unterschreibe. Was es nicht getan hat. Brisant: &#8222;Orasch will die Baurechte, auf die er aus ist, auch weiterverkaufen k\u00f6nnen. Ohne die Zustimmung von Stadt und Land.&#8220; Die \u00f6ffentliche Hand h\u00e4lt noch rund 25 Prozent des Airports, Orasch knapp 75.<\/p>\n<p><\/p>\n<p><\/p>\n<p><strong>Grundst\u00fcckskauf kommt wieder aufs Tapet<\/strong><\/p>\n<p><\/p>\n<p><\/p>\n<p>Hatte man im Sommer noch gedacht, Orasch beschr\u00e4nke sich auf die Einr\u00e4umung von Baurechten am Flughafen, ist das Thema Grundst\u00fcckskauf nun doch wieder Thema. &#8222;Im Fall des Verkaufs von Grundst\u00fccken, sollen Stadt und Land auf ihr Vorkaufsrecht verzichten&#8220;, damit Orasch dieses zuteil werde. &#8222;Das w\u00e4re ein Blanko-Scheck f\u00fcr den Ausverkauf.&#8220;<\/p>\n<p><\/p>\n<p><\/p>\n<p><strong>Kaufvertrag ohne Kaufsumme<\/strong><\/p>\n<p><\/p>\n<p><\/p>\n<p>Weiters sei vereinbart worden, dass die Baurechtszinsen, die Orasch bezahlen sollte, f\u00fcr Investitionen am Flughafen herangezogen werden. &#8222;Jetzt ist aber von einer Zweckwidmung keine Rede mehr&#8220;, erkl\u00e4rt Gruber. Orasch habe nicht einmal Angaben \u00fcber den von ihm zu bezahlenden Baurechtszins in den der K\u00e4rntner Beteiligungsverwaltung (K-BV) \u00fcbermittelten Unterlagen gemacht. &#8222;Das ist, als w\u00fcrde man einen Kaufvertrag bekommen, in dem kein Kaufpreis steht.&#8220;<\/p>\n<p><\/p>\n<p><\/p>\n<p><strong>Strategieplan geht in Aviation City auf<\/strong><\/p>\n<p><\/p>\n<p><\/p>\n<p>Der Investor habe zudem Unterlagen \u00fcbermittelt, in denen Projekte beschrieben werden, die keinen konkreten Bezug zum Flughafen h\u00e4tten. Dem Strategieplan, mit dem Orasch Land und Stadt vor vier Jahren, als er den Flughafen zugesprochen bekam, vielversprechende Avancen gemacht hat, will er offenbar seinen Aviation-City-Pl\u00e4nen gleichsetzen. Das ist ein Bauprogramm mit Logistik-, Forschungs- und Technologiepark, die Orasch am Flughafen errichten will.<\/p>\n<p><\/p>\n<p><\/p>\n<p>Das Baurecht soll 99 Jahre betragen. Bei Ablauf dieses Baurechts soll Orasch ungew\u00f6hnlicherweise eine Entsch\u00e4digung in der H\u00f6he eines Viertels des Bauwertes beanspruchen. \u00dcblicherweise gehen Geb\u00e4ude entsch\u00e4digungslos ins Eigentum des Grundst\u00fccksbesitzers \u00fcber oder m\u00fcssen von diesem wieder abgetragen werden. <\/p>\n<p><\/p>\n<p><\/p>\n<p><strong>&#8222;Mehrheitseigent\u00fcmer soll Beteiligungsvertrag erf\u00fcllen.&#8220;<\/strong><\/p>\n<p><\/p>\n<p><\/p>\n<p>K-BV-Vorstand Martin Payer will die Flughafen-Grundst\u00fccke ausschreiben lassen, &#8222;um den h\u00f6chsten Preis f\u00fcr die Flughafen-Betriebsgesellschaft zu erzielen&#8220;. Und damit auch f\u00fcr den Steuerzahler, der wie gesagt noch immer zu 25 Prozent am Airport beteiligt ist. Aus Sorgfaltsvorgaben sei er dazu  verpflichtet. Lilihill allerdings lie\u00df heute verlauten, keine \u00f6ffentliche Vergabe akzeptieren zu wollen: &#8222;\u00dcber eine \u00f6ffentliche Ausschreibung von Flughafenfl\u00e4chen entscheidet ausschlie\u00dflich Lilihill als Mehrheitseigent\u00fcmerin. Eine solche wird definitiv nicht erfolgen&#8220;, erkl\u00e4rte das Unternehmen. Payer sagt jedoch, dass, sobald es Marktindikation gebe (weitere Interessenten f\u00fcr die Fl\u00e4chen, Anm.), eine Ausschreibung durchzuf\u00fchren sei. Aufkommende Journalistenanfragen, dass es dann zu einer Patt-Stellung komme, beantwortete Gruber damit, dass es kein Patt gebe. &#8222;Der Mehrheitseigent\u00fcmer soll endlich den Beteiligungsvertrag erf\u00fcllen.&#8220;<\/p>\n<p><\/p>\n<p><\/p>\n<p><strong>Kalk\u00fcl Landtagswahl?<\/strong><\/p>\n<p><\/p>\n<p><\/p>\n<p>M\u00f6glicherweise spielt Orasch auf Zeit und spitzt auf die kommenden Landtagswahlen im M\u00e4rz. Sollten die Karten aufgrund des Wahlergebnisses neu gemischt werden, k\u00f6nnte die \u00d6VP des Beteiligungsreferats verlustig werden. Damit st\u00fcnde KBV-Vorstand Martin Payer &#8211; er ist zwar weisungsfrei &#8211; pl\u00f6tzlich ohne die politische R\u00fcckendeckung Grubers da. Dass Orasch die R\u00fcckendeckung der SP\u00d6 hat, ist sp\u00e4testens seit der Unterschrift Kaisers unter den &#8222;10-Punkte-Plan&#8220; klar.<\/p>\n<p><\/p>\n<p><\/p>\n<p><strong>K\u00f6fer: Orasch ist gefordert, sich zu bewegen<\/strong><\/p>\n<p><\/p>\n<p><\/p>\n<p>Gerhard K\u00f6fer, Parteichef des Team K\u00e4rnten, fordert indes einen Krisengipfel. &#8222;Auch der Mehrheitseigent\u00fcmer ist gefordert, sich zu bewegen und zu seinen Zugest\u00e4ndnissen zu stehen. Ansonsten wird es nicht gehen. Die Rechte der \u00f6ffentlichen Hand m\u00fcssen gewahrt bleiben&#8220;, so K\u00f6fer.<\/p>\n<p><\/p>\n","protected":false},"excerpt":{"rendered":"<div class=\"mh-excerpt\"><p>Einigung zwischen Land und Flughafen-Investor Franz Peter Orasch scheint ferner denn je. \u00d6VP-Landesrat Gruber wirft Orasch vor, seine eigenen Versprechungen zu brechen. Orasch fordert, Flughafenfl\u00e4chen weiterverkaufen zu k\u00f6nnen. <a class=\"mh-excerpt-more\" href=\"https:\/\/www.mediapartizan.at\/?p=4317\" title=\"Flughafen: Von der SP\u00d6 verk\u00fcndete Einigung mit Orasch l\u00f6st sich in Luft auf\">[&#8230;]<\/a><\/p>\n<\/div>","protected":false},"author":2,"featured_media":4319,"comment_status":"open","ping_status":"open","sticky":false,"template":"","format":"standard","meta":{"inline_featured_image":false,"_jetpack_memberships_contains_paid_content":false,"footnotes":""},"categories":[166],"tags":[167,169,182,168,171,172],"class_list":{"0":"post-4317","1":"post","2":"type-post","3":"status-publish","4":"format-standard","5":"has-post-thumbnail","7":"category-flughafen-klagenfurt","8":"tag-flughafen-klagenfurt","9":"tag-franz-peter-orasch","10":"tag-kaerntner-beteiligungsverwaltung","11":"tag-lilihill","12":"tag-martin-gruber","13":"tag-martin-payer"},"yoast_head":"<!-- This site is optimized with the Yoast SEO plugin v20.10 - https:\/\/yoast.com\/wordpress\/plugins\/seo\/ -->\n<title>Flughafen: Von der SP\u00d6 verk\u00fcndete Einigung mit Orasch l\u00f6st sich in Luft auf - Mediapartizan.at<\/title>\n<meta name=\"robots\" content=\"index, follow, max-snippet:-1, max-image-preview:large, max-video-preview:-1\" \/>\n<link rel=\"canonical\" href=\"https:\/\/www.mediapartizan.at\/?p=4317\" \/>\n<meta property=\"og:locale\" content=\"de_DE\" \/>\n<meta property=\"og:type\" content=\"article\" \/>\n<meta property=\"og:title\" content=\"Flughafen: Von der SP\u00d6 verk\u00fcndete Einigung mit Orasch l\u00f6st sich in Luft auf - Mediapartizan.at\" \/>\n<meta property=\"og:description\" content=\"Einigung zwischen Land und Flughafen-Investor Franz Peter Orasch scheint ferner denn je. \u00d6VP-Landesrat Gruber wirft Orasch vor, seine eigenen Versprechungen zu brechen. Orasch fordert, Flughafenfl\u00e4chen weiterverkaufen zu k\u00f6nnen. [...]\" \/>\n<meta property=\"og:url\" content=\"https:\/\/www.mediapartizan.at\/?p=4317\" \/>\n<meta property=\"og:site_name\" content=\"Mediapartizan.at\" \/>\n<meta property=\"article:published_time\" content=\"2022-10-18T13:36:27+00:00\" \/>\n<meta property=\"article:modified_time\" content=\"2022-10-19T07:01:52+00:00\" \/>\n<meta property=\"og:image\" content=\"https:\/\/www.mediapartizan.at\/wp-content\/uploads\/2022\/10\/IMG_20221018_132709.jpg\" \/>\n\t<meta property=\"og:image:width\" content=\"2000\" \/>\n\t<meta property=\"og:image:height\" content=\"1500\" \/>\n\t<meta property=\"og:image:type\" content=\"image\/jpeg\" \/>\n<meta name=\"author\" content=\"Franz Miklautz\" \/>\n<meta name=\"twitter:card\" content=\"summary_large_image\" \/>\n<meta name=\"twitter:label1\" content=\"Verfasst von\" \/>\n\t<meta name=\"twitter:data1\" content=\"Franz Miklautz\" \/>\n\t<meta name=\"twitter:label2\" content=\"Gesch\u00e4tzte Lesezeit\" \/>\n\t<meta name=\"twitter:data2\" content=\"4\u00a0Minuten\" \/>\n<script type=\"application\/ld+json\" class=\"yoast-schema-graph\">{\"@context\":\"https:\/\/schema.org\",\"@graph\":[{\"@type\":\"WebPage\",\"@id\":\"https:\/\/www.mediapartizan.at\/?p=4317\",\"url\":\"https:\/\/www.mediapartizan.at\/?p=4317\",\"name\":\"Flughafen: Von der SP\u00d6 verk\u00fcndete Einigung mit Orasch l\u00f6st sich in Luft auf - Mediapartizan.at\",\"isPartOf\":{\"@id\":\"https:\/\/www.mediapartizan.at\/#website\"},\"datePublished\":\"2022-10-18T13:36:27+00:00\",\"dateModified\":\"2022-10-19T07:01:52+00:00\",\"author\":{\"@id\":\"https:\/\/www.mediapartizan.at\/#\/schema\/person\/f6bd7eb8222f2fe985c78d08f17ed7a9\"},\"breadcrumb\":{\"@id\":\"https:\/\/www.mediapartizan.at\/?p=4317#breadcrumb\"},\"inLanguage\":\"de\",\"potentialAction\":[{\"@type\":\"ReadAction\",\"target\":[\"https:\/\/www.mediapartizan.at\/?p=4317\"]}]},{\"@type\":\"BreadcrumbList\",\"@id\":\"https:\/\/www.mediapartizan.at\/?p=4317#breadcrumb\",\"itemListElement\":[{\"@type\":\"ListItem\",\"position\":1,\"name\":\"Startseite\",\"item\":\"https:\/\/www.mediapartizan.at\/\"},{\"@type\":\"ListItem\",\"position\":2,\"name\":\"Flughafen: Von der SP\u00d6 verk\u00fcndete Einigung mit Orasch l\u00f6st sich in Luft auf\"}]},{\"@type\":\"WebSite\",\"@id\":\"https:\/\/www.mediapartizan.at\/#website\",\"url\":\"https:\/\/www.mediapartizan.at\/\",\"name\":\"Mediapartizan.at\",\"description\":\"\",\"potentialAction\":[{\"@type\":\"SearchAction\",\"target\":{\"@type\":\"EntryPoint\",\"urlTemplate\":\"https:\/\/www.mediapartizan.at\/?s={search_term_string}\"},\"query-input\":\"required name=search_term_string\"}],\"inLanguage\":\"de\"},{\"@type\":\"Person\",\"@id\":\"https:\/\/www.mediapartizan.at\/#\/schema\/person\/f6bd7eb8222f2fe985c78d08f17ed7a9\",\"name\":\"Franz Miklautz\",\"image\":{\"@type\":\"ImageObject\",\"inLanguage\":\"de\",\"@id\":\"https:\/\/www.mediapartizan.at\/#\/schema\/person\/image\/\",\"url\":\"https:\/\/secure.gravatar.com\/avatar\/5618667e9a7ab3fa3e1a0c75987c8d0c111ad041167e738d67ac0846e54e195e?s=96&d=mm&r=g\",\"contentUrl\":\"https:\/\/secure.gravatar.com\/avatar\/5618667e9a7ab3fa3e1a0c75987c8d0c111ad041167e738d67ac0846e54e195e?s=96&d=mm&r=g\",\"caption\":\"Franz Miklautz\"},\"url\":\"https:\/\/www.mediapartizan.at\/?author=2\"}]}<\/script>\n<!-- \/ Yoast SEO plugin. -->","yoast_head_json":{"title":"Flughafen: Von der SP\u00d6 verk\u00fcndete Einigung mit Orasch l\u00f6st sich in Luft auf - Mediapartizan.at","robots":{"index":"index","follow":"follow","max-snippet":"max-snippet:-1","max-image-preview":"max-image-preview:large","max-video-preview":"max-video-preview:-1"},"canonical":"https:\/\/www.mediapartizan.at\/?p=4317","og_locale":"de_DE","og_type":"article","og_title":"Flughafen: Von der SP\u00d6 verk\u00fcndete Einigung mit Orasch l\u00f6st sich in Luft auf - Mediapartizan.at","og_description":"Einigung zwischen Land und Flughafen-Investor Franz Peter Orasch scheint ferner denn je. \u00d6VP-Landesrat Gruber wirft Orasch vor, seine eigenen Versprechungen zu brechen. Orasch fordert, Flughafenfl\u00e4chen weiterverkaufen zu k\u00f6nnen. [...]","og_url":"https:\/\/www.mediapartizan.at\/?p=4317","og_site_name":"Mediapartizan.at","article_published_time":"2022-10-18T13:36:27+00:00","article_modified_time":"2022-10-19T07:01:52+00:00","og_image":[{"width":2000,"height":1500,"url":"https:\/\/www.mediapartizan.at\/wp-content\/uploads\/2022\/10\/IMG_20221018_132709.jpg","type":"image\/jpeg"}],"author":"Franz Miklautz","twitter_card":"summary_large_image","twitter_misc":{"Verfasst von":"Franz Miklautz","Gesch\u00e4tzte Lesezeit":"4\u00a0Minuten"},"schema":{"@context":"https:\/\/schema.org","@graph":[{"@type":"WebPage","@id":"https:\/\/www.mediapartizan.at\/?p=4317","url":"https:\/\/www.mediapartizan.at\/?p=4317","name":"Flughafen: Von der SP\u00d6 verk\u00fcndete Einigung mit Orasch l\u00f6st sich in Luft auf - Mediapartizan.at","isPartOf":{"@id":"https:\/\/www.mediapartizan.at\/#website"},"datePublished":"2022-10-18T13:36:27+00:00","dateModified":"2022-10-19T07:01:52+00:00","author":{"@id":"https:\/\/www.mediapartizan.at\/#\/schema\/person\/f6bd7eb8222f2fe985c78d08f17ed7a9"},"breadcrumb":{"@id":"https:\/\/www.mediapartizan.at\/?p=4317#breadcrumb"},"inLanguage":"de","potentialAction":[{"@type":"ReadAction","target":["https:\/\/www.mediapartizan.at\/?p=4317"]}]},{"@type":"BreadcrumbList","@id":"https:\/\/www.mediapartizan.at\/?p=4317#breadcrumb","itemListElement":[{"@type":"ListItem","position":1,"name":"Startseite","item":"https:\/\/www.mediapartizan.at\/"},{"@type":"ListItem","position":2,"name":"Flughafen: Von der SP\u00d6 verk\u00fcndete Einigung mit Orasch l\u00f6st sich in Luft auf"}]},{"@type":"WebSite","@id":"https:\/\/www.mediapartizan.at\/#website","url":"https:\/\/www.mediapartizan.at\/","name":"Mediapartizan.at","description":"","potentialAction":[{"@type":"SearchAction","target":{"@type":"EntryPoint","urlTemplate":"https:\/\/www.mediapartizan.at\/?s={search_term_string}"},"query-input":"required name=search_term_string"}],"inLanguage":"de"},{"@type":"Person","@id":"https:\/\/www.mediapartizan.at\/#\/schema\/person\/f6bd7eb8222f2fe985c78d08f17ed7a9","name":"Franz Miklautz","image":{"@type":"ImageObject","inLanguage":"de","@id":"https:\/\/www.mediapartizan.at\/#\/schema\/person\/image\/","url":"https:\/\/secure.gravatar.com\/avatar\/5618667e9a7ab3fa3e1a0c75987c8d0c111ad041167e738d67ac0846e54e195e?s=96&d=mm&r=g","contentUrl":"https:\/\/secure.gravatar.com\/avatar\/5618667e9a7ab3fa3e1a0c75987c8d0c111ad041167e738d67ac0846e54e195e?s=96&d=mm&r=g","caption":"Franz Miklautz"},"url":"https:\/\/www.mediapartizan.at\/?author=2"}]}},"jetpack_featured_media_url":"https:\/\/i0.wp.com\/www.mediapartizan.at\/wp-content\/uploads\/2022\/10\/IMG_20221018_132709.jpg?fit=2000%2C1500&ssl=1","jetpack_sharing_enabled":true,"_links":{"self":[{"href":"https:\/\/www.mediapartizan.at\/index.php?rest_route=\/wp\/v2\/posts\/4317","targetHints":{"allow":["GET"]}}],"collection":[{"href":"https:\/\/www.mediapartizan.at\/index.php?rest_route=\/wp\/v2\/posts"}],"about":[{"href":"https:\/\/www.mediapartizan.at\/index.php?rest_route=\/wp\/v2\/types\/post"}],"author":[{"embeddable":true,"href":"https:\/\/www.mediapartizan.at\/index.php?rest_route=\/wp\/v2\/users\/2"}],"replies":[{"embeddable":true,"href":"https:\/\/www.mediapartizan.at\/index.php?rest_route=%2Fwp%2Fv2%2Fcomments&post=4317"}],"version-history":[{"count":35,"href":"https:\/\/www.mediapartizan.at\/index.php?rest_route=\/wp\/v2\/posts\/4317\/revisions"}],"predecessor-version":[{"id":4360,"href":"https:\/\/www.mediapartizan.at\/index.php?rest_route=\/wp\/v2\/posts\/4317\/revisions\/4360"}],"wp:featuredmedia":[{"embeddable":true,"href":"https:\/\/www.mediapartizan.at\/index.php?rest_route=\/wp\/v2\/media\/4319"}],"wp:attachment":[{"href":"https:\/\/www.mediapartizan.at\/index.php?rest_route=%2Fwp%2Fv2%2Fmedia&parent=4317"}],"wp:term":[{"taxonomy":"category","embeddable":true,"href":"https:\/\/www.mediapartizan.at\/index.php?rest_route=%2Fwp%2Fv2%2Fcategories&post=4317"},{"taxonomy":"post_tag","embeddable":true,"href":"https:\/\/www.mediapartizan.at\/index.php?rest_route=%2Fwp%2Fv2%2Ftags&post=4317"}],"curies":[{"name":"wp","href":"https:\/\/api.w.org\/{rel}","templated":true}]}}