{"id":4362,"date":"2022-10-19T22:56:44","date_gmt":"2022-10-19T20:56:44","guid":{"rendered":"https:\/\/www.mediapartizan.at\/?p=4362"},"modified":"2022-10-21T13:57:05","modified_gmt":"2022-10-21T11:57:05","slug":"flughafen-debakel-landet-im-kaerntner-landtag","status":"publish","type":"post","link":"https:\/\/www.mediapartizan.at\/?p=4362","title":{"rendered":"Flughafen-Debakel landet im K\u00e4rntner Landtag"},"content":{"rendered":"<p><\/p>\n<p>Gestern hatte Beteiligungsreferent Martin Gruber (\u00d6VP) die j\u00fcngsten Ergebnisse der Verhandlungen mit Flughafen-Investor Franz Peter Orasch in einer Pressekonferenz pr\u00e4sentiert. Gruber sprach davon, <a href=\"https:\/\/www.mediapartizan.at\/?p=4317\" target=\"_blank\" rel=\"noreferrer noopener\">dass Orasch seine Versprechungen nicht eingehalten habe<\/a>, den Flughafen nach mehr als vier Jahren wieder in Flugh\u00f6he zu bringen. Bemerkenswert ist das deshalb, weil Landeshauptmann Peter Kaiser (SP\u00d6) noch vor ein paar Wochen proklamiert hatte, dass es eine Einigung mit Orasch gebe und seine Unterschrift unter den sogenannten <a href=\"https:\/\/www.mediapartizan.at\/?p=3796\" target=\"_blank\" rel=\"noreferrer noopener\">&#8222;10-Punkte-Plan&#8220;<\/a> gesetzt hatte, der ebendiese Einigung mit Orasch besiegeln sollte. Woraufhin Investitionen in den Airport vorgesehen waren.<\/p>\n<p><\/p>\n<p><\/p>\n<p><strong>K\u00f6fer will Ausschreibung<\/strong><\/p>\n<p><\/p>\n<p><\/p>\n<p>Nach der gestrigen Pressekonferenz Grubers scheinen weitere Verhandlungen mit Orasch aber ins Leere zu laufen. Das hat nun offenbar Gerhard K\u00f6fer, Parteichef des Team K\u00e4rnten, als M\u00f6glichkeit auserkoren, mit dem Thema in den K\u00e4rntner Landtag einzufliegen. K\u00f6fer wird morgen mehrere Fragen zur mittlerweile tragischen Situation um den Flughafen an Gruber stellen. In einer heutigen Presseaussendung lie\u00df K\u00f6fer wissen, dass er f\u00fcr eine Ausschreibung der Flughafen-Grundst\u00fccke eintrete. Orasch will diese f\u00fcr seine Lilihill-Gruppe bekanntlich per Gutachten als Baurecht direkt zugesprochen bekommen. Eine Ausschreibung der Baurechte verneinte die Lilihill als Mehrheitseigent\u00fcmer des Flughafens gestern kategorisch.<\/p>\n<p><\/p>\n<p><\/p>\n<figure class=\"wp-block-image aligncenter size-full is-resized\"><img data-recalc-dims=\"1\" loading=\"lazy\" decoding=\"async\" src=\"https:\/\/i0.wp.com\/www.mediapartizan.at\/wp-content\/uploads\/2022\/10\/Gerhard-Ko%CC%88fer.png?resize=216%2C288&#038;ssl=1\" alt=\"\" class=\"wp-image-4365\" width=\"216\" height=\"288\" srcset=\"https:\/\/i0.wp.com\/www.mediapartizan.at\/wp-content\/uploads\/2022\/10\/Gerhard-Ko%CC%88fer.png?w=550&amp;ssl=1 550w, https:\/\/i0.wp.com\/www.mediapartizan.at\/wp-content\/uploads\/2022\/10\/Gerhard-Ko%CC%88fer.png?resize=225%2C300&amp;ssl=1 225w\" sizes=\"auto, (max-width: 216px) 100vw, 216px\" \/><figcaption>Sucht Antworten: Gerhard K\u00f6fer<\/figcaption><\/figure>\n<p><\/p>\n<p><\/p>\n<p><strong>Was Gruber auf die Fragen K\u00f6fers antworten wird<\/strong><\/p>\n<p><\/p>\n<p><\/p>\n<p>Gruber wird die Fragen K\u00f6fers nach Informationen von Mediapartizan.at folgend beantworten. K\u00f6fer wird allem Anschein nach danach fragen, ob die Versprechungen Oraschs etwa nach einer Anbindung an einen internationalen Hub mit einer Zeitleiste versehen sind? Gruber wird dies so beantworten, dass die Hubanbindung mit Oktober 2022 von Orasch versprochen worden sei. Allein: Es gibt sie nicht. Das sogenannte \u00dcbereinkommen, damit ist der &#8222;10-Punkte-Plan&#8220; gemeint, trage keine zeitlichen Festlegungen.<\/p>\n<p><\/p>\n<p><\/p>\n<p>Doch das ist K\u00f6fer offenbar nicht genug. Er will explizit wissen, welche Punkte in besagtem &#8222;10-Punkte-Plan&#8220; vereinbart wurden, unter den Landeshauptmann Kaiser seine Unterschrift gesetzt hatte. Darauf repliziert Gruber, was er in der gestrigen Pressekonferenz kundgetan hatte: <a href=\"https:\/\/www.mediapartizan.at\/?p=4317\" target=\"_blank\" rel=\"noreferrer noopener\">Differenzen zwischen Versprechungen und Realit\u00e4t.<\/a> Er wird sagen, dass die &#8222;Direktvergabe eines Baurechts an Lilihill&#8220;, die &#8222;R\u00fccknahme der Pachtvertr\u00e4ge nur ,Zug um Zug&#8216; mit der Unterfertigung von Baurechtsvertr\u00e4gen&#8220; und die &#8222;Nennung der Aviation City anstelle des Strategieplans 2018&#8220; mit der Unterschrift von Kaiser, dem Klagenfurter B\u00fcrgermeister Christian Scheider und Vizeb\u00fcrgermeister Philipp Liesnig (SP\u00d6) goutiert wurden. <\/p>\n<p><\/p>\n<p><\/p>\n<p><strong>Frage nach Gr\u00f6\u00dfe der Baurechts-Fl\u00e4chen<\/strong><\/p>\n<p><\/p>\n<p><\/p>\n<p>K\u00f6fer wird auch wissen wollen, um welches Ausma\u00df es sich bei den angepeilten Fl\u00e4chen des Flughafens handelt. Sprich: Welche Fl\u00e4chen per Baurecht vergeben werden k\u00f6nnten. Es sind dies laut Gruber 130 Hektar. F\u00fcr die Orasch aber keinen Vorschlag f\u00fcr einen Baurechtszins abgegeben habe.<\/p>\n<p><\/p>\n<p><\/p>\n<p>Die Sitzung des K\u00e4rntner Landtags findet morgen, am 20. Oktober ab 9 Uhr, statt. Sie wird per Livestream \u00fcbertragen. <\/p>\n<p><\/p>\n<p><\/p>\n<p>***<\/p>\n<p><\/p>\n<p><\/p>\n<p>Fotos: K\u00e4rntner Landtag, Team K\u00e4rnten<\/p>\n<p><\/p>\n<p><\/p>\n<p><\/p>\n","protected":false},"excerpt":{"rendered":"<div class=\"mh-excerpt\"><p>Gerhard K\u00f6fer will morgen Antworten: Der Team-K\u00e4rnten-Chef fordert Aufkl\u00e4rung zur Flughafen-Misere. Beteiligungsreferent Martin Gruber muss Rede und Antwort stehen. Obwohl er von der SP\u00d6 \u00fcberstimmt wurde, als er den Flughafen zur\u00fcckholen wollte. <a class=\"mh-excerpt-more\" href=\"https:\/\/www.mediapartizan.at\/?p=4362\" title=\"Flughafen-Debakel landet im K\u00e4rntner Landtag\">[&#8230;]<\/a><\/p>\n<\/div>","protected":false},"author":2,"featured_media":4363,"comment_status":"open","ping_status":"open","sticky":false,"template":"","format":"standard","meta":{"inline_featured_image":false,"_jetpack_memberships_contains_paid_content":false,"footnotes":""},"categories":[166],"tags":[201,167,169,171,137,170,179],"class_list":{"0":"post-4362","1":"post","2":"type-post","3":"status-publish","4":"format-standard","5":"has-post-thumbnail","7":"category-flughafen-klagenfurt","8":"tag-call-option","9":"tag-flughafen-klagenfurt","10":"tag-franz-peter-orasch","11":"tag-martin-gruber","12":"tag-oevp","13":"tag-peter-kaiser","14":"tag-privatisierung"},"yoast_head":"<!-- This site is optimized with the Yoast SEO plugin v20.10 - https:\/\/yoast.com\/wordpress\/plugins\/seo\/ -->\n<title>Flughafen-Debakel landet im K\u00e4rntner Landtag - Mediapartizan.at<\/title>\n<meta name=\"robots\" content=\"index, follow, max-snippet:-1, max-image-preview:large, max-video-preview:-1\" \/>\n<link rel=\"canonical\" href=\"https:\/\/www.mediapartizan.at\/?p=4362\" \/>\n<meta property=\"og:locale\" content=\"de_DE\" \/>\n<meta property=\"og:type\" content=\"article\" \/>\n<meta property=\"og:title\" content=\"Flughafen-Debakel landet im K\u00e4rntner Landtag - Mediapartizan.at\" \/>\n<meta property=\"og:description\" content=\"Gerhard K\u00f6fer will morgen Antworten: Der Team-K\u00e4rnten-Chef fordert Aufkl\u00e4rung zur Flughafen-Misere. Beteiligungsreferent Martin Gruber muss Rede und Antwort stehen. Obwohl er von der SP\u00d6 \u00fcberstimmt wurde, als er den Flughafen zur\u00fcckholen wollte. [...]\" \/>\n<meta property=\"og:url\" content=\"https:\/\/www.mediapartizan.at\/?p=4362\" \/>\n<meta property=\"og:site_name\" content=\"Mediapartizan.at\" \/>\n<meta property=\"article:published_time\" content=\"2022-10-19T20:56:44+00:00\" \/>\n<meta property=\"article:modified_time\" content=\"2022-10-21T11:57:05+00:00\" \/>\n<meta property=\"og:image\" content=\"https:\/\/www.mediapartizan.at\/wp-content\/uploads\/2022\/10\/Bildschirmfoto-2022-10-19-um-21.47.13-1024x497.png\" \/>\n\t<meta property=\"og:image:width\" content=\"1024\" \/>\n\t<meta property=\"og:image:height\" content=\"497\" \/>\n\t<meta property=\"og:image:type\" content=\"image\/png\" \/>\n<meta name=\"author\" content=\"Franz Miklautz\" \/>\n<meta name=\"twitter:card\" content=\"summary_large_image\" \/>\n<meta name=\"twitter:label1\" content=\"Verfasst von\" \/>\n\t<meta name=\"twitter:data1\" content=\"Franz Miklautz\" \/>\n\t<meta name=\"twitter:label2\" content=\"Gesch\u00e4tzte Lesezeit\" \/>\n\t<meta name=\"twitter:data2\" content=\"3\u00a0Minuten\" \/>\n<script type=\"application\/ld+json\" class=\"yoast-schema-graph\">{\"@context\":\"https:\/\/schema.org\",\"@graph\":[{\"@type\":\"WebPage\",\"@id\":\"https:\/\/www.mediapartizan.at\/?p=4362\",\"url\":\"https:\/\/www.mediapartizan.at\/?p=4362\",\"name\":\"Flughafen-Debakel landet im K\u00e4rntner Landtag - Mediapartizan.at\",\"isPartOf\":{\"@id\":\"https:\/\/www.mediapartizan.at\/#website\"},\"datePublished\":\"2022-10-19T20:56:44+00:00\",\"dateModified\":\"2022-10-21T11:57:05+00:00\",\"author\":{\"@id\":\"https:\/\/www.mediapartizan.at\/#\/schema\/person\/f6bd7eb8222f2fe985c78d08f17ed7a9\"},\"breadcrumb\":{\"@id\":\"https:\/\/www.mediapartizan.at\/?p=4362#breadcrumb\"},\"inLanguage\":\"de\",\"potentialAction\":[{\"@type\":\"ReadAction\",\"target\":[\"https:\/\/www.mediapartizan.at\/?p=4362\"]}]},{\"@type\":\"BreadcrumbList\",\"@id\":\"https:\/\/www.mediapartizan.at\/?p=4362#breadcrumb\",\"itemListElement\":[{\"@type\":\"ListItem\",\"position\":1,\"name\":\"Startseite\",\"item\":\"https:\/\/www.mediapartizan.at\/\"},{\"@type\":\"ListItem\",\"position\":2,\"name\":\"Flughafen-Debakel landet im K\u00e4rntner Landtag\"}]},{\"@type\":\"WebSite\",\"@id\":\"https:\/\/www.mediapartizan.at\/#website\",\"url\":\"https:\/\/www.mediapartizan.at\/\",\"name\":\"Mediapartizan.at\",\"description\":\"\",\"potentialAction\":[{\"@type\":\"SearchAction\",\"target\":{\"@type\":\"EntryPoint\",\"urlTemplate\":\"https:\/\/www.mediapartizan.at\/?s={search_term_string}\"},\"query-input\":\"required name=search_term_string\"}],\"inLanguage\":\"de\"},{\"@type\":\"Person\",\"@id\":\"https:\/\/www.mediapartizan.at\/#\/schema\/person\/f6bd7eb8222f2fe985c78d08f17ed7a9\",\"name\":\"Franz Miklautz\",\"image\":{\"@type\":\"ImageObject\",\"inLanguage\":\"de\",\"@id\":\"https:\/\/www.mediapartizan.at\/#\/schema\/person\/image\/\",\"url\":\"https:\/\/secure.gravatar.com\/avatar\/5618667e9a7ab3fa3e1a0c75987c8d0c111ad041167e738d67ac0846e54e195e?s=96&d=mm&r=g\",\"contentUrl\":\"https:\/\/secure.gravatar.com\/avatar\/5618667e9a7ab3fa3e1a0c75987c8d0c111ad041167e738d67ac0846e54e195e?s=96&d=mm&r=g\",\"caption\":\"Franz Miklautz\"},\"url\":\"https:\/\/www.mediapartizan.at\/?author=2\"}]}<\/script>\n<!-- \/ Yoast SEO plugin. -->","yoast_head_json":{"title":"Flughafen-Debakel landet im K\u00e4rntner Landtag - Mediapartizan.at","robots":{"index":"index","follow":"follow","max-snippet":"max-snippet:-1","max-image-preview":"max-image-preview:large","max-video-preview":"max-video-preview:-1"},"canonical":"https:\/\/www.mediapartizan.at\/?p=4362","og_locale":"de_DE","og_type":"article","og_title":"Flughafen-Debakel landet im K\u00e4rntner Landtag - Mediapartizan.at","og_description":"Gerhard K\u00f6fer will morgen Antworten: Der Team-K\u00e4rnten-Chef fordert Aufkl\u00e4rung zur Flughafen-Misere. Beteiligungsreferent Martin Gruber muss Rede und Antwort stehen. Obwohl er von der SP\u00d6 \u00fcberstimmt wurde, als er den Flughafen zur\u00fcckholen wollte. [...]","og_url":"https:\/\/www.mediapartizan.at\/?p=4362","og_site_name":"Mediapartizan.at","article_published_time":"2022-10-19T20:56:44+00:00","article_modified_time":"2022-10-21T11:57:05+00:00","og_image":[{"width":1024,"height":497,"url":"https:\/\/www.mediapartizan.at\/wp-content\/uploads\/2022\/10\/Bildschirmfoto-2022-10-19-um-21.47.13-1024x497.png","type":"image\/png"}],"author":"Franz Miklautz","twitter_card":"summary_large_image","twitter_misc":{"Verfasst von":"Franz Miklautz","Gesch\u00e4tzte Lesezeit":"3\u00a0Minuten"},"schema":{"@context":"https:\/\/schema.org","@graph":[{"@type":"WebPage","@id":"https:\/\/www.mediapartizan.at\/?p=4362","url":"https:\/\/www.mediapartizan.at\/?p=4362","name":"Flughafen-Debakel landet im K\u00e4rntner Landtag - Mediapartizan.at","isPartOf":{"@id":"https:\/\/www.mediapartizan.at\/#website"},"datePublished":"2022-10-19T20:56:44+00:00","dateModified":"2022-10-21T11:57:05+00:00","author":{"@id":"https:\/\/www.mediapartizan.at\/#\/schema\/person\/f6bd7eb8222f2fe985c78d08f17ed7a9"},"breadcrumb":{"@id":"https:\/\/www.mediapartizan.at\/?p=4362#breadcrumb"},"inLanguage":"de","potentialAction":[{"@type":"ReadAction","target":["https:\/\/www.mediapartizan.at\/?p=4362"]}]},{"@type":"BreadcrumbList","@id":"https:\/\/www.mediapartizan.at\/?p=4362#breadcrumb","itemListElement":[{"@type":"ListItem","position":1,"name":"Startseite","item":"https:\/\/www.mediapartizan.at\/"},{"@type":"ListItem","position":2,"name":"Flughafen-Debakel landet im K\u00e4rntner Landtag"}]},{"@type":"WebSite","@id":"https:\/\/www.mediapartizan.at\/#website","url":"https:\/\/www.mediapartizan.at\/","name":"Mediapartizan.at","description":"","potentialAction":[{"@type":"SearchAction","target":{"@type":"EntryPoint","urlTemplate":"https:\/\/www.mediapartizan.at\/?s={search_term_string}"},"query-input":"required name=search_term_string"}],"inLanguage":"de"},{"@type":"Person","@id":"https:\/\/www.mediapartizan.at\/#\/schema\/person\/f6bd7eb8222f2fe985c78d08f17ed7a9","name":"Franz Miklautz","image":{"@type":"ImageObject","inLanguage":"de","@id":"https:\/\/www.mediapartizan.at\/#\/schema\/person\/image\/","url":"https:\/\/secure.gravatar.com\/avatar\/5618667e9a7ab3fa3e1a0c75987c8d0c111ad041167e738d67ac0846e54e195e?s=96&d=mm&r=g","contentUrl":"https:\/\/secure.gravatar.com\/avatar\/5618667e9a7ab3fa3e1a0c75987c8d0c111ad041167e738d67ac0846e54e195e?s=96&d=mm&r=g","caption":"Franz Miklautz"},"url":"https:\/\/www.mediapartizan.at\/?author=2"}]}},"jetpack_featured_media_url":"https:\/\/i0.wp.com\/www.mediapartizan.at\/wp-content\/uploads\/2022\/10\/Bildschirmfoto-2022-10-19-um-21.47.13.png?fit=2020%2C980&ssl=1","jetpack_sharing_enabled":true,"_links":{"self":[{"href":"https:\/\/www.mediapartizan.at\/index.php?rest_route=\/wp\/v2\/posts\/4362","targetHints":{"allow":["GET"]}}],"collection":[{"href":"https:\/\/www.mediapartizan.at\/index.php?rest_route=\/wp\/v2\/posts"}],"about":[{"href":"https:\/\/www.mediapartizan.at\/index.php?rest_route=\/wp\/v2\/types\/post"}],"author":[{"embeddable":true,"href":"https:\/\/www.mediapartizan.at\/index.php?rest_route=\/wp\/v2\/users\/2"}],"replies":[{"embeddable":true,"href":"https:\/\/www.mediapartizan.at\/index.php?rest_route=%2Fwp%2Fv2%2Fcomments&post=4362"}],"version-history":[{"count":16,"href":"https:\/\/www.mediapartizan.at\/index.php?rest_route=\/wp\/v2\/posts\/4362\/revisions"}],"predecessor-version":[{"id":4391,"href":"https:\/\/www.mediapartizan.at\/index.php?rest_route=\/wp\/v2\/posts\/4362\/revisions\/4391"}],"wp:featuredmedia":[{"embeddable":true,"href":"https:\/\/www.mediapartizan.at\/index.php?rest_route=\/wp\/v2\/media\/4363"}],"wp:attachment":[{"href":"https:\/\/www.mediapartizan.at\/index.php?rest_route=%2Fwp%2Fv2%2Fmedia&parent=4362"}],"wp:term":[{"taxonomy":"category","embeddable":true,"href":"https:\/\/www.mediapartizan.at\/index.php?rest_route=%2Fwp%2Fv2%2Fcategories&post=4362"},{"taxonomy":"post_tag","embeddable":true,"href":"https:\/\/www.mediapartizan.at\/index.php?rest_route=%2Fwp%2Fv2%2Ftags&post=4362"}],"curies":[{"name":"wp","href":"https:\/\/api.w.org\/{rel}","templated":true}]}}