{"id":4466,"date":"2022-11-03T11:01:33","date_gmt":"2022-11-03T10:01:33","guid":{"rendered":"https:\/\/www.mediapartizan.at\/?p=4466"},"modified":"2022-11-03T17:09:03","modified_gmt":"2022-11-03T16:09:03","slug":"vom-flughafen-klagenfurt-seiner-selbstkannibalisierung-und-dem-schick-eines-containerdorfs","status":"publish","type":"post","link":"https:\/\/www.mediapartizan.at\/?p=4466","title":{"rendered":"Vom Flughafen Klagenfurt, seiner Selbstkannibalisierung und dem Schick eines Containerdorfs"},"content":{"rendered":"<p><\/p>\n<p>Seit vorgestern ist es soweit: Die erste Ryanair-Maschine landete Dienstag-Nachmittag am Klagenfurter Flughafen. Es war der Auftakt zur mutma\u00dflich letzten Chance von Flughafen-Mehrheitseigent\u00fcmer und Lilihill-Chef Franz Peter Orasch, noch auf das Miniaturma\u00df von 100.000 Passagieren im heurigen Jahr zu kommen. Mit Ende September liegt Orasch bei 56.990 abgefertigten Flugg\u00e4sten. Ryanair soll f\u00fcr den Immobilien-Magnaten nun wohl noch im letzten Abdruck die Kohlen aus dem Feuer holen. <\/p>\n<p><\/p>\n<p><\/p>\n<p><strong>&#8222;Teuer erkauftes Ablenkungsman\u00f6ver&#8220;<\/strong><\/p>\n<p><\/p>\n<p><\/p>\n<p>Beteiligungsreferent Martin Gruber (\u00d6VP) lie\u00df gestern per Aussendung wissen, dass &#8222;die Ryanair-Fl\u00fcge ein teuer erkauftes Ablenkungsman\u00f6ver sind, mit dem Franz Orasch&nbsp;\u00fcber seine vielen nicht erf\u00fcllten Versprechen hinwegt\u00e4uschen will&#8220;. Auch Team-K\u00e4rnten-Chef Gerhard K\u00f6fer feuerte eine kleine Salve aus der Bordkanone: Er kritisierte, dass es die von Lilihill zugesagte Hub-Verbindung noch immer nicht gebe. <\/p>\n<p><\/p>\n<p><\/p>\n<p><strong>R\u00fcckgang der Passagierzahlen aufgrund &#8222;Re-positionierung (sic!) des Flughafens als Ryanair-Basis&#8220;<\/strong><\/p>\n<p><\/p>\n<p><\/p>\n<p>Neun Jahre ist es her, dass Ryanair regelm\u00e4\u00dfig vom Klagenfurter Flughafen abhob &#8211; damals noch \u00fcppig alimentiert mit Marketinggeldern aus dem Steuertopf, damit die Iren ihre Maschinen \u00fcberhaupt in Klagenfurt aufsetzen lie\u00dfen. Heuer aber, das sagte zumindest Flughafen-Gesch\u00e4ftsf\u00fchrer Nils Witt im Mai bei der Pr\u00e4sentation des jetzigen Flugprogramms, sei alles anders: F\u00fcr Ryanair w\u00fcrden dieselben Start- und Landetarife gelten wie f\u00fcr alle anderen Airlines &#8211; keine Extraw\u00fcrste, keine Subventionitis mehr. Vertr\u00e4ge dazu hat er allerdings nicht vorgelegt. Wie Mediapartizan-Recherchen in den Flughafen-Archiven nun aber ergaben, war man w\u00e4hrend der Zeit des ersten Engagements der Ryanair in Klagenfurt alles andere als happy mit dem Billigflieger.<\/p>\n<p><\/p>\n<p><\/p>\n<figure class=\"wp-block-image aligncenter size-large is-resized\"><img data-recalc-dims=\"1\" loading=\"lazy\" decoding=\"async\" src=\"https:\/\/i0.wp.com\/www.mediapartizan.at\/wp-content\/uploads\/2022\/11\/Bildschirmfoto-2022-07-16-um-23.13.57.png?resize=727%2C125&#038;ssl=1\" alt=\"\" class=\"wp-image-4469\" width=\"727\" height=\"125\" srcset=\"https:\/\/i0.wp.com\/www.mediapartizan.at\/wp-content\/uploads\/2022\/11\/Bildschirmfoto-2022-07-16-um-23.13.57.png?resize=1024%2C176&amp;ssl=1 1024w, https:\/\/i0.wp.com\/www.mediapartizan.at\/wp-content\/uploads\/2022\/11\/Bildschirmfoto-2022-07-16-um-23.13.57.png?resize=300%2C52&amp;ssl=1 300w, https:\/\/i0.wp.com\/www.mediapartizan.at\/wp-content\/uploads\/2022\/11\/Bildschirmfoto-2022-07-16-um-23.13.57.png?resize=768%2C132&amp;ssl=1 768w, https:\/\/i0.wp.com\/www.mediapartizan.at\/wp-content\/uploads\/2022\/11\/Bildschirmfoto-2022-07-16-um-23.13.57.png?w=1532&amp;ssl=1 1532w\" sizes=\"auto, (max-width: 727px) 100vw, 727px\" \/><figcaption>Aus dem Businessplan der KFBG 2014<\/figcaption><\/figure>\n<p><\/p>\n<p><\/p>\n<p><strong>Wegen Ryanair:<\/strong> <strong>&#8222;Zahlende&#8220; Fluglinien schwer zu halten<\/strong><\/p>\n<p><\/p>\n<p><\/p>\n<p>Da wollte man den Carrier n\u00e4mlich eher weg- als wieder zur\u00fcckkommen sehen, wie aus einem vertraulichen Businessplan der K\u00e4rntner Flughafen Betriebsgesellschaft (KFBG) aus dem Jahr 2014 und einem Aufsichtsratsprotokoll von 2013 hervorgeht. Im Businessplan wurde das damalige Engagement der Iren quasi als wirtschaftliche Selbstkannibaliserung dargestellt: &#8222;Wenn ein Flughafen Ryanair verst\u00e4rkt zul\u00e4sst, ist es schwierig gleichzeitig Fluglinien zu halten, die bereit sind, einen angemessenen Preis f\u00fcr die Nutzung der Flughafeninfrastruktur zu bezahlen.&#8220; Mehr noch: Die Verfasser des Werkes, das immerhin mit der Unterschrift des (auch noch heutigen) Aufsichtsratsvorsitzenden Peter Malanik endgezeichnet ist, gehen davon aus, dass &#8222;der Grund f\u00fcr den R\u00fcckgang der Passagierzahlen einerseits in der zu schwachen Auslastung der Fl\u00fcge und <em>andererseits in der Re-positionierung des Flughafens als Ryanair-Basis zu finden<\/em>&#8220; sei. Starker Tobak.<\/p>\n<p><\/p>\n<p><\/p>\n<p>Schon ein gutes Jahr davor, in einer KFBG-Aufsichtsratssitzung noch unter Hans Sch\u00f6negger, lieb\u00e4ugelte das Kontrollgremium mit einer &#8222;Beendigung der Kooperation mit Ryanair&#8220;. <\/p>\n<p><\/p>\n<p><\/p>\n<p><strong>Das neue &#8222;Terminal&#8220;: Ein Containerdorf<\/strong><\/p>\n<p><\/p>\n<p><\/p>\n<p>Die nun aber wieder Klagenfurt anfliegt. Und das mit durchaus pittoreskem Antlitz f\u00fcr die ankommenden Passagiere. Dass n\u00e4mlich in den letzten viereinhalb Jahren nicht &#8211; wie von Orasch versprochen &#8211; in neue Abfertigungsanlagen investiert wurde, r\u00e4cht sich nun: Das neue &#8222;Terminal&#8220; hat gelinde gesagt den Schick eines Containerdorfes. <\/p>\n<p><\/p>\n<p><\/p>\n<figure class=\"wp-block-image aligncenter size-large is-resized\"><img data-recalc-dims=\"1\" loading=\"lazy\" decoding=\"async\" src=\"https:\/\/i0.wp.com\/www.mediapartizan.at\/wp-content\/uploads\/2022\/11\/BILD.jpg?resize=682%2C512&#038;ssl=1\" alt=\"\" class=\"wp-image-4470\" width=\"682\" height=\"512\" srcset=\"https:\/\/i0.wp.com\/www.mediapartizan.at\/wp-content\/uploads\/2022\/11\/BILD.jpg?resize=1024%2C768&amp;ssl=1 1024w, https:\/\/i0.wp.com\/www.mediapartizan.at\/wp-content\/uploads\/2022\/11\/BILD.jpg?resize=300%2C225&amp;ssl=1 300w, https:\/\/i0.wp.com\/www.mediapartizan.at\/wp-content\/uploads\/2022\/11\/BILD.jpg?resize=768%2C576&amp;ssl=1 768w, https:\/\/i0.wp.com\/www.mediapartizan.at\/wp-content\/uploads\/2022\/11\/BILD.jpg?resize=1536%2C1152&amp;ssl=1 1536w, https:\/\/i0.wp.com\/www.mediapartizan.at\/wp-content\/uploads\/2022\/11\/BILD.jpg?resize=678%2C509&amp;ssl=1 678w, https:\/\/i0.wp.com\/www.mediapartizan.at\/wp-content\/uploads\/2022\/11\/BILD.jpg?resize=326%2C245&amp;ssl=1 326w, https:\/\/i0.wp.com\/www.mediapartizan.at\/wp-content\/uploads\/2022\/11\/BILD.jpg?resize=80%2C60&amp;ssl=1 80w, https:\/\/i0.wp.com\/www.mediapartizan.at\/wp-content\/uploads\/2022\/11\/BILD.jpg?w=1600&amp;ssl=1 1600w\" sizes=\"auto, (max-width: 682px) 100vw, 682px\" \/><figcaption>Das neue &#8222;Terminal&#8220; f\u00fcr die Passagierabfertigung der Ryanairfl\u00fcge (w\u00e4hrend der Errichtung)<\/figcaption><\/figure>\n<p><\/p>\n<p><\/p>\n<p>Dabei sprach Orasch in seinem Strategieplan aus dem Jahr 2017 von 1,2 Millionen Euro an Investitionen f\u00fcr einen neuen Abfertigungsbereich. Dieser Plan, mit dem Orasch mit gro\u00dfen Worten und hochfliegenden Ideen die Landespolitik auf seine Seite zog, wurde aber bis heute nicht umgesetzt.<\/p>\n<p><\/p>\n<p><\/p>\n<figure class=\"wp-block-image aligncenter size-large is-resized\"><img data-recalc-dims=\"1\" loading=\"lazy\" decoding=\"async\" src=\"https:\/\/i0.wp.com\/www.mediapartizan.at\/wp-content\/uploads\/2022\/11\/Bildschirmfoto-2022-11-03-um-09.54.05.png?resize=610%2C357&#038;ssl=1\" alt=\"\" class=\"wp-image-4471\" width=\"610\" height=\"357\" srcset=\"https:\/\/i0.wp.com\/www.mediapartizan.at\/wp-content\/uploads\/2022\/11\/Bildschirmfoto-2022-11-03-um-09.54.05.png?resize=1024%2C600&amp;ssl=1 1024w, https:\/\/i0.wp.com\/www.mediapartizan.at\/wp-content\/uploads\/2022\/11\/Bildschirmfoto-2022-11-03-um-09.54.05.png?resize=300%2C176&amp;ssl=1 300w, https:\/\/i0.wp.com\/www.mediapartizan.at\/wp-content\/uploads\/2022\/11\/Bildschirmfoto-2022-11-03-um-09.54.05.png?resize=768%2C450&amp;ssl=1 768w, https:\/\/i0.wp.com\/www.mediapartizan.at\/wp-content\/uploads\/2022\/11\/Bildschirmfoto-2022-11-03-um-09.54.05.png?resize=1536%2C899&amp;ssl=1 1536w, https:\/\/i0.wp.com\/www.mediapartizan.at\/wp-content\/uploads\/2022\/11\/Bildschirmfoto-2022-11-03-um-09.54.05.png?w=1578&amp;ssl=1 1578w\" sizes=\"auto, (max-width: 610px) 100vw, 610px\" \/><figcaption>Bis heute ein Hirngespinst: Der neue Abfertigungsbereich (Quelle: Strategieplan von Lilihill)<\/figcaption><\/figure>\n<p><\/p>\n<p><\/p>\n<p>Einen Vorteil hat das Container-&#8222;Terminal&#8220; jedoch: Es ist schnell wieder abgebaut, sollte es mit Ryanair zum zweiten Mal nichts werden. Womit Orasch dann jedoch bewiesen h\u00e4tte, was ihm seit geraumer Zeit nachgesagt wird: Ein Immobilienentwickler zu sein. Der vom Fluggesch\u00e4ft keine Ahnung hat.<\/p>\n<p><\/p>\n<p><\/p>\n<p>***<\/p>\n<p><\/p>\n<p><\/p>\n<p>Foto(s): KK, Ryanair<\/p>\n<p><\/p>\n<p><\/p>\n<p><\/p>\n","protected":false},"excerpt":{"rendered":"<div class=\"mh-excerpt\"><p>Kuckucksei Ryanair? Eine Recherche in den Flughafen-Archiven f\u00f6rdert Erstaunliches zutage: 2014 stellte der Airport die irische Ryanair in einem vertraulichen Papier als Verdr\u00e4nger von bestehenden und gut zahlenden Fluglinien dar. Pikant: Das Papier wurde vom damaligen &#8211; und heutigen &#8211; Aufsichtsratschef Peter Malanik unterschrieben. <a class=\"mh-excerpt-more\" href=\"https:\/\/www.mediapartizan.at\/?p=4466\" title=\"Vom Flughafen Klagenfurt, seiner Selbstkannibalisierung und dem Schick eines Containerdorfs\">[&#8230;]<\/a><\/p>\n<\/div>","protected":false},"author":2,"featured_media":4467,"comment_status":"open","ping_status":"open","sticky":false,"template":"","format":"standard","meta":{"inline_featured_image":false,"_jetpack_memberships_contains_paid_content":false,"footnotes":""},"categories":[166],"tags":[191,167,169,183,305,168,171],"class_list":{"0":"post-4466","1":"post","2":"type-post","3":"status-publish","4":"format-standard","5":"has-post-thumbnail","7":"category-flughafen-klagenfurt","8":"tag-airport","9":"tag-flughafen-klagenfurt","10":"tag-franz-peter-orasch","11":"tag-kbv","12":"tag-kfbg","13":"tag-lilihill","14":"tag-martin-gruber"},"yoast_head":"<!-- This site is optimized with the Yoast SEO plugin v20.10 - https:\/\/yoast.com\/wordpress\/plugins\/seo\/ -->\n<title>Vom Flughafen Klagenfurt, seiner Selbstkannibalisierung und dem Schick eines Containerdorfs - Mediapartizan.at<\/title>\n<meta name=\"robots\" content=\"index, follow, max-snippet:-1, max-image-preview:large, max-video-preview:-1\" \/>\n<link rel=\"canonical\" href=\"https:\/\/www.mediapartizan.at\/?p=4466\" \/>\n<meta property=\"og:locale\" content=\"de_DE\" \/>\n<meta property=\"og:type\" content=\"article\" \/>\n<meta property=\"og:title\" content=\"Vom Flughafen Klagenfurt, seiner Selbstkannibalisierung und dem Schick eines Containerdorfs - Mediapartizan.at\" \/>\n<meta property=\"og:description\" content=\"Kuckucksei Ryanair? Eine Recherche in den Flughafen-Archiven f\u00f6rdert Erstaunliches zutage: 2014 stellte der Airport die irische Ryanair in einem vertraulichen Papier als Verdr\u00e4nger von bestehenden und gut zahlenden Fluglinien dar. Pikant: Das Papier wurde vom damaligen - und heutigen - Aufsichtsratschef Peter Malanik unterschrieben. [...]\" \/>\n<meta property=\"og:url\" content=\"https:\/\/www.mediapartizan.at\/?p=4466\" \/>\n<meta property=\"og:site_name\" content=\"Mediapartizan.at\" \/>\n<meta property=\"article:published_time\" content=\"2022-11-03T10:01:33+00:00\" \/>\n<meta property=\"article:modified_time\" content=\"2022-11-03T16:09:03+00:00\" \/>\n<meta property=\"og:image\" content=\"https:\/\/www.mediapartizan.at\/wp-content\/uploads\/2022\/11\/Bildschirmfoto-2022-10-27-um-11.17.17.png\" \/>\n\t<meta property=\"og:image:width\" content=\"1832\" \/>\n\t<meta property=\"og:image:height\" content=\"936\" \/>\n\t<meta property=\"og:image:type\" content=\"image\/png\" \/>\n<meta name=\"author\" content=\"Franz Miklautz\" \/>\n<meta name=\"twitter:card\" content=\"summary_large_image\" \/>\n<meta name=\"twitter:label1\" content=\"Verfasst von\" \/>\n\t<meta name=\"twitter:data1\" content=\"Franz Miklautz\" \/>\n\t<meta name=\"twitter:label2\" content=\"Gesch\u00e4tzte Lesezeit\" \/>\n\t<meta name=\"twitter:data2\" content=\"4\u00a0Minuten\" \/>\n<script type=\"application\/ld+json\" class=\"yoast-schema-graph\">{\"@context\":\"https:\/\/schema.org\",\"@graph\":[{\"@type\":\"WebPage\",\"@id\":\"https:\/\/www.mediapartizan.at\/?p=4466\",\"url\":\"https:\/\/www.mediapartizan.at\/?p=4466\",\"name\":\"Vom Flughafen Klagenfurt, seiner Selbstkannibalisierung und dem Schick eines Containerdorfs - Mediapartizan.at\",\"isPartOf\":{\"@id\":\"https:\/\/www.mediapartizan.at\/#website\"},\"datePublished\":\"2022-11-03T10:01:33+00:00\",\"dateModified\":\"2022-11-03T16:09:03+00:00\",\"author\":{\"@id\":\"https:\/\/www.mediapartizan.at\/#\/schema\/person\/f6bd7eb8222f2fe985c78d08f17ed7a9\"},\"breadcrumb\":{\"@id\":\"https:\/\/www.mediapartizan.at\/?p=4466#breadcrumb\"},\"inLanguage\":\"de\",\"potentialAction\":[{\"@type\":\"ReadAction\",\"target\":[\"https:\/\/www.mediapartizan.at\/?p=4466\"]}]},{\"@type\":\"BreadcrumbList\",\"@id\":\"https:\/\/www.mediapartizan.at\/?p=4466#breadcrumb\",\"itemListElement\":[{\"@type\":\"ListItem\",\"position\":1,\"name\":\"Startseite\",\"item\":\"https:\/\/www.mediapartizan.at\/\"},{\"@type\":\"ListItem\",\"position\":2,\"name\":\"Vom Flughafen Klagenfurt, seiner Selbstkannibalisierung und dem Schick eines Containerdorfs\"}]},{\"@type\":\"WebSite\",\"@id\":\"https:\/\/www.mediapartizan.at\/#website\",\"url\":\"https:\/\/www.mediapartizan.at\/\",\"name\":\"Mediapartizan.at\",\"description\":\"\",\"potentialAction\":[{\"@type\":\"SearchAction\",\"target\":{\"@type\":\"EntryPoint\",\"urlTemplate\":\"https:\/\/www.mediapartizan.at\/?s={search_term_string}\"},\"query-input\":\"required name=search_term_string\"}],\"inLanguage\":\"de\"},{\"@type\":\"Person\",\"@id\":\"https:\/\/www.mediapartizan.at\/#\/schema\/person\/f6bd7eb8222f2fe985c78d08f17ed7a9\",\"name\":\"Franz Miklautz\",\"image\":{\"@type\":\"ImageObject\",\"inLanguage\":\"de\",\"@id\":\"https:\/\/www.mediapartizan.at\/#\/schema\/person\/image\/\",\"url\":\"https:\/\/secure.gravatar.com\/avatar\/5618667e9a7ab3fa3e1a0c75987c8d0c111ad041167e738d67ac0846e54e195e?s=96&d=mm&r=g\",\"contentUrl\":\"https:\/\/secure.gravatar.com\/avatar\/5618667e9a7ab3fa3e1a0c75987c8d0c111ad041167e738d67ac0846e54e195e?s=96&d=mm&r=g\",\"caption\":\"Franz Miklautz\"},\"url\":\"https:\/\/www.mediapartizan.at\/?author=2\"}]}<\/script>\n<!-- \/ Yoast SEO plugin. -->","yoast_head_json":{"title":"Vom Flughafen Klagenfurt, seiner Selbstkannibalisierung und dem Schick eines Containerdorfs - Mediapartizan.at","robots":{"index":"index","follow":"follow","max-snippet":"max-snippet:-1","max-image-preview":"max-image-preview:large","max-video-preview":"max-video-preview:-1"},"canonical":"https:\/\/www.mediapartizan.at\/?p=4466","og_locale":"de_DE","og_type":"article","og_title":"Vom Flughafen Klagenfurt, seiner Selbstkannibalisierung und dem Schick eines Containerdorfs - Mediapartizan.at","og_description":"Kuckucksei Ryanair? Eine Recherche in den Flughafen-Archiven f\u00f6rdert Erstaunliches zutage: 2014 stellte der Airport die irische Ryanair in einem vertraulichen Papier als Verdr\u00e4nger von bestehenden und gut zahlenden Fluglinien dar. Pikant: Das Papier wurde vom damaligen - und heutigen - Aufsichtsratschef Peter Malanik unterschrieben. [...]","og_url":"https:\/\/www.mediapartizan.at\/?p=4466","og_site_name":"Mediapartizan.at","article_published_time":"2022-11-03T10:01:33+00:00","article_modified_time":"2022-11-03T16:09:03+00:00","og_image":[{"width":1832,"height":936,"url":"https:\/\/www.mediapartizan.at\/wp-content\/uploads\/2022\/11\/Bildschirmfoto-2022-10-27-um-11.17.17.png","type":"image\/png"}],"author":"Franz Miklautz","twitter_card":"summary_large_image","twitter_misc":{"Verfasst von":"Franz Miklautz","Gesch\u00e4tzte Lesezeit":"4\u00a0Minuten"},"schema":{"@context":"https:\/\/schema.org","@graph":[{"@type":"WebPage","@id":"https:\/\/www.mediapartizan.at\/?p=4466","url":"https:\/\/www.mediapartizan.at\/?p=4466","name":"Vom Flughafen Klagenfurt, seiner Selbstkannibalisierung und dem Schick eines Containerdorfs - Mediapartizan.at","isPartOf":{"@id":"https:\/\/www.mediapartizan.at\/#website"},"datePublished":"2022-11-03T10:01:33+00:00","dateModified":"2022-11-03T16:09:03+00:00","author":{"@id":"https:\/\/www.mediapartizan.at\/#\/schema\/person\/f6bd7eb8222f2fe985c78d08f17ed7a9"},"breadcrumb":{"@id":"https:\/\/www.mediapartizan.at\/?p=4466#breadcrumb"},"inLanguage":"de","potentialAction":[{"@type":"ReadAction","target":["https:\/\/www.mediapartizan.at\/?p=4466"]}]},{"@type":"BreadcrumbList","@id":"https:\/\/www.mediapartizan.at\/?p=4466#breadcrumb","itemListElement":[{"@type":"ListItem","position":1,"name":"Startseite","item":"https:\/\/www.mediapartizan.at\/"},{"@type":"ListItem","position":2,"name":"Vom Flughafen Klagenfurt, seiner Selbstkannibalisierung und dem Schick eines Containerdorfs"}]},{"@type":"WebSite","@id":"https:\/\/www.mediapartizan.at\/#website","url":"https:\/\/www.mediapartizan.at\/","name":"Mediapartizan.at","description":"","potentialAction":[{"@type":"SearchAction","target":{"@type":"EntryPoint","urlTemplate":"https:\/\/www.mediapartizan.at\/?s={search_term_string}"},"query-input":"required name=search_term_string"}],"inLanguage":"de"},{"@type":"Person","@id":"https:\/\/www.mediapartizan.at\/#\/schema\/person\/f6bd7eb8222f2fe985c78d08f17ed7a9","name":"Franz Miklautz","image":{"@type":"ImageObject","inLanguage":"de","@id":"https:\/\/www.mediapartizan.at\/#\/schema\/person\/image\/","url":"https:\/\/secure.gravatar.com\/avatar\/5618667e9a7ab3fa3e1a0c75987c8d0c111ad041167e738d67ac0846e54e195e?s=96&d=mm&r=g","contentUrl":"https:\/\/secure.gravatar.com\/avatar\/5618667e9a7ab3fa3e1a0c75987c8d0c111ad041167e738d67ac0846e54e195e?s=96&d=mm&r=g","caption":"Franz Miklautz"},"url":"https:\/\/www.mediapartizan.at\/?author=2"}]}},"jetpack_featured_media_url":"https:\/\/i0.wp.com\/www.mediapartizan.at\/wp-content\/uploads\/2022\/11\/Bildschirmfoto-2022-10-27-um-11.17.17.png?fit=1832%2C936&ssl=1","jetpack_sharing_enabled":true,"_links":{"self":[{"href":"https:\/\/www.mediapartizan.at\/index.php?rest_route=\/wp\/v2\/posts\/4466","targetHints":{"allow":["GET"]}}],"collection":[{"href":"https:\/\/www.mediapartizan.at\/index.php?rest_route=\/wp\/v2\/posts"}],"about":[{"href":"https:\/\/www.mediapartizan.at\/index.php?rest_route=\/wp\/v2\/types\/post"}],"author":[{"embeddable":true,"href":"https:\/\/www.mediapartizan.at\/index.php?rest_route=\/wp\/v2\/users\/2"}],"replies":[{"embeddable":true,"href":"https:\/\/www.mediapartizan.at\/index.php?rest_route=%2Fwp%2Fv2%2Fcomments&post=4466"}],"version-history":[{"count":6,"href":"https:\/\/www.mediapartizan.at\/index.php?rest_route=\/wp\/v2\/posts\/4466\/revisions"}],"predecessor-version":[{"id":4478,"href":"https:\/\/www.mediapartizan.at\/index.php?rest_route=\/wp\/v2\/posts\/4466\/revisions\/4478"}],"wp:featuredmedia":[{"embeddable":true,"href":"https:\/\/www.mediapartizan.at\/index.php?rest_route=\/wp\/v2\/media\/4467"}],"wp:attachment":[{"href":"https:\/\/www.mediapartizan.at\/index.php?rest_route=%2Fwp%2Fv2%2Fmedia&parent=4466"}],"wp:term":[{"taxonomy":"category","embeddable":true,"href":"https:\/\/www.mediapartizan.at\/index.php?rest_route=%2Fwp%2Fv2%2Fcategories&post=4466"},{"taxonomy":"post_tag","embeddable":true,"href":"https:\/\/www.mediapartizan.at\/index.php?rest_route=%2Fwp%2Fv2%2Ftags&post=4466"}],"curies":[{"name":"wp","href":"https:\/\/api.w.org\/{rel}","templated":true}]}}