{"id":4768,"date":"2022-12-19T17:03:33","date_gmt":"2022-12-19T16:03:33","guid":{"rendered":"https:\/\/www.mediapartizan.at\/?p=4768"},"modified":"2022-12-22T20:13:48","modified_gmt":"2022-12-22T19:13:48","slug":"pensionsanstalt-stadt-klagenfurt-wirbel-um-dienst-verlaengerung-von-pensionisten-im-klagenfurter-rathaus-und-martin-strutz-faellt-die-karriereleiter-hinauf","status":"publish","type":"post","link":"https:\/\/www.mediapartizan.at\/?p=4768","title":{"rendered":"&#8222;Pensionsanstalt&#8220; Stadt Klagenfurt: Wirbel um Dienst-Verl\u00e4ngerung von Pensionisten im Klagenfurter Rathaus. Und: &#8222;Weihnachtsgeschenk&#8220; f\u00fcr Martin Strutz"},"content":{"rendered":"<p><\/p>\n<p>Offenbar zieht im Klagenfurter Rathaus ein neuer Trend ein: Die Weiterbesch\u00e4ftigung von pensionsreifen Mitarbeitern. Auf der Tagesordnung des aktuellen Stadtsenats sollten gleich drei solcher Mitarbeiter zur Verl\u00e4ngerung anstehen. Einerseits sollte ein Dienststellenleiter, dessen Arbeitsverh\u00e4ltnis mit 31. Dezember endet, bis Mitte n\u00e4chsten Jahres verl\u00e4ngert werden. Eine weitere Mitarbeiterin (Passamt) sollte in den selben Genuss kommen (bis 31. M\u00e4rz 2023). Und last but not least sollte ein rentenreifer Besch\u00e4ftigter aus der Bau- und Gewerbeabteilung bis 30.6.2023 verl\u00e4ngert werden. <\/p>\n<p><\/p>\n<p><\/p>\n<figure class=\"wp-block-image aligncenter size-large is-resized\"><img data-recalc-dims=\"1\" loading=\"lazy\" decoding=\"async\" src=\"https:\/\/i0.wp.com\/www.mediapartizan.at\/wp-content\/uploads\/2022\/12\/Bildschirmfoto-2022-12-19-um-16.06.08.png?resize=634%2C725&#038;ssl=1\" alt=\"\" class=\"wp-image-4769\" width=\"634\" height=\"725\" srcset=\"https:\/\/i0.wp.com\/www.mediapartizan.at\/wp-content\/uploads\/2022\/12\/Bildschirmfoto-2022-12-19-um-16.06.08.png?resize=895%2C1024&amp;ssl=1 895w, https:\/\/i0.wp.com\/www.mediapartizan.at\/wp-content\/uploads\/2022\/12\/Bildschirmfoto-2022-12-19-um-16.06.08.png?resize=262%2C300&amp;ssl=1 262w, https:\/\/i0.wp.com\/www.mediapartizan.at\/wp-content\/uploads\/2022\/12\/Bildschirmfoto-2022-12-19-um-16.06.08.png?resize=768%2C878&amp;ssl=1 768w, https:\/\/i0.wp.com\/www.mediapartizan.at\/wp-content\/uploads\/2022\/12\/Bildschirmfoto-2022-12-19-um-16.06.08.png?w=1268&amp;ssl=1 1268w\" sizes=\"auto, (max-width: 634px) 100vw, 634px\" \/><figcaption>\u00dcber die Pension hinaus verl\u00e4ngert<\/figcaption><\/figure>\n<p><\/p>\n<p><\/p>\n<p><strong>Stadtbudget wird strapaziert<\/strong><\/p>\n<p><\/p>\n<p><\/p>\n<p>Den Vorschlag einbringen wollte B\u00fcrgermeister Christian Scheider (Team K\u00e4rnten). Er ist Personalreferent. Auf dem entsprechenden Papier steht als Begr\u00fcndung &#8222;auf ausdr\u00fccklichen Wunsch&#8220; der direkten Vorgesetzten besagter Mitarbeiter. Im Rathaus rumort es deshalb. Nicht nur weil die verl\u00e4ngerten Mitarbeiter jungen Neuaufnahmen den Weg verbauen, sondern auch weil \u00e4ltere Mitarbeiter deutlich mehr kosten als j\u00fcngere &#8211; und das in diesem Fall gar nicht n\u00f6tig w\u00e4re, da besagte Mitarbeiter ohnehin ihr Auslangen mit der Pension gefunden h\u00e4tten. Weiters ist der normale Abgang von pensionsf\u00e4higen Mitarbeitern eine Entlastung f\u00fcr das Stadtbudget, da die Stellen nicht unbedingt nachbesetzt werden m\u00fcssten.<\/p>\n<p><\/p>\n<p><\/p>\n<p><strong>Keine Mehrheit  &#8211; Pr\u00e4zendenfall f\u00fcr Verl\u00e4ngerung von Magistratsdirektor Jost?<\/strong><\/p>\n<p><\/p>\n<p><\/p>\n<p>Scheider hat den Punkt aber mangels Mehrheit im Stadtsenat wieder von der Tagesordnung genommen. Zu stark sei das Gegengewicht von Vizeb\u00fcrgermeister Philipp Liesnig (SP\u00d6), aber auch von FP\u00d6-Klubobmann Andreas Skorianz gewesen. \u00dcber den Flurfunk im Rathaus geht jedoch bereits, dass die drei Verl\u00e4ngerungen als Pr\u00e4zedenzfall geschaffen werden sollten, um Magistratsdirektor Peter Jost ebenso \u00fcber dessen Pensionsantrittsalter verl\u00e4ngern zu k\u00f6nnen. Dem Vernehmen nach will sich Jost bitten lassen zu bleiben. Aber nicht alle wollen ihn. Das Team K\u00e4rnten soll daf\u00fcr sein, die SP\u00d6 und die FP\u00d6 dagegen. Auf dem Posten des Magistratsdirektors hat es die Stadtpolitik jahrelang, auch nun unter Scheider, verabs\u00e4umt, einen Nachfolger Josts aufzubauen. Auf Jost, er wird n\u00e4chstes Jahr 65, hat sich im Magistrat das Wissen um Prozesse und Abl\u00e4ufe konzentriert. Er hat sich damit in eine Art Rang der Unabk\u00f6mmlichkeit gebracht. Man lie\u00df ihn aber auch gew\u00e4hren, anstatt einen jungen Stellvertreter aufzubauen.<\/p>\n<p><\/p>\n<p><\/p>\n<p>Die Personalvertretung h\u00e4tte mit der Verl\u00e4ngerung auch keine Freude gehabt: &#8222;In einem solchen Fall m\u00fcsste man die Vertragsbediensteten-Ordnung \u00e4ndern, damit das f\u00fcr alle Mitarbeiter gilt&#8220;, sagt Christian Schneeweiss. &#8222;Der Zentralausschuss hat sich klar dagegen ausgesprochen.&#8220;<\/p>\n<p><\/p>\n<p><\/p>\n<p>&#8222;<strong>Weihnachtsgeschenk&#8220; f\u00fcr Martin Strutz<\/strong><\/p>\n<p><\/p>\n<p><\/p>\n<p>Der ehemalige FP\u00d6-Politiker Martin Strutz f\u00e4llt die Karriereleiter hinauf: Er soll mit 1. J\u00e4nner provisorisch die Stabsstelle &#8222;Aufgaben-, Strukturreform und Innovation&#8220; leiten. Berufen wurde er von Jost.<\/p>\n<p><\/p>\n<p><\/p>\n<figure class=\"wp-block-image aligncenter size-full is-resized\"><img data-recalc-dims=\"1\" loading=\"lazy\" decoding=\"async\" src=\"https:\/\/i0.wp.com\/www.mediapartizan.at\/wp-content\/uploads\/2022\/12\/Bildschirmfoto-2022-12-19-um-16.11.29.png?resize=454%2C460&#038;ssl=1\" alt=\"\" class=\"wp-image-4770\" width=\"454\" height=\"460\" srcset=\"https:\/\/i0.wp.com\/www.mediapartizan.at\/wp-content\/uploads\/2022\/12\/Bildschirmfoto-2022-12-19-um-16.11.29.png?w=886&amp;ssl=1 886w, https:\/\/i0.wp.com\/www.mediapartizan.at\/wp-content\/uploads\/2022\/12\/Bildschirmfoto-2022-12-19-um-16.11.29.png?resize=296%2C300&amp;ssl=1 296w, https:\/\/i0.wp.com\/www.mediapartizan.at\/wp-content\/uploads\/2022\/12\/Bildschirmfoto-2022-12-19-um-16.11.29.png?resize=768%2C778&amp;ssl=1 768w\" sizes=\"auto, (max-width: 454px) 100vw, 454px\" \/><figcaption>Martin Strutz wird Stabsstellenleiter<\/figcaption><\/figure>\n<p><\/p>\n<p><\/p>\n<p><\/p>\n<p><\/p>\n<p>***<\/p>\n<p><\/p>\n<p><\/p>\n<p>Foto: Stadt Klagenfurt<\/p>\n<p><\/p>\n","protected":false},"excerpt":{"rendered":"<div class=\"mh-excerpt\"><p>Im Klagenfurter Rathaus h\u00e4tten pensionsf\u00e4hige Mitarbeiter verl\u00e4ngert werden sollen. Aber keine Mehrheit f\u00fcr B\u00fcrgermeister Christian Scheider. Die Verl\u00e4ngerungen h\u00e4tten Pr\u00e4zendenzf\u00e4lle f\u00fcr einen Verbleib von Magistratsdirektor Peter Jost \u00fcber sein Pensionsalter hinaus sein sollen, unkt man. Und: Martin Strutz wird bef\u00f6rdert. <a class=\"mh-excerpt-more\" href=\"https:\/\/www.mediapartizan.at\/?p=4768\" title=\"&#8222;Pensionsanstalt&#8220; Stadt Klagenfurt: Wirbel um Dienst-Verl\u00e4ngerung von Pensionisten im Klagenfurter Rathaus. Und: &#8222;Weihnachtsgeschenk&#8220; f\u00fcr Martin Strutz\">[&#8230;]<\/a><\/p>\n<\/div>","protected":false},"author":2,"featured_media":3860,"comment_status":"open","ping_status":"open","sticky":false,"template":"","format":"standard","meta":{"inline_featured_image":false,"_jetpack_memberships_contains_paid_content":false,"footnotes":""},"categories":[143],"tags":[86,326,289,118],"class_list":{"0":"post-4768","1":"post","2":"type-post","3":"status-publish","4":"format-standard","5":"has-post-thumbnail","7":"category-stadt-klagenfurt","8":"tag-christian-scheider","9":"tag-pensionisten","10":"tag-peter-jost","11":"tag-stadt-klagenfurt"},"yoast_head":"<!-- This site is optimized with the Yoast SEO plugin v20.10 - https:\/\/yoast.com\/wordpress\/plugins\/seo\/ -->\n<title>&quot;Pensionsanstalt&quot; Stadt Klagenfurt: Wirbel um Dienst-Verl\u00e4ngerung von Pensionisten im Klagenfurter Rathaus. Und: &quot;Weihnachtsgeschenk&quot; f\u00fcr Martin Strutz - Mediapartizan.at<\/title>\n<meta name=\"robots\" content=\"index, follow, max-snippet:-1, max-image-preview:large, max-video-preview:-1\" \/>\n<link rel=\"canonical\" href=\"https:\/\/www.mediapartizan.at\/?p=4768\" \/>\n<meta property=\"og:locale\" content=\"de_DE\" \/>\n<meta property=\"og:type\" content=\"article\" \/>\n<meta property=\"og:title\" content=\"&quot;Pensionsanstalt&quot; Stadt Klagenfurt: Wirbel um Dienst-Verl\u00e4ngerung von Pensionisten im Klagenfurter Rathaus. Und: &quot;Weihnachtsgeschenk&quot; f\u00fcr Martin Strutz - Mediapartizan.at\" \/>\n<meta property=\"og:description\" content=\"Im Klagenfurter Rathaus h\u00e4tten pensionsf\u00e4hige Mitarbeiter verl\u00e4ngert werden sollen. Aber keine Mehrheit f\u00fcr B\u00fcrgermeister Christian Scheider. Die Verl\u00e4ngerungen h\u00e4tten Pr\u00e4zendenzf\u00e4lle f\u00fcr einen Verbleib von Magistratsdirektor Peter Jost \u00fcber sein Pensionsalter hinaus sein sollen, unkt man. Und: Martin Strutz wird bef\u00f6rdert. [...]\" \/>\n<meta property=\"og:url\" content=\"https:\/\/www.mediapartizan.at\/?p=4768\" \/>\n<meta property=\"og:site_name\" content=\"Mediapartizan.at\" \/>\n<meta property=\"article:published_time\" content=\"2022-12-19T16:03:33+00:00\" \/>\n<meta property=\"article:modified_time\" content=\"2022-12-22T19:13:48+00:00\" \/>\n<meta property=\"og:image\" content=\"https:\/\/www.mediapartizan.at\/wp-content\/uploads\/2022\/09\/csm_Rathaus-2560x1704_71ae6ba86a.jpg\" \/>\n\t<meta property=\"og:image:width\" content=\"1200\" \/>\n\t<meta property=\"og:image:height\" content=\"799\" \/>\n\t<meta property=\"og:image:type\" content=\"image\/jpeg\" \/>\n<meta name=\"author\" content=\"Franz Miklautz\" \/>\n<meta name=\"twitter:card\" content=\"summary_large_image\" \/>\n<meta name=\"twitter:label1\" content=\"Verfasst von\" \/>\n\t<meta name=\"twitter:data1\" content=\"Franz Miklautz\" \/>\n\t<meta name=\"twitter:label2\" content=\"Gesch\u00e4tzte Lesezeit\" \/>\n\t<meta name=\"twitter:data2\" content=\"3\u00a0Minuten\" \/>\n<script type=\"application\/ld+json\" class=\"yoast-schema-graph\">{\"@context\":\"https:\/\/schema.org\",\"@graph\":[{\"@type\":\"WebPage\",\"@id\":\"https:\/\/www.mediapartizan.at\/?p=4768\",\"url\":\"https:\/\/www.mediapartizan.at\/?p=4768\",\"name\":\"\\\"Pensionsanstalt\\\" Stadt Klagenfurt: Wirbel um Dienst-Verl\u00e4ngerung von Pensionisten im Klagenfurter Rathaus. Und: \\\"Weihnachtsgeschenk\\\" f\u00fcr Martin Strutz - Mediapartizan.at\",\"isPartOf\":{\"@id\":\"https:\/\/www.mediapartizan.at\/#website\"},\"datePublished\":\"2022-12-19T16:03:33+00:00\",\"dateModified\":\"2022-12-22T19:13:48+00:00\",\"author\":{\"@id\":\"https:\/\/www.mediapartizan.at\/#\/schema\/person\/f6bd7eb8222f2fe985c78d08f17ed7a9\"},\"breadcrumb\":{\"@id\":\"https:\/\/www.mediapartizan.at\/?p=4768#breadcrumb\"},\"inLanguage\":\"de\",\"potentialAction\":[{\"@type\":\"ReadAction\",\"target\":[\"https:\/\/www.mediapartizan.at\/?p=4768\"]}]},{\"@type\":\"BreadcrumbList\",\"@id\":\"https:\/\/www.mediapartizan.at\/?p=4768#breadcrumb\",\"itemListElement\":[{\"@type\":\"ListItem\",\"position\":1,\"name\":\"Startseite\",\"item\":\"https:\/\/www.mediapartizan.at\/\"},{\"@type\":\"ListItem\",\"position\":2,\"name\":\"&#8222;Pensionsanstalt&#8220; Stadt Klagenfurt: Wirbel um Dienst-Verl\u00e4ngerung von Pensionisten im Klagenfurter Rathaus. Und: &#8222;Weihnachtsgeschenk&#8220; f\u00fcr Martin Strutz\"}]},{\"@type\":\"WebSite\",\"@id\":\"https:\/\/www.mediapartizan.at\/#website\",\"url\":\"https:\/\/www.mediapartizan.at\/\",\"name\":\"Mediapartizan.at\",\"description\":\"\",\"potentialAction\":[{\"@type\":\"SearchAction\",\"target\":{\"@type\":\"EntryPoint\",\"urlTemplate\":\"https:\/\/www.mediapartizan.at\/?s={search_term_string}\"},\"query-input\":\"required name=search_term_string\"}],\"inLanguage\":\"de\"},{\"@type\":\"Person\",\"@id\":\"https:\/\/www.mediapartizan.at\/#\/schema\/person\/f6bd7eb8222f2fe985c78d08f17ed7a9\",\"name\":\"Franz Miklautz\",\"image\":{\"@type\":\"ImageObject\",\"inLanguage\":\"de\",\"@id\":\"https:\/\/www.mediapartizan.at\/#\/schema\/person\/image\/\",\"url\":\"https:\/\/secure.gravatar.com\/avatar\/5618667e9a7ab3fa3e1a0c75987c8d0c111ad041167e738d67ac0846e54e195e?s=96&d=mm&r=g\",\"contentUrl\":\"https:\/\/secure.gravatar.com\/avatar\/5618667e9a7ab3fa3e1a0c75987c8d0c111ad041167e738d67ac0846e54e195e?s=96&d=mm&r=g\",\"caption\":\"Franz Miklautz\"},\"url\":\"https:\/\/www.mediapartizan.at\/?author=2\"}]}<\/script>\n<!-- \/ Yoast SEO plugin. -->","yoast_head_json":{"title":"\"Pensionsanstalt\" Stadt Klagenfurt: Wirbel um Dienst-Verl\u00e4ngerung von Pensionisten im Klagenfurter Rathaus. Und: \"Weihnachtsgeschenk\" f\u00fcr Martin Strutz - Mediapartizan.at","robots":{"index":"index","follow":"follow","max-snippet":"max-snippet:-1","max-image-preview":"max-image-preview:large","max-video-preview":"max-video-preview:-1"},"canonical":"https:\/\/www.mediapartizan.at\/?p=4768","og_locale":"de_DE","og_type":"article","og_title":"\"Pensionsanstalt\" Stadt Klagenfurt: Wirbel um Dienst-Verl\u00e4ngerung von Pensionisten im Klagenfurter Rathaus. Und: \"Weihnachtsgeschenk\" f\u00fcr Martin Strutz - Mediapartizan.at","og_description":"Im Klagenfurter Rathaus h\u00e4tten pensionsf\u00e4hige Mitarbeiter verl\u00e4ngert werden sollen. Aber keine Mehrheit f\u00fcr B\u00fcrgermeister Christian Scheider. Die Verl\u00e4ngerungen h\u00e4tten Pr\u00e4zendenzf\u00e4lle f\u00fcr einen Verbleib von Magistratsdirektor Peter Jost \u00fcber sein Pensionsalter hinaus sein sollen, unkt man. Und: Martin Strutz wird bef\u00f6rdert. [...]","og_url":"https:\/\/www.mediapartizan.at\/?p=4768","og_site_name":"Mediapartizan.at","article_published_time":"2022-12-19T16:03:33+00:00","article_modified_time":"2022-12-22T19:13:48+00:00","og_image":[{"width":1200,"height":799,"url":"https:\/\/www.mediapartizan.at\/wp-content\/uploads\/2022\/09\/csm_Rathaus-2560x1704_71ae6ba86a.jpg","type":"image\/jpeg"}],"author":"Franz Miklautz","twitter_card":"summary_large_image","twitter_misc":{"Verfasst von":"Franz Miklautz","Gesch\u00e4tzte Lesezeit":"3\u00a0Minuten"},"schema":{"@context":"https:\/\/schema.org","@graph":[{"@type":"WebPage","@id":"https:\/\/www.mediapartizan.at\/?p=4768","url":"https:\/\/www.mediapartizan.at\/?p=4768","name":"\"Pensionsanstalt\" Stadt Klagenfurt: Wirbel um Dienst-Verl\u00e4ngerung von Pensionisten im Klagenfurter Rathaus. Und: \"Weihnachtsgeschenk\" f\u00fcr Martin Strutz - Mediapartizan.at","isPartOf":{"@id":"https:\/\/www.mediapartizan.at\/#website"},"datePublished":"2022-12-19T16:03:33+00:00","dateModified":"2022-12-22T19:13:48+00:00","author":{"@id":"https:\/\/www.mediapartizan.at\/#\/schema\/person\/f6bd7eb8222f2fe985c78d08f17ed7a9"},"breadcrumb":{"@id":"https:\/\/www.mediapartizan.at\/?p=4768#breadcrumb"},"inLanguage":"de","potentialAction":[{"@type":"ReadAction","target":["https:\/\/www.mediapartizan.at\/?p=4768"]}]},{"@type":"BreadcrumbList","@id":"https:\/\/www.mediapartizan.at\/?p=4768#breadcrumb","itemListElement":[{"@type":"ListItem","position":1,"name":"Startseite","item":"https:\/\/www.mediapartizan.at\/"},{"@type":"ListItem","position":2,"name":"&#8222;Pensionsanstalt&#8220; Stadt Klagenfurt: Wirbel um Dienst-Verl\u00e4ngerung von Pensionisten im Klagenfurter Rathaus. Und: &#8222;Weihnachtsgeschenk&#8220; f\u00fcr Martin Strutz"}]},{"@type":"WebSite","@id":"https:\/\/www.mediapartizan.at\/#website","url":"https:\/\/www.mediapartizan.at\/","name":"Mediapartizan.at","description":"","potentialAction":[{"@type":"SearchAction","target":{"@type":"EntryPoint","urlTemplate":"https:\/\/www.mediapartizan.at\/?s={search_term_string}"},"query-input":"required name=search_term_string"}],"inLanguage":"de"},{"@type":"Person","@id":"https:\/\/www.mediapartizan.at\/#\/schema\/person\/f6bd7eb8222f2fe985c78d08f17ed7a9","name":"Franz Miklautz","image":{"@type":"ImageObject","inLanguage":"de","@id":"https:\/\/www.mediapartizan.at\/#\/schema\/person\/image\/","url":"https:\/\/secure.gravatar.com\/avatar\/5618667e9a7ab3fa3e1a0c75987c8d0c111ad041167e738d67ac0846e54e195e?s=96&d=mm&r=g","contentUrl":"https:\/\/secure.gravatar.com\/avatar\/5618667e9a7ab3fa3e1a0c75987c8d0c111ad041167e738d67ac0846e54e195e?s=96&d=mm&r=g","caption":"Franz Miklautz"},"url":"https:\/\/www.mediapartizan.at\/?author=2"}]}},"jetpack_featured_media_url":"https:\/\/i0.wp.com\/www.mediapartizan.at\/wp-content\/uploads\/2022\/09\/csm_Rathaus-2560x1704_71ae6ba86a.jpg?fit=1200%2C799&ssl=1","jetpack_sharing_enabled":true,"_links":{"self":[{"href":"https:\/\/www.mediapartizan.at\/index.php?rest_route=\/wp\/v2\/posts\/4768","targetHints":{"allow":["GET"]}}],"collection":[{"href":"https:\/\/www.mediapartizan.at\/index.php?rest_route=\/wp\/v2\/posts"}],"about":[{"href":"https:\/\/www.mediapartizan.at\/index.php?rest_route=\/wp\/v2\/types\/post"}],"author":[{"embeddable":true,"href":"https:\/\/www.mediapartizan.at\/index.php?rest_route=\/wp\/v2\/users\/2"}],"replies":[{"embeddable":true,"href":"https:\/\/www.mediapartizan.at\/index.php?rest_route=%2Fwp%2Fv2%2Fcomments&post=4768"}],"version-history":[{"count":18,"href":"https:\/\/www.mediapartizan.at\/index.php?rest_route=\/wp\/v2\/posts\/4768\/revisions"}],"predecessor-version":[{"id":4939,"href":"https:\/\/www.mediapartizan.at\/index.php?rest_route=\/wp\/v2\/posts\/4768\/revisions\/4939"}],"wp:featuredmedia":[{"embeddable":true,"href":"https:\/\/www.mediapartizan.at\/index.php?rest_route=\/wp\/v2\/media\/3860"}],"wp:attachment":[{"href":"https:\/\/www.mediapartizan.at\/index.php?rest_route=%2Fwp%2Fv2%2Fmedia&parent=4768"}],"wp:term":[{"taxonomy":"category","embeddable":true,"href":"https:\/\/www.mediapartizan.at\/index.php?rest_route=%2Fwp%2Fv2%2Fcategories&post=4768"},{"taxonomy":"post_tag","embeddable":true,"href":"https:\/\/www.mediapartizan.at\/index.php?rest_route=%2Fwp%2Fv2%2Ftags&post=4768"}],"curies":[{"name":"wp","href":"https:\/\/api.w.org\/{rel}","templated":true}]}}