{"id":4802,"date":"2022-12-20T17:00:57","date_gmt":"2022-12-20T16:00:57","guid":{"rendered":"https:\/\/www.mediapartizan.at\/?p=4802"},"modified":"2022-12-21T10:30:35","modified_gmt":"2022-12-21T09:30:35","slug":"call-option-jetzt-werden-politische-haftungsfragen-wegen-flughafen-virulent","status":"publish","type":"post","link":"https:\/\/www.mediapartizan.at\/?p=4802","title":{"rendered":"Call Option: Jetzt werden politische Haftungsfragen wegen Flughafen virulent"},"content":{"rendered":"<p><\/p>\n<p>Offenbar in Eile wurde heute die Pressekonferenz zur Gr\u00fcndung der neuen Fluglinie &#8222;Liliair&#8220; durchgef\u00fchrt. Vor den teilnehmenden Journalisten schm\u00fcckte eine <a href=\"https:\/\/www.mediapartizan.at\/?p=4752\" target=\"_blank\" rel=\"noreferrer noopener\">Bombardier CRJ 900<\/a> die Szenerie der Pressekonferenz. Das ist eine 90-sitzige Maschine, die laut den heutigen Aussagen der Airline-Verantwortlichen von Klagenfurt nach M\u00fcnchen, Frankfurt und Hamburg fliegen soll. Die Schnelllebigkeit der Pressekonferenz sah man auch und vor allem dem schmuck aufgestellten Flieger an: War er vor der Kulisse der Journalisten PR-wirksam mit &#8222;Liliair&#8220; beklebt, hatte das gute St\u00fcck hinter der Kulisse auf der anderen Seitenfront des Flugzeugs (wo man nicht so genau hinsah) noch immer die Lufthansa-Kleber am Leib (siehe Aufmacherfoto).<\/p>\n<p><\/p>\n<p><\/p>\n<p><strong>Politiker-Haftungsfragen werden akut<\/strong><\/p>\n<p><\/p>\n<p><\/p>\n<p>Stress haben derzeit auch die Landeskoalition\u00e4re SP\u00d6 und \u00d6VP. W\u00e4hrend Landesrat Martin Gruber (\u00d6VP) die Call Option, also den R\u00fcckkauf des Flughafens von Investor Franz Peter Orasch (Lilihill-Gruppe), in die Regierungssitzung einbrachte, wehrt sich Landeshauptmann Peter Kaisers SP\u00d6 mit ihrer Mehrheit gegen die Ziehung der Call Option. Doch das Match wird h\u00e4rter. Wegen Haftungsfragen geht es nun ans politisch Eingemachte. Vorweg: Die SP\u00d6 hat die R\u00fccknahme des Flughafens heute zum zweiten Mal abgelehnt und sich damit ein weiteres Mal f\u00fcr die Pl\u00e4ne Oraschs ausgesprochen. <\/p>\n<p><\/p>\n<p><\/p>\n<p><strong>Nicht-Ziehen der Call Option k\u00f6nnte Gefahr von Strafbarkeit beinhalten<\/strong><\/p>\n<p><\/p>\n<p><\/p>\n<p>Die Call Option kann das Land dann aus\u00fcben, wenn Orasch unter 100.000 Passagiere im Jahr f\u00e4llt. Was 2021 (29.000) der Fall war und auch 2022 voraussichtlich eintreffen wird. Das Nicht-Ziehen der Call Option f\u00fcr 2021 k\u00f6nnte, wie am Arnulfplatz durchsickerte, das Damoklesschwert von Strafbarkeit nach sich ziehen. Dieses Risiko kommt der K\u00e4rntner Beteiligungsverwaltung (KBV) zu, die jedoch, so hat ihr Aufsichtsrat im Mai entschieden, die Call Option jedenfalls ziehen will. Die Aufgabe der KBV ist es, Schaden vom Land K\u00e4rnten abzuwenden. <\/p>\n<p><\/p>\n<p><\/p>\n<p><strong>Zivilrechtliches Haftungsrisiko f\u00fcr Kaiser<\/strong><\/p>\n<p><\/p>\n<p><\/p>\n<p>Wird der KBV das Ziehen der Call Option durch die K\u00e4rntner Landesregierung, und hier vor allem durch die f\u00fcnf SP\u00d6-Regierungsmitglieder &#8211; verwehrt, kann auch die Landesregierung in die haftungsrechtliche Verantwortung geraten. Und zwar deshalb, weil auch Regierungsmitglieder in diesem Zusammenhang als ordentliche Kaufleute gelten und Entscheidungen so treffen m\u00fcssen, dass Schaden f\u00fcr das Land K\u00e4rnten abgewendet wird. So &#8211; und nicht aus Gutd\u00fcnken Kaisers &#8211; d\u00fcrfte die Call Option heute trotz des Widerwillens der SP\u00d6 doch noch in die Regierungssitzung gefunden haben. Ansonsten sich Kaiser einem zivilrechtlichen Haftungsrisiko ausgesetzt h\u00e4tte, wie man am Arnulfplatz raunt. H\u00e4tte er die Diskussion \u00fcber die Call Option nicht zugelassen, h\u00e4tte vermutlich ein Klagsrisiko gegen ihn bestanden.<\/p>\n<p><\/p>\n<p><\/p>\n<p><strong>R\u00fcckkauf wird jedes Jahr um 810.000 Euro teurer<\/strong><\/p>\n<p><\/p>\n<p><\/p>\n<p>Schon derzeit k\u00f6nnte problematisch sein, dass sich die SP\u00d6-Regierungsmitglieder heute zum wiederholten Mal gegen das Ziehen der Call Option ausgesprochen haben. Nicht nur, dass dieser Schritt <a href=\"https:\/\/www.mediapartizan.at\/?p=1418\" target=\"_blank\" rel=\"noreferrer noopener\">im Fall einer m\u00f6glichen sp\u00e4teren R\u00fccknahme 810.000 Euro an weiteren Steuergeldern<\/a> kosten k\u00f6nnte &#8211; das Land kann den Flughafen beginnend mit 2019 bis 2028 jedes Jahr um zus\u00e4tzliche 810.000 Euro von Orasch zur\u00fcckkaufen &#8211; k\u00f6nnte sich dadurch auch das Standing und die Verhandlungsmacht der KBV gegen\u00fcber Orasch verschlechtern. Der wie es scheint darauf bauen kann, den Flughafen behalten zu k\u00f6nnen. Kaiser argumentierte das heutige Nein zum Ziehen der Call Option nach der Regierungssitzung damit, dass es rechtliche Bedenken gebe und in Hinkunft mit Investitionen in den Airport zu rechnen sei. Team K\u00e4rnten-Chef Gerhard K\u00f6fer quittierte das SP\u00d6-Nein zur R\u00fcckholung des Airports heute so: Kaiser wolle sich mit einer &#8222;inszenierten Politshow \u00fcber die Landtagswahl retten&#8220;.<\/p>\n<p><\/p>\n<p><\/p>\n<p><strong>Liesnig: &#8222;Baurechtsvorschl\u00e4ge Oraschs sind grunds\u00e4tzlich zur\u00fcckzuweisen&#8220;<\/strong><\/p>\n<p><\/p>\n<p><\/p>\n<p>Wie die Causa um die m\u00f6gliche Regierungsmitglieder-Haftung ausgehen wird, bleibt abzuwarten. In der Zwischenzeit hat, wie auch die &#8222;Kleine Zeitung&#8220; heute schon berichtete, der Klagenfurter Stadtsenat <a href=\"https:\/\/www.mediapartizan.at\/?p=4712\" target=\"_blank\" rel=\"noreferrer noopener\">Oraschs Baurechtspl\u00e4nen<\/a> eine Absage erteilt. Der Stadt-Vizeb\u00fcrgermeister und Finanzreferent Philipp Liesnig (SP\u00d6) begr\u00fcndet die ablehnende Haltung damit, dass Orasch seinem Versprechen, den Gutachter f\u00fcr den Baurechtszins zusammen mit den Minderheitsgesellschaftern Stadt und Land auszusuchen, &#8222;nicht nachgekommen ist. Weil das nicht passiert ist, sind auch Oraschs nunmehrige Baurechtsvorschl\u00e4ge grunds\u00e4tzlich zur\u00fcckzuweisen.&#8220; <\/p>\n<p><\/p>\n<p><\/p>\n<p>Liesnig holt allerdings gegen die KBV aus: &#8222;Ich finde das Vorgehen der KBV befremdlich. Wir haben uns geeinigt, uns zusammenzusetzen und die Entwicklung des Flughafens gemeinsam voranzutreiben.&#8220; Das habe die KBV nicht eingehalten. &#8222;Wenn man den Flughafen erhalten will, sollte man anders vorgehen.&#8220; Liesnig sagt au\u00dferdem, &#8222;dass die Vertragsentw\u00fcrfe der KFBG (Flughafengesellschaft, Anm.) vom Herbst eins zu eins in den Medien gelandet sind, um das Thema zu skandalisieren&#8220;. Offenbar legt er das der KBV zur Last.<\/p>\n<p><\/p>\n<p><\/p>\n<p><strong>Payer: &#8222;Der Unterschied ist: Ich will eine Ausschreibung, Liesnig will Fl\u00e4chen nur per Gutachten vergeben&#8220;<\/strong><\/p>\n<p><\/p>\n<p><\/p>\n<p>Martin Payer, Vorstand der KBV, dementiert die Vorw\u00fcrfe und kontert: &#8222;Da muss ich fast ein bisschen schmunzeln. Ich habe mich zweieinhalb Jahre redlich f\u00fcr die Entwicklung des Flughafens eingesetzt. Der gro\u00dfe Unterschied zwischen Liesnig und der KBV ist: Die KBV will eine internationale Ausschreibung der Fl\u00e4chen und den besten Preis f\u00fcr den Flughafen und damit auch f\u00fcr die \u00f6ffentliche Hand erreichen. Liesnig will die Fl\u00e4chen nur per Gutachten vergeben.&#8220; Payer sagt, er m\u00f6chte kein weiteres \u00d6l ins Feuer gie\u00dfen, weise aber die Unterstellung hinausgespielter Informationen &#8222;sch\u00e4rfstens zur\u00fcck&#8220;. <\/p>\n<p><\/p>\n<p><\/p>\n<p><strong>Pressekonferenz-Jet nicht mehr &#8222;Liliair&#8220;, sondern wieder Lufthansa<\/strong><\/p>\n<p><\/p>\n<p><\/p>\n<p>Dass der Pressekonferenz-Jet dem Blickfang und der Verbreitung von PR-Fotos diente, zeigen nicht zuletzt folgende Bilder:<\/p>\n<p><\/p>\n<p><\/p>\n<figure class=\"wp-block-gallery has-nested-images columns-default is-cropped wp-block-gallery-1 is-layout-flex wp-block-gallery-is-layout-flex\"><\/p>\n<figure class=\"wp-block-image size-large\"><img data-recalc-dims=\"1\" loading=\"lazy\" decoding=\"async\" width=\"1024\" height=\"769\" data-id=\"4807\" src=\"https:\/\/i0.wp.com\/www.mediapartizan.at\/wp-content\/uploads\/2022\/12\/Bildschirmfoto-2022-12-20-um-16.32.42.png?resize=1024%2C769&#038;ssl=1\" alt=\"\" class=\"wp-image-4807\" srcset=\"https:\/\/i0.wp.com\/www.mediapartizan.at\/wp-content\/uploads\/2022\/12\/Bildschirmfoto-2022-12-20-um-16.32.42.png?resize=1024%2C769&amp;ssl=1 1024w, https:\/\/i0.wp.com\/www.mediapartizan.at\/wp-content\/uploads\/2022\/12\/Bildschirmfoto-2022-12-20-um-16.32.42.png?resize=300%2C225&amp;ssl=1 300w, https:\/\/i0.wp.com\/www.mediapartizan.at\/wp-content\/uploads\/2022\/12\/Bildschirmfoto-2022-12-20-um-16.32.42.png?resize=768%2C577&amp;ssl=1 768w, https:\/\/i0.wp.com\/www.mediapartizan.at\/wp-content\/uploads\/2022\/12\/Bildschirmfoto-2022-12-20-um-16.32.42.png?resize=678%2C509&amp;ssl=1 678w, https:\/\/i0.wp.com\/www.mediapartizan.at\/wp-content\/uploads\/2022\/12\/Bildschirmfoto-2022-12-20-um-16.32.42.png?resize=326%2C245&amp;ssl=1 326w, https:\/\/i0.wp.com\/www.mediapartizan.at\/wp-content\/uploads\/2022\/12\/Bildschirmfoto-2022-12-20-um-16.32.42.png?resize=80%2C60&amp;ssl=1 80w, https:\/\/i0.wp.com\/www.mediapartizan.at\/wp-content\/uploads\/2022\/12\/Bildschirmfoto-2022-12-20-um-16.32.42.png?w=1340&amp;ssl=1 1340w\" sizes=\"auto, (max-width: 1000px) 100vw, 1000px\" \/><figcaption>Zur\u00fcckgetrimmt auf &#8230;<\/figcaption><\/figure>\n<p><\/p>\n<p><\/p>\n<figure class=\"wp-block-image size-large\"><img data-recalc-dims=\"1\" loading=\"lazy\" decoding=\"async\" width=\"1024\" height=\"766\" data-id=\"4808\" src=\"https:\/\/i0.wp.com\/www.mediapartizan.at\/wp-content\/uploads\/2022\/12\/Bildschirmfoto-2022-12-20-um-16.32.55.png?resize=1024%2C766&#038;ssl=1\" alt=\"\" class=\"wp-image-4808\" srcset=\"https:\/\/i0.wp.com\/www.mediapartizan.at\/wp-content\/uploads\/2022\/12\/Bildschirmfoto-2022-12-20-um-16.32.55.png?resize=1024%2C766&amp;ssl=1 1024w, https:\/\/i0.wp.com\/www.mediapartizan.at\/wp-content\/uploads\/2022\/12\/Bildschirmfoto-2022-12-20-um-16.32.55.png?resize=300%2C225&amp;ssl=1 300w, https:\/\/i0.wp.com\/www.mediapartizan.at\/wp-content\/uploads\/2022\/12\/Bildschirmfoto-2022-12-20-um-16.32.55.png?resize=768%2C575&amp;ssl=1 768w, https:\/\/i0.wp.com\/www.mediapartizan.at\/wp-content\/uploads\/2022\/12\/Bildschirmfoto-2022-12-20-um-16.32.55.png?resize=326%2C245&amp;ssl=1 326w, https:\/\/i0.wp.com\/www.mediapartizan.at\/wp-content\/uploads\/2022\/12\/Bildschirmfoto-2022-12-20-um-16.32.55.png?resize=80%2C60&amp;ssl=1 80w, https:\/\/i0.wp.com\/www.mediapartizan.at\/wp-content\/uploads\/2022\/12\/Bildschirmfoto-2022-12-20-um-16.32.55.png?w=1272&amp;ssl=1 1272w\" sizes=\"auto, (max-width: 1000px) 100vw, 1000px\" \/><figcaption>&#8230; das Lufthansa-Logo<\/figcaption><\/figure>\n<p><\/figure>\n<p><\/p>\n<p><\/p>\n<p>Sie stammen vom heutigen Nachmittag. In der Zwischenzeit ist das Flugzeug wieder auf das alte Logo der Lufthansa zur\u00fcckgetrimmt. <\/p>\n<p><\/p>\n<p><\/p>\n<p>Sei der Hoffnung Ausdruck verliehen, dass die Liliair l\u00e4nger durchh\u00e4lt als ihre Firmenlogos auf Bombardier-Jets.<\/p>\n<p><\/p>\n<p><\/p>\n<p><\/p>\n<p><\/p>\n<p><\/p>\n","protected":false},"excerpt":{"rendered":"<div class=\"mh-excerpt\"><p>Flughafen Klagenfurt: Am Arnulfplatz werden nerv\u00f6s Haftungsfragen diskutiert, die damit zusammenh\u00e4ngen, dass die SP\u00d6 heute zum zweiten Mal die Call Option ablehnte. Sollte Schaden f\u00fcr das Land entstehen, k\u00f6nnten SP\u00d6-Regierungsmitglieder ins Risiko einer Haftungsverantwortung kommen. Auch Landeshauptmann als oberster &#8222;ordentlicher Kaufmann&#8220; k\u00f6nnte Verantwortlichkeit treffen. Liliair-Flugzeug wurde nur einseitig f\u00fcr die heutige Pressekonferenz mit Logo beklebt. Flieger ist schon wieder auf Lufthansa zur\u00fcck gebrandet. <a class=\"mh-excerpt-more\" href=\"https:\/\/www.mediapartizan.at\/?p=4802\" title=\"Call Option: Jetzt werden politische Haftungsfragen wegen Flughafen virulent\">[&#8230;]<\/a><\/p>\n<\/div>","protected":false},"author":2,"featured_media":4804,"comment_status":"open","ping_status":"open","sticky":false,"template":"","format":"standard","meta":{"inline_featured_image":false,"_jetpack_memberships_contains_paid_content":false,"footnotes":""},"categories":[166,218],"tags":[167,169,168,137,170],"class_list":{"0":"post-4802","1":"post","2":"type-post","3":"status-publish","4":"format-standard","5":"has-post-thumbnail","7":"category-flughafen-klagenfurt","8":"category-land-kaernten","9":"tag-flughafen-klagenfurt","10":"tag-franz-peter-orasch","11":"tag-lilihill","12":"tag-oevp","13":"tag-peter-kaiser"},"yoast_head":"<!-- This site is optimized with the Yoast SEO plugin v20.10 - https:\/\/yoast.com\/wordpress\/plugins\/seo\/ -->\n<title>Call Option: Jetzt werden politische Haftungsfragen wegen Flughafen virulent - Mediapartizan.at<\/title>\n<meta name=\"robots\" content=\"index, follow, max-snippet:-1, max-image-preview:large, max-video-preview:-1\" \/>\n<link rel=\"canonical\" href=\"https:\/\/www.mediapartizan.at\/?p=4802\" \/>\n<meta property=\"og:locale\" content=\"de_DE\" \/>\n<meta property=\"og:type\" content=\"article\" \/>\n<meta property=\"og:title\" content=\"Call Option: Jetzt werden politische Haftungsfragen wegen Flughafen virulent - Mediapartizan.at\" \/>\n<meta property=\"og:description\" content=\"Flughafen Klagenfurt: Am Arnulfplatz werden nerv\u00f6s Haftungsfragen diskutiert, die damit zusammenh\u00e4ngen, dass die SP\u00d6 heute zum zweiten Mal die Call Option ablehnte. Sollte Schaden f\u00fcr das Land entstehen, k\u00f6nnten SP\u00d6-Regierungsmitglieder ins Risiko einer Haftungsverantwortung kommen. Auch Landeshauptmann als oberster &quot;ordentlicher Kaufmann&quot; k\u00f6nnte Verantwortlichkeit treffen. Liliair-Flugzeug wurde nur einseitig f\u00fcr die heutige Pressekonferenz mit Logo beklebt. Flieger ist schon wieder auf Lufthansa zur\u00fcck gebrandet. [...]\" \/>\n<meta property=\"og:url\" content=\"https:\/\/www.mediapartizan.at\/?p=4802\" \/>\n<meta property=\"og:site_name\" content=\"Mediapartizan.at\" \/>\n<meta property=\"article:published_time\" content=\"2022-12-20T16:00:57+00:00\" \/>\n<meta property=\"article:modified_time\" content=\"2022-12-21T09:30:35+00:00\" \/>\n<meta property=\"og:image\" content=\"https:\/\/www.mediapartizan.at\/wp-content\/uploads\/2022\/12\/Bildschirmfoto-2022-12-20-um-14.41.21-1024x694.png\" \/>\n\t<meta property=\"og:image:width\" content=\"1024\" \/>\n\t<meta property=\"og:image:height\" content=\"694\" \/>\n\t<meta property=\"og:image:type\" content=\"image\/png\" \/>\n<meta name=\"author\" content=\"Franz Miklautz\" \/>\n<meta name=\"twitter:card\" content=\"summary_large_image\" \/>\n<meta name=\"twitter:label1\" content=\"Verfasst von\" \/>\n\t<meta name=\"twitter:data1\" content=\"Franz Miklautz\" \/>\n\t<meta name=\"twitter:label2\" content=\"Gesch\u00e4tzte Lesezeit\" \/>\n\t<meta name=\"twitter:data2\" content=\"6\u00a0Minuten\" \/>\n<script type=\"application\/ld+json\" class=\"yoast-schema-graph\">{\"@context\":\"https:\/\/schema.org\",\"@graph\":[{\"@type\":\"WebPage\",\"@id\":\"https:\/\/www.mediapartizan.at\/?p=4802\",\"url\":\"https:\/\/www.mediapartizan.at\/?p=4802\",\"name\":\"Call Option: Jetzt werden politische Haftungsfragen wegen Flughafen virulent - Mediapartizan.at\",\"isPartOf\":{\"@id\":\"https:\/\/www.mediapartizan.at\/#website\"},\"datePublished\":\"2022-12-20T16:00:57+00:00\",\"dateModified\":\"2022-12-21T09:30:35+00:00\",\"author\":{\"@id\":\"https:\/\/www.mediapartizan.at\/#\/schema\/person\/f6bd7eb8222f2fe985c78d08f17ed7a9\"},\"breadcrumb\":{\"@id\":\"https:\/\/www.mediapartizan.at\/?p=4802#breadcrumb\"},\"inLanguage\":\"de\",\"potentialAction\":[{\"@type\":\"ReadAction\",\"target\":[\"https:\/\/www.mediapartizan.at\/?p=4802\"]}]},{\"@type\":\"BreadcrumbList\",\"@id\":\"https:\/\/www.mediapartizan.at\/?p=4802#breadcrumb\",\"itemListElement\":[{\"@type\":\"ListItem\",\"position\":1,\"name\":\"Startseite\",\"item\":\"https:\/\/www.mediapartizan.at\/\"},{\"@type\":\"ListItem\",\"position\":2,\"name\":\"Call Option: Jetzt werden politische Haftungsfragen wegen Flughafen virulent\"}]},{\"@type\":\"WebSite\",\"@id\":\"https:\/\/www.mediapartizan.at\/#website\",\"url\":\"https:\/\/www.mediapartizan.at\/\",\"name\":\"Mediapartizan.at\",\"description\":\"\",\"potentialAction\":[{\"@type\":\"SearchAction\",\"target\":{\"@type\":\"EntryPoint\",\"urlTemplate\":\"https:\/\/www.mediapartizan.at\/?s={search_term_string}\"},\"query-input\":\"required name=search_term_string\"}],\"inLanguage\":\"de\"},{\"@type\":\"Person\",\"@id\":\"https:\/\/www.mediapartizan.at\/#\/schema\/person\/f6bd7eb8222f2fe985c78d08f17ed7a9\",\"name\":\"Franz Miklautz\",\"image\":{\"@type\":\"ImageObject\",\"inLanguage\":\"de\",\"@id\":\"https:\/\/www.mediapartizan.at\/#\/schema\/person\/image\/\",\"url\":\"https:\/\/secure.gravatar.com\/avatar\/5618667e9a7ab3fa3e1a0c75987c8d0c111ad041167e738d67ac0846e54e195e?s=96&d=mm&r=g\",\"contentUrl\":\"https:\/\/secure.gravatar.com\/avatar\/5618667e9a7ab3fa3e1a0c75987c8d0c111ad041167e738d67ac0846e54e195e?s=96&d=mm&r=g\",\"caption\":\"Franz Miklautz\"},\"url\":\"https:\/\/www.mediapartizan.at\/?author=2\"}]}<\/script>\n<!-- \/ Yoast SEO plugin. -->","yoast_head_json":{"title":"Call Option: Jetzt werden politische Haftungsfragen wegen Flughafen virulent - Mediapartizan.at","robots":{"index":"index","follow":"follow","max-snippet":"max-snippet:-1","max-image-preview":"max-image-preview:large","max-video-preview":"max-video-preview:-1"},"canonical":"https:\/\/www.mediapartizan.at\/?p=4802","og_locale":"de_DE","og_type":"article","og_title":"Call Option: Jetzt werden politische Haftungsfragen wegen Flughafen virulent - Mediapartizan.at","og_description":"Flughafen Klagenfurt: Am Arnulfplatz werden nerv\u00f6s Haftungsfragen diskutiert, die damit zusammenh\u00e4ngen, dass die SP\u00d6 heute zum zweiten Mal die Call Option ablehnte. Sollte Schaden f\u00fcr das Land entstehen, k\u00f6nnten SP\u00d6-Regierungsmitglieder ins Risiko einer Haftungsverantwortung kommen. Auch Landeshauptmann als oberster \"ordentlicher Kaufmann\" k\u00f6nnte Verantwortlichkeit treffen. Liliair-Flugzeug wurde nur einseitig f\u00fcr die heutige Pressekonferenz mit Logo beklebt. Flieger ist schon wieder auf Lufthansa zur\u00fcck gebrandet. [...]","og_url":"https:\/\/www.mediapartizan.at\/?p=4802","og_site_name":"Mediapartizan.at","article_published_time":"2022-12-20T16:00:57+00:00","article_modified_time":"2022-12-21T09:30:35+00:00","og_image":[{"width":1024,"height":694,"url":"https:\/\/www.mediapartizan.at\/wp-content\/uploads\/2022\/12\/Bildschirmfoto-2022-12-20-um-14.41.21-1024x694.png","type":"image\/png"}],"author":"Franz Miklautz","twitter_card":"summary_large_image","twitter_misc":{"Verfasst von":"Franz Miklautz","Gesch\u00e4tzte Lesezeit":"6\u00a0Minuten"},"schema":{"@context":"https:\/\/schema.org","@graph":[{"@type":"WebPage","@id":"https:\/\/www.mediapartizan.at\/?p=4802","url":"https:\/\/www.mediapartizan.at\/?p=4802","name":"Call Option: Jetzt werden politische Haftungsfragen wegen Flughafen virulent - Mediapartizan.at","isPartOf":{"@id":"https:\/\/www.mediapartizan.at\/#website"},"datePublished":"2022-12-20T16:00:57+00:00","dateModified":"2022-12-21T09:30:35+00:00","author":{"@id":"https:\/\/www.mediapartizan.at\/#\/schema\/person\/f6bd7eb8222f2fe985c78d08f17ed7a9"},"breadcrumb":{"@id":"https:\/\/www.mediapartizan.at\/?p=4802#breadcrumb"},"inLanguage":"de","potentialAction":[{"@type":"ReadAction","target":["https:\/\/www.mediapartizan.at\/?p=4802"]}]},{"@type":"BreadcrumbList","@id":"https:\/\/www.mediapartizan.at\/?p=4802#breadcrumb","itemListElement":[{"@type":"ListItem","position":1,"name":"Startseite","item":"https:\/\/www.mediapartizan.at\/"},{"@type":"ListItem","position":2,"name":"Call Option: Jetzt werden politische Haftungsfragen wegen Flughafen virulent"}]},{"@type":"WebSite","@id":"https:\/\/www.mediapartizan.at\/#website","url":"https:\/\/www.mediapartizan.at\/","name":"Mediapartizan.at","description":"","potentialAction":[{"@type":"SearchAction","target":{"@type":"EntryPoint","urlTemplate":"https:\/\/www.mediapartizan.at\/?s={search_term_string}"},"query-input":"required name=search_term_string"}],"inLanguage":"de"},{"@type":"Person","@id":"https:\/\/www.mediapartizan.at\/#\/schema\/person\/f6bd7eb8222f2fe985c78d08f17ed7a9","name":"Franz Miklautz","image":{"@type":"ImageObject","inLanguage":"de","@id":"https:\/\/www.mediapartizan.at\/#\/schema\/person\/image\/","url":"https:\/\/secure.gravatar.com\/avatar\/5618667e9a7ab3fa3e1a0c75987c8d0c111ad041167e738d67ac0846e54e195e?s=96&d=mm&r=g","contentUrl":"https:\/\/secure.gravatar.com\/avatar\/5618667e9a7ab3fa3e1a0c75987c8d0c111ad041167e738d67ac0846e54e195e?s=96&d=mm&r=g","caption":"Franz Miklautz"},"url":"https:\/\/www.mediapartizan.at\/?author=2"}]}},"jetpack_featured_media_url":"https:\/\/i0.wp.com\/www.mediapartizan.at\/wp-content\/uploads\/2022\/12\/Bildschirmfoto-2022-12-20-um-14.41.21.png?fit=2140%2C1450&ssl=1","jetpack_sharing_enabled":true,"_links":{"self":[{"href":"https:\/\/www.mediapartizan.at\/index.php?rest_route=\/wp\/v2\/posts\/4802","targetHints":{"allow":["GET"]}}],"collection":[{"href":"https:\/\/www.mediapartizan.at\/index.php?rest_route=\/wp\/v2\/posts"}],"about":[{"href":"https:\/\/www.mediapartizan.at\/index.php?rest_route=\/wp\/v2\/types\/post"}],"author":[{"embeddable":true,"href":"https:\/\/www.mediapartizan.at\/index.php?rest_route=\/wp\/v2\/users\/2"}],"replies":[{"embeddable":true,"href":"https:\/\/www.mediapartizan.at\/index.php?rest_route=%2Fwp%2Fv2%2Fcomments&post=4802"}],"version-history":[{"count":16,"href":"https:\/\/www.mediapartizan.at\/index.php?rest_route=\/wp\/v2\/posts\/4802\/revisions"}],"predecessor-version":[{"id":4831,"href":"https:\/\/www.mediapartizan.at\/index.php?rest_route=\/wp\/v2\/posts\/4802\/revisions\/4831"}],"wp:featuredmedia":[{"embeddable":true,"href":"https:\/\/www.mediapartizan.at\/index.php?rest_route=\/wp\/v2\/media\/4804"}],"wp:attachment":[{"href":"https:\/\/www.mediapartizan.at\/index.php?rest_route=%2Fwp%2Fv2%2Fmedia&parent=4802"}],"wp:term":[{"taxonomy":"category","embeddable":true,"href":"https:\/\/www.mediapartizan.at\/index.php?rest_route=%2Fwp%2Fv2%2Fcategories&post=4802"},{"taxonomy":"post_tag","embeddable":true,"href":"https:\/\/www.mediapartizan.at\/index.php?rest_route=%2Fwp%2Fv2%2Ftags&post=4802"}],"curies":[{"name":"wp","href":"https:\/\/api.w.org\/{rel}","templated":true}]}}