{"id":4899,"date":"2022-12-22T18:01:14","date_gmt":"2022-12-22T17:01:14","guid":{"rendered":"https:\/\/www.mediapartizan.at\/?p=4899"},"modified":"2022-12-27T19:01:23","modified_gmt":"2022-12-27T18:01:23","slug":"jost-verlaengerung-ueber-pensionsalter-hinaus-koennte-steuerzahler-400-000-euro-kosten","status":"publish","type":"post","link":"https:\/\/www.mediapartizan.at\/?p=4899","title":{"rendered":"Jost-Verl\u00e4ngerung \u00fcber Pensionsalter hinaus k\u00f6nnte Steuerzahler 400.000 Euro kosten"},"content":{"rendered":"<p><\/p>\n<p>Im Klagenfurter Rathaus ist derzeit Feuer am Dach. Seit heute steht fest, dass B\u00fcrgermeister Christian Scheider (Team K\u00e4rnten) <a href=\"https:\/\/www.mediapartizan.at\/?p=4833\">das Dienstverh\u00e4ltnis von Magistratsdirektor Peter Jost mithilfe des sogenannten Notfallparagrafen verl\u00e4ngert hat<\/a>. Scheider argumentiert den Schritt damit, dass Jost sonst von einem Tag auf den anderen <a href=\"https:\/\/www.mediapartizan.at\/?p=4833\" target=\"_blank\" rel=\"noreferrer noopener\">in Pension gegangen<\/a> und der innere Dienst im Magistrat f\u00fchrungslos gewesen w\u00e4re. Doch Scheiders Begr\u00fcndung lasst Fragen aufkommen und n\u00e4hrt Zweifel an der Argumentationslogik: Wenn Jost, wie Scheider argumentiert, von einem Tag auf den anderen hinschmei\u00dfen wollte, warum bleibt er dann auf einmal freiwillig zwei Jahre l\u00e4nger (bis 31.12.2025) als er m\u00fcsste (Herbst 2023)? <\/p>\n<p><\/p>\n<p><\/p>\n<p>Auf jeden Fall kommt den Steuerzahler nun teuer zu stehen, dass es die Stadt jahrelang nicht geschafft hat, einen Nachfolger f\u00fcr Jost aufzubauen. Ein Bericht des Rechnungshofs \u00fcber die Stadt Klagenfurt f\u00f6rdert das h\u00f6chste Bedienstetengehalt im Magistrat zutage, bei dem nahe liegt, dass es sich um jenes von Jost handelt. <\/p>\n<p><\/p>\n<p><\/p>\n<figure class=\"wp-block-image aligncenter size-large is-resized\"><img data-recalc-dims=\"1\" loading=\"lazy\" decoding=\"async\" src=\"https:\/\/i0.wp.com\/www.mediapartizan.at\/wp-content\/uploads\/2022\/12\/Bildschirmfoto-2022-12-22-um-16.48.54.png?resize=638%2C263&#038;ssl=1\" alt=\"\" class=\"wp-image-4901\" width=\"638\" height=\"263\" srcset=\"https:\/\/i0.wp.com\/www.mediapartizan.at\/wp-content\/uploads\/2022\/12\/Bildschirmfoto-2022-12-22-um-16.48.54.png?resize=1024%2C424&amp;ssl=1 1024w, https:\/\/i0.wp.com\/www.mediapartizan.at\/wp-content\/uploads\/2022\/12\/Bildschirmfoto-2022-12-22-um-16.48.54.png?resize=300%2C124&amp;ssl=1 300w, https:\/\/i0.wp.com\/www.mediapartizan.at\/wp-content\/uploads\/2022\/12\/Bildschirmfoto-2022-12-22-um-16.48.54.png?resize=768%2C318&amp;ssl=1 768w, https:\/\/i0.wp.com\/www.mediapartizan.at\/wp-content\/uploads\/2022\/12\/Bildschirmfoto-2022-12-22-um-16.48.54.png?w=1414&amp;ssl=1 1414w\" sizes=\"auto, (max-width: 638px) 100vw, 638px\" \/><figcaption>Personalausgaben von \u00fcber 210.000 Euro f\u00fcr den h\u00f6chstverdienenden Bediensteten 2015. (Quelle: RH)<\/figcaption><\/figure>\n<p><\/p>\n<p><\/p>\n<p><strong>Mehr als die B\u00fcrgermeisterin<\/strong><\/p>\n<p><\/p>\n<p><\/p>\n<p>&#8222;Der H\u00f6chstverdiener der allgemeinen Verwaltung bezog im Jahr 2015 mit rund 188.000 Euro um rund 16.000 Euro mehr als die B\u00fcrgermeisterin und um rund 71.000 Euro oder rund 61 Prozent mehr als der h\u00f6chstbezahlte Abteilungsleiter&#8220;, schrieb der Rechnungshof in seinem Bericht. Die Personalausgaben inklusive bezahlter \u00dcberstunden betrugen gar \u00fcber 210.000 Euro. <\/p>\n<p><\/p>\n<p><\/p>\n<p><strong>Gehaltstechnisch fast in Landeshauptmann-Liga<\/strong><\/p>\n<p><\/p>\n<p><\/p>\n<p>Jost d\u00fcrfte nach Mediapartizan.at-Recherchen in der Dienstklasse neun, Stufe sechs residieren. Das w\u00e4ren 9.470 Euro Grundgehalt. An Zulagen sollen Jost drei weitere Betr\u00e4ge monatlich zuteil werden: 1.384 Euro nach dem K\u00e4rntner Stadtbeamtengesetz; 2.214 Euro nach dem K\u00e4rntner Dienstrechtsgesetz und dann noch weitere 1.107 Euro &#8211; also fast 5.000 Euro zus\u00e4tzlich. Das w\u00e4ren zusammen mehr als 14.000 Euro Bruttogehalt. Damit spielt Jost gehaltstechnisch fast in der Landeshauptmann-Liga. Die Verl\u00e4ngerung Josts um zwei Jahre w\u00fcrde den Steuerzahler somit 400.000 Euro kosten. <\/p>\n<p><\/p>\n<p><\/p>\n<p>Ob Jost noch &#8222;Nebeneink\u00fcnfte&#8220; f\u00fcr seine T\u00e4tigkeiten als Kontroll-, Management- oder Eigent\u00fcmervertreter bei Stadtbeteiligungen erh\u00e4lt, ist nicht bekannt. Auf ein Aufsichtsratssal\u00e4r als Aufseher bei den Stadtwerken soll Jost aber von sich aus verzichtet haben.<\/p>\n<p><\/p>\n<p><\/p>\n<p><strong>Morgen Sonderstadtsenat <\/strong><\/p>\n<p><\/p>\n<p><\/p>\n<p>In der Stadtkoalition zwischen Team K\u00e4rnten, \u00d6VP und SP\u00d6 bebt es deshalb gewaltig. In der morgigen Stadtsenatssitzung soll es wegen der Jost-Verl\u00e4ngerung einen Fragereigen geben. Insider spekulieren, es sei mit allem zu rechnen. Die Hauptfrage wird offenbar sein, ob Scheider wissen konnte oder musste, dass er f\u00fcr die Verl\u00e4ngerung von Jost keine Mehrheit zustande bringt und deshalb den Notfallparagrafen 73 des Klagenfurter Stadtrechts anwandte. <\/p>\n<p><\/p>\n","protected":false},"excerpt":{"rendered":"<div class=\"mh-excerpt\"><p>Jahrelanges Versagen der Stadt Klagenfurt, einen Nachfolger f\u00fcr Magistratsdirektor Peter Jost aufzubauen, kommt B\u00fcrger nun teuer zu stehen. <a class=\"mh-excerpt-more\" href=\"https:\/\/www.mediapartizan.at\/?p=4899\" title=\"Jost-Verl\u00e4ngerung \u00fcber Pensionsalter hinaus k\u00f6nnte Steuerzahler 400.000 Euro kosten\">[&#8230;]<\/a><\/p>\n<\/div>","protected":false},"author":2,"featured_media":4902,"comment_status":"open","ping_status":"open","sticky":false,"template":"","format":"standard","meta":{"inline_featured_image":false,"_jetpack_memberships_contains_paid_content":false,"footnotes":""},"categories":[143],"tags":[86,329,289],"class_list":{"0":"post-4899","1":"post","2":"type-post","3":"status-publish","4":"format-standard","5":"has-post-thumbnail","7":"category-stadt-klagenfurt","8":"tag-christian-scheider","9":"tag-pensionsantritt","10":"tag-peter-jost"},"yoast_head":"<!-- This site is optimized with the Yoast SEO plugin v20.10 - https:\/\/yoast.com\/wordpress\/plugins\/seo\/ -->\n<title>Jost-Verl\u00e4ngerung \u00fcber Pensionsalter hinaus k\u00f6nnte Steuerzahler 400.000 Euro kosten - Mediapartizan.at<\/title>\n<meta name=\"robots\" content=\"index, follow, max-snippet:-1, max-image-preview:large, max-video-preview:-1\" \/>\n<link rel=\"canonical\" href=\"https:\/\/www.mediapartizan.at\/?p=4899\" \/>\n<meta property=\"og:locale\" content=\"de_DE\" \/>\n<meta property=\"og:type\" content=\"article\" \/>\n<meta property=\"og:title\" content=\"Jost-Verl\u00e4ngerung \u00fcber Pensionsalter hinaus k\u00f6nnte Steuerzahler 400.000 Euro kosten - Mediapartizan.at\" \/>\n<meta property=\"og:description\" content=\"Jahrelanges Versagen der Stadt Klagenfurt, einen Nachfolger f\u00fcr Magistratsdirektor Peter Jost aufzubauen, kommt B\u00fcrger nun teuer zu stehen. [...]\" \/>\n<meta property=\"og:url\" content=\"https:\/\/www.mediapartizan.at\/?p=4899\" \/>\n<meta property=\"og:site_name\" content=\"Mediapartizan.at\" \/>\n<meta property=\"article:published_time\" content=\"2022-12-22T17:01:14+00:00\" \/>\n<meta property=\"article:modified_time\" content=\"2022-12-27T18:01:23+00:00\" \/>\n<meta property=\"og:image\" content=\"https:\/\/www.mediapartizan.at\/wp-content\/uploads\/2022\/12\/Bestverdiener.png\" \/>\n\t<meta property=\"og:image:width\" content=\"1798\" \/>\n\t<meta property=\"og:image:height\" content=\"1200\" \/>\n\t<meta property=\"og:image:type\" content=\"image\/png\" \/>\n<meta name=\"author\" content=\"Franz Miklautz\" \/>\n<meta name=\"twitter:card\" content=\"summary_large_image\" \/>\n<meta name=\"twitter:label1\" content=\"Verfasst von\" \/>\n\t<meta name=\"twitter:data1\" content=\"Franz Miklautz\" \/>\n\t<meta name=\"twitter:label2\" content=\"Gesch\u00e4tzte Lesezeit\" \/>\n\t<meta name=\"twitter:data2\" content=\"3\u00a0Minuten\" \/>\n<script type=\"application\/ld+json\" class=\"yoast-schema-graph\">{\"@context\":\"https:\/\/schema.org\",\"@graph\":[{\"@type\":\"WebPage\",\"@id\":\"https:\/\/www.mediapartizan.at\/?p=4899\",\"url\":\"https:\/\/www.mediapartizan.at\/?p=4899\",\"name\":\"Jost-Verl\u00e4ngerung \u00fcber Pensionsalter hinaus k\u00f6nnte Steuerzahler 400.000 Euro kosten - Mediapartizan.at\",\"isPartOf\":{\"@id\":\"https:\/\/www.mediapartizan.at\/#website\"},\"datePublished\":\"2022-12-22T17:01:14+00:00\",\"dateModified\":\"2022-12-27T18:01:23+00:00\",\"author\":{\"@id\":\"https:\/\/www.mediapartizan.at\/#\/schema\/person\/f6bd7eb8222f2fe985c78d08f17ed7a9\"},\"breadcrumb\":{\"@id\":\"https:\/\/www.mediapartizan.at\/?p=4899#breadcrumb\"},\"inLanguage\":\"de\",\"potentialAction\":[{\"@type\":\"ReadAction\",\"target\":[\"https:\/\/www.mediapartizan.at\/?p=4899\"]}]},{\"@type\":\"BreadcrumbList\",\"@id\":\"https:\/\/www.mediapartizan.at\/?p=4899#breadcrumb\",\"itemListElement\":[{\"@type\":\"ListItem\",\"position\":1,\"name\":\"Startseite\",\"item\":\"https:\/\/www.mediapartizan.at\/\"},{\"@type\":\"ListItem\",\"position\":2,\"name\":\"Jost-Verl\u00e4ngerung \u00fcber Pensionsalter hinaus k\u00f6nnte Steuerzahler 400.000 Euro kosten\"}]},{\"@type\":\"WebSite\",\"@id\":\"https:\/\/www.mediapartizan.at\/#website\",\"url\":\"https:\/\/www.mediapartizan.at\/\",\"name\":\"Mediapartizan.at\",\"description\":\"\",\"potentialAction\":[{\"@type\":\"SearchAction\",\"target\":{\"@type\":\"EntryPoint\",\"urlTemplate\":\"https:\/\/www.mediapartizan.at\/?s={search_term_string}\"},\"query-input\":\"required name=search_term_string\"}],\"inLanguage\":\"de\"},{\"@type\":\"Person\",\"@id\":\"https:\/\/www.mediapartizan.at\/#\/schema\/person\/f6bd7eb8222f2fe985c78d08f17ed7a9\",\"name\":\"Franz Miklautz\",\"image\":{\"@type\":\"ImageObject\",\"inLanguage\":\"de\",\"@id\":\"https:\/\/www.mediapartizan.at\/#\/schema\/person\/image\/\",\"url\":\"https:\/\/secure.gravatar.com\/avatar\/5618667e9a7ab3fa3e1a0c75987c8d0c111ad041167e738d67ac0846e54e195e?s=96&d=mm&r=g\",\"contentUrl\":\"https:\/\/secure.gravatar.com\/avatar\/5618667e9a7ab3fa3e1a0c75987c8d0c111ad041167e738d67ac0846e54e195e?s=96&d=mm&r=g\",\"caption\":\"Franz Miklautz\"},\"url\":\"https:\/\/www.mediapartizan.at\/?author=2\"}]}<\/script>\n<!-- \/ Yoast SEO plugin. -->","yoast_head_json":{"title":"Jost-Verl\u00e4ngerung \u00fcber Pensionsalter hinaus k\u00f6nnte Steuerzahler 400.000 Euro kosten - Mediapartizan.at","robots":{"index":"index","follow":"follow","max-snippet":"max-snippet:-1","max-image-preview":"max-image-preview:large","max-video-preview":"max-video-preview:-1"},"canonical":"https:\/\/www.mediapartizan.at\/?p=4899","og_locale":"de_DE","og_type":"article","og_title":"Jost-Verl\u00e4ngerung \u00fcber Pensionsalter hinaus k\u00f6nnte Steuerzahler 400.000 Euro kosten - Mediapartizan.at","og_description":"Jahrelanges Versagen der Stadt Klagenfurt, einen Nachfolger f\u00fcr Magistratsdirektor Peter Jost aufzubauen, kommt B\u00fcrger nun teuer zu stehen. [...]","og_url":"https:\/\/www.mediapartizan.at\/?p=4899","og_site_name":"Mediapartizan.at","article_published_time":"2022-12-22T17:01:14+00:00","article_modified_time":"2022-12-27T18:01:23+00:00","og_image":[{"width":1798,"height":1200,"url":"https:\/\/www.mediapartizan.at\/wp-content\/uploads\/2022\/12\/Bestverdiener.png","type":"image\/png"}],"author":"Franz Miklautz","twitter_card":"summary_large_image","twitter_misc":{"Verfasst von":"Franz Miklautz","Gesch\u00e4tzte Lesezeit":"3\u00a0Minuten"},"schema":{"@context":"https:\/\/schema.org","@graph":[{"@type":"WebPage","@id":"https:\/\/www.mediapartizan.at\/?p=4899","url":"https:\/\/www.mediapartizan.at\/?p=4899","name":"Jost-Verl\u00e4ngerung \u00fcber Pensionsalter hinaus k\u00f6nnte Steuerzahler 400.000 Euro kosten - Mediapartizan.at","isPartOf":{"@id":"https:\/\/www.mediapartizan.at\/#website"},"datePublished":"2022-12-22T17:01:14+00:00","dateModified":"2022-12-27T18:01:23+00:00","author":{"@id":"https:\/\/www.mediapartizan.at\/#\/schema\/person\/f6bd7eb8222f2fe985c78d08f17ed7a9"},"breadcrumb":{"@id":"https:\/\/www.mediapartizan.at\/?p=4899#breadcrumb"},"inLanguage":"de","potentialAction":[{"@type":"ReadAction","target":["https:\/\/www.mediapartizan.at\/?p=4899"]}]},{"@type":"BreadcrumbList","@id":"https:\/\/www.mediapartizan.at\/?p=4899#breadcrumb","itemListElement":[{"@type":"ListItem","position":1,"name":"Startseite","item":"https:\/\/www.mediapartizan.at\/"},{"@type":"ListItem","position":2,"name":"Jost-Verl\u00e4ngerung \u00fcber Pensionsalter hinaus k\u00f6nnte Steuerzahler 400.000 Euro kosten"}]},{"@type":"WebSite","@id":"https:\/\/www.mediapartizan.at\/#website","url":"https:\/\/www.mediapartizan.at\/","name":"Mediapartizan.at","description":"","potentialAction":[{"@type":"SearchAction","target":{"@type":"EntryPoint","urlTemplate":"https:\/\/www.mediapartizan.at\/?s={search_term_string}"},"query-input":"required name=search_term_string"}],"inLanguage":"de"},{"@type":"Person","@id":"https:\/\/www.mediapartizan.at\/#\/schema\/person\/f6bd7eb8222f2fe985c78d08f17ed7a9","name":"Franz Miklautz","image":{"@type":"ImageObject","inLanguage":"de","@id":"https:\/\/www.mediapartizan.at\/#\/schema\/person\/image\/","url":"https:\/\/secure.gravatar.com\/avatar\/5618667e9a7ab3fa3e1a0c75987c8d0c111ad041167e738d67ac0846e54e195e?s=96&d=mm&r=g","contentUrl":"https:\/\/secure.gravatar.com\/avatar\/5618667e9a7ab3fa3e1a0c75987c8d0c111ad041167e738d67ac0846e54e195e?s=96&d=mm&r=g","caption":"Franz Miklautz"},"url":"https:\/\/www.mediapartizan.at\/?author=2"}]}},"jetpack_featured_media_url":"https:\/\/i0.wp.com\/www.mediapartizan.at\/wp-content\/uploads\/2022\/12\/Bestverdiener.png?fit=1798%2C1200&ssl=1","jetpack_sharing_enabled":true,"_links":{"self":[{"href":"https:\/\/www.mediapartizan.at\/index.php?rest_route=\/wp\/v2\/posts\/4899","targetHints":{"allow":["GET"]}}],"collection":[{"href":"https:\/\/www.mediapartizan.at\/index.php?rest_route=\/wp\/v2\/posts"}],"about":[{"href":"https:\/\/www.mediapartizan.at\/index.php?rest_route=\/wp\/v2\/types\/post"}],"author":[{"embeddable":true,"href":"https:\/\/www.mediapartizan.at\/index.php?rest_route=\/wp\/v2\/users\/2"}],"replies":[{"embeddable":true,"href":"https:\/\/www.mediapartizan.at\/index.php?rest_route=%2Fwp%2Fv2%2Fcomments&post=4899"}],"version-history":[{"count":8,"href":"https:\/\/www.mediapartizan.at\/index.php?rest_route=\/wp\/v2\/posts\/4899\/revisions"}],"predecessor-version":[{"id":4990,"href":"https:\/\/www.mediapartizan.at\/index.php?rest_route=\/wp\/v2\/posts\/4899\/revisions\/4990"}],"wp:featuredmedia":[{"embeddable":true,"href":"https:\/\/www.mediapartizan.at\/index.php?rest_route=\/wp\/v2\/media\/4902"}],"wp:attachment":[{"href":"https:\/\/www.mediapartizan.at\/index.php?rest_route=%2Fwp%2Fv2%2Fmedia&parent=4899"}],"wp:term":[{"taxonomy":"category","embeddable":true,"href":"https:\/\/www.mediapartizan.at\/index.php?rest_route=%2Fwp%2Fv2%2Fcategories&post=4899"},{"taxonomy":"post_tag","embeddable":true,"href":"https:\/\/www.mediapartizan.at\/index.php?rest_route=%2Fwp%2Fv2%2Ftags&post=4899"}],"curies":[{"name":"wp","href":"https:\/\/api.w.org\/{rel}","templated":true}]}}