{"id":5001,"date":"2022-12-23T10:53:46","date_gmt":"2022-12-23T09:53:46","guid":{"rendered":"https:\/\/www.mediapartizan.at\/?p=5001"},"modified":"2022-12-23T15:00:22","modified_gmt":"2022-12-23T14:00:22","slug":"sonderstadtsenat-wegen-jost-verlaengerung-kein-doppelbezug-fuer-magistratsdirektor","status":"publish","type":"post","link":"https:\/\/www.mediapartizan.at\/?p=5001","title":{"rendered":"Sonderstadtsenat wegen Jost-Verl\u00e4ngerung: Laut Selbstauskunft kein Doppelbezug f\u00fcr Magistratsdirektor"},"content":{"rendered":"<p><\/p>\n<p>Turbulent ging es heute Vormittag im Klagenfurter Rathaus zu. SP\u00d6 und FP\u00d6 boykottierten den von B\u00fcrgermeister Christian Scheider (Team K\u00e4rnten) einberufenen Sonderstadtsenat. Scheider hatte ja in einer Schnellaktion <a href=\"https:\/\/www.mediapartizan.at\/?p=4833\" target=\"_blank\" rel=\"noreferrer noopener\">die Dienstzeit von Magistratsdirektor Peter Jost per Notfallparagraf um zwei Jahre \u00fcber dessen eigentliches Pensionsantrittsalter verl\u00e4ngert<\/a>. Die anderen Parteien protestierten lautstark gegen Scheiders Entscheidung.<\/p>\n<p><\/p>\n<p><\/p>\n<p>Schon gestern Abend hatte der rechtlich in die Thematik involvierte <a href=\"https:\/\/www.mediapartizan.at\/?p=4833\" target=\"_blank\" rel=\"noreferrer noopener\">Anwalt Christian Puswald erkl\u00e4rt, dass Jost keine Doppelbez\u00fcge erhalte<\/a>. Gegner von Scheiders Aktion hatten gemutma\u00dft, Jost bek\u00e4me eine Doppelgage, n\u00e4mlich Aktivbezug plus Pensionsentgelt. Dem ist offenbar nicht so, wie Jost heute auf Nachfrage von Vizeb\u00fcrgermeister Alois Dolinar (Team K\u00e4rnten) selbst sagte: &#8222;Aufgrund der Vertragsverl\u00e4ngerung&#8220; erhalte er, Jost, &#8222;keine Pension und somit kein derartiges Doppeleinkommen&#8220;, so die Stadt in einer Presseaussendung nach dem Sonderstadtsenat. Auch Puswald war in der Sitzung anwesend.<\/p>\n<p><\/p>\n<p><\/p>\n<p><\/p>\n","protected":false},"excerpt":{"rendered":"<div class=\"mh-excerpt\"><p>SP\u00d6 und FP\u00d6 boykottierten heute den Sonderstadtsenat, der einberufen wurde, weil B\u00fcrgermeister Christian Scheider Magistratsdirektor Peter Jost per Notfallparagraf zwei Jahre \u00fcber das Pensionsalter hinaus dienstverl\u00e4ngerte. Jost erkl\u00e4rte in der Sitzung auf Nachfrage, dass er aufgrund der Vertragsverl\u00e4ngerung keinerlei Doppelbezug erhalte. <a class=\"mh-excerpt-more\" href=\"https:\/\/www.mediapartizan.at\/?p=5001\" title=\"Sonderstadtsenat wegen Jost-Verl\u00e4ngerung: Laut Selbstauskunft kein Doppelbezug f\u00fcr Magistratsdirektor\">[&#8230;]<\/a><\/p>\n<\/div>","protected":false},"author":2,"featured_media":5002,"comment_status":"open","ping_status":"open","sticky":false,"template":"","format":"standard","meta":{"inline_featured_image":false,"_jetpack_memberships_contains_paid_content":false,"footnotes":""},"categories":[143],"tags":[86,156,330,289],"class_list":{"0":"post-5001","1":"post","2":"type-post","3":"status-publish","4":"format-standard","5":"has-post-thumbnail","7":"category-stadt-klagenfurt","8":"tag-christian-scheider","9":"tag-klagenfurt","10":"tag-magistratsdirektor","11":"tag-peter-jost"},"yoast_head":"<!-- This site is optimized with the Yoast SEO plugin v20.10 - https:\/\/yoast.com\/wordpress\/plugins\/seo\/ -->\n<title>Sonderstadtsenat wegen Jost-Verl\u00e4ngerung: Laut Selbstauskunft kein Doppelbezug f\u00fcr Magistratsdirektor - Mediapartizan.at<\/title>\n<meta name=\"robots\" content=\"index, follow, max-snippet:-1, max-image-preview:large, max-video-preview:-1\" \/>\n<link rel=\"canonical\" href=\"https:\/\/www.mediapartizan.at\/?p=5001\" \/>\n<meta property=\"og:locale\" content=\"de_DE\" \/>\n<meta property=\"og:type\" content=\"article\" \/>\n<meta property=\"og:title\" content=\"Sonderstadtsenat wegen Jost-Verl\u00e4ngerung: Laut Selbstauskunft kein Doppelbezug f\u00fcr Magistratsdirektor - Mediapartizan.at\" \/>\n<meta property=\"og:description\" content=\"SP\u00d6 und FP\u00d6 boykottierten heute den Sonderstadtsenat, der einberufen wurde, weil B\u00fcrgermeister Christian Scheider Magistratsdirektor Peter Jost per Notfallparagraf zwei Jahre \u00fcber das Pensionsalter hinaus dienstverl\u00e4ngerte. Jost erkl\u00e4rte in der Sitzung auf Nachfrage, dass er aufgrund der Vertragsverl\u00e4ngerung keinerlei Doppelbezug erhalte. [...]\" \/>\n<meta property=\"og:url\" content=\"https:\/\/www.mediapartizan.at\/?p=5001\" \/>\n<meta property=\"og:site_name\" content=\"Mediapartizan.at\" \/>\n<meta property=\"article:published_time\" content=\"2022-12-23T09:53:46+00:00\" \/>\n<meta property=\"article:modified_time\" content=\"2022-12-23T14:00:22+00:00\" \/>\n<meta property=\"og:image\" content=\"https:\/\/www.mediapartizan.at\/wp-content\/uploads\/2022\/12\/Bildschirmfoto-2022-12-23-um-10.40.15.png\" \/>\n\t<meta property=\"og:image:width\" content=\"1012\" \/>\n\t<meta property=\"og:image:height\" content=\"878\" \/>\n\t<meta property=\"og:image:type\" content=\"image\/png\" \/>\n<meta name=\"author\" content=\"Franz Miklautz\" \/>\n<meta name=\"twitter:card\" content=\"summary_large_image\" \/>\n<meta name=\"twitter:label1\" content=\"Verfasst von\" \/>\n\t<meta name=\"twitter:data1\" content=\"Franz Miklautz\" \/>\n\t<meta name=\"twitter:label2\" content=\"Gesch\u00e4tzte Lesezeit\" \/>\n\t<meta name=\"twitter:data2\" content=\"1\u00a0Minute\" \/>\n<script type=\"application\/ld+json\" class=\"yoast-schema-graph\">{\"@context\":\"https:\/\/schema.org\",\"@graph\":[{\"@type\":\"WebPage\",\"@id\":\"https:\/\/www.mediapartizan.at\/?p=5001\",\"url\":\"https:\/\/www.mediapartizan.at\/?p=5001\",\"name\":\"Sonderstadtsenat wegen Jost-Verl\u00e4ngerung: Laut Selbstauskunft kein Doppelbezug f\u00fcr Magistratsdirektor - Mediapartizan.at\",\"isPartOf\":{\"@id\":\"https:\/\/www.mediapartizan.at\/#website\"},\"datePublished\":\"2022-12-23T09:53:46+00:00\",\"dateModified\":\"2022-12-23T14:00:22+00:00\",\"author\":{\"@id\":\"https:\/\/www.mediapartizan.at\/#\/schema\/person\/f6bd7eb8222f2fe985c78d08f17ed7a9\"},\"breadcrumb\":{\"@id\":\"https:\/\/www.mediapartizan.at\/?p=5001#breadcrumb\"},\"inLanguage\":\"de\",\"potentialAction\":[{\"@type\":\"ReadAction\",\"target\":[\"https:\/\/www.mediapartizan.at\/?p=5001\"]}]},{\"@type\":\"BreadcrumbList\",\"@id\":\"https:\/\/www.mediapartizan.at\/?p=5001#breadcrumb\",\"itemListElement\":[{\"@type\":\"ListItem\",\"position\":1,\"name\":\"Startseite\",\"item\":\"https:\/\/www.mediapartizan.at\/\"},{\"@type\":\"ListItem\",\"position\":2,\"name\":\"Sonderstadtsenat wegen Jost-Verl\u00e4ngerung: Laut Selbstauskunft kein Doppelbezug f\u00fcr Magistratsdirektor\"}]},{\"@type\":\"WebSite\",\"@id\":\"https:\/\/www.mediapartizan.at\/#website\",\"url\":\"https:\/\/www.mediapartizan.at\/\",\"name\":\"Mediapartizan.at\",\"description\":\"\",\"potentialAction\":[{\"@type\":\"SearchAction\",\"target\":{\"@type\":\"EntryPoint\",\"urlTemplate\":\"https:\/\/www.mediapartizan.at\/?s={search_term_string}\"},\"query-input\":\"required name=search_term_string\"}],\"inLanguage\":\"de\"},{\"@type\":\"Person\",\"@id\":\"https:\/\/www.mediapartizan.at\/#\/schema\/person\/f6bd7eb8222f2fe985c78d08f17ed7a9\",\"name\":\"Franz Miklautz\",\"image\":{\"@type\":\"ImageObject\",\"inLanguage\":\"de\",\"@id\":\"https:\/\/www.mediapartizan.at\/#\/schema\/person\/image\/\",\"url\":\"https:\/\/secure.gravatar.com\/avatar\/5618667e9a7ab3fa3e1a0c75987c8d0c111ad041167e738d67ac0846e54e195e?s=96&d=mm&r=g\",\"contentUrl\":\"https:\/\/secure.gravatar.com\/avatar\/5618667e9a7ab3fa3e1a0c75987c8d0c111ad041167e738d67ac0846e54e195e?s=96&d=mm&r=g\",\"caption\":\"Franz Miklautz\"},\"url\":\"https:\/\/www.mediapartizan.at\/?author=2\"}]}<\/script>\n<!-- \/ Yoast SEO plugin. -->","yoast_head_json":{"title":"Sonderstadtsenat wegen Jost-Verl\u00e4ngerung: Laut Selbstauskunft kein Doppelbezug f\u00fcr Magistratsdirektor - Mediapartizan.at","robots":{"index":"index","follow":"follow","max-snippet":"max-snippet:-1","max-image-preview":"max-image-preview:large","max-video-preview":"max-video-preview:-1"},"canonical":"https:\/\/www.mediapartizan.at\/?p=5001","og_locale":"de_DE","og_type":"article","og_title":"Sonderstadtsenat wegen Jost-Verl\u00e4ngerung: Laut Selbstauskunft kein Doppelbezug f\u00fcr Magistratsdirektor - Mediapartizan.at","og_description":"SP\u00d6 und FP\u00d6 boykottierten heute den Sonderstadtsenat, der einberufen wurde, weil B\u00fcrgermeister Christian Scheider Magistratsdirektor Peter Jost per Notfallparagraf zwei Jahre \u00fcber das Pensionsalter hinaus dienstverl\u00e4ngerte. Jost erkl\u00e4rte in der Sitzung auf Nachfrage, dass er aufgrund der Vertragsverl\u00e4ngerung keinerlei Doppelbezug erhalte. [...]","og_url":"https:\/\/www.mediapartizan.at\/?p=5001","og_site_name":"Mediapartizan.at","article_published_time":"2022-12-23T09:53:46+00:00","article_modified_time":"2022-12-23T14:00:22+00:00","og_image":[{"width":1012,"height":878,"url":"https:\/\/www.mediapartizan.at\/wp-content\/uploads\/2022\/12\/Bildschirmfoto-2022-12-23-um-10.40.15.png","type":"image\/png"}],"author":"Franz Miklautz","twitter_card":"summary_large_image","twitter_misc":{"Verfasst von":"Franz Miklautz","Gesch\u00e4tzte Lesezeit":"1\u00a0Minute"},"schema":{"@context":"https:\/\/schema.org","@graph":[{"@type":"WebPage","@id":"https:\/\/www.mediapartizan.at\/?p=5001","url":"https:\/\/www.mediapartizan.at\/?p=5001","name":"Sonderstadtsenat wegen Jost-Verl\u00e4ngerung: Laut Selbstauskunft kein Doppelbezug f\u00fcr Magistratsdirektor - Mediapartizan.at","isPartOf":{"@id":"https:\/\/www.mediapartizan.at\/#website"},"datePublished":"2022-12-23T09:53:46+00:00","dateModified":"2022-12-23T14:00:22+00:00","author":{"@id":"https:\/\/www.mediapartizan.at\/#\/schema\/person\/f6bd7eb8222f2fe985c78d08f17ed7a9"},"breadcrumb":{"@id":"https:\/\/www.mediapartizan.at\/?p=5001#breadcrumb"},"inLanguage":"de","potentialAction":[{"@type":"ReadAction","target":["https:\/\/www.mediapartizan.at\/?p=5001"]}]},{"@type":"BreadcrumbList","@id":"https:\/\/www.mediapartizan.at\/?p=5001#breadcrumb","itemListElement":[{"@type":"ListItem","position":1,"name":"Startseite","item":"https:\/\/www.mediapartizan.at\/"},{"@type":"ListItem","position":2,"name":"Sonderstadtsenat wegen Jost-Verl\u00e4ngerung: Laut Selbstauskunft kein Doppelbezug f\u00fcr Magistratsdirektor"}]},{"@type":"WebSite","@id":"https:\/\/www.mediapartizan.at\/#website","url":"https:\/\/www.mediapartizan.at\/","name":"Mediapartizan.at","description":"","potentialAction":[{"@type":"SearchAction","target":{"@type":"EntryPoint","urlTemplate":"https:\/\/www.mediapartizan.at\/?s={search_term_string}"},"query-input":"required name=search_term_string"}],"inLanguage":"de"},{"@type":"Person","@id":"https:\/\/www.mediapartizan.at\/#\/schema\/person\/f6bd7eb8222f2fe985c78d08f17ed7a9","name":"Franz Miklautz","image":{"@type":"ImageObject","inLanguage":"de","@id":"https:\/\/www.mediapartizan.at\/#\/schema\/person\/image\/","url":"https:\/\/secure.gravatar.com\/avatar\/5618667e9a7ab3fa3e1a0c75987c8d0c111ad041167e738d67ac0846e54e195e?s=96&d=mm&r=g","contentUrl":"https:\/\/secure.gravatar.com\/avatar\/5618667e9a7ab3fa3e1a0c75987c8d0c111ad041167e738d67ac0846e54e195e?s=96&d=mm&r=g","caption":"Franz Miklautz"},"url":"https:\/\/www.mediapartizan.at\/?author=2"}]}},"jetpack_featured_media_url":"https:\/\/i0.wp.com\/www.mediapartizan.at\/wp-content\/uploads\/2022\/12\/Bildschirmfoto-2022-12-23-um-10.40.15.png?fit=1012%2C878&ssl=1","jetpack_sharing_enabled":true,"_links":{"self":[{"href":"https:\/\/www.mediapartizan.at\/index.php?rest_route=\/wp\/v2\/posts\/5001","targetHints":{"allow":["GET"]}}],"collection":[{"href":"https:\/\/www.mediapartizan.at\/index.php?rest_route=\/wp\/v2\/posts"}],"about":[{"href":"https:\/\/www.mediapartizan.at\/index.php?rest_route=\/wp\/v2\/types\/post"}],"author":[{"embeddable":true,"href":"https:\/\/www.mediapartizan.at\/index.php?rest_route=\/wp\/v2\/users\/2"}],"replies":[{"embeddable":true,"href":"https:\/\/www.mediapartizan.at\/index.php?rest_route=%2Fwp%2Fv2%2Fcomments&post=5001"}],"version-history":[{"count":3,"href":"https:\/\/www.mediapartizan.at\/index.php?rest_route=\/wp\/v2\/posts\/5001\/revisions"}],"predecessor-version":[{"id":5006,"href":"https:\/\/www.mediapartizan.at\/index.php?rest_route=\/wp\/v2\/posts\/5001\/revisions\/5006"}],"wp:featuredmedia":[{"embeddable":true,"href":"https:\/\/www.mediapartizan.at\/index.php?rest_route=\/wp\/v2\/media\/5002"}],"wp:attachment":[{"href":"https:\/\/www.mediapartizan.at\/index.php?rest_route=%2Fwp%2Fv2%2Fmedia&parent=5001"}],"wp:term":[{"taxonomy":"category","embeddable":true,"href":"https:\/\/www.mediapartizan.at\/index.php?rest_route=%2Fwp%2Fv2%2Fcategories&post=5001"},{"taxonomy":"post_tag","embeddable":true,"href":"https:\/\/www.mediapartizan.at\/index.php?rest_route=%2Fwp%2Fv2%2Ftags&post=5001"}],"curies":[{"name":"wp","href":"https:\/\/api.w.org\/{rel}","templated":true}]}}