{"id":5141,"date":"2023-01-05T21:52:02","date_gmt":"2023-01-05T20:52:02","guid":{"rendered":"https:\/\/www.mediapartizan.at\/?p=5141"},"modified":"2023-01-06T10:35:33","modified_gmt":"2023-01-06T09:35:33","slug":"die-nullnummer-kaserne","status":"publish","type":"post","link":"https:\/\/www.mediapartizan.at\/?p=5141","title":{"rendered":"Die umjubelte Blindg\u00e4nger-Kaserne"},"content":{"rendered":"<p><\/p>\n<p>Es ist kein Jahr her, dass die K\u00e4rntner Landespolitik sich im Hurra-Jubel \u00fcber eine geplante Gro\u00dfkaserne am Flughafen Klagenfurt ergo\u00df. Der Pressesprecher des K\u00e4rntner SP\u00d6-Landeshauptmanns Andreas Sch\u00e4fermeier erkl\u00e4rte die Pl\u00e4ne zur Kaserne schon als unterschriftsreif und forderte, dass \u00fcber den Deal, bei dem es um kolportierte 120 Millionen Euro an Steuergeldern gegangen sein soll, Informationen nicht bis zum Steuerzahler gelangen sollten. <\/p>\n<p><\/p>\n<p><\/p>\n<p>Jetzt steht K\u00e4rnten leer da. Wie die &#8222;Kleine Zeitung&#8220; gestern berichtete, wird es die Kaserne nicht geben. Das Verteidigungsministerium (BMLV) hat offenbar einen R\u00fcckzieher gemacht. Die Gro\u00dfkaserne, die auf nicht einmal zehn Hektar Grund der nicht betriebsnotwendigen Liegenschaften des Flughafen Klagenfurt h\u00e4tte errichtet werden sollen, kommt nicht. <\/p>\n<p><\/p>\n<p><\/p>\n<p>Da trifft es sich, Einsicht in ein vertrauliches Protokoll vom Februar 2022 zu nehmen, in dem Dieter Kandhofer eine wesentliche Rolle spielt. Kandlhofer war bis Mitte 2022 m\u00e4chtiger Generalsekret\u00e4r im BMLV. Die Nummer zwei hinter Verteidigungsministerin Klaudia Tanner (\u00d6VP). In dieser Rolle forcierte er den Bau der besagten Gro\u00dfkaserne am Klagenfurter Flughafen. Den Auftrag zur Errichtung der Kaserne sollte sein Gesch\u00e4ftspartner Franz Peter Orasch bekommen &#8211; Lilihill-Chef und Mehrheitseigent\u00fcmer am Flughafen Klagenfurt. Kandlhofer hatte zur gleichen Zeit eine gemeinsame Firma mit Orasch: Die Hydrotaurus C Tech GmbH. Kandlhofer hielt damals 2,5 Prozent der Firma, Orasch 87,5 (die restlichen zehn Prozent geh\u00f6rten einer dritten Person).<\/p>\n<p><\/p>\n<p><\/p>\n<p>Folgend ein Faksimile des vertraulichen Protokolls. Die &#8222;LAC&#8220; ist eine Gesellschaft Oraschs.<\/p>\n<p><\/p>\n<p><\/p>\n<figure class=\"wp-block-image aligncenter size-large is-resized\"><img data-recalc-dims=\"1\" loading=\"lazy\" decoding=\"async\" src=\"https:\/\/i0.wp.com\/www.mediapartizan.at\/wp-content\/uploads\/2023\/01\/Protokoll1.jpg?resize=831%2C196&#038;ssl=1\" alt=\"\" class=\"wp-image-5142\" width=\"831\" height=\"196\" srcset=\"https:\/\/i0.wp.com\/www.mediapartizan.at\/wp-content\/uploads\/2023\/01\/Protokoll1-scaled.jpg?resize=1024%2C242&amp;ssl=1 1024w, https:\/\/i0.wp.com\/www.mediapartizan.at\/wp-content\/uploads\/2023\/01\/Protokoll1-scaled.jpg?resize=300%2C71&amp;ssl=1 300w, https:\/\/i0.wp.com\/www.mediapartizan.at\/wp-content\/uploads\/2023\/01\/Protokoll1-scaled.jpg?resize=768%2C182&amp;ssl=1 768w, https:\/\/i0.wp.com\/www.mediapartizan.at\/wp-content\/uploads\/2023\/01\/Protokoll1-scaled.jpg?resize=1536%2C364&amp;ssl=1 1536w, https:\/\/i0.wp.com\/www.mediapartizan.at\/wp-content\/uploads\/2023\/01\/Protokoll1-scaled.jpg?resize=2048%2C485&amp;ssl=1 2048w\" sizes=\"auto, (max-width: 831px) 100vw, 831px\" \/><\/figure>\n<p><\/p>\n<p><\/p>\n<p>Kandlhofer ist 2022 aus dem BMLV ausgeschieden. Ob die schiefe Optik seiner gemeinsamen Firma mit Orasch eine Rolle bei seinem Abgang spielte, ist nicht bekannt. Nun werkt Kandlhofer seit September f\u00fcr Orasch. <a href=\"https:\/\/www.mediapartizan.at\/?p=5110\" target=\"_blank\" rel=\"noreferrer noopener\">Er ist Gesch\u00e4ftsf\u00fchrer der frisch gegr\u00fcndeten Liliair<\/a>. Zusammen mit seinem Firmenpartner Orasch, der ebenfalls Gesch\u00e4ftsf\u00fchrer der Airline ist. <\/p>\n<p><\/p>\n<p><\/p>\n<p>Das Protokoll in besagtem Februar 2022 hat Kandlhofer unterschrieben. Orasch auch. Wie auch die beiden B\u00fcroleiter von Kaiser und Landesrat Martin Gruber (\u00d6VP). Bleibt die Frage, warum die Kaserne, \u00fcber die gejubelt wurde, nicht kommt? Und ob das mit dem Abgang Kandlhofers aus dem BMLV zu tun hat? <\/p>\n<p><\/p>\n","protected":false},"excerpt":{"rendered":"<div class=\"mh-excerpt\"><p>Mit der Absage des Verteidigungsministeriums an die geplante Gro\u00dfkaserne am Klagenfurter Flughafen, geraten erneut vertrauliche Dokumente in den Blickpunkt, in denen der vormalige Generalsekret\u00e4r des Ministeriums, Dieter Kandlhofer, eine Rolle bei der Planung der Kaserne spielte. Und das w\u00e4hrend er eine Firma mit Flughafen-Investor Orasch besa\u00df.   <a class=\"mh-excerpt-more\" href=\"https:\/\/www.mediapartizan.at\/?p=5141\" title=\"Die umjubelte Blindg\u00e4nger-Kaserne\">[&#8230;]<\/a><\/p>\n<\/div>","protected":false},"author":2,"featured_media":5142,"comment_status":"open","ping_status":"open","sticky":false,"template":"","format":"standard","meta":{"inline_featured_image":false,"_jetpack_memberships_contains_paid_content":false,"footnotes":""},"categories":[166],"tags":[267,167,169,168,112,118],"class_list":{"0":"post-5141","1":"post","2":"type-post","3":"status-publish","4":"format-standard","5":"has-post-thumbnail","7":"category-flughafen-klagenfurt","8":"tag-dieter-kandlhofer","9":"tag-flughafen-klagenfurt","10":"tag-franz-peter-orasch","11":"tag-lilihill","12":"tag-spoe","13":"tag-stadt-klagenfurt"},"yoast_head":"<!-- This site is optimized with the Yoast SEO plugin v20.10 - https:\/\/yoast.com\/wordpress\/plugins\/seo\/ -->\n<title>Die umjubelte Blindg\u00e4nger-Kaserne - Mediapartizan.at<\/title>\n<meta name=\"robots\" content=\"index, follow, max-snippet:-1, max-image-preview:large, max-video-preview:-1\" \/>\n<link rel=\"canonical\" href=\"https:\/\/www.mediapartizan.at\/?p=5141\" \/>\n<meta property=\"og:locale\" content=\"de_DE\" \/>\n<meta property=\"og:type\" content=\"article\" \/>\n<meta property=\"og:title\" content=\"Die umjubelte Blindg\u00e4nger-Kaserne - Mediapartizan.at\" \/>\n<meta property=\"og:description\" content=\"Mit der Absage des Verteidigungsministeriums an die geplante Gro\u00dfkaserne am Klagenfurter Flughafen, geraten erneut vertrauliche Dokumente in den Blickpunkt, in denen der vormalige Generalsekret\u00e4r des Ministeriums, Dieter Kandlhofer, eine Rolle bei der Planung der Kaserne spielte. Und das w\u00e4hrend er eine Firma mit Flughafen-Investor Orasch besa\u00df.  [...]\" \/>\n<meta property=\"og:url\" content=\"https:\/\/www.mediapartizan.at\/?p=5141\" \/>\n<meta property=\"og:site_name\" content=\"Mediapartizan.at\" \/>\n<meta property=\"article:published_time\" content=\"2023-01-05T20:52:02+00:00\" \/>\n<meta property=\"article:modified_time\" content=\"2023-01-06T09:35:33+00:00\" \/>\n<meta property=\"og:image\" content=\"https:\/\/www.mediapartizan.at\/wp-content\/uploads\/2023\/01\/Protokoll1-scaled.jpg\" \/>\n\t<meta property=\"og:image:width\" content=\"2560\" \/>\n\t<meta property=\"og:image:height\" content=\"606\" \/>\n\t<meta property=\"og:image:type\" content=\"image\/jpeg\" \/>\n<meta name=\"author\" content=\"Franz Miklautz\" \/>\n<meta name=\"twitter:card\" content=\"summary_large_image\" \/>\n<meta name=\"twitter:label1\" content=\"Verfasst von\" \/>\n\t<meta name=\"twitter:data1\" content=\"Franz Miklautz\" \/>\n\t<meta name=\"twitter:label2\" content=\"Gesch\u00e4tzte Lesezeit\" \/>\n\t<meta name=\"twitter:data2\" content=\"2\u00a0Minuten\" \/>\n<script type=\"application\/ld+json\" class=\"yoast-schema-graph\">{\"@context\":\"https:\/\/schema.org\",\"@graph\":[{\"@type\":\"WebPage\",\"@id\":\"https:\/\/www.mediapartizan.at\/?p=5141\",\"url\":\"https:\/\/www.mediapartizan.at\/?p=5141\",\"name\":\"Die umjubelte Blindg\u00e4nger-Kaserne - Mediapartizan.at\",\"isPartOf\":{\"@id\":\"https:\/\/www.mediapartizan.at\/#website\"},\"datePublished\":\"2023-01-05T20:52:02+00:00\",\"dateModified\":\"2023-01-06T09:35:33+00:00\",\"author\":{\"@id\":\"https:\/\/www.mediapartizan.at\/#\/schema\/person\/f6bd7eb8222f2fe985c78d08f17ed7a9\"},\"breadcrumb\":{\"@id\":\"https:\/\/www.mediapartizan.at\/?p=5141#breadcrumb\"},\"inLanguage\":\"de\",\"potentialAction\":[{\"@type\":\"ReadAction\",\"target\":[\"https:\/\/www.mediapartizan.at\/?p=5141\"]}]},{\"@type\":\"BreadcrumbList\",\"@id\":\"https:\/\/www.mediapartizan.at\/?p=5141#breadcrumb\",\"itemListElement\":[{\"@type\":\"ListItem\",\"position\":1,\"name\":\"Startseite\",\"item\":\"https:\/\/www.mediapartizan.at\/\"},{\"@type\":\"ListItem\",\"position\":2,\"name\":\"Die umjubelte Blindg\u00e4nger-Kaserne\"}]},{\"@type\":\"WebSite\",\"@id\":\"https:\/\/www.mediapartizan.at\/#website\",\"url\":\"https:\/\/www.mediapartizan.at\/\",\"name\":\"Mediapartizan.at\",\"description\":\"\",\"potentialAction\":[{\"@type\":\"SearchAction\",\"target\":{\"@type\":\"EntryPoint\",\"urlTemplate\":\"https:\/\/www.mediapartizan.at\/?s={search_term_string}\"},\"query-input\":\"required name=search_term_string\"}],\"inLanguage\":\"de\"},{\"@type\":\"Person\",\"@id\":\"https:\/\/www.mediapartizan.at\/#\/schema\/person\/f6bd7eb8222f2fe985c78d08f17ed7a9\",\"name\":\"Franz Miklautz\",\"image\":{\"@type\":\"ImageObject\",\"inLanguage\":\"de\",\"@id\":\"https:\/\/www.mediapartizan.at\/#\/schema\/person\/image\/\",\"url\":\"https:\/\/secure.gravatar.com\/avatar\/5618667e9a7ab3fa3e1a0c75987c8d0c111ad041167e738d67ac0846e54e195e?s=96&d=mm&r=g\",\"contentUrl\":\"https:\/\/secure.gravatar.com\/avatar\/5618667e9a7ab3fa3e1a0c75987c8d0c111ad041167e738d67ac0846e54e195e?s=96&d=mm&r=g\",\"caption\":\"Franz Miklautz\"},\"url\":\"https:\/\/www.mediapartizan.at\/?author=2\"}]}<\/script>\n<!-- \/ Yoast SEO plugin. -->","yoast_head_json":{"title":"Die umjubelte Blindg\u00e4nger-Kaserne - Mediapartizan.at","robots":{"index":"index","follow":"follow","max-snippet":"max-snippet:-1","max-image-preview":"max-image-preview:large","max-video-preview":"max-video-preview:-1"},"canonical":"https:\/\/www.mediapartizan.at\/?p=5141","og_locale":"de_DE","og_type":"article","og_title":"Die umjubelte Blindg\u00e4nger-Kaserne - Mediapartizan.at","og_description":"Mit der Absage des Verteidigungsministeriums an die geplante Gro\u00dfkaserne am Klagenfurter Flughafen, geraten erneut vertrauliche Dokumente in den Blickpunkt, in denen der vormalige Generalsekret\u00e4r des Ministeriums, Dieter Kandlhofer, eine Rolle bei der Planung der Kaserne spielte. Und das w\u00e4hrend er eine Firma mit Flughafen-Investor Orasch besa\u00df.  [...]","og_url":"https:\/\/www.mediapartizan.at\/?p=5141","og_site_name":"Mediapartizan.at","article_published_time":"2023-01-05T20:52:02+00:00","article_modified_time":"2023-01-06T09:35:33+00:00","og_image":[{"width":2560,"height":606,"url":"https:\/\/www.mediapartizan.at\/wp-content\/uploads\/2023\/01\/Protokoll1-scaled.jpg","type":"image\/jpeg"}],"author":"Franz Miklautz","twitter_card":"summary_large_image","twitter_misc":{"Verfasst von":"Franz Miklautz","Gesch\u00e4tzte Lesezeit":"2\u00a0Minuten"},"schema":{"@context":"https:\/\/schema.org","@graph":[{"@type":"WebPage","@id":"https:\/\/www.mediapartizan.at\/?p=5141","url":"https:\/\/www.mediapartizan.at\/?p=5141","name":"Die umjubelte Blindg\u00e4nger-Kaserne - Mediapartizan.at","isPartOf":{"@id":"https:\/\/www.mediapartizan.at\/#website"},"datePublished":"2023-01-05T20:52:02+00:00","dateModified":"2023-01-06T09:35:33+00:00","author":{"@id":"https:\/\/www.mediapartizan.at\/#\/schema\/person\/f6bd7eb8222f2fe985c78d08f17ed7a9"},"breadcrumb":{"@id":"https:\/\/www.mediapartizan.at\/?p=5141#breadcrumb"},"inLanguage":"de","potentialAction":[{"@type":"ReadAction","target":["https:\/\/www.mediapartizan.at\/?p=5141"]}]},{"@type":"BreadcrumbList","@id":"https:\/\/www.mediapartizan.at\/?p=5141#breadcrumb","itemListElement":[{"@type":"ListItem","position":1,"name":"Startseite","item":"https:\/\/www.mediapartizan.at\/"},{"@type":"ListItem","position":2,"name":"Die umjubelte Blindg\u00e4nger-Kaserne"}]},{"@type":"WebSite","@id":"https:\/\/www.mediapartizan.at\/#website","url":"https:\/\/www.mediapartizan.at\/","name":"Mediapartizan.at","description":"","potentialAction":[{"@type":"SearchAction","target":{"@type":"EntryPoint","urlTemplate":"https:\/\/www.mediapartizan.at\/?s={search_term_string}"},"query-input":"required name=search_term_string"}],"inLanguage":"de"},{"@type":"Person","@id":"https:\/\/www.mediapartizan.at\/#\/schema\/person\/f6bd7eb8222f2fe985c78d08f17ed7a9","name":"Franz Miklautz","image":{"@type":"ImageObject","inLanguage":"de","@id":"https:\/\/www.mediapartizan.at\/#\/schema\/person\/image\/","url":"https:\/\/secure.gravatar.com\/avatar\/5618667e9a7ab3fa3e1a0c75987c8d0c111ad041167e738d67ac0846e54e195e?s=96&d=mm&r=g","contentUrl":"https:\/\/secure.gravatar.com\/avatar\/5618667e9a7ab3fa3e1a0c75987c8d0c111ad041167e738d67ac0846e54e195e?s=96&d=mm&r=g","caption":"Franz Miklautz"},"url":"https:\/\/www.mediapartizan.at\/?author=2"}]}},"jetpack_featured_media_url":"https:\/\/i0.wp.com\/www.mediapartizan.at\/wp-content\/uploads\/2023\/01\/Protokoll1-scaled.jpg?fit=2560%2C606&ssl=1","jetpack_sharing_enabled":true,"_links":{"self":[{"href":"https:\/\/www.mediapartizan.at\/index.php?rest_route=\/wp\/v2\/posts\/5141","targetHints":{"allow":["GET"]}}],"collection":[{"href":"https:\/\/www.mediapartizan.at\/index.php?rest_route=\/wp\/v2\/posts"}],"about":[{"href":"https:\/\/www.mediapartizan.at\/index.php?rest_route=\/wp\/v2\/types\/post"}],"author":[{"embeddable":true,"href":"https:\/\/www.mediapartizan.at\/index.php?rest_route=\/wp\/v2\/users\/2"}],"replies":[{"embeddable":true,"href":"https:\/\/www.mediapartizan.at\/index.php?rest_route=%2Fwp%2Fv2%2Fcomments&post=5141"}],"version-history":[{"count":6,"href":"https:\/\/www.mediapartizan.at\/index.php?rest_route=\/wp\/v2\/posts\/5141\/revisions"}],"predecessor-version":[{"id":5152,"href":"https:\/\/www.mediapartizan.at\/index.php?rest_route=\/wp\/v2\/posts\/5141\/revisions\/5152"}],"wp:featuredmedia":[{"embeddable":true,"href":"https:\/\/www.mediapartizan.at\/index.php?rest_route=\/wp\/v2\/media\/5142"}],"wp:attachment":[{"href":"https:\/\/www.mediapartizan.at\/index.php?rest_route=%2Fwp%2Fv2%2Fmedia&parent=5141"}],"wp:term":[{"taxonomy":"category","embeddable":true,"href":"https:\/\/www.mediapartizan.at\/index.php?rest_route=%2Fwp%2Fv2%2Fcategories&post=5141"},{"taxonomy":"post_tag","embeddable":true,"href":"https:\/\/www.mediapartizan.at\/index.php?rest_route=%2Fwp%2Fv2%2Ftags&post=5141"}],"curies":[{"name":"wp","href":"https:\/\/api.w.org\/{rel}","templated":true}]}}