{"id":5343,"date":"2023-02-09T18:21:03","date_gmt":"2023-02-09T17:21:03","guid":{"rendered":"https:\/\/www.mediapartizan.at\/?p=5343"},"modified":"2023-02-10T16:59:52","modified_gmt":"2023-02-10T15:59:52","slug":"krimi-um-peter-jost-gemeinderat-mit-hauchduenner-mehrheit-gegen-verlaengerung-des-magistratsdirektors-ueber-pension-hinaus","status":"publish","type":"post","link":"https:\/\/www.mediapartizan.at\/?p=5343","title":{"rendered":"Krimi um Peter Jost: Gemeinderat mit hauchd\u00fcnner Mehrheit gegen Verl\u00e4ngerung des Magistratsdirektors \u00fcber Pension hinaus"},"content":{"rendered":"<p><\/p>\n<p>Es hatte zuerst schon so ausgesehen, dass angesagte Revolutionen nicht stattfinden. Im Dezember noch hatten sich SP\u00d6, FP\u00d6, Gr\u00fcne und Neos gegen die umstrittene Weiterbesch\u00e4ftigung von Magistratsdirektor Peter Jost \u00fcber dessen Pensionsalter hinaus ausgesprochen. Man k\u00f6nnte sagen, damals waren 27 Mandatare gegen Josts weiteres Engagement. Nur die B\u00fcrgermeisterpartei von Christian Scheider (Team K\u00e4rnten) und die \u00d6VP waren pro Scheiders \u00a773-Entscheidung, Jost f\u00fcr zwei Jahre &#8211; bis 67 &#8211; dienstzuverl\u00e4ngern. Team K\u00e4rnten und \u00d6VP w\u00e4ren zusammen 18 gewesen. Also in der Minderheit. <\/p>\n<p><\/p>\n<p><\/p>\n<p>Scheider hatte sozusagen Gefahr im Verzug als Begr\u00fcndung f\u00fcr Josts verl\u00e4ngertes Gastspiel angemeldet. In einer in Sachen Glaubw\u00fcrdigkeit holprigen Geschichte. Jost habe von einem Tag auf den anderen k\u00fcndigen wollen und der Magistrat w\u00e4re dann ohne innere F\u00fchrung dagestanden. Weshalb er ihn f\u00fcr zwei Jahre verl\u00e4ngern habe m\u00fcssen. Pulitzerpreis-verd\u00e4chtig war die Begr\u00fcndung nicht.<\/p>\n<p><\/p>\n<p><\/p>\n<p><strong>Heute Showdown um Josts Verl\u00e4ngerung<\/strong><\/p>\n<p><\/p>\n<p><\/p>\n<p>Seit Dezember schmolz jedoch die von der SP\u00d6 angef\u00fchrte Mehrheit dahin. Am Dienstag war etwa davon die Rede, dass die Mehrheit gegen Jost kippen w\u00fcrde. Unter anderem weil mindestens zwei FP\u00d6-Gemeinder\u00e4te, Wolfgang Germ und Johann Rebernig, sich hinter Scheider und Jost versammelten. Zudem war Thema, dass die Gr\u00fcnen sich dem Dringlichkeitsantrag der SP\u00d6 nicht anschlie\u00dfen wollten &#8211; ohne jedoch damit eine Aussage dar\u00fcber zu treffen, ob sie f\u00fcr oder gegen Josts Verl\u00e4ngerung sind. Den Gr\u00fcnen war zu viel Wahlkampf im SP\u00d6-Antrag.  <\/p>\n<p><\/p>\n<p><\/p>\n<p>Im heutigen Gemeinderat drehte sich das Bild dann jedoch abermals. Das Votum: 23:22 gegen den Verbleib von Jost \u00fcber die Pension hinaus. Scheider muss damit seine Entscheidung r\u00fcckg\u00e4ngig machen, dazu noch die Stelle neu ausschreiben, seine Entscheidung rechtlich aufrollen und darf f\u00fcr Beratungskosten diesbez\u00fcglich so gut wie nichts selbst\u00e4ndig ausgeben.<\/p>\n<p><\/p>\n<p><\/p>\n<p><strong>Liesnig entscheidet Match f\u00fcr sich<\/strong><\/p>\n<p><\/p>\n<p><\/p>\n<p>Damit steht die SP\u00d6 &#8211; vorerst &#8211; als Sieger in der &#8222;Causa Jost II&#8220; da, wie sie von den Roten genannt wurde. Deren Vizeb\u00fcrgermeister Philipp Liesnig hatte alles auf eine Karte gesetzt, was ihm im Rathaus angeblich nicht nur Pluspunkte bringt. Liesnig habe viele Baustellen aufgerissen. Obwohl er daf\u00fcr bekannt ist, Risiko nicht zu scheuen, sagen seine Gegner, dass dies dem Wahlkampf geschuldet sei. <\/p>\n<p><\/p>\n<p><\/p>\n<p><strong>Kampf noch nicht gewonnen<\/strong><\/p>\n<p><\/p>\n<p><\/p>\n<p>Doch auch Scheider wird nicht aufgeben und ist als Steher bekannt, was er sp\u00e4testens bei seinem Sieg gegen die SP\u00d6-B\u00fcrgermeisterin Maria-Luise Mathiaschitz bewiesen hat. Jetzt kommt es darauf an, wie die Gemeindeaufsicht des Landes K\u00e4rnten urteilt. Dort liegt eine Aufsichtsbeschwerde \u00fcber die Verl\u00e4ngerung Josts per Notfallparagraf 73. Die SP\u00d6 ist aber der Meinung, dass Scheider diesen Notfallparagraf nicht anwenden h\u00e4tte d\u00fcrfen. Das sagt auch FP\u00d6-Klubobmann Andreas Skorianz, er ist selbst Jurist. <\/p>\n<p><\/p>\n<p><\/p>\n<p>Sollte aber das Gegenteil der Fall sein, steigt Jost wie der Ph\u00f6nix aus der Asche empor. Was nicht das erste Mal w\u00e4re. <\/p>\n<p><\/p>\n<p><\/p>\n<p><strong>Herzeg und Liesnig<\/strong><\/p>\n<p><\/p>\n<p><\/p>\n<p>Die Abstimmung in dieser Form d\u00fcrfte erst ein Antrag von Neos-Chef Janos Juvan m\u00f6glich gemacht haben. Das Votum erfolgte n\u00e4mlich geheim. Gut vorstellbar, dass es deshalb einen hauchd\u00fcnnen Vorsprung gegen die Weiterbesch\u00e4ftigung gegeben hat. Vor den Toren der Stadt steht nun angeblich Christoph Herzeg. Er ist derzeit Magistratsdirektor in Villach und wird als SP\u00d6-nahe gehandelt. Herzeg hatte zwar \u00f6ffentlich bekundet, kein Interesse am Magistratsdirektor-Posten in Klagenfurt zu haben. Das k\u00f6nnte aber auch Gepl\u00e4nkel oder die Strategie der SP\u00d6 sein. Sollte er sich f\u00fcr Josts Job bewerben, bef\u00fcrchten interne Kreise im Magistrat Klagenfurt eine Phalanx zwischen Liesnig und Herzeg. Die Beiden soll ein sehr guter privater Kontakt verbinden. Womit Liesnig im Duo mit Herzeg wohl eine Art Hausmacht begr\u00fcnden k\u00f6nnte, so die Bef\u00fcrchtung von Vertretern anderer Parteien. Dritter im Bunde, so wird geargw\u00f6hnt, soll J\u00fcrgen Dumpelnik als kommender Holding-Chef werden, in der die Beteiligungen der Stadt zusammengefasst werden sollen. Auch Dumpelnik ist enger Vertrauter von Liesnig. <\/p>\n<p><\/p>\n<p><\/p>\n<p><\/p>\n","protected":false},"excerpt":{"rendered":"<div class=\"mh-excerpt\"><p>Das Match SP\u00d6 gegen die B\u00fcrgermeisterpartei Team K\u00e4rnten ging heute hauchd\u00fcnn an die Roten. Und an die FP\u00d6 und die Neos. Scheider muss Jost-Verl\u00e4ngerung r\u00fcckg\u00e4ngig machen. Das ist ein herber R\u00fcckschlag. Doch die Sache ist noch nicht ausgestanden. Die Gemeindeaufsicht ist noch am Wort. Und Liesnig d\u00fcrfte eifrig an seinem eigenen Machtapparat arbeiten. <a class=\"mh-excerpt-more\" href=\"https:\/\/www.mediapartizan.at\/?p=5343\" title=\"Krimi um Peter Jost: Gemeinderat mit hauchd\u00fcnner Mehrheit gegen Verl\u00e4ngerung des Magistratsdirektors \u00fcber Pension hinaus\">[&#8230;]<\/a><\/p>\n<\/div>","protected":false},"author":2,"featured_media":5344,"comment_status":"open","ping_status":"open","sticky":false,"template":"","format":"standard","meta":{"inline_featured_image":false,"_jetpack_memberships_contains_paid_content":false,"footnotes":""},"categories":[143],"tags":[86,344,289,203],"class_list":{"0":"post-5343","1":"post","2":"type-post","3":"status-publish","4":"format-standard","5":"has-post-thumbnail","7":"category-stadt-klagenfurt","8":"tag-christian-scheider","9":"tag-magistrat","10":"tag-peter-jost","11":"tag-philipp-liesnig"},"yoast_head":"<!-- This site is optimized with the Yoast SEO plugin v20.10 - https:\/\/yoast.com\/wordpress\/plugins\/seo\/ -->\n<title>Krimi um Peter Jost: Gemeinderat mit hauchd\u00fcnner Mehrheit gegen Verl\u00e4ngerung des Magistratsdirektors \u00fcber Pension hinaus - Mediapartizan.at<\/title>\n<meta name=\"robots\" content=\"index, follow, max-snippet:-1, max-image-preview:large, max-video-preview:-1\" \/>\n<link rel=\"canonical\" href=\"https:\/\/www.mediapartizan.at\/?p=5343\" \/>\n<meta property=\"og:locale\" content=\"de_DE\" \/>\n<meta property=\"og:type\" content=\"article\" \/>\n<meta property=\"og:title\" content=\"Krimi um Peter Jost: Gemeinderat mit hauchd\u00fcnner Mehrheit gegen Verl\u00e4ngerung des Magistratsdirektors \u00fcber Pension hinaus - Mediapartizan.at\" \/>\n<meta property=\"og:description\" content=\"Das Match SP\u00d6 gegen die B\u00fcrgermeisterpartei Team K\u00e4rnten ging heute hauchd\u00fcnn an die Roten. Und an die FP\u00d6 und die Neos. Scheider muss Jost-Verl\u00e4ngerung r\u00fcckg\u00e4ngig machen. Das ist ein herber R\u00fcckschlag. Doch die Sache ist noch nicht ausgestanden. Die Gemeindeaufsicht ist noch am Wort. Und Liesnig d\u00fcrfte eifrig an seinem eigenen Machtapparat arbeiten. [...]\" \/>\n<meta property=\"og:url\" content=\"https:\/\/www.mediapartizan.at\/?p=5343\" \/>\n<meta property=\"og:site_name\" content=\"Mediapartizan.at\" \/>\n<meta property=\"article:published_time\" content=\"2023-02-09T17:21:03+00:00\" \/>\n<meta property=\"article:modified_time\" content=\"2023-02-10T15:59:52+00:00\" \/>\n<meta property=\"og:image\" content=\"https:\/\/www.mediapartizan.at\/wp-content\/uploads\/2023\/02\/IMG_20230209_145834-scaled.jpg\" \/>\n\t<meta property=\"og:image:width\" content=\"2560\" \/>\n\t<meta property=\"og:image:height\" content=\"1920\" \/>\n\t<meta property=\"og:image:type\" content=\"image\/jpeg\" \/>\n<meta name=\"author\" content=\"Franz Miklautz\" \/>\n<meta name=\"twitter:card\" content=\"summary_large_image\" \/>\n<meta name=\"twitter:label1\" content=\"Verfasst von\" \/>\n\t<meta name=\"twitter:data1\" content=\"Franz Miklautz\" \/>\n\t<meta name=\"twitter:label2\" content=\"Gesch\u00e4tzte Lesezeit\" \/>\n\t<meta name=\"twitter:data2\" content=\"4\u00a0Minuten\" \/>\n<script type=\"application\/ld+json\" class=\"yoast-schema-graph\">{\"@context\":\"https:\/\/schema.org\",\"@graph\":[{\"@type\":\"WebPage\",\"@id\":\"https:\/\/www.mediapartizan.at\/?p=5343\",\"url\":\"https:\/\/www.mediapartizan.at\/?p=5343\",\"name\":\"Krimi um Peter Jost: Gemeinderat mit hauchd\u00fcnner Mehrheit gegen Verl\u00e4ngerung des Magistratsdirektors \u00fcber Pension hinaus - Mediapartizan.at\",\"isPartOf\":{\"@id\":\"https:\/\/www.mediapartizan.at\/#website\"},\"datePublished\":\"2023-02-09T17:21:03+00:00\",\"dateModified\":\"2023-02-10T15:59:52+00:00\",\"author\":{\"@id\":\"https:\/\/www.mediapartizan.at\/#\/schema\/person\/f6bd7eb8222f2fe985c78d08f17ed7a9\"},\"breadcrumb\":{\"@id\":\"https:\/\/www.mediapartizan.at\/?p=5343#breadcrumb\"},\"inLanguage\":\"de\",\"potentialAction\":[{\"@type\":\"ReadAction\",\"target\":[\"https:\/\/www.mediapartizan.at\/?p=5343\"]}]},{\"@type\":\"BreadcrumbList\",\"@id\":\"https:\/\/www.mediapartizan.at\/?p=5343#breadcrumb\",\"itemListElement\":[{\"@type\":\"ListItem\",\"position\":1,\"name\":\"Startseite\",\"item\":\"https:\/\/www.mediapartizan.at\/\"},{\"@type\":\"ListItem\",\"position\":2,\"name\":\"Krimi um Peter Jost: Gemeinderat mit hauchd\u00fcnner Mehrheit gegen Verl\u00e4ngerung des Magistratsdirektors \u00fcber Pension hinaus\"}]},{\"@type\":\"WebSite\",\"@id\":\"https:\/\/www.mediapartizan.at\/#website\",\"url\":\"https:\/\/www.mediapartizan.at\/\",\"name\":\"Mediapartizan.at\",\"description\":\"\",\"potentialAction\":[{\"@type\":\"SearchAction\",\"target\":{\"@type\":\"EntryPoint\",\"urlTemplate\":\"https:\/\/www.mediapartizan.at\/?s={search_term_string}\"},\"query-input\":\"required name=search_term_string\"}],\"inLanguage\":\"de\"},{\"@type\":\"Person\",\"@id\":\"https:\/\/www.mediapartizan.at\/#\/schema\/person\/f6bd7eb8222f2fe985c78d08f17ed7a9\",\"name\":\"Franz Miklautz\",\"image\":{\"@type\":\"ImageObject\",\"inLanguage\":\"de\",\"@id\":\"https:\/\/www.mediapartizan.at\/#\/schema\/person\/image\/\",\"url\":\"https:\/\/secure.gravatar.com\/avatar\/5618667e9a7ab3fa3e1a0c75987c8d0c111ad041167e738d67ac0846e54e195e?s=96&d=mm&r=g\",\"contentUrl\":\"https:\/\/secure.gravatar.com\/avatar\/5618667e9a7ab3fa3e1a0c75987c8d0c111ad041167e738d67ac0846e54e195e?s=96&d=mm&r=g\",\"caption\":\"Franz Miklautz\"},\"url\":\"https:\/\/www.mediapartizan.at\/?author=2\"}]}<\/script>\n<!-- \/ Yoast SEO plugin. -->","yoast_head_json":{"title":"Krimi um Peter Jost: Gemeinderat mit hauchd\u00fcnner Mehrheit gegen Verl\u00e4ngerung des Magistratsdirektors \u00fcber Pension hinaus - Mediapartizan.at","robots":{"index":"index","follow":"follow","max-snippet":"max-snippet:-1","max-image-preview":"max-image-preview:large","max-video-preview":"max-video-preview:-1"},"canonical":"https:\/\/www.mediapartizan.at\/?p=5343","og_locale":"de_DE","og_type":"article","og_title":"Krimi um Peter Jost: Gemeinderat mit hauchd\u00fcnner Mehrheit gegen Verl\u00e4ngerung des Magistratsdirektors \u00fcber Pension hinaus - Mediapartizan.at","og_description":"Das Match SP\u00d6 gegen die B\u00fcrgermeisterpartei Team K\u00e4rnten ging heute hauchd\u00fcnn an die Roten. Und an die FP\u00d6 und die Neos. Scheider muss Jost-Verl\u00e4ngerung r\u00fcckg\u00e4ngig machen. Das ist ein herber R\u00fcckschlag. Doch die Sache ist noch nicht ausgestanden. Die Gemeindeaufsicht ist noch am Wort. Und Liesnig d\u00fcrfte eifrig an seinem eigenen Machtapparat arbeiten. [...]","og_url":"https:\/\/www.mediapartizan.at\/?p=5343","og_site_name":"Mediapartizan.at","article_published_time":"2023-02-09T17:21:03+00:00","article_modified_time":"2023-02-10T15:59:52+00:00","og_image":[{"width":2560,"height":1920,"url":"https:\/\/www.mediapartizan.at\/wp-content\/uploads\/2023\/02\/IMG_20230209_145834-scaled.jpg","type":"image\/jpeg"}],"author":"Franz Miklautz","twitter_card":"summary_large_image","twitter_misc":{"Verfasst von":"Franz Miklautz","Gesch\u00e4tzte Lesezeit":"4\u00a0Minuten"},"schema":{"@context":"https:\/\/schema.org","@graph":[{"@type":"WebPage","@id":"https:\/\/www.mediapartizan.at\/?p=5343","url":"https:\/\/www.mediapartizan.at\/?p=5343","name":"Krimi um Peter Jost: Gemeinderat mit hauchd\u00fcnner Mehrheit gegen Verl\u00e4ngerung des Magistratsdirektors \u00fcber Pension hinaus - Mediapartizan.at","isPartOf":{"@id":"https:\/\/www.mediapartizan.at\/#website"},"datePublished":"2023-02-09T17:21:03+00:00","dateModified":"2023-02-10T15:59:52+00:00","author":{"@id":"https:\/\/www.mediapartizan.at\/#\/schema\/person\/f6bd7eb8222f2fe985c78d08f17ed7a9"},"breadcrumb":{"@id":"https:\/\/www.mediapartizan.at\/?p=5343#breadcrumb"},"inLanguage":"de","potentialAction":[{"@type":"ReadAction","target":["https:\/\/www.mediapartizan.at\/?p=5343"]}]},{"@type":"BreadcrumbList","@id":"https:\/\/www.mediapartizan.at\/?p=5343#breadcrumb","itemListElement":[{"@type":"ListItem","position":1,"name":"Startseite","item":"https:\/\/www.mediapartizan.at\/"},{"@type":"ListItem","position":2,"name":"Krimi um Peter Jost: Gemeinderat mit hauchd\u00fcnner Mehrheit gegen Verl\u00e4ngerung des Magistratsdirektors \u00fcber Pension hinaus"}]},{"@type":"WebSite","@id":"https:\/\/www.mediapartizan.at\/#website","url":"https:\/\/www.mediapartizan.at\/","name":"Mediapartizan.at","description":"","potentialAction":[{"@type":"SearchAction","target":{"@type":"EntryPoint","urlTemplate":"https:\/\/www.mediapartizan.at\/?s={search_term_string}"},"query-input":"required name=search_term_string"}],"inLanguage":"de"},{"@type":"Person","@id":"https:\/\/www.mediapartizan.at\/#\/schema\/person\/f6bd7eb8222f2fe985c78d08f17ed7a9","name":"Franz Miklautz","image":{"@type":"ImageObject","inLanguage":"de","@id":"https:\/\/www.mediapartizan.at\/#\/schema\/person\/image\/","url":"https:\/\/secure.gravatar.com\/avatar\/5618667e9a7ab3fa3e1a0c75987c8d0c111ad041167e738d67ac0846e54e195e?s=96&d=mm&r=g","contentUrl":"https:\/\/secure.gravatar.com\/avatar\/5618667e9a7ab3fa3e1a0c75987c8d0c111ad041167e738d67ac0846e54e195e?s=96&d=mm&r=g","caption":"Franz Miklautz"},"url":"https:\/\/www.mediapartizan.at\/?author=2"}]}},"jetpack_featured_media_url":"https:\/\/i0.wp.com\/www.mediapartizan.at\/wp-content\/uploads\/2023\/02\/IMG_20230209_145834-scaled.jpg?fit=2560%2C1920&ssl=1","jetpack_sharing_enabled":true,"_links":{"self":[{"href":"https:\/\/www.mediapartizan.at\/index.php?rest_route=\/wp\/v2\/posts\/5343","targetHints":{"allow":["GET"]}}],"collection":[{"href":"https:\/\/www.mediapartizan.at\/index.php?rest_route=\/wp\/v2\/posts"}],"about":[{"href":"https:\/\/www.mediapartizan.at\/index.php?rest_route=\/wp\/v2\/types\/post"}],"author":[{"embeddable":true,"href":"https:\/\/www.mediapartizan.at\/index.php?rest_route=\/wp\/v2\/users\/2"}],"replies":[{"embeddable":true,"href":"https:\/\/www.mediapartizan.at\/index.php?rest_route=%2Fwp%2Fv2%2Fcomments&post=5343"}],"version-history":[{"count":9,"href":"https:\/\/www.mediapartizan.at\/index.php?rest_route=\/wp\/v2\/posts\/5343\/revisions"}],"predecessor-version":[{"id":5384,"href":"https:\/\/www.mediapartizan.at\/index.php?rest_route=\/wp\/v2\/posts\/5343\/revisions\/5384"}],"wp:featuredmedia":[{"embeddable":true,"href":"https:\/\/www.mediapartizan.at\/index.php?rest_route=\/wp\/v2\/media\/5344"}],"wp:attachment":[{"href":"https:\/\/www.mediapartizan.at\/index.php?rest_route=%2Fwp%2Fv2%2Fmedia&parent=5343"}],"wp:term":[{"taxonomy":"category","embeddable":true,"href":"https:\/\/www.mediapartizan.at\/index.php?rest_route=%2Fwp%2Fv2%2Fcategories&post=5343"},{"taxonomy":"post_tag","embeddable":true,"href":"https:\/\/www.mediapartizan.at\/index.php?rest_route=%2Fwp%2Fv2%2Ftags&post=5343"}],"curies":[{"name":"wp","href":"https:\/\/api.w.org\/{rel}","templated":true}]}}