{"id":5628,"date":"2023-03-25T19:49:02","date_gmt":"2023-03-25T18:49:02","guid":{"rendered":"https:\/\/www.mediapartizan.at\/?p=5628"},"modified":"2023-03-29T11:42:43","modified_gmt":"2023-03-29T09:42:43","slug":"kurzes-gastspiel-wie-die-liliair-wieder-aus-dem-abflugsystem-des-flughafens-frankfurt-verschwand","status":"publish","type":"post","link":"https:\/\/www.mediapartizan.at\/?p=5628","title":{"rendered":"Rein, raus und wieder rein: Wie die Liliair aus dem Abflugsystem des Frankfurter Flughafens verschwand und dann wieder auftauchte"},"content":{"rendered":"<p><\/p>\n<p>Donnerstag, 23. M\u00e4rz 2023: An diesem Tag werden am Flughafen Frankfurt, einem der gr\u00f6\u00dften Airports Europas, Tausende Passagiere ankommen und wegfliegen. Die Fraport, der Betreiber des Flughafens, verzeichnete im Jahr 2022 fast 49 Millionen Flugg\u00e4ste. Im Vergleich dazu: Der gr\u00f6\u00dfte \u00f6sterreichische Flughafen in Wien z\u00e4hlte im vorigen Jahr knapp 24 Millionen Passagiere. Damit ist Frankfurt doppelt so gro\u00df wie VIE.<\/p>\n<p><\/p>\n<p><\/p>\n<p>Weshalb der Airport auch eine gewisse, man k\u00f6nnte sagen, prestigetr\u00e4chtige Anziehungskraft aus\u00fcbt. Frankfurt ist auf alle F\u00e4lle das gr\u00f6\u00dfte Drehkreuz in Kontinentaleuropa. Von hier aus geht es nahezu \u00fcberall hin. Weshalb sich der Airport auch unter jenen Destinationen befand, <a href=\"https:\/\/www.mediapartizan.at\/?p=4802\" target=\"_blank\" rel=\"noreferrer noopener\">die die neu gegr\u00fcndete Liliair von Franz Peter Orasch im Dezember bei einer gro\u00dfen Pressekonferenz als Anflugsort pr\u00e4sentierte<\/a>. Neben den Destinationen M\u00fcnchen und Hamburg. <\/p>\n<p><\/p>\n<p><\/p>\n<p><strong>Liliair nur Platzhalter?<\/strong><\/p>\n<p><\/p>\n<p><\/p>\n<p>Ob diese Pr\u00e4sentation nur Show war oder ernstzunehmen ist, wird sich in den n\u00e4chsten Tagen weisen. Auf der Website der Orasch-Airline kann man wenige Wochen vor dem versprochenen Start (23. April) noch immer keine Fl\u00fcge buchen. Lediglich Vorreservierungen sind m\u00f6glich. Mehr noch: Wie Recherchen von Mediapartizan.at ergaben, flog die Liliair aus der Abflugmaske auf der Website des Airport Frankfurt. Dort befanden sich an besagtem 23. M\u00e4rz 2023 noch Eintragungen, die eine Verbindung zwischen Klagenfurt, der Homebase der Liliair, und Frankfurt anzeigten. Allerdings mit fraglicher &#8222;Signatur&#8220;.<\/p>\n<p><\/p>\n<p><\/p>\n<p><strong>Liliair innerhalb von 48 Stunden verschwunden<\/strong><\/p>\n<p><\/p>\n<p><\/p>\n<p>Denn: Scheinen andere Airlines in der Abflugliste des Frankfurter Flughafens mit dem sogenannten Two-Letter-Code auf &#8211; etwa die Austrian Airlines mit &#8222;OS&#8220; oder die British Airways mit &#8222;BA&#8220; &#8211; war die Liliair dort mit &#8222;KLU&#8220; angezeigt. Also dem IATA-Code f\u00fcr den Flughafen Klagenfurt. IATA ist die Organisation, die die Codes zur eindeutigen Kennzeichnung von Flugh\u00e4fen vergibt. Hat also mit einer Airline in diesem Zusammenhang nichts zu tun. Au\u00dferdem bek\u00e4me die Liliair bei Vorliegen eines Betriebskonzepts keinen eigenen Code der IATA, sondern den Code der durchf\u00fchrenden Airline (z.B. Flite, Marathon etc.).<\/p>\n<p><\/p>\n<p><\/p>\n<p>Siehe nachstehenden Screenshot vom Airport Frankfurt vom 23. M\u00e4rz:<\/p>\n<p><\/p>\n<p><\/p>\n<figure class=\"wp-block-image aligncenter size-large is-resized\"><img data-recalc-dims=\"1\" loading=\"lazy\" decoding=\"async\" src=\"https:\/\/i0.wp.com\/www.mediapartizan.at\/wp-content\/uploads\/2023\/03\/VORHER.png?resize=709%2C425&#038;ssl=1\" alt=\"\" class=\"wp-image-5630\" width=\"709\" height=\"425\" srcset=\"https:\/\/i0.wp.com\/www.mediapartizan.at\/wp-content\/uploads\/2023\/03\/VORHER.png?resize=1024%2C615&amp;ssl=1 1024w, https:\/\/i0.wp.com\/www.mediapartizan.at\/wp-content\/uploads\/2023\/03\/VORHER.png?resize=300%2C180&amp;ssl=1 300w, https:\/\/i0.wp.com\/www.mediapartizan.at\/wp-content\/uploads\/2023\/03\/VORHER.png?resize=768%2C461&amp;ssl=1 768w, https:\/\/i0.wp.com\/www.mediapartizan.at\/wp-content\/uploads\/2023\/03\/VORHER.png?resize=1536%2C922&amp;ssl=1 1536w, https:\/\/i0.wp.com\/www.mediapartizan.at\/wp-content\/uploads\/2023\/03\/VORHER.png?resize=2048%2C1230&amp;ssl=1 2048w\" sizes=\"auto, (max-width: 709px) 100vw, 709px\" \/><figcaption class=\"wp-element-caption\">Vorher: Am Donnerstag dieser Woche befand sich die Orasch-Airline noch in der Abflugmaske<\/figcaption><\/figure>\n<p><\/p>\n<p><\/p>\n<p>Wer jedoch am heutigen Tag in der gleichen Maske wieder nach Verbindungen der Liliair von Frankfurt nach Klagenfurt suchte, bekam diese Maske serviert: Keine Abfl\u00fcge mehr.<\/p>\n<p><\/p>\n<p><\/p>\n<figure class=\"wp-block-image aligncenter size-large is-resized\"><img data-recalc-dims=\"1\" loading=\"lazy\" decoding=\"async\" src=\"https:\/\/i0.wp.com\/www.mediapartizan.at\/wp-content\/uploads\/2023\/03\/Bildschirmfoto-2023-03-25-um-17.06.59.png?resize=795%2C319&#038;ssl=1\" alt=\"\" class=\"wp-image-5629\" width=\"795\" height=\"319\" srcset=\"https:\/\/i0.wp.com\/www.mediapartizan.at\/wp-content\/uploads\/2023\/03\/Bildschirmfoto-2023-03-25-um-17.06.59.png?resize=1024%2C411&amp;ssl=1 1024w, https:\/\/i0.wp.com\/www.mediapartizan.at\/wp-content\/uploads\/2023\/03\/Bildschirmfoto-2023-03-25-um-17.06.59.png?resize=300%2C120&amp;ssl=1 300w, https:\/\/i0.wp.com\/www.mediapartizan.at\/wp-content\/uploads\/2023\/03\/Bildschirmfoto-2023-03-25-um-17.06.59.png?resize=768%2C308&amp;ssl=1 768w, https:\/\/i0.wp.com\/www.mediapartizan.at\/wp-content\/uploads\/2023\/03\/Bildschirmfoto-2023-03-25-um-17.06.59.png?resize=1536%2C616&amp;ssl=1 1536w, https:\/\/i0.wp.com\/www.mediapartizan.at\/wp-content\/uploads\/2023\/03\/Bildschirmfoto-2023-03-25-um-17.06.59.png?resize=2048%2C822&amp;ssl=1 2048w\" sizes=\"auto, (max-width: 795px) 100vw, 795px\" \/><figcaption class=\"wp-element-caption\">Nachher: Keine Verbindung mehr zu finden (25. M\u00e4rz 2023)<\/figcaption><\/figure>\n<p><\/p>\n<p><\/p>\n<p><strong>Liliair &#8222;drei Jahre akribisch geplant&#8220;<\/strong><\/p>\n<p><\/p>\n<p><\/p>\n<p>Innerhalb von 48 Stunden ist die Liliair sprichw\u00f6rtlich von der Frankfurter Bildfl\u00e4che verschwunden. Dazwischen lag eine Anfrage des Autors an den Flughafen Frankfurt mit der Bitte um Auskunft, ob es sich bei den Eintragungen sozusagen um Platzhalter gehandelt haben k\u00f6nnte? Ob diese Anfrage der Ausschlag f\u00fcr die L\u00f6schung gewesen ist, kann nicht gesagt werden. Die Antwort der Fraport steht noch aus. Was gesagt werden kann: Die Liliair ist (m\u00f6glicherweise vorerst) nicht mehr in der Abflugliste des gr\u00f6\u00dften deutschen Airports. Obwohl, wie Liliair-Gesch\u00e4ftsf\u00fchrer Dieter Kandlhofer noch im Dezember gegen\u00fcber der &#8222;Kleinen Zeitung&#8220; gesagt hatte, die Fluglinie &#8222;drei Jahre akribisch&#8220; geplant worden sei. <\/p>\n<p><\/p>\n<p><\/p>\n<p><strong>Das Versprechen im &#8222;10 Punkte Plan&#8220;<\/strong><\/p>\n<p><\/p>\n<p><\/p>\n<p>Branchen-Insider vermuten, dass Orasch die Zeit davon l\u00e4uft. Er hatte im sogenannten &#8222;10 Punkte Plan f\u00fcr die Zukunft des Flughafen Klagenfurt&#8220; versprochen, die Flieger sp\u00e4testens im April abheben zu lassen. Die Buchbarkeit sollte schon seit vorigem Jahr gegeben sein. Aber das hatte Orasch, wie viele andere Versprechen, nicht eingehalten.<\/p>\n<p><\/p>\n<p><\/p>\n<figure class=\"wp-block-image aligncenter size-large is-resized\"><img data-recalc-dims=\"1\" loading=\"lazy\" decoding=\"async\" src=\"https:\/\/i0.wp.com\/www.mediapartizan.at\/wp-content\/uploads\/2023\/03\/Bildschirmfoto-2023-03-25-um-20.51.09.png?resize=692%2C146&#038;ssl=1\" alt=\"\" class=\"wp-image-5648\" width=\"692\" height=\"146\" srcset=\"https:\/\/i0.wp.com\/www.mediapartizan.at\/wp-content\/uploads\/2023\/03\/Bildschirmfoto-2023-03-25-um-20.51.09.png?resize=1024%2C216&amp;ssl=1 1024w, https:\/\/i0.wp.com\/www.mediapartizan.at\/wp-content\/uploads\/2023\/03\/Bildschirmfoto-2023-03-25-um-20.51.09.png?resize=300%2C63&amp;ssl=1 300w, https:\/\/i0.wp.com\/www.mediapartizan.at\/wp-content\/uploads\/2023\/03\/Bildschirmfoto-2023-03-25-um-20.51.09.png?resize=768%2C162&amp;ssl=1 768w, https:\/\/i0.wp.com\/www.mediapartizan.at\/wp-content\/uploads\/2023\/03\/Bildschirmfoto-2023-03-25-um-20.51.09.png?w=1518&amp;ssl=1 1518w\" sizes=\"auto, (max-width: 692px) 100vw, 692px\" \/><figcaption class=\"wp-element-caption\">Aus dem vertraulichen &#8222;10 Punkte Plan&#8220;: &#8222;Buchbar ab Herbst 2022&#8220; (Papier vom Juli 2022; Faksimile dem Original nachgebaut)<\/figcaption><\/figure>\n<p><\/p>\n<p><\/p>\n<p>Der Plan war unter anderem von Orasch und Landeshauptmann Peter Kaiser (SP\u00d6) unterschrieben worden. Der f\u00fcr Beteiligungen zust\u00e4ndige Landesrat Martin Gruber (\u00d6VP) hatte sich hingegen geweigert, seine Signatur darunter zu setzen. Er will den Flughafen zur\u00fcck in Landeshand holen, da er wie er sagt, &#8222;nicht eingehaltene Versprechungen Oraschs&#8220; Leid sei. Im Juni hatte das Land von Orasch  gefordert, dass die Fl\u00fcge ab April stattfinden m\u00fcssten. Der Plan der SP\u00d6 war es offenbar, Orasch das Ziehen der sogenannten Call Option (R\u00fcckholung des Airport) zu erlassen, wenn er einen Hub anfliegt:<\/p>\n<p><\/p>\n<p><\/p>\n<figure class=\"wp-block-image aligncenter size-large is-resized\"><img data-recalc-dims=\"1\" loading=\"lazy\" decoding=\"async\" src=\"https:\/\/i0.wp.com\/www.mediapartizan.at\/wp-content\/uploads\/2023\/03\/Bildschirmfoto-2023-03-25-um-20.53.46.png?resize=757%2C146&#038;ssl=1\" alt=\"\" class=\"wp-image-5652\" width=\"757\" height=\"146\" srcset=\"https:\/\/i0.wp.com\/www.mediapartizan.at\/wp-content\/uploads\/2023\/03\/Bildschirmfoto-2023-03-25-um-20.53.46.png?resize=1024%2C198&amp;ssl=1 1024w, https:\/\/i0.wp.com\/www.mediapartizan.at\/wp-content\/uploads\/2023\/03\/Bildschirmfoto-2023-03-25-um-20.53.46.png?resize=300%2C58&amp;ssl=1 300w, https:\/\/i0.wp.com\/www.mediapartizan.at\/wp-content\/uploads\/2023\/03\/Bildschirmfoto-2023-03-25-um-20.53.46.png?resize=768%2C148&amp;ssl=1 768w, https:\/\/i0.wp.com\/www.mediapartizan.at\/wp-content\/uploads\/2023\/03\/Bildschirmfoto-2023-03-25-um-20.53.46.png?w=1534&amp;ssl=1 1534w\" sizes=\"auto, (max-width: 757px) 100vw, 757px\" \/><figcaption class=\"wp-element-caption\"><meta http-equiv=\"content-type\" content=\"text\/html; charset=utf-8\">Juni 2022: &#8222;Fl\u00fcge ab April 2023&#8220;: F\u00fcr Orasch wird die Zeit immer knapper (Faksimile dem Original nachgebaut)<\/figcaption><\/figure>\n<p><\/p>\n<p><\/p>\n<p>Die Lilihill-Gruppe gibt auf Journalistenanfragen keine Auskunft. Die Hauptfrage ist nun: Findet Orasch bis zum versprochenen Take-off-Termin, dem 23. April, eine Airline mit AOC (Air Operator Certificate; Flugbetriebslizenz) oder nicht? Sollte das negativ ausgehen, bringt er Kaiser und die SP\u00d6 abermals unter heftigen Druck. Damit w\u00fcrde Kaisers Widerstand zum Ziehen der Call Option immer unpopul\u00e4rer. Bonmot: Ein Meeting mit der griechischen Marathon Air, die f\u00fcr Orasch die Fl\u00fcge im Wetleasing &#8211; angemietete Jets, bei denen die Crew, Kabinenpersonal, Versicherung und Wartung von Orasch zu bezahlen w\u00e4re &#8211; durchf\u00fchren k\u00f6nnte, soll Brancheninsidern zufolge kurz nach der K\u00e4rntner Landtagswahl abgesagt worden sein. Bei der die SP\u00d6 neun Prozentpunkte verloren hatte.<\/p>\n<p><\/p>\n<p><\/p>\n<p>Die Frage, die sich nun stellt: Schafft es die Liliair in einen Slot am Frankfurter Flughafen? Oder ist alles nur Show?<\/p>\n<p><\/p>\n<p><\/p>\n<h2 class=\"wp-block-heading\">Update 26. M\u00e4rz, 9.55 Uhr<\/h2>\n<p><\/p>\n<p><\/p>\n<p>Heute scheinen die Fl\u00fcge, jedoch mit besagtem &#8222;KLU&#8220;-Code, im Abflugsystem der Fraport wieder auf. Ob sie per Hand gel\u00f6scht und wieder hinzugef\u00fcgt wurden oder es sich um ein Softwarethema handelt, dazu wird wohl erst die von der Fraport noch zu beantwortende Presseanfrage Aufschluss geben.<\/p>\n<p><\/p>\n<p><\/p>\n<figure class=\"wp-block-image aligncenter size-large is-resized\"><img data-recalc-dims=\"1\" loading=\"lazy\" decoding=\"async\" src=\"https:\/\/i0.wp.com\/www.mediapartizan.at\/wp-content\/uploads\/2023\/03\/Bildschirmfoto-2023-03-26-um-09.53.54.png?resize=666%2C346&#038;ssl=1\" alt=\"\" class=\"wp-image-5661\" width=\"666\" height=\"346\" srcset=\"https:\/\/i0.wp.com\/www.mediapartizan.at\/wp-content\/uploads\/2023\/03\/Bildschirmfoto-2023-03-26-um-09.53.54.png?resize=1024%2C533&amp;ssl=1 1024w, https:\/\/i0.wp.com\/www.mediapartizan.at\/wp-content\/uploads\/2023\/03\/Bildschirmfoto-2023-03-26-um-09.53.54.png?resize=300%2C156&amp;ssl=1 300w, https:\/\/i0.wp.com\/www.mediapartizan.at\/wp-content\/uploads\/2023\/03\/Bildschirmfoto-2023-03-26-um-09.53.54.png?resize=768%2C400&amp;ssl=1 768w, https:\/\/i0.wp.com\/www.mediapartizan.at\/wp-content\/uploads\/2023\/03\/Bildschirmfoto-2023-03-26-um-09.53.54.png?resize=1536%2C799&amp;ssl=1 1536w, https:\/\/i0.wp.com\/www.mediapartizan.at\/wp-content\/uploads\/2023\/03\/Bildschirmfoto-2023-03-26-um-09.53.54.png?resize=2048%2C1065&amp;ssl=1 2048w\" sizes=\"auto, (max-width: 666px) 100vw, 666px\" \/><figcaption class=\"wp-element-caption\">Wieder drin: Die Verbindung scheint heute, Sonntag, wieder auf.<\/figcaption><\/figure>\n<p><\/p>\n<p><\/p>\n<p><\/p>\n","protected":false},"excerpt":{"rendered":"<div class=\"mh-excerpt\"><p>Trotz &#8222;drei Jahre&#8220; langer &#8222;akribischer Planung&#8220;: Innerhalb von zwei Tagen verschwand die Liliair des Immobilienunternehmers Franz Peter Orasch von der Bildfl\u00e4che des Flughafens Frankfurt. War die Liliair am Donnerstag dieser Woche noch in der Abflugmaske des Riesen-Airports, ist sie dort heute nicht mehr zu finden. Mediapartizan hat Screenshots gezogen. UPDATE: Heute, Sonntag, scheinen die Verbindungen in der Fraport-Maske wieder auf. <a class=\"mh-excerpt-more\" href=\"https:\/\/www.mediapartizan.at\/?p=5628\" title=\"Rein, raus und wieder rein: Wie die Liliair aus dem Abflugsystem des Frankfurter Flughafens verschwand und dann wieder auftauchte\">[&#8230;]<\/a><\/p>\n<\/div>","protected":false},"author":2,"featured_media":5633,"comment_status":"open","ping_status":"open","sticky":false,"template":"","format":"standard","meta":{"inline_featured_image":false,"_jetpack_memberships_contains_paid_content":false,"footnotes":""},"categories":[166,218],"tags":[167,370,169,324,168,171,170,369],"class_list":{"0":"post-5628","1":"post","2":"type-post","3":"status-publish","4":"format-standard","5":"has-post-thumbnail","7":"category-flughafen-klagenfurt","8":"category-land-kaernten","9":"tag-flughafen-klagenfurt","10":"tag-frankfurt","11":"tag-franz-peter-orasch","12":"tag-liliair","13":"tag-lilihill","14":"tag-martin-gruber","15":"tag-peter-kaiser","16":"tag-spoem"},"yoast_head":"<!-- This site is optimized with the Yoast SEO plugin v20.10 - https:\/\/yoast.com\/wordpress\/plugins\/seo\/ -->\n<title>Rein, raus und wieder rein: Wie die Liliair aus dem Abflugsystem des Frankfurter Flughafens verschwand und dann wieder auftauchte - Mediapartizan.at<\/title>\n<meta name=\"robots\" content=\"index, follow, max-snippet:-1, max-image-preview:large, max-video-preview:-1\" \/>\n<link rel=\"canonical\" href=\"https:\/\/www.mediapartizan.at\/?p=5628\" \/>\n<meta property=\"og:locale\" content=\"de_DE\" \/>\n<meta property=\"og:type\" content=\"article\" \/>\n<meta property=\"og:title\" content=\"Rein, raus und wieder rein: Wie die Liliair aus dem Abflugsystem des Frankfurter Flughafens verschwand und dann wieder auftauchte - Mediapartizan.at\" \/>\n<meta property=\"og:description\" content=\"Trotz &quot;drei Jahre&quot; langer &quot;akribischer Planung&quot;: Innerhalb von zwei Tagen verschwand die Liliair des Immobilienunternehmers Franz Peter Orasch von der Bildfl\u00e4che des Flughafens Frankfurt. War die Liliair am Donnerstag dieser Woche noch in der Abflugmaske des Riesen-Airports, ist sie dort heute nicht mehr zu finden. Mediapartizan hat Screenshots gezogen. UPDATE: Heute, Sonntag, scheinen die Verbindungen in der Fraport-Maske wieder auf. [...]\" \/>\n<meta property=\"og:url\" content=\"https:\/\/www.mediapartizan.at\/?p=5628\" \/>\n<meta property=\"og:site_name\" content=\"Mediapartizan.at\" \/>\n<meta property=\"article:published_time\" content=\"2023-03-25T18:49:02+00:00\" \/>\n<meta property=\"article:modified_time\" content=\"2023-03-29T09:42:43+00:00\" \/>\n<meta property=\"og:image\" content=\"https:\/\/www.mediapartizan.at\/wp-content\/uploads\/2023\/03\/MG_21_0703.jpg\" \/>\n\t<meta property=\"og:image:width\" content=\"1341\" \/>\n\t<meta property=\"og:image:height\" content=\"894\" \/>\n\t<meta property=\"og:image:type\" content=\"image\/jpeg\" \/>\n<meta name=\"author\" content=\"Franz Miklautz\" \/>\n<meta name=\"twitter:card\" content=\"summary_large_image\" \/>\n<meta name=\"twitter:label1\" content=\"Verfasst von\" \/>\n\t<meta name=\"twitter:data1\" content=\"Franz Miklautz\" \/>\n\t<meta name=\"twitter:label2\" content=\"Gesch\u00e4tzte Lesezeit\" \/>\n\t<meta name=\"twitter:data2\" content=\"6\u00a0Minuten\" \/>\n<script type=\"application\/ld+json\" class=\"yoast-schema-graph\">{\"@context\":\"https:\/\/schema.org\",\"@graph\":[{\"@type\":\"WebPage\",\"@id\":\"https:\/\/www.mediapartizan.at\/?p=5628\",\"url\":\"https:\/\/www.mediapartizan.at\/?p=5628\",\"name\":\"Rein, raus und wieder rein: Wie die Liliair aus dem Abflugsystem des Frankfurter Flughafens verschwand und dann wieder auftauchte - Mediapartizan.at\",\"isPartOf\":{\"@id\":\"https:\/\/www.mediapartizan.at\/#website\"},\"datePublished\":\"2023-03-25T18:49:02+00:00\",\"dateModified\":\"2023-03-29T09:42:43+00:00\",\"author\":{\"@id\":\"https:\/\/www.mediapartizan.at\/#\/schema\/person\/f6bd7eb8222f2fe985c78d08f17ed7a9\"},\"breadcrumb\":{\"@id\":\"https:\/\/www.mediapartizan.at\/?p=5628#breadcrumb\"},\"inLanguage\":\"de\",\"potentialAction\":[{\"@type\":\"ReadAction\",\"target\":[\"https:\/\/www.mediapartizan.at\/?p=5628\"]}]},{\"@type\":\"BreadcrumbList\",\"@id\":\"https:\/\/www.mediapartizan.at\/?p=5628#breadcrumb\",\"itemListElement\":[{\"@type\":\"ListItem\",\"position\":1,\"name\":\"Startseite\",\"item\":\"https:\/\/www.mediapartizan.at\/\"},{\"@type\":\"ListItem\",\"position\":2,\"name\":\"Rein, raus und wieder rein: Wie die Liliair aus dem Abflugsystem des Frankfurter Flughafens verschwand und dann wieder auftauchte\"}]},{\"@type\":\"WebSite\",\"@id\":\"https:\/\/www.mediapartizan.at\/#website\",\"url\":\"https:\/\/www.mediapartizan.at\/\",\"name\":\"Mediapartizan.at\",\"description\":\"\",\"potentialAction\":[{\"@type\":\"SearchAction\",\"target\":{\"@type\":\"EntryPoint\",\"urlTemplate\":\"https:\/\/www.mediapartizan.at\/?s={search_term_string}\"},\"query-input\":\"required name=search_term_string\"}],\"inLanguage\":\"de\"},{\"@type\":\"Person\",\"@id\":\"https:\/\/www.mediapartizan.at\/#\/schema\/person\/f6bd7eb8222f2fe985c78d08f17ed7a9\",\"name\":\"Franz Miklautz\",\"image\":{\"@type\":\"ImageObject\",\"inLanguage\":\"de\",\"@id\":\"https:\/\/www.mediapartizan.at\/#\/schema\/person\/image\/\",\"url\":\"https:\/\/secure.gravatar.com\/avatar\/5618667e9a7ab3fa3e1a0c75987c8d0c111ad041167e738d67ac0846e54e195e?s=96&d=mm&r=g\",\"contentUrl\":\"https:\/\/secure.gravatar.com\/avatar\/5618667e9a7ab3fa3e1a0c75987c8d0c111ad041167e738d67ac0846e54e195e?s=96&d=mm&r=g\",\"caption\":\"Franz Miklautz\"},\"url\":\"https:\/\/www.mediapartizan.at\/?author=2\"}]}<\/script>\n<!-- \/ Yoast SEO plugin. -->","yoast_head_json":{"title":"Rein, raus und wieder rein: Wie die Liliair aus dem Abflugsystem des Frankfurter Flughafens verschwand und dann wieder auftauchte - Mediapartizan.at","robots":{"index":"index","follow":"follow","max-snippet":"max-snippet:-1","max-image-preview":"max-image-preview:large","max-video-preview":"max-video-preview:-1"},"canonical":"https:\/\/www.mediapartizan.at\/?p=5628","og_locale":"de_DE","og_type":"article","og_title":"Rein, raus und wieder rein: Wie die Liliair aus dem Abflugsystem des Frankfurter Flughafens verschwand und dann wieder auftauchte - Mediapartizan.at","og_description":"Trotz \"drei Jahre\" langer \"akribischer Planung\": Innerhalb von zwei Tagen verschwand die Liliair des Immobilienunternehmers Franz Peter Orasch von der Bildfl\u00e4che des Flughafens Frankfurt. War die Liliair am Donnerstag dieser Woche noch in der Abflugmaske des Riesen-Airports, ist sie dort heute nicht mehr zu finden. Mediapartizan hat Screenshots gezogen. UPDATE: Heute, Sonntag, scheinen die Verbindungen in der Fraport-Maske wieder auf. [...]","og_url":"https:\/\/www.mediapartizan.at\/?p=5628","og_site_name":"Mediapartizan.at","article_published_time":"2023-03-25T18:49:02+00:00","article_modified_time":"2023-03-29T09:42:43+00:00","og_image":[{"width":1341,"height":894,"url":"https:\/\/www.mediapartizan.at\/wp-content\/uploads\/2023\/03\/MG_21_0703.jpg","type":"image\/jpeg"}],"author":"Franz Miklautz","twitter_card":"summary_large_image","twitter_misc":{"Verfasst von":"Franz Miklautz","Gesch\u00e4tzte Lesezeit":"6\u00a0Minuten"},"schema":{"@context":"https:\/\/schema.org","@graph":[{"@type":"WebPage","@id":"https:\/\/www.mediapartizan.at\/?p=5628","url":"https:\/\/www.mediapartizan.at\/?p=5628","name":"Rein, raus und wieder rein: Wie die Liliair aus dem Abflugsystem des Frankfurter Flughafens verschwand und dann wieder auftauchte - Mediapartizan.at","isPartOf":{"@id":"https:\/\/www.mediapartizan.at\/#website"},"datePublished":"2023-03-25T18:49:02+00:00","dateModified":"2023-03-29T09:42:43+00:00","author":{"@id":"https:\/\/www.mediapartizan.at\/#\/schema\/person\/f6bd7eb8222f2fe985c78d08f17ed7a9"},"breadcrumb":{"@id":"https:\/\/www.mediapartizan.at\/?p=5628#breadcrumb"},"inLanguage":"de","potentialAction":[{"@type":"ReadAction","target":["https:\/\/www.mediapartizan.at\/?p=5628"]}]},{"@type":"BreadcrumbList","@id":"https:\/\/www.mediapartizan.at\/?p=5628#breadcrumb","itemListElement":[{"@type":"ListItem","position":1,"name":"Startseite","item":"https:\/\/www.mediapartizan.at\/"},{"@type":"ListItem","position":2,"name":"Rein, raus und wieder rein: Wie die Liliair aus dem Abflugsystem des Frankfurter Flughafens verschwand und dann wieder auftauchte"}]},{"@type":"WebSite","@id":"https:\/\/www.mediapartizan.at\/#website","url":"https:\/\/www.mediapartizan.at\/","name":"Mediapartizan.at","description":"","potentialAction":[{"@type":"SearchAction","target":{"@type":"EntryPoint","urlTemplate":"https:\/\/www.mediapartizan.at\/?s={search_term_string}"},"query-input":"required name=search_term_string"}],"inLanguage":"de"},{"@type":"Person","@id":"https:\/\/www.mediapartizan.at\/#\/schema\/person\/f6bd7eb8222f2fe985c78d08f17ed7a9","name":"Franz Miklautz","image":{"@type":"ImageObject","inLanguage":"de","@id":"https:\/\/www.mediapartizan.at\/#\/schema\/person\/image\/","url":"https:\/\/secure.gravatar.com\/avatar\/5618667e9a7ab3fa3e1a0c75987c8d0c111ad041167e738d67ac0846e54e195e?s=96&d=mm&r=g","contentUrl":"https:\/\/secure.gravatar.com\/avatar\/5618667e9a7ab3fa3e1a0c75987c8d0c111ad041167e738d67ac0846e54e195e?s=96&d=mm&r=g","caption":"Franz Miklautz"},"url":"https:\/\/www.mediapartizan.at\/?author=2"}]}},"jetpack_featured_media_url":"https:\/\/i0.wp.com\/www.mediapartizan.at\/wp-content\/uploads\/2023\/03\/MG_21_0703.jpg?fit=1341%2C894&ssl=1","jetpack_sharing_enabled":true,"_links":{"self":[{"href":"https:\/\/www.mediapartizan.at\/index.php?rest_route=\/wp\/v2\/posts\/5628","targetHints":{"allow":["GET"]}}],"collection":[{"href":"https:\/\/www.mediapartizan.at\/index.php?rest_route=\/wp\/v2\/posts"}],"about":[{"href":"https:\/\/www.mediapartizan.at\/index.php?rest_route=\/wp\/v2\/types\/post"}],"author":[{"embeddable":true,"href":"https:\/\/www.mediapartizan.at\/index.php?rest_route=\/wp\/v2\/users\/2"}],"replies":[{"embeddable":true,"href":"https:\/\/www.mediapartizan.at\/index.php?rest_route=%2Fwp%2Fv2%2Fcomments&post=5628"}],"version-history":[{"count":26,"href":"https:\/\/www.mediapartizan.at\/index.php?rest_route=\/wp\/v2\/posts\/5628\/revisions"}],"predecessor-version":[{"id":5704,"href":"https:\/\/www.mediapartizan.at\/index.php?rest_route=\/wp\/v2\/posts\/5628\/revisions\/5704"}],"wp:featuredmedia":[{"embeddable":true,"href":"https:\/\/www.mediapartizan.at\/index.php?rest_route=\/wp\/v2\/media\/5633"}],"wp:attachment":[{"href":"https:\/\/www.mediapartizan.at\/index.php?rest_route=%2Fwp%2Fv2%2Fmedia&parent=5628"}],"wp:term":[{"taxonomy":"category","embeddable":true,"href":"https:\/\/www.mediapartizan.at\/index.php?rest_route=%2Fwp%2Fv2%2Fcategories&post=5628"},{"taxonomy":"post_tag","embeddable":true,"href":"https:\/\/www.mediapartizan.at\/index.php?rest_route=%2Fwp%2Fv2%2Ftags&post=5628"}],"curies":[{"name":"wp","href":"https:\/\/api.w.org\/{rel}","templated":true}]}}