{"id":5709,"date":"2023-03-29T19:37:16","date_gmt":"2023-03-29T17:37:16","guid":{"rendered":"https:\/\/www.mediapartizan.at\/?p=5709"},"modified":"2023-03-29T20:25:19","modified_gmt":"2023-03-29T18:25:19","slug":"flughafen-call-option-auf-die-lange-bank-geschoben-kurios-auch-einige-oevp-aufsichtsraete-stimmten-fuer-vertagung","status":"publish","type":"post","link":"https:\/\/www.mediapartizan.at\/?p=5709","title":{"rendered":"Flughafen: Call Option auf die lange Bank geschoben. Kurios: Auch einige \u00d6VP-Aufsichtsr\u00e4te stimmten f\u00fcr Vertagung"},"content":{"rendered":"<p><\/p>\n<p>In der heutigen Sitzung der K\u00e4rntner Beteiligungsverwaltung (KBV), sie managt die Landesanteile am Klagenfurter Flughafen, sollte es zum wiederholten Mal zur Abstimmung kommen, ob die Call Option gezogen wird oder nicht. Mit dieser Option ist es der \u00f6ffentlichen Hand, dem Land K\u00e4rnten und der Stadt Klagenfurt, m\u00f6glich, den Airport von Mehrheitseigent\u00fcmer Lilihill (Franz Peter Orasch) zur\u00fcckzukaufen, wenn der Flughafen weniger als 100.000 Passagiere abfertigt. Das war 2022 der Fall.<\/p>\n<p><\/p>\n<p><\/p>\n<p>KBV-Vorstand Martin Payer setzte die Abstimmung auf die heutige Tagesordnung. Doch bei der Sitzung kam es zu einem \u00fcberraschenden Ereignis: Wie Quellen berichten, soll der Punkt verschoben worden sein. Noch \u00fcberraschender: Angeblich haben selbst einige \u00d6VP-nahe Aufsichtsr\u00e4te f\u00fcr diese Vertagung votiert. Die Abstimmung soll 9:2 f\u00fcr die Verschiebung ausgegangen sein. Es gibt f\u00fcnf SP\u00d6-nahe Aufsichtsratsmitglieder, 4 \u00d6VP-nahe, ein von der FP\u00d6 und ein vom Team K\u00e4rnten entsendetes AR-Mitglied. Nun soll Ende Mai noch ein Anlauf genommen werden. <\/p>\n<p><\/p>\n<p><\/p>\n<p><strong>Orasch-Schreiben in letzter Minute<\/strong><\/p>\n<p><\/p>\n<p><\/p>\n<p>Hintergrund dieses Ergebnisses d\u00fcrfte ein Schreiben sein, dass die Flughafen-Betriebsgesellschaft, in der Orasch zu fast 75 Prozent das Sagen hat, gestern an s\u00e4mtliche Gesellschafter des Airports geschickt hat. In diesem Schreiben k\u00fcndigt der Flughafen an, bereit f\u00fcr ein Vergabeverfahren f\u00fcr die Grundst\u00fccke zu sein. Das Schreiben k\u00f6nnte man auch als taktisches Man\u00f6ver Oraschs qualifizieren. Der Brief steht auch im Zusammenhang mit der Verpachtung von 130 Hektar Flughafengrund an eine Lilihill-Gesellschaft, gegen die die KBV gerichtlich vorgegangen war und die Orasch zur\u00fcckziehen wollte. Dass der Flughafen-Investor einem offenen Vergabeverfahren oder gar einer Ausschreibung, mit der er sozusagen m\u00f6gliche Konkurrenten einl\u00e4dt, zustimmt, ist nur schwer vorstellbar.  <\/p>\n<p><\/p>\n<p><\/p>\n<p>Dass selbst ein paar \u00d6VP-nahe Aufsichtsr\u00e4te f\u00fcr eine Verschiebung stimmten, kann letztlich so interpretiert werden, dass man keine Unruhe in die in den letzten Z\u00fcgen liegenden Koalitionsverhandlungen zwischen Rot und T\u00fcrkis bringen m\u00f6chte. Die Alternative zu dieser Interpretation w\u00e4re n\u00e4mlich, dass die \u00d6VP ihre Richtung ge\u00e4ndert h\u00e4tte, den Flughafen &#8211; und die Grundst\u00fccke &#8211; zur\u00fcckzuholen. Womit sie thematisch immerhin den Landtags-Wahlkampf gef\u00fchrt hat und nachweislich viele Stimmen gewonnen hat.<\/p>\n<p><\/p>\n<p><\/p>\n<p><strong>Morgen Flughafen-Generalversammlung<\/strong><\/p>\n<p><\/p>\n<p><\/p>\n<p>Spannend wird die morgige Flughafen-Generalversammlung: Dort soll es auch um eine Kapitalerh\u00f6hung von \u00fcber drei Millionen Euro gehen. Land und Stadt ziehen aliquot ihrer Beteiligungen mit. Die Frage ist: Schie\u00dft Orasch seinen Teil, weit \u00fcber zwei Millionen Euro, in die Gesellschaft ein, wenn ihm das Ziehen der Call Option droht? Tut er das nicht, k\u00f6nnte dem Flughafen Ungemach drohen. Zu Ende gedacht, w\u00e4re irgendwann eine Insolvenz m\u00f6glich. In deren Fall die Call Option gezogen werden k\u00f6nnte.<\/p>\n<p><\/p>\n<p><\/p>\n<p>***<\/p>\n<p><\/p>\n<p><\/p>\n<p>Foto(s): eigene<\/p>\n<p><\/p>\n","protected":false},"excerpt":{"rendered":"<div class=\"mh-excerpt\"><p>In der heutigen Sitzung der K\u00e4rntner Beteiligungsverwaltung (KBV), sie managt die Landesanteile am Klagenfurter Flughafen, sollte es zum wiederholten Mal zur Abstimmung kommen, ob die Call Option gezogen wird oder nicht. Mit dieser Option ist <a class=\"mh-excerpt-more\" href=\"https:\/\/www.mediapartizan.at\/?p=5709\" title=\"Flughafen: Call Option auf die lange Bank geschoben. Kurios: Auch einige \u00d6VP-Aufsichtsr\u00e4te stimmten f\u00fcr Vertagung\">[&#8230;]<\/a><\/p>\n<\/div>","protected":false},"author":2,"featured_media":5710,"comment_status":"open","ping_status":"open","sticky":false,"template":"","format":"standard","meta":{"inline_featured_image":false,"_jetpack_memberships_contains_paid_content":false,"footnotes":""},"categories":[166],"tags":[167,169,182,183,168,172,137,112],"class_list":{"0":"post-5709","1":"post","2":"type-post","3":"status-publish","4":"format-standard","5":"has-post-thumbnail","7":"category-flughafen-klagenfurt","8":"tag-flughafen-klagenfurt","9":"tag-franz-peter-orasch","10":"tag-kaerntner-beteiligungsverwaltung","11":"tag-kbv","12":"tag-lilihill","13":"tag-martin-payer","14":"tag-oevp","15":"tag-spoe"},"yoast_head":"<!-- This site is optimized with the Yoast SEO plugin v20.10 - https:\/\/yoast.com\/wordpress\/plugins\/seo\/ -->\n<title>Flughafen: Call Option auf die lange Bank geschoben. Kurios: Auch einige \u00d6VP-Aufsichtsr\u00e4te stimmten f\u00fcr Vertagung - Mediapartizan.at<\/title>\n<meta name=\"robots\" content=\"index, follow, max-snippet:-1, max-image-preview:large, max-video-preview:-1\" \/>\n<link rel=\"canonical\" href=\"https:\/\/www.mediapartizan.at\/?p=5709\" \/>\n<meta property=\"og:locale\" content=\"de_DE\" \/>\n<meta property=\"og:type\" content=\"article\" \/>\n<meta property=\"og:title\" content=\"Flughafen: Call Option auf die lange Bank geschoben. Kurios: Auch einige \u00d6VP-Aufsichtsr\u00e4te stimmten f\u00fcr Vertagung - Mediapartizan.at\" \/>\n<meta property=\"og:description\" content=\"In der heutigen Sitzung der K\u00e4rntner Beteiligungsverwaltung (KBV), sie managt die Landesanteile am Klagenfurter Flughafen, sollte es zum wiederholten Mal zur Abstimmung kommen, ob die Call Option gezogen wird oder nicht. Mit dieser Option ist [...]\" \/>\n<meta property=\"og:url\" content=\"https:\/\/www.mediapartizan.at\/?p=5709\" \/>\n<meta property=\"og:site_name\" content=\"Mediapartizan.at\" \/>\n<meta property=\"article:published_time\" content=\"2023-03-29T17:37:16+00:00\" \/>\n<meta property=\"article:modified_time\" content=\"2023-03-29T18:25:19+00:00\" \/>\n<meta property=\"og:image\" content=\"https:\/\/www.mediapartizan.at\/wp-content\/uploads\/2023\/03\/Flughafen_eigene.jpg\" \/>\n\t<meta property=\"og:image:width\" content=\"1280\" \/>\n\t<meta property=\"og:image:height\" content=\"960\" \/>\n\t<meta property=\"og:image:type\" content=\"image\/jpeg\" \/>\n<meta name=\"author\" content=\"Franz Miklautz\" \/>\n<meta name=\"twitter:card\" content=\"summary_large_image\" \/>\n<meta name=\"twitter:label1\" content=\"Verfasst von\" \/>\n\t<meta name=\"twitter:data1\" content=\"Franz Miklautz\" \/>\n\t<meta name=\"twitter:label2\" content=\"Gesch\u00e4tzte Lesezeit\" \/>\n\t<meta name=\"twitter:data2\" content=\"3\u00a0Minuten\" \/>\n<script type=\"application\/ld+json\" class=\"yoast-schema-graph\">{\"@context\":\"https:\/\/schema.org\",\"@graph\":[{\"@type\":\"WebPage\",\"@id\":\"https:\/\/www.mediapartizan.at\/?p=5709\",\"url\":\"https:\/\/www.mediapartizan.at\/?p=5709\",\"name\":\"Flughafen: Call Option auf die lange Bank geschoben. Kurios: Auch einige \u00d6VP-Aufsichtsr\u00e4te stimmten f\u00fcr Vertagung - Mediapartizan.at\",\"isPartOf\":{\"@id\":\"https:\/\/www.mediapartizan.at\/#website\"},\"datePublished\":\"2023-03-29T17:37:16+00:00\",\"dateModified\":\"2023-03-29T18:25:19+00:00\",\"author\":{\"@id\":\"https:\/\/www.mediapartizan.at\/#\/schema\/person\/f6bd7eb8222f2fe985c78d08f17ed7a9\"},\"breadcrumb\":{\"@id\":\"https:\/\/www.mediapartizan.at\/?p=5709#breadcrumb\"},\"inLanguage\":\"de\",\"potentialAction\":[{\"@type\":\"ReadAction\",\"target\":[\"https:\/\/www.mediapartizan.at\/?p=5709\"]}]},{\"@type\":\"BreadcrumbList\",\"@id\":\"https:\/\/www.mediapartizan.at\/?p=5709#breadcrumb\",\"itemListElement\":[{\"@type\":\"ListItem\",\"position\":1,\"name\":\"Startseite\",\"item\":\"https:\/\/www.mediapartizan.at\/\"},{\"@type\":\"ListItem\",\"position\":2,\"name\":\"Flughafen: Call Option auf die lange Bank geschoben. Kurios: Auch einige \u00d6VP-Aufsichtsr\u00e4te stimmten f\u00fcr Vertagung\"}]},{\"@type\":\"WebSite\",\"@id\":\"https:\/\/www.mediapartizan.at\/#website\",\"url\":\"https:\/\/www.mediapartizan.at\/\",\"name\":\"Mediapartizan.at\",\"description\":\"\",\"potentialAction\":[{\"@type\":\"SearchAction\",\"target\":{\"@type\":\"EntryPoint\",\"urlTemplate\":\"https:\/\/www.mediapartizan.at\/?s={search_term_string}\"},\"query-input\":\"required name=search_term_string\"}],\"inLanguage\":\"de\"},{\"@type\":\"Person\",\"@id\":\"https:\/\/www.mediapartizan.at\/#\/schema\/person\/f6bd7eb8222f2fe985c78d08f17ed7a9\",\"name\":\"Franz Miklautz\",\"image\":{\"@type\":\"ImageObject\",\"inLanguage\":\"de\",\"@id\":\"https:\/\/www.mediapartizan.at\/#\/schema\/person\/image\/\",\"url\":\"https:\/\/secure.gravatar.com\/avatar\/5618667e9a7ab3fa3e1a0c75987c8d0c111ad041167e738d67ac0846e54e195e?s=96&d=mm&r=g\",\"contentUrl\":\"https:\/\/secure.gravatar.com\/avatar\/5618667e9a7ab3fa3e1a0c75987c8d0c111ad041167e738d67ac0846e54e195e?s=96&d=mm&r=g\",\"caption\":\"Franz Miklautz\"},\"url\":\"https:\/\/www.mediapartizan.at\/?author=2\"}]}<\/script>\n<!-- \/ Yoast SEO plugin. -->","yoast_head_json":{"title":"Flughafen: Call Option auf die lange Bank geschoben. Kurios: Auch einige \u00d6VP-Aufsichtsr\u00e4te stimmten f\u00fcr Vertagung - Mediapartizan.at","robots":{"index":"index","follow":"follow","max-snippet":"max-snippet:-1","max-image-preview":"max-image-preview:large","max-video-preview":"max-video-preview:-1"},"canonical":"https:\/\/www.mediapartizan.at\/?p=5709","og_locale":"de_DE","og_type":"article","og_title":"Flughafen: Call Option auf die lange Bank geschoben. Kurios: Auch einige \u00d6VP-Aufsichtsr\u00e4te stimmten f\u00fcr Vertagung - Mediapartizan.at","og_description":"In der heutigen Sitzung der K\u00e4rntner Beteiligungsverwaltung (KBV), sie managt die Landesanteile am Klagenfurter Flughafen, sollte es zum wiederholten Mal zur Abstimmung kommen, ob die Call Option gezogen wird oder nicht. Mit dieser Option ist [...]","og_url":"https:\/\/www.mediapartizan.at\/?p=5709","og_site_name":"Mediapartizan.at","article_published_time":"2023-03-29T17:37:16+00:00","article_modified_time":"2023-03-29T18:25:19+00:00","og_image":[{"width":1280,"height":960,"url":"https:\/\/www.mediapartizan.at\/wp-content\/uploads\/2023\/03\/Flughafen_eigene.jpg","type":"image\/jpeg"}],"author":"Franz Miklautz","twitter_card":"summary_large_image","twitter_misc":{"Verfasst von":"Franz Miklautz","Gesch\u00e4tzte Lesezeit":"3\u00a0Minuten"},"schema":{"@context":"https:\/\/schema.org","@graph":[{"@type":"WebPage","@id":"https:\/\/www.mediapartizan.at\/?p=5709","url":"https:\/\/www.mediapartizan.at\/?p=5709","name":"Flughafen: Call Option auf die lange Bank geschoben. Kurios: Auch einige \u00d6VP-Aufsichtsr\u00e4te stimmten f\u00fcr Vertagung - Mediapartizan.at","isPartOf":{"@id":"https:\/\/www.mediapartizan.at\/#website"},"datePublished":"2023-03-29T17:37:16+00:00","dateModified":"2023-03-29T18:25:19+00:00","author":{"@id":"https:\/\/www.mediapartizan.at\/#\/schema\/person\/f6bd7eb8222f2fe985c78d08f17ed7a9"},"breadcrumb":{"@id":"https:\/\/www.mediapartizan.at\/?p=5709#breadcrumb"},"inLanguage":"de","potentialAction":[{"@type":"ReadAction","target":["https:\/\/www.mediapartizan.at\/?p=5709"]}]},{"@type":"BreadcrumbList","@id":"https:\/\/www.mediapartizan.at\/?p=5709#breadcrumb","itemListElement":[{"@type":"ListItem","position":1,"name":"Startseite","item":"https:\/\/www.mediapartizan.at\/"},{"@type":"ListItem","position":2,"name":"Flughafen: Call Option auf die lange Bank geschoben. Kurios: Auch einige \u00d6VP-Aufsichtsr\u00e4te stimmten f\u00fcr Vertagung"}]},{"@type":"WebSite","@id":"https:\/\/www.mediapartizan.at\/#website","url":"https:\/\/www.mediapartizan.at\/","name":"Mediapartizan.at","description":"","potentialAction":[{"@type":"SearchAction","target":{"@type":"EntryPoint","urlTemplate":"https:\/\/www.mediapartizan.at\/?s={search_term_string}"},"query-input":"required name=search_term_string"}],"inLanguage":"de"},{"@type":"Person","@id":"https:\/\/www.mediapartizan.at\/#\/schema\/person\/f6bd7eb8222f2fe985c78d08f17ed7a9","name":"Franz Miklautz","image":{"@type":"ImageObject","inLanguage":"de","@id":"https:\/\/www.mediapartizan.at\/#\/schema\/person\/image\/","url":"https:\/\/secure.gravatar.com\/avatar\/5618667e9a7ab3fa3e1a0c75987c8d0c111ad041167e738d67ac0846e54e195e?s=96&d=mm&r=g","contentUrl":"https:\/\/secure.gravatar.com\/avatar\/5618667e9a7ab3fa3e1a0c75987c8d0c111ad041167e738d67ac0846e54e195e?s=96&d=mm&r=g","caption":"Franz Miklautz"},"url":"https:\/\/www.mediapartizan.at\/?author=2"}]}},"jetpack_featured_media_url":"https:\/\/i0.wp.com\/www.mediapartizan.at\/wp-content\/uploads\/2023\/03\/Flughafen_eigene.jpg?fit=1280%2C960&ssl=1","jetpack_sharing_enabled":true,"_links":{"self":[{"href":"https:\/\/www.mediapartizan.at\/index.php?rest_route=\/wp\/v2\/posts\/5709","targetHints":{"allow":["GET"]}}],"collection":[{"href":"https:\/\/www.mediapartizan.at\/index.php?rest_route=\/wp\/v2\/posts"}],"about":[{"href":"https:\/\/www.mediapartizan.at\/index.php?rest_route=\/wp\/v2\/types\/post"}],"author":[{"embeddable":true,"href":"https:\/\/www.mediapartizan.at\/index.php?rest_route=\/wp\/v2\/users\/2"}],"replies":[{"embeddable":true,"href":"https:\/\/www.mediapartizan.at\/index.php?rest_route=%2Fwp%2Fv2%2Fcomments&post=5709"}],"version-history":[{"count":5,"href":"https:\/\/www.mediapartizan.at\/index.php?rest_route=\/wp\/v2\/posts\/5709\/revisions"}],"predecessor-version":[{"id":5721,"href":"https:\/\/www.mediapartizan.at\/index.php?rest_route=\/wp\/v2\/posts\/5709\/revisions\/5721"}],"wp:featuredmedia":[{"embeddable":true,"href":"https:\/\/www.mediapartizan.at\/index.php?rest_route=\/wp\/v2\/media\/5710"}],"wp:attachment":[{"href":"https:\/\/www.mediapartizan.at\/index.php?rest_route=%2Fwp%2Fv2%2Fmedia&parent=5709"}],"wp:term":[{"taxonomy":"category","embeddable":true,"href":"https:\/\/www.mediapartizan.at\/index.php?rest_route=%2Fwp%2Fv2%2Fcategories&post=5709"},{"taxonomy":"post_tag","embeddable":true,"href":"https:\/\/www.mediapartizan.at\/index.php?rest_route=%2Fwp%2Fv2%2Ftags&post=5709"}],"curies":[{"name":"wp","href":"https:\/\/api.w.org\/{rel}","templated":true}]}}