{"id":5807,"date":"2023-04-04T12:38:37","date_gmt":"2023-04-04T10:38:37","guid":{"rendered":"https:\/\/www.mediapartizan.at\/?p=5807"},"modified":"2023-04-04T17:04:44","modified_gmt":"2023-04-04T15:04:44","slug":"detonation-im-klagenfurter-rathaus-landesaufsicht-nimmt-scheider-notfall-paragraf-aus-der-hand-jost-verlaengerung-koennte-fallen","status":"publish","type":"post","link":"https:\/\/www.mediapartizan.at\/?p=5807","title":{"rendered":"Detonation im Klagenfurter Rathaus: Landesaufsicht nimmt Scheider Notfall-Paragraf aus der Hand. Jost-Verl\u00e4ngerung k\u00f6nnte fallen"},"content":{"rendered":"<p><\/p>\n<p>Seit gestern soll der Schrieb im Klagenfurter Magistrat aufliegen. Es wird von Hektik und gro\u00dfer Nervosit\u00e4t berichtet. Der Brief stammt von der K\u00e4rntner Gemeindeaufsicht. Und er soll detonationsf\u00e4higen Sprengstoff enthalten. Die Gemeindeaufsicht versagt darin dem Klagenfurter Stadtchef Christian Scheider (Team K\u00e4rnten) nachtr\u00e4glich die Anwendung des Notfallparagrafens bei der umstrittenen Dienstverl\u00e4ngerung von Magistratsdirektor Peter Jost. Scheider hatte diesen im Dezember 2022 zwei Jahre \u00fcber dessen Pensionsalter hinaus (bis 67) verl\u00e4ngert. Und das mit dem sogenannten Notfallparagrafen. Dessen Anwendung nun die K\u00e4rntner Landesaufsicht als unrechtens erkennt.<\/p>\n<p><\/p>\n<p><\/p>\n<p>Scheider hatte die Verl\u00e4ngerung damit begr\u00fcndet, dass Jost sonst von einem Tag auf den anderen in Pension gegangen w\u00e4re. Er hatte daf\u00fcr nachtr\u00e4glich auch ein Gutachten beim Rechtsgelehrten Bernd Wieser eingeholt, der die Entscheidung Scheiders untermauerte. Die SP\u00d6 hatte im Gegenzug ein Gutachten bei der Rechtsgelehrten Doris Hattenberger in Auftrag gegeben, das das Gegenteil bescheinigte. <\/p>\n<p><\/p>\n<p><\/p>\n<p>Offenbar waren die Ansichten Hattenbergers richtig(er). Denn die Gemeindeaufsicht soll die Aberkennung des sogenannten 73er-Paragrafen des Klagenfurter Stadtrechts damit begr\u00fcndet haben, dass eine Notfallsituation nicht vorgelegen sei. Da die Stadt, und damit auch Scheider bzw. seine Vorg\u00e4nger(innen), daf\u00fcr h\u00e4tten sorgen m\u00fcssen, dass eine solche Situation nicht eintreten h\u00e4tte d\u00fcrfen. Das ist durchaus plausibel: Man h\u00e4tte nur rechtzeitig eine Ausschreibung oder einen ad\u00e4quaten Stellvertreter organisieren m\u00fcssen.<\/p>\n<p><\/p>\n<p><\/p>\n<p><strong>Furcht vor dem Supergau<\/strong> <strong>einer Klage von Jost<\/strong><\/p>\n<p><\/p>\n<p><\/p>\n<p>Nun k\u00f6nnte es brenzlig werden. Mit dieser Entscheidung d\u00fcrfte die Verl\u00e4ngerung Josts geh\u00f6rig wackeln bzw. k\u00f6nnte diese endg\u00fcltig vom Tisch sein. Was Jost, er hat ja die Verl\u00e4ngerung von Scheider &#8211; unterst\u00fctzt von mehreren Juristen &#8211; in der Hand, in die Lage versetzen k\u00f6nnte, auf Einhaltung bzw. Entsch\u00e4digung zu klagen. Auf die Stadt k\u00f6nnte nun ein Prozess und mehrere Hunderttausend Euro an Zahlungen zukommen. F\u00fcr Scheider k\u00f6nnte das bitter werden: Ist ein Verm\u00f6gensschaden nachweisbar, werden die politischen Gegner mit dem Finger auf ihn zeigen. Ganz zu schweigen von rechtlichen Erw\u00e4gungen.<\/p>\n<p><\/p>\n<p><\/p>\n<p>Das Einschreiten der Landesaufsicht war deshalb zustande gekommen, weil SP\u00d6, FP\u00d6 und Neos eine Aufsichtsbeschwerde gegen Scheiders Alleingang eingebracht hatten.<\/p>\n<p><\/p>\n","protected":false},"excerpt":{"rendered":"<div class=\"mh-excerpt\"><p>Einschlag im Magistrat: Landesaufsicht bescheinigt die Notfall-Verl\u00e4ngerung von Magistratsdirektor Peter Jost als nicht rechtens. <a class=\"mh-excerpt-more\" href=\"https:\/\/www.mediapartizan.at\/?p=5807\" title=\"Detonation im Klagenfurter Rathaus: Landesaufsicht nimmt Scheider Notfall-Paragraf aus der Hand. Jost-Verl\u00e4ngerung k\u00f6nnte fallen\">[&#8230;]<\/a><\/p>\n<\/div>","protected":false},"author":2,"featured_media":5091,"comment_status":"open","ping_status":"open","sticky":false,"template":"","format":"standard","meta":{"inline_featured_image":false,"_jetpack_memberships_contains_paid_content":false,"footnotes":""},"categories":[143],"tags":[86,289,378],"class_list":{"0":"post-5807","1":"post","2":"type-post","3":"status-publish","4":"format-standard","5":"has-post-thumbnail","7":"category-stadt-klagenfurt","8":"tag-christian-scheider","9":"tag-peter-jost","10":"tag-rathaus-klagenfurt"},"yoast_head":"<!-- This site is optimized with the Yoast SEO plugin v20.10 - https:\/\/yoast.com\/wordpress\/plugins\/seo\/ -->\n<title>Detonation im Klagenfurter Rathaus: Landesaufsicht nimmt Scheider Notfall-Paragraf aus der Hand. Jost-Verl\u00e4ngerung k\u00f6nnte fallen - Mediapartizan.at<\/title>\n<meta name=\"robots\" content=\"index, follow, max-snippet:-1, max-image-preview:large, max-video-preview:-1\" \/>\n<link rel=\"canonical\" href=\"https:\/\/www.mediapartizan.at\/?p=5807\" \/>\n<meta property=\"og:locale\" content=\"de_DE\" \/>\n<meta property=\"og:type\" content=\"article\" \/>\n<meta property=\"og:title\" content=\"Detonation im Klagenfurter Rathaus: Landesaufsicht nimmt Scheider Notfall-Paragraf aus der Hand. Jost-Verl\u00e4ngerung k\u00f6nnte fallen - Mediapartizan.at\" \/>\n<meta property=\"og:description\" content=\"Einschlag im Magistrat: Landesaufsicht bescheinigt die Notfall-Verl\u00e4ngerung von Magistratsdirektor Peter Jost als nicht rechtens. [...]\" \/>\n<meta property=\"og:url\" content=\"https:\/\/www.mediapartizan.at\/?p=5807\" \/>\n<meta property=\"og:site_name\" content=\"Mediapartizan.at\" \/>\n<meta property=\"article:published_time\" content=\"2023-04-04T10:38:37+00:00\" \/>\n<meta property=\"article:modified_time\" content=\"2023-04-04T15:04:44+00:00\" \/>\n<meta property=\"og:image\" content=\"https:\/\/www.mediapartizan.at\/wp-content\/uploads\/2022\/12\/Bildschirmfoto-2022-12-29-um-18.48.25.png\" \/>\n\t<meta property=\"og:image:width\" content=\"1058\" \/>\n\t<meta property=\"og:image:height\" content=\"626\" \/>\n\t<meta property=\"og:image:type\" content=\"image\/png\" \/>\n<meta name=\"author\" content=\"Franz Miklautz\" \/>\n<meta name=\"twitter:card\" content=\"summary_large_image\" \/>\n<meta name=\"twitter:label1\" content=\"Verfasst von\" \/>\n\t<meta name=\"twitter:data1\" content=\"Franz Miklautz\" \/>\n\t<meta name=\"twitter:label2\" content=\"Gesch\u00e4tzte Lesezeit\" \/>\n\t<meta name=\"twitter:data2\" content=\"2\u00a0Minuten\" \/>\n<script type=\"application\/ld+json\" class=\"yoast-schema-graph\">{\"@context\":\"https:\/\/schema.org\",\"@graph\":[{\"@type\":\"WebPage\",\"@id\":\"https:\/\/www.mediapartizan.at\/?p=5807\",\"url\":\"https:\/\/www.mediapartizan.at\/?p=5807\",\"name\":\"Detonation im Klagenfurter Rathaus: Landesaufsicht nimmt Scheider Notfall-Paragraf aus der Hand. Jost-Verl\u00e4ngerung k\u00f6nnte fallen - Mediapartizan.at\",\"isPartOf\":{\"@id\":\"https:\/\/www.mediapartizan.at\/#website\"},\"datePublished\":\"2023-04-04T10:38:37+00:00\",\"dateModified\":\"2023-04-04T15:04:44+00:00\",\"author\":{\"@id\":\"https:\/\/www.mediapartizan.at\/#\/schema\/person\/f6bd7eb8222f2fe985c78d08f17ed7a9\"},\"breadcrumb\":{\"@id\":\"https:\/\/www.mediapartizan.at\/?p=5807#breadcrumb\"},\"inLanguage\":\"de\",\"potentialAction\":[{\"@type\":\"ReadAction\",\"target\":[\"https:\/\/www.mediapartizan.at\/?p=5807\"]}]},{\"@type\":\"BreadcrumbList\",\"@id\":\"https:\/\/www.mediapartizan.at\/?p=5807#breadcrumb\",\"itemListElement\":[{\"@type\":\"ListItem\",\"position\":1,\"name\":\"Startseite\",\"item\":\"https:\/\/www.mediapartizan.at\/\"},{\"@type\":\"ListItem\",\"position\":2,\"name\":\"Detonation im Klagenfurter Rathaus: Landesaufsicht nimmt Scheider Notfall-Paragraf aus der Hand. Jost-Verl\u00e4ngerung k\u00f6nnte fallen\"}]},{\"@type\":\"WebSite\",\"@id\":\"https:\/\/www.mediapartizan.at\/#website\",\"url\":\"https:\/\/www.mediapartizan.at\/\",\"name\":\"Mediapartizan.at\",\"description\":\"\",\"potentialAction\":[{\"@type\":\"SearchAction\",\"target\":{\"@type\":\"EntryPoint\",\"urlTemplate\":\"https:\/\/www.mediapartizan.at\/?s={search_term_string}\"},\"query-input\":\"required name=search_term_string\"}],\"inLanguage\":\"de\"},{\"@type\":\"Person\",\"@id\":\"https:\/\/www.mediapartizan.at\/#\/schema\/person\/f6bd7eb8222f2fe985c78d08f17ed7a9\",\"name\":\"Franz Miklautz\",\"image\":{\"@type\":\"ImageObject\",\"inLanguage\":\"de\",\"@id\":\"https:\/\/www.mediapartizan.at\/#\/schema\/person\/image\/\",\"url\":\"https:\/\/secure.gravatar.com\/avatar\/5618667e9a7ab3fa3e1a0c75987c8d0c111ad041167e738d67ac0846e54e195e?s=96&d=mm&r=g\",\"contentUrl\":\"https:\/\/secure.gravatar.com\/avatar\/5618667e9a7ab3fa3e1a0c75987c8d0c111ad041167e738d67ac0846e54e195e?s=96&d=mm&r=g\",\"caption\":\"Franz Miklautz\"},\"url\":\"https:\/\/www.mediapartizan.at\/?author=2\"}]}<\/script>\n<!-- \/ Yoast SEO plugin. -->","yoast_head_json":{"title":"Detonation im Klagenfurter Rathaus: Landesaufsicht nimmt Scheider Notfall-Paragraf aus der Hand. Jost-Verl\u00e4ngerung k\u00f6nnte fallen - Mediapartizan.at","robots":{"index":"index","follow":"follow","max-snippet":"max-snippet:-1","max-image-preview":"max-image-preview:large","max-video-preview":"max-video-preview:-1"},"canonical":"https:\/\/www.mediapartizan.at\/?p=5807","og_locale":"de_DE","og_type":"article","og_title":"Detonation im Klagenfurter Rathaus: Landesaufsicht nimmt Scheider Notfall-Paragraf aus der Hand. Jost-Verl\u00e4ngerung k\u00f6nnte fallen - Mediapartizan.at","og_description":"Einschlag im Magistrat: Landesaufsicht bescheinigt die Notfall-Verl\u00e4ngerung von Magistratsdirektor Peter Jost als nicht rechtens. [...]","og_url":"https:\/\/www.mediapartizan.at\/?p=5807","og_site_name":"Mediapartizan.at","article_published_time":"2023-04-04T10:38:37+00:00","article_modified_time":"2023-04-04T15:04:44+00:00","og_image":[{"width":1058,"height":626,"url":"https:\/\/www.mediapartizan.at\/wp-content\/uploads\/2022\/12\/Bildschirmfoto-2022-12-29-um-18.48.25.png","type":"image\/png"}],"author":"Franz Miklautz","twitter_card":"summary_large_image","twitter_misc":{"Verfasst von":"Franz Miklautz","Gesch\u00e4tzte Lesezeit":"2\u00a0Minuten"},"schema":{"@context":"https:\/\/schema.org","@graph":[{"@type":"WebPage","@id":"https:\/\/www.mediapartizan.at\/?p=5807","url":"https:\/\/www.mediapartizan.at\/?p=5807","name":"Detonation im Klagenfurter Rathaus: Landesaufsicht nimmt Scheider Notfall-Paragraf aus der Hand. Jost-Verl\u00e4ngerung k\u00f6nnte fallen - Mediapartizan.at","isPartOf":{"@id":"https:\/\/www.mediapartizan.at\/#website"},"datePublished":"2023-04-04T10:38:37+00:00","dateModified":"2023-04-04T15:04:44+00:00","author":{"@id":"https:\/\/www.mediapartizan.at\/#\/schema\/person\/f6bd7eb8222f2fe985c78d08f17ed7a9"},"breadcrumb":{"@id":"https:\/\/www.mediapartizan.at\/?p=5807#breadcrumb"},"inLanguage":"de","potentialAction":[{"@type":"ReadAction","target":["https:\/\/www.mediapartizan.at\/?p=5807"]}]},{"@type":"BreadcrumbList","@id":"https:\/\/www.mediapartizan.at\/?p=5807#breadcrumb","itemListElement":[{"@type":"ListItem","position":1,"name":"Startseite","item":"https:\/\/www.mediapartizan.at\/"},{"@type":"ListItem","position":2,"name":"Detonation im Klagenfurter Rathaus: Landesaufsicht nimmt Scheider Notfall-Paragraf aus der Hand. Jost-Verl\u00e4ngerung k\u00f6nnte fallen"}]},{"@type":"WebSite","@id":"https:\/\/www.mediapartizan.at\/#website","url":"https:\/\/www.mediapartizan.at\/","name":"Mediapartizan.at","description":"","potentialAction":[{"@type":"SearchAction","target":{"@type":"EntryPoint","urlTemplate":"https:\/\/www.mediapartizan.at\/?s={search_term_string}"},"query-input":"required name=search_term_string"}],"inLanguage":"de"},{"@type":"Person","@id":"https:\/\/www.mediapartizan.at\/#\/schema\/person\/f6bd7eb8222f2fe985c78d08f17ed7a9","name":"Franz Miklautz","image":{"@type":"ImageObject","inLanguage":"de","@id":"https:\/\/www.mediapartizan.at\/#\/schema\/person\/image\/","url":"https:\/\/secure.gravatar.com\/avatar\/5618667e9a7ab3fa3e1a0c75987c8d0c111ad041167e738d67ac0846e54e195e?s=96&d=mm&r=g","contentUrl":"https:\/\/secure.gravatar.com\/avatar\/5618667e9a7ab3fa3e1a0c75987c8d0c111ad041167e738d67ac0846e54e195e?s=96&d=mm&r=g","caption":"Franz Miklautz"},"url":"https:\/\/www.mediapartizan.at\/?author=2"}]}},"jetpack_featured_media_url":"https:\/\/i0.wp.com\/www.mediapartizan.at\/wp-content\/uploads\/2022\/12\/Bildschirmfoto-2022-12-29-um-18.48.25.png?fit=1058%2C626&ssl=1","jetpack_sharing_enabled":true,"_links":{"self":[{"href":"https:\/\/www.mediapartizan.at\/index.php?rest_route=\/wp\/v2\/posts\/5807","targetHints":{"allow":["GET"]}}],"collection":[{"href":"https:\/\/www.mediapartizan.at\/index.php?rest_route=\/wp\/v2\/posts"}],"about":[{"href":"https:\/\/www.mediapartizan.at\/index.php?rest_route=\/wp\/v2\/types\/post"}],"author":[{"embeddable":true,"href":"https:\/\/www.mediapartizan.at\/index.php?rest_route=\/wp\/v2\/users\/2"}],"replies":[{"embeddable":true,"href":"https:\/\/www.mediapartizan.at\/index.php?rest_route=%2Fwp%2Fv2%2Fcomments&post=5807"}],"version-history":[{"count":11,"href":"https:\/\/www.mediapartizan.at\/index.php?rest_route=\/wp\/v2\/posts\/5807\/revisions"}],"predecessor-version":[{"id":5826,"href":"https:\/\/www.mediapartizan.at\/index.php?rest_route=\/wp\/v2\/posts\/5807\/revisions\/5826"}],"wp:featuredmedia":[{"embeddable":true,"href":"https:\/\/www.mediapartizan.at\/index.php?rest_route=\/wp\/v2\/media\/5091"}],"wp:attachment":[{"href":"https:\/\/www.mediapartizan.at\/index.php?rest_route=%2Fwp%2Fv2%2Fmedia&parent=5807"}],"wp:term":[{"taxonomy":"category","embeddable":true,"href":"https:\/\/www.mediapartizan.at\/index.php?rest_route=%2Fwp%2Fv2%2Fcategories&post=5807"},{"taxonomy":"post_tag","embeddable":true,"href":"https:\/\/www.mediapartizan.at\/index.php?rest_route=%2Fwp%2Fv2%2Ftags&post=5807"}],"curies":[{"name":"wp","href":"https:\/\/api.w.org\/{rel}","templated":true}]}}