{"id":6011,"date":"2023-04-14T20:39:48","date_gmt":"2023-04-14T18:39:48","guid":{"rendered":"https:\/\/www.mediapartizan.at\/?p=6011"},"modified":"2023-04-14T22:49:33","modified_gmt":"2023-04-14T20:49:33","slug":"eine-menge-kalkulationen-aber-keine-flieger","status":"publish","type":"post","link":"https:\/\/www.mediapartizan.at\/?p=6011","title":{"rendered":"Eine Menge Kalkulationen &#8211; aber keine Flieger"},"content":{"rendered":"<p><\/p>\n<p>Nur mehr eine knappe Woche: Die Liliair-Website verspricht den ersten Klagenfurt-Frankfurt-Flug f\u00fcr den 23. April. Allein: Der Termin wird wohl nicht halten. In Foreneintr\u00e4gen unter diesbez\u00fcglichen Storys  machen sich Dutzende User bereits \u00fcber die Ank\u00fcndigungs-Paraden der Lillihill-Gruppe von Flughafen-Investor Franz Peter Orasch lustig. <\/p>\n<p><\/p>\n<p><\/p>\n<p><strong>Geheime Papiere mit Kalkulationen<\/strong><\/p>\n<p><\/p>\n<p><\/p>\n<p>Nun sind Mediapartizan.at weitere geheime Dokumente zu dieser Thematik zugespielt worden. Dabei handelt es sich um <a href=\"https:\/\/www.mediapartizan.at\/?p=5687\" target=\"_blank\" rel=\"noreferrer noopener\">Kalkulationen aus dem Lilihill-Universum<\/a>. Die Papiere drehen sich um Ums\u00e4tze, mit denen man am Flughafen offenbar durch die versprochene neue Fluglinie &#8222;Liliair&#8220; rechnet. Deren Fl\u00fcge wie gesagt eine Woche vor dem prognostizierten Take off noch nicht einmal buchbar sind. <\/p>\n<p><\/p>\n<p><\/p>\n<p><strong>K\u00f6ln nicht mal auf der Website<\/strong><\/p>\n<p><\/p>\n<p><\/p>\n<p>In den Unterlagen wird eine t\u00e4gliche Verbindung nach Frankfurt angek\u00fcndigt. K\u00f6ln und\/oder Hamburg sollen zwei Mal pro Woche abheben. Bonmot am Rande: K\u00f6ln ist auf der Liliair-Website im Reservierungsformular noch nicht mal eingetragen. Dort steht neben Frankfurt und Hamburg noch immer M\u00fcnchen als dritte Destination. F\u00fcr Hamburg stehen auf der Website des Klagenfurter Flughafens drei Wochenverbindungen. K\u00f6ln befindet sich dort als Liliair-Ziel nicht. <\/p>\n<p><\/p>\n<p><\/p>\n<p><strong>Liliair kein Umsatz-Burner<\/strong><\/p>\n<p><\/p>\n<p><\/p>\n<p>Jedenfalls plant man bei der Liliair offenbar rund 30.000 Passagiere im heurigen Jahr. Das erg\u00e4be laut den Unterlagen gut 230.000 Euro an kalkulierten Aviationerl\u00f6sen f\u00fcr den Flughafen. Im Non-Avationbereich will der Airport mit diesen Flugg\u00e4sten anscheinend knappe 99.000 Euro im Jahr 2023 erreichen. Bei insgesamt \u00fcber 300 kalkulierten Abfl\u00fcgen bleibt der Umsatz f\u00fcr den Flughafen aber ziemlich \u00fcberschaubar. Die Orasch-Airline zahlt maximal 15 Euro pro abfliegendem Passagier. <\/p>\n<p><\/p>\n<p><\/p>\n<p>F\u00fcr das Flugprogramm 2024 bis 2026 rechnet man offenbar mit insgesamt 90.000 Passagieren und gut 600.000 Euro an Aviationums\u00e4tzen. Rund 290.000 sollen im Non-Aviationbereich zustande kommen, also durch den Gastrobetrieb oder Eink\u00e4ufe. <\/p>\n<p><\/p>\n<p><\/p>\n<p><strong>Kaiser verschafft Orasch zus\u00e4tzliche Zeit<\/strong><\/p>\n<p><\/p>\n<p><\/p>\n<p>Kalkulationen gibt es. Aber (bis jetzt) keine buchbaren Flieger. Doch Landeshauptmann Peter Kaiser hat Orasch gestern in einem &#8222;Kleine Zeitung&#8220;-Interview wohl zus\u00e4tzliche Zeit verschafft. Kaiser meinte, dass es &#8222;Ziel bleibt, dass noch im ers\u00adten Halb\u00adjahr ein in\u00adter\u00adna\u00adtio\u00adna\u00adles Dreh\u00adkreuz wie Frank\u00adfurt an\u00adge\u00adflo\u00adgen wird&#8220;. Im sogenannten &#8222;10-Punkte-Plan zur Zukunft des Airports&#8220; zwischen Orasch und dem Land K\u00e4rnten bzw. der Stadt Klagenfurt war aber etwas ganz anderes vereinart worden: <\/p>\n<p><\/p>\n<p><\/p>\n<figure class=\"wp-block-image aligncenter size-large is-resized\"><img data-recalc-dims=\"1\" loading=\"lazy\" decoding=\"async\" src=\"https:\/\/i0.wp.com\/www.mediapartizan.at\/wp-content\/uploads\/2023\/04\/Bildschirmfoto-2023-04-14-um-19.47.00.png?resize=766%2C78&#038;ssl=1\" alt=\"\" class=\"wp-image-6012\" width=\"766\" height=\"78\" srcset=\"https:\/\/i0.wp.com\/www.mediapartizan.at\/wp-content\/uploads\/2023\/04\/Bildschirmfoto-2023-04-14-um-19.47.00.png?resize=1024%2C105&amp;ssl=1 1024w, https:\/\/i0.wp.com\/www.mediapartizan.at\/wp-content\/uploads\/2023\/04\/Bildschirmfoto-2023-04-14-um-19.47.00.png?resize=300%2C31&amp;ssl=1 300w, https:\/\/i0.wp.com\/www.mediapartizan.at\/wp-content\/uploads\/2023\/04\/Bildschirmfoto-2023-04-14-um-19.47.00.png?resize=768%2C79&amp;ssl=1 768w, https:\/\/i0.wp.com\/www.mediapartizan.at\/wp-content\/uploads\/2023\/04\/Bildschirmfoto-2023-04-14-um-19.47.00.png?w=1282&amp;ssl=1 1282w\" sizes=\"auto, (max-width: 766px) 100vw, 766px\" \/><figcaption class=\"wp-element-caption\">Vereinbart: Buchung ab Oktober vorigen Jahres, Fl\u00fcge ab April<\/figcaption><\/figure>\n<p><\/p>\n<p><\/p>\n<p>Und diese Vereinbarung hatte zu oberst Kaiser unterschrieben. Aber auch andere Politgr\u00f6\u00dfen: Klagenfurt-B\u00fcrgermeister Christian Scheider (Team K\u00e4rnten) wie auch SP\u00d6-Vizeb\u00fcrgermeister Philipp Liesnig. <\/p>\n<p><\/p>\n<p><\/p>\n<figure class=\"wp-block-image aligncenter size-large is-resized\"><img data-recalc-dims=\"1\" loading=\"lazy\" decoding=\"async\" src=\"https:\/\/i0.wp.com\/www.mediapartizan.at\/wp-content\/uploads\/2023\/04\/Bildschirmfoto-2023-04-14-um-19.47.35.png?resize=612%2C282&#038;ssl=1\" alt=\"\" class=\"wp-image-6013\" width=\"612\" height=\"282\" srcset=\"https:\/\/i0.wp.com\/www.mediapartizan.at\/wp-content\/uploads\/2023\/04\/Bildschirmfoto-2023-04-14-um-19.47.35.png?resize=1024%2C471&amp;ssl=1 1024w, https:\/\/i0.wp.com\/www.mediapartizan.at\/wp-content\/uploads\/2023\/04\/Bildschirmfoto-2023-04-14-um-19.47.35.png?resize=300%2C138&amp;ssl=1 300w, https:\/\/i0.wp.com\/www.mediapartizan.at\/wp-content\/uploads\/2023\/04\/Bildschirmfoto-2023-04-14-um-19.47.35.png?resize=768%2C354&amp;ssl=1 768w, https:\/\/i0.wp.com\/www.mediapartizan.at\/wp-content\/uploads\/2023\/04\/Bildschirmfoto-2023-04-14-um-19.47.35.png?w=1486&amp;ssl=1 1486w\" sizes=\"auto, (max-width: 612px) 100vw, 612px\" \/><figcaption class=\"wp-element-caption\">Die Unterschriften aus der Vereinbarung vom vorigen August. Auch jene von Orasch und Flughafen-Gesch\u00e4ftsf\u00fchrer Nils Witt finden sich auf der Vereinbarung &#8211; die wohl hinf\u00e4llig sein d\u00fcrfte. <\/figcaption><\/figure>\n<p><\/p>\n<p><\/p>\n<p><strong>Causa Kapitalerh\u00f6hung: Rechtliches Nachspiel bzw. Gerichtsfall?<\/strong><\/p>\n<p><\/p>\n<p><\/p>\n<p>Die Flughafen-Betriebs-Gesellschaft (KFBG) ist bekanntlich finanziell d\u00fcrftig aufgestellt. Sprich: Der KFBG geht das Geld aus. Das f\u00fchrte dazu, dass KFBG-Mitarbeiter ihre j\u00fcngsten Geh\u00e4lter erst bekamen als Land und Stadt ihre Tranchen der geplanten Kapitalerh\u00f6hung auf das Flughafen-Konto \u00fcberwiesen. Das Land sp\u00fclte 740.000 Euro in die Airport-Kasse, die Stadt Klagenfurt 185.000. Die Lilihill-Gruppe, die die Kapitalerh\u00f6hung seit Dezember vehement vorantrieb, hatte ihren Teil von rund 2,8 Millionen nicht eingezahlt, obwohl die Kapitalerh\u00f6hung in der Generalversammlung des Flughafens beschlossen worden war. Orasch stellte seine \u00dcberweisung unter die aufschiebende Bedingung, dass Land und Stadt f\u00fcr 2022 auf das Ziehen der Call Option (R\u00fcckholung des Flughafens) verzichten. <\/p>\n<p><\/p>\n<p><\/p>\n<p>Laut Lilihill seien die versp\u00e4teten Gehaltszahlungen nur ein &#8211; fragw\u00fcrdiger &#8211; &#8222;Buchungsfehler&#8220; gewesen. Doch die Sache k\u00f6nnte noch ein geh\u00f6riges Nachspiel haben: Meldet die Gesch\u00e4ftsf\u00fchrung der KFBG die Zuzahlungen der Minderheitsgesellschafter Land und Stadt beim Firmenbuch nicht als Kapitalerh\u00f6hung an &#8211; und damit Verw\u00e4sserung der Anteile zugunsten der \u00f6ffentlichen Hand -, bleibt dem Land, also der K\u00e4rntner Beteiligungsverwaltung (KBV) und der Stadt Klagenfurt nichts anderes \u00fcbrig, als rechtlich dagegen vorzugehen, um Schaden abzuwenden. Orasch w\u00e4re dann automatisch kein 75-Prozent-Eigent\u00fcmer mehr. <\/p>\n<p><\/p>\n<p><\/p>\n<p><\/p>\n<p><\/p>\n<p><\/p>\n","protected":false},"excerpt":{"rendered":"<div class=\"mh-excerpt\"><p>Geheime Kalkulation zeigt sp\u00e4rliche Erl\u00f6se f\u00fcr Flughafen Klagenfurt durch Liliair. Die nicht vollendete Kapitalerh\u00f6hung am Airport k\u00f6nnte noch zu brisantem Gerichtsfall werden. Landes-Chef Kaiser verschafft Orasch offenbar zus\u00e4tzliche Zeit.  <a class=\"mh-excerpt-more\" href=\"https:\/\/www.mediapartizan.at\/?p=6011\" title=\"Eine Menge Kalkulationen &#8211; aber keine Flieger\">[&#8230;]<\/a><\/p>\n<\/div>","protected":false},"author":2,"featured_media":6016,"comment_status":"open","ping_status":"open","sticky":false,"template":"","format":"standard","meta":{"inline_featured_image":false,"_jetpack_memberships_contains_paid_content":false,"footnotes":""},"categories":[166],"tags":[86,169,183,168,171,172,137,170,112,118],"class_list":{"0":"post-6011","1":"post","2":"type-post","3":"status-publish","4":"format-standard","5":"has-post-thumbnail","7":"category-flughafen-klagenfurt","8":"tag-christian-scheider","9":"tag-franz-peter-orasch","10":"tag-kbv","11":"tag-lilihill","12":"tag-martin-gruber","13":"tag-martin-payer","14":"tag-oevp","15":"tag-peter-kaiser","16":"tag-spoe","17":"tag-stadt-klagenfurt"},"yoast_head":"<!-- This site is optimized with the Yoast SEO plugin v20.10 - https:\/\/yoast.com\/wordpress\/plugins\/seo\/ -->\n<title>Eine Menge Kalkulationen - aber keine Flieger - Mediapartizan.at<\/title>\n<meta name=\"robots\" content=\"index, follow, max-snippet:-1, max-image-preview:large, max-video-preview:-1\" \/>\n<link rel=\"canonical\" href=\"https:\/\/www.mediapartizan.at\/?p=6011\" \/>\n<meta property=\"og:locale\" content=\"de_DE\" \/>\n<meta property=\"og:type\" content=\"article\" \/>\n<meta property=\"og:title\" content=\"Eine Menge Kalkulationen - aber keine Flieger - Mediapartizan.at\" \/>\n<meta property=\"og:description\" content=\"Geheime Kalkulation zeigt sp\u00e4rliche Erl\u00f6se f\u00fcr Flughafen Klagenfurt durch Liliair. Die nicht vollendete Kapitalerh\u00f6hung am Airport k\u00f6nnte noch zu brisantem Gerichtsfall werden. Landes-Chef Kaiser verschafft Orasch offenbar zus\u00e4tzliche Zeit. [...]\" \/>\n<meta property=\"og:url\" content=\"https:\/\/www.mediapartizan.at\/?p=6011\" \/>\n<meta property=\"og:site_name\" content=\"Mediapartizan.at\" \/>\n<meta property=\"article:published_time\" content=\"2023-04-14T18:39:48+00:00\" \/>\n<meta property=\"article:modified_time\" content=\"2023-04-14T20:49:33+00:00\" \/>\n<meta property=\"og:image\" content=\"https:\/\/www.mediapartizan.at\/wp-content\/uploads\/2023\/04\/FH-Klagenfurt.jpg\" \/>\n\t<meta property=\"og:image:width\" content=\"1853\" \/>\n\t<meta property=\"og:image:height\" content=\"1319\" \/>\n\t<meta property=\"og:image:type\" content=\"image\/jpeg\" \/>\n<meta name=\"author\" content=\"Franz Miklautz\" \/>\n<meta name=\"twitter:card\" content=\"summary_large_image\" \/>\n<meta name=\"twitter:label1\" content=\"Verfasst von\" \/>\n\t<meta name=\"twitter:data1\" content=\"Franz Miklautz\" \/>\n\t<meta name=\"twitter:label2\" content=\"Gesch\u00e4tzte Lesezeit\" \/>\n\t<meta name=\"twitter:data2\" content=\"4\u00a0Minuten\" \/>\n<script type=\"application\/ld+json\" class=\"yoast-schema-graph\">{\"@context\":\"https:\/\/schema.org\",\"@graph\":[{\"@type\":\"WebPage\",\"@id\":\"https:\/\/www.mediapartizan.at\/?p=6011\",\"url\":\"https:\/\/www.mediapartizan.at\/?p=6011\",\"name\":\"Eine Menge Kalkulationen - aber keine Flieger - Mediapartizan.at\",\"isPartOf\":{\"@id\":\"https:\/\/www.mediapartizan.at\/#website\"},\"datePublished\":\"2023-04-14T18:39:48+00:00\",\"dateModified\":\"2023-04-14T20:49:33+00:00\",\"author\":{\"@id\":\"https:\/\/www.mediapartizan.at\/#\/schema\/person\/f6bd7eb8222f2fe985c78d08f17ed7a9\"},\"breadcrumb\":{\"@id\":\"https:\/\/www.mediapartizan.at\/?p=6011#breadcrumb\"},\"inLanguage\":\"de\",\"potentialAction\":[{\"@type\":\"ReadAction\",\"target\":[\"https:\/\/www.mediapartizan.at\/?p=6011\"]}]},{\"@type\":\"BreadcrumbList\",\"@id\":\"https:\/\/www.mediapartizan.at\/?p=6011#breadcrumb\",\"itemListElement\":[{\"@type\":\"ListItem\",\"position\":1,\"name\":\"Startseite\",\"item\":\"https:\/\/www.mediapartizan.at\/\"},{\"@type\":\"ListItem\",\"position\":2,\"name\":\"Eine Menge Kalkulationen &#8211; aber keine Flieger\"}]},{\"@type\":\"WebSite\",\"@id\":\"https:\/\/www.mediapartizan.at\/#website\",\"url\":\"https:\/\/www.mediapartizan.at\/\",\"name\":\"Mediapartizan.at\",\"description\":\"\",\"potentialAction\":[{\"@type\":\"SearchAction\",\"target\":{\"@type\":\"EntryPoint\",\"urlTemplate\":\"https:\/\/www.mediapartizan.at\/?s={search_term_string}\"},\"query-input\":\"required name=search_term_string\"}],\"inLanguage\":\"de\"},{\"@type\":\"Person\",\"@id\":\"https:\/\/www.mediapartizan.at\/#\/schema\/person\/f6bd7eb8222f2fe985c78d08f17ed7a9\",\"name\":\"Franz Miklautz\",\"image\":{\"@type\":\"ImageObject\",\"inLanguage\":\"de\",\"@id\":\"https:\/\/www.mediapartizan.at\/#\/schema\/person\/image\/\",\"url\":\"https:\/\/secure.gravatar.com\/avatar\/5618667e9a7ab3fa3e1a0c75987c8d0c111ad041167e738d67ac0846e54e195e?s=96&d=mm&r=g\",\"contentUrl\":\"https:\/\/secure.gravatar.com\/avatar\/5618667e9a7ab3fa3e1a0c75987c8d0c111ad041167e738d67ac0846e54e195e?s=96&d=mm&r=g\",\"caption\":\"Franz Miklautz\"},\"url\":\"https:\/\/www.mediapartizan.at\/?author=2\"}]}<\/script>\n<!-- \/ Yoast SEO plugin. -->","yoast_head_json":{"title":"Eine Menge Kalkulationen - aber keine Flieger - Mediapartizan.at","robots":{"index":"index","follow":"follow","max-snippet":"max-snippet:-1","max-image-preview":"max-image-preview:large","max-video-preview":"max-video-preview:-1"},"canonical":"https:\/\/www.mediapartizan.at\/?p=6011","og_locale":"de_DE","og_type":"article","og_title":"Eine Menge Kalkulationen - aber keine Flieger - Mediapartizan.at","og_description":"Geheime Kalkulation zeigt sp\u00e4rliche Erl\u00f6se f\u00fcr Flughafen Klagenfurt durch Liliair. Die nicht vollendete Kapitalerh\u00f6hung am Airport k\u00f6nnte noch zu brisantem Gerichtsfall werden. Landes-Chef Kaiser verschafft Orasch offenbar zus\u00e4tzliche Zeit. [...]","og_url":"https:\/\/www.mediapartizan.at\/?p=6011","og_site_name":"Mediapartizan.at","article_published_time":"2023-04-14T18:39:48+00:00","article_modified_time":"2023-04-14T20:49:33+00:00","og_image":[{"width":1853,"height":1319,"url":"https:\/\/www.mediapartizan.at\/wp-content\/uploads\/2023\/04\/FH-Klagenfurt.jpg","type":"image\/jpeg"}],"author":"Franz Miklautz","twitter_card":"summary_large_image","twitter_misc":{"Verfasst von":"Franz Miklautz","Gesch\u00e4tzte Lesezeit":"4\u00a0Minuten"},"schema":{"@context":"https:\/\/schema.org","@graph":[{"@type":"WebPage","@id":"https:\/\/www.mediapartizan.at\/?p=6011","url":"https:\/\/www.mediapartizan.at\/?p=6011","name":"Eine Menge Kalkulationen - aber keine Flieger - Mediapartizan.at","isPartOf":{"@id":"https:\/\/www.mediapartizan.at\/#website"},"datePublished":"2023-04-14T18:39:48+00:00","dateModified":"2023-04-14T20:49:33+00:00","author":{"@id":"https:\/\/www.mediapartizan.at\/#\/schema\/person\/f6bd7eb8222f2fe985c78d08f17ed7a9"},"breadcrumb":{"@id":"https:\/\/www.mediapartizan.at\/?p=6011#breadcrumb"},"inLanguage":"de","potentialAction":[{"@type":"ReadAction","target":["https:\/\/www.mediapartizan.at\/?p=6011"]}]},{"@type":"BreadcrumbList","@id":"https:\/\/www.mediapartizan.at\/?p=6011#breadcrumb","itemListElement":[{"@type":"ListItem","position":1,"name":"Startseite","item":"https:\/\/www.mediapartizan.at\/"},{"@type":"ListItem","position":2,"name":"Eine Menge Kalkulationen &#8211; aber keine Flieger"}]},{"@type":"WebSite","@id":"https:\/\/www.mediapartizan.at\/#website","url":"https:\/\/www.mediapartizan.at\/","name":"Mediapartizan.at","description":"","potentialAction":[{"@type":"SearchAction","target":{"@type":"EntryPoint","urlTemplate":"https:\/\/www.mediapartizan.at\/?s={search_term_string}"},"query-input":"required name=search_term_string"}],"inLanguage":"de"},{"@type":"Person","@id":"https:\/\/www.mediapartizan.at\/#\/schema\/person\/f6bd7eb8222f2fe985c78d08f17ed7a9","name":"Franz Miklautz","image":{"@type":"ImageObject","inLanguage":"de","@id":"https:\/\/www.mediapartizan.at\/#\/schema\/person\/image\/","url":"https:\/\/secure.gravatar.com\/avatar\/5618667e9a7ab3fa3e1a0c75987c8d0c111ad041167e738d67ac0846e54e195e?s=96&d=mm&r=g","contentUrl":"https:\/\/secure.gravatar.com\/avatar\/5618667e9a7ab3fa3e1a0c75987c8d0c111ad041167e738d67ac0846e54e195e?s=96&d=mm&r=g","caption":"Franz Miklautz"},"url":"https:\/\/www.mediapartizan.at\/?author=2"}]}},"jetpack_featured_media_url":"https:\/\/i0.wp.com\/www.mediapartizan.at\/wp-content\/uploads\/2023\/04\/FH-Klagenfurt.jpg?fit=1853%2C1319&ssl=1","jetpack_sharing_enabled":true,"_links":{"self":[{"href":"https:\/\/www.mediapartizan.at\/index.php?rest_route=\/wp\/v2\/posts\/6011","targetHints":{"allow":["GET"]}}],"collection":[{"href":"https:\/\/www.mediapartizan.at\/index.php?rest_route=\/wp\/v2\/posts"}],"about":[{"href":"https:\/\/www.mediapartizan.at\/index.php?rest_route=\/wp\/v2\/types\/post"}],"author":[{"embeddable":true,"href":"https:\/\/www.mediapartizan.at\/index.php?rest_route=\/wp\/v2\/users\/2"}],"replies":[{"embeddable":true,"href":"https:\/\/www.mediapartizan.at\/index.php?rest_route=%2Fwp%2Fv2%2Fcomments&post=6011"}],"version-history":[{"count":4,"href":"https:\/\/www.mediapartizan.at\/index.php?rest_route=\/wp\/v2\/posts\/6011\/revisions"}],"predecessor-version":[{"id":6020,"href":"https:\/\/www.mediapartizan.at\/index.php?rest_route=\/wp\/v2\/posts\/6011\/revisions\/6020"}],"wp:featuredmedia":[{"embeddable":true,"href":"https:\/\/www.mediapartizan.at\/index.php?rest_route=\/wp\/v2\/media\/6016"}],"wp:attachment":[{"href":"https:\/\/www.mediapartizan.at\/index.php?rest_route=%2Fwp%2Fv2%2Fmedia&parent=6011"}],"wp:term":[{"taxonomy":"category","embeddable":true,"href":"https:\/\/www.mediapartizan.at\/index.php?rest_route=%2Fwp%2Fv2%2Fcategories&post=6011"},{"taxonomy":"post_tag","embeddable":true,"href":"https:\/\/www.mediapartizan.at\/index.php?rest_route=%2Fwp%2Fv2%2Ftags&post=6011"}],"curies":[{"name":"wp","href":"https:\/\/api.w.org\/{rel}","templated":true}]}}