{"id":6033,"date":"2023-04-24T16:06:06","date_gmt":"2023-04-24T14:06:06","guid":{"rendered":"https:\/\/www.mediapartizan.at\/?p=6033"},"modified":"2023-04-26T13:02:47","modified_gmt":"2023-04-26T11:02:47","slug":"der-schnaps-schuss-des-team-kaernten","status":"publish","type":"post","link":"https:\/\/www.mediapartizan.at\/?p=6033","title":{"rendered":"Der Schnaps-Schuss des Team K\u00e4rnten"},"content":{"rendered":"<p><\/p>\n<p>Anfang M\u00e4rz erreicht die Klagenfurter B\u00fcrgermeisterpartei Team K\u00e4rnten ein Brief. Absender ist eine Anwaltskanzlei, die in Klagenfurt und Wien t\u00e4tig ist. Insgesamt umfasst das Schreiben sechs Seiten. Die letzte Seite zieren zehn vorgefertigte Zeilen, auf denen alle Team-K\u00e4rnten-Mitglieder ihre Unterschriften hinterlassen sollen. Auch Stadtchef Christian Scheider geh\u00f6rt dazu. Der B\u00fcrgermeisterpartei wird die Verbreitung von &#8222;wissentlich tatsachenwidrigen&#8220; Nachrichten und Inhalten vorgeworfen. Die Anw\u00e4lte wollen vom Team K\u00e4rnten vier Punkte erledigt sehen:<\/p>\n<p><\/p>\n<p><\/p>\n<ol class=\"wp-block-list\"><\/p>\n<li><em>&#8222;K\u00fcnftighin&#8220; sind vom Team K\u00e4rnten &#8222;unwahre Ver\u00f6ffentlichungen jeder Art (&#8230;) die Person und Funktion&#8220; ihres Klienten betreffend &#8222;zu unterlassen&#8220;. <\/em><\/li>\n<p><\/p>\n<p><\/p>\n<li><em>&#8222;Binnen 14 Tagen&#8220; hat das Team K\u00e4rnten &#8222;eine Richtigstellung bzw. einen Widerruf in Form eines Postwurfes an s\u00e4mtliche Gemeindeb\u00fcrger der Landeshauptstadt Klagenfurt auszusenden&#8220;.<\/em><\/li>\n<p><\/p>\n<p><\/p>\n<li><em>&#8222;Bis 03.03.23, 14:00 Uhr&#8220; m\u00fcssen &#8222;die betroffenen Textstellen und das Lichtbild aus s\u00e4mtlichen online-Medien (sic!)&#8220; entfernt sein. Und last but not least<\/em><\/li>\n<p><\/p>\n<p><\/p>\n<li><em>sind die &#8222;notwendig gewordenen Kosten der [Rechtsanwaltskanzlei] (&#8230;) zur Anweisung zu bringen&#8220;. <\/em><\/li>\n<p><\/ol>\n<p><\/p>\n<p><\/p>\n<p><strong>Im<\/strong> <strong>Alarmmodus<\/strong><\/p>\n<p><\/p>\n<p><\/p>\n<p>Daraufhin blinken im Team-K\u00e4rnten-Clubsekretariat die Warnleuchten auf. Man wechselt in den Alarmmodus. Denn zu dieser Zeit sind es nur mehr wenige Tage bis zur K\u00e4rntner Landtagswahl. Und ein \u00d6ffentlichwerden der Sache k\u00f6nnte dem landesweit antretenden Parteichef Gerhard K\u00f6fer im Wahlkreis Klagenfurt, in dem er um Stimmen wirbt, noch ziemlich schaden. <\/p>\n<p><\/p>\n<p><\/p>\n<p><strong>Anw\u00e4lte fordern Unterlassungserkl\u00e4rung<\/strong> <strong>und 8.000 Euro Schadenersatz<\/strong><\/p>\n<p><\/p>\n<p><\/p>\n<p>Die Forderungen, die dem Team K\u00e4rnten von der Anwaltskanzlei aufgebrummt wurden, stammen von niemand Geringerem als dem h\u00f6chsten Mitarbeiter des Klagenfurter Rathauses: Magistratsdirektor Peter Jost. Er fordert Scheiders Partei auf, eine Unterlassungserkl\u00e4rung zu unterschreiben. Grund: Jost war der Kragen geplatzt, weil das Team K\u00e4rnten noch kurz vor der Wahl eine Brosch\u00fcre herausgegeben hatte, in der sich der Magistratsdirektor sowohl visuell als auch schriftlich in die N\u00e4he der SP\u00d6 gedr\u00e4ngt sah: Die sogenannten &#8222;Klagenfurter Impulse&#8220;. Im Anwaltsschreiben fordert Jost 8.000 Euro Schadenersatz von der Partei.<\/p>\n<p><\/p>\n<p><\/p>\n<p><strong>&#8222;Jost, der erkl\u00e4rte Liebling der SP\u00d6&#8220; <\/strong><\/p>\n<p><\/p>\n<p><\/p>\n<p>Auf Seite 3 des Machwerks ist Jost auf einem Foto eng mit SP\u00d6-Vizeb\u00fcrgermeister Philipp Liesnig abgebildet. Darunter die Bildbeschreibung: <em>&#8222;Freundschaft! SP\u00d6-Vizebgm. Liesnig am\u00fcsiert sich sichtlich bestens mit Jost.&#8220;<\/em> Das Foto war bei einer Veranstaltung des &#8222;Klagenfurter Stadtger\u00fcchts&#8220; vom Fotografen Hannes Krainz geschossen worden. <\/p>\n<p><\/p>\n<p><\/p>\n<p>In einem nebenstehenden &#8222;Faktencheck zur Magistratsdirektion&#8220; wird vom Team K\u00e4rnten behauptet, dass Jost &#8222;jahrelang so etwas wie der erkl\u00e4rte Liebling der SP\u00d6 war&#8220;. In weiteren Abschnitten wird dem Leser mitgeteilt, dass &#8222;die Gehaltsgrundlagen und \u00dcberstundenregelungen des Magistratsdirektors bereits im Jahr 2000 einstimmig in den Gremien beschlossen wurden, auch mit den Stimmen der SP\u00d6&#8220;. Diese Passage bezieht sich vermutlich auf eine vom K\u00e4rntner MONAT aufgedeckte Gehalts- und \u00dcberstundenliste Josts, die 800 geleistete und bezahlte Mehrstunden enthielt. Die Story sorgte f\u00fcr  tumultartige Szenen im Klagenfurter Gemeinderat.  <\/p>\n<p><\/p>\n<p><\/p>\n<p><strong>Der &#8222;schlimme Finger&#8220; des Markus Malle<\/strong><\/p>\n<p><\/p>\n<p><\/p>\n<p>Jost wird auf dem erw\u00e4hnten Foto offenbar bewusst in die Partein\u00e4he Liesnigs ger\u00fcckt. Im Kontext mit dem schriftlichen Teil der Seite interpretiert Jost das jedenfalls so: &#8222;Es wird mir in meiner Funktion als Magistratsdirektor eine N\u00e4he zur SP\u00d6 und Vzbgm. Mag. Liesnig unterstellt.&#8220; Und Jost wird noch deutlicher: &#8222;Durch den Konex (sic!) (Anm.: Gemeint wahrscheinlich: Kontext) der Darstellung in ,Neue, transparente Entlohnungskultur&#8216; und die bisherige mediale Berichterstattung zu meinen (&#8230;) \u00dcberstunden wird der Eindruck von mir als ,Nehmer&#8216; verst\u00e4rkt&#8220;, wettert Jost in einer schriftlichen Note, die an K\u00f6fer, Scheider und das Team K\u00e4rnten Klagenfurt geht. <\/p>\n<p><\/p>\n<p><\/p>\n<figure class=\"wp-block-image size-large\"><img data-recalc-dims=\"1\" loading=\"lazy\" decoding=\"async\" width=\"1024\" height=\"207\" src=\"https:\/\/i0.wp.com\/www.mediapartizan.at\/wp-content\/uploads\/2023\/04\/Bildschirmfoto-2023-04-24-um-16.01.55.png?resize=1024%2C207&#038;ssl=1\" alt=\"\" class=\"wp-image-6040\" srcset=\"https:\/\/i0.wp.com\/www.mediapartizan.at\/wp-content\/uploads\/2023\/04\/Bildschirmfoto-2023-04-24-um-16.01.55.png?resize=1024%2C207&amp;ssl=1 1024w, https:\/\/i0.wp.com\/www.mediapartizan.at\/wp-content\/uploads\/2023\/04\/Bildschirmfoto-2023-04-24-um-16.01.55.png?resize=300%2C61&amp;ssl=1 300w, https:\/\/i0.wp.com\/www.mediapartizan.at\/wp-content\/uploads\/2023\/04\/Bildschirmfoto-2023-04-24-um-16.01.55.png?resize=768%2C155&amp;ssl=1 768w, https:\/\/i0.wp.com\/www.mediapartizan.at\/wp-content\/uploads\/2023\/04\/Bildschirmfoto-2023-04-24-um-16.01.55.png?resize=1536%2C310&amp;ssl=1 1536w, https:\/\/i0.wp.com\/www.mediapartizan.at\/wp-content\/uploads\/2023\/04\/Bildschirmfoto-2023-04-24-um-16.01.55.png?w=1636&amp;ssl=1 1636w\" sizes=\"auto, (max-width: 1000px) 100vw, 1000px\" \/><figcaption class=\"wp-element-caption\">&#8222;Zusammengeschnitten&#8220;: Aus dem Schreiben von Josts Anwaltskanzlei an das Team K\u00e4rnten<\/figcaption><\/figure>\n<p><\/p>\n<p><\/p>\n<p>In Sachen Photoshop d\u00fcrfte das Team K\u00e4rnten allerdings nicht gerade Koryph\u00e4en besch\u00e4ftigt haben. Das Foto mit Jost und Liesnig ist n\u00e4mlich nachtr\u00e4glich bearbeitet worden. Zwei Personen, die sich auf dem Originalbild befinden, wurden &#8211; offenbar im Sinne der Zweckerf\u00fcllung &#8211; einfach weggeschnitten: \u00d6VP-Klubobmann Markus Malle und der Villacher Magistrats-Chef Christoph Herzeg befinden sich zwar am Ausgangsfoto &#8211; nicht aber am Foto in den &#8222;Klagenfurter Impulsen&#8220;. Malles Finger ist am rechten Bildrand jedoch noch gut zu sehen:<\/p>\n<p><\/p>\n<p><\/p>\n<figure class=\"wp-block-image aligncenter size-large is-resized\"><img data-recalc-dims=\"1\" loading=\"lazy\" decoding=\"async\" src=\"https:\/\/i0.wp.com\/www.mediapartizan.at\/wp-content\/uploads\/2023\/04\/Bildschirmfoto-2023-04-24-um-10.25.52-1.png?resize=491%2C691&#038;ssl=1\" alt=\"\" class=\"wp-image-6036\" width=\"491\" height=\"691\" srcset=\"https:\/\/i0.wp.com\/www.mediapartizan.at\/wp-content\/uploads\/2023\/04\/Bildschirmfoto-2023-04-24-um-10.25.52-1.png?resize=728%2C1024&amp;ssl=1 728w, https:\/\/i0.wp.com\/www.mediapartizan.at\/wp-content\/uploads\/2023\/04\/Bildschirmfoto-2023-04-24-um-10.25.52-1.png?resize=213%2C300&amp;ssl=1 213w, https:\/\/i0.wp.com\/www.mediapartizan.at\/wp-content\/uploads\/2023\/04\/Bildschirmfoto-2023-04-24-um-10.25.52-1.png?resize=768%2C1080&amp;ssl=1 768w, https:\/\/i0.wp.com\/www.mediapartizan.at\/wp-content\/uploads\/2023\/04\/Bildschirmfoto-2023-04-24-um-10.25.52-1.png?resize=1092%2C1536&amp;ssl=1 1092w, https:\/\/i0.wp.com\/www.mediapartizan.at\/wp-content\/uploads\/2023\/04\/Bildschirmfoto-2023-04-24-um-10.25.52-1.png?w=1126&amp;ssl=1 1126w\" sizes=\"auto, (max-width: 491px) 100vw, 491px\" \/><figcaption class=\"wp-element-caption\">&#8222;Klagenfurter Impulse&#8220;, S. 3: Am Foto mit Liesnig und Jost sieht man ganz rechts noch den Finger von Malle (roter Kreis)<\/figcaption><\/figure>\n<p><\/p>\n<p><\/p>\n<p><strong>Das Beweisfoto<\/strong><\/p>\n<p><\/p>\n<p><\/p>\n<figure class=\"wp-block-image size-large is-resized\"><img data-recalc-dims=\"1\" loading=\"lazy\" decoding=\"async\" src=\"https:\/\/i0.wp.com\/www.mediapartizan.at\/wp-content\/uploads\/2023\/04\/Bildschirmfoto-2023-04-24-um-09.17.36-1.png?resize=855%2C580&#038;ssl=1\" alt=\"\" class=\"wp-image-6038\" width=\"855\" height=\"580\" srcset=\"https:\/\/i0.wp.com\/www.mediapartizan.at\/wp-content\/uploads\/2023\/04\/Bildschirmfoto-2023-04-24-um-09.17.36-1.png?resize=1024%2C696&amp;ssl=1 1024w, https:\/\/i0.wp.com\/www.mediapartizan.at\/wp-content\/uploads\/2023\/04\/Bildschirmfoto-2023-04-24-um-09.17.36-1.png?resize=300%2C204&amp;ssl=1 300w, https:\/\/i0.wp.com\/www.mediapartizan.at\/wp-content\/uploads\/2023\/04\/Bildschirmfoto-2023-04-24-um-09.17.36-1.png?resize=768%2C522&amp;ssl=1 768w, https:\/\/i0.wp.com\/www.mediapartizan.at\/wp-content\/uploads\/2023\/04\/Bildschirmfoto-2023-04-24-um-09.17.36-1.png?resize=1536%2C1044&amp;ssl=1 1536w, https:\/\/i0.wp.com\/www.mediapartizan.at\/wp-content\/uploads\/2023\/04\/Bildschirmfoto-2023-04-24-um-09.17.36-1.png?w=1648&amp;ssl=1 1648w\" sizes=\"auto, (max-width: 855px) 100vw, 855px\" \/><figcaption class=\"wp-element-caption\">Am Originalbild sind Malle und Herzeg (3. u. 4. v. links) noch lebendig; (c) Hannes Krainz<\/figcaption><\/figure>\n<p><\/p>\n<p><\/p>\n<p><strong>Jost vermutet Karl-Heinz Petritz hinter Brosch\u00fcre: &#8222;Man ist versucht zu sagen, es wird bewusst gelogen&#8220;<\/strong><\/p>\n<p><\/p>\n<p><\/p>\n<p>Und dann kommt Jost in seinem Protestschreiben noch so richtig in Fahrt: &#8222;Der vorliegende Faktencheck ist absichtlich wider besseren Wissens (&#8230;) erstellt worden. (wahrscheinlich von Herrn Petritz) Man ist schon versucht zu sagen, es wird bewusst gelogen&#8220;. Damit vermutet der Magistratsdirektor den Team-K\u00e4rnten-Clubsekret\u00e4r Karl-Heinz Petritz hinter der Brosch\u00fcre. Denn sowohl Petritz, als auch B\u00fcrgermeisterb\u00fcro-Leiter Patrick Jonke und Scheider selbst, habe er, Jost, die \u00dcberstundenregelung, die Scheider 2014 erlassen hatte, &#8222;mehrmals&#8220; dargelegt. Demnach sei die Behauptung, diese sei 2000 im Gemeinderat (&#8222;auch von der SP\u00d6&#8220;) beschlossen worden, falsch. <\/p>\n<p><\/p>\n<p><\/p>\n<figure class=\"wp-block-image aligncenter size-large is-resized\"><img data-recalc-dims=\"1\" loading=\"lazy\" decoding=\"async\" src=\"https:\/\/i0.wp.com\/www.mediapartizan.at\/wp-content\/uploads\/2023\/04\/Bewusst-gelogen.png?resize=728%2C90&#038;ssl=1\" alt=\"\" class=\"wp-image-6085\" width=\"728\" height=\"90\" srcset=\"https:\/\/i0.wp.com\/www.mediapartizan.at\/wp-content\/uploads\/2023\/04\/Bewusst-gelogen.png?resize=1024%2C127&amp;ssl=1 1024w, https:\/\/i0.wp.com\/www.mediapartizan.at\/wp-content\/uploads\/2023\/04\/Bewusst-gelogen.png?resize=300%2C37&amp;ssl=1 300w, https:\/\/i0.wp.com\/www.mediapartizan.at\/wp-content\/uploads\/2023\/04\/Bewusst-gelogen.png?resize=768%2C95&amp;ssl=1 768w, https:\/\/i0.wp.com\/www.mediapartizan.at\/wp-content\/uploads\/2023\/04\/Bewusst-gelogen.png?w=1482&amp;ssl=1 1482w\" sizes=\"auto, (max-width: 728px) 100vw, 728px\" \/><figcaption class=\"wp-element-caption\">&#8222;Bewusst gelogen&#8220;<\/figcaption><\/figure>\n<p><\/p>\n<p><\/p>\n<p><strong>&#8222;Es gibt keine Funktion eines stellvertretenden Magistratsdirektors&#8220;<\/strong><\/p>\n<p><\/p>\n<p><\/p>\n<p>Die Anw\u00e4lte Josts halten das alles f\u00fcr &#8222;wissentlich tatsachenwidrig&#8220;. Und fordern eine weitere Sache vom Team K\u00e4rnten: N\u00e4mlich die Unterlassung der Darlegung, dass es in Klagenfurt eine &#8222;- dauernde &#8211; Installation einer stellvertretenden Magistratsdirektorin&#8220; gebe. Jost selbst fasst es in seinem Schreiben so zusammen: &#8222;Es gibt keine Funktion eines stellvertretenden Magistratsdirektors.&#8220; Scheider hatte zu dieser Zeit Karin Zarikian zu Josts Stellvertreterin ernannt. Danach, als Zarikian ihr Amt \u00fcberraschend schnell wieder zur\u00fccklegte, Stephane Binder zum Stellvertreter von Jost gemacht. Der das aber so nicht akzeptiert: Die Funktion des Magistratsdirektors sei in der Bundesverfassung geregelt und &#8222;monokratisch organisiert&#8220; (Leitung eines Amts durch einen Einzelnen, der mit alleinigem Entscheidungsrecht ausgestattet ist). <\/p>\n<p><\/p>\n<p><\/p>\n<figure class=\"wp-block-image aligncenter size-large is-resized\"><img data-recalc-dims=\"1\" loading=\"lazy\" decoding=\"async\" src=\"https:\/\/i0.wp.com\/www.mediapartizan.at\/wp-content\/uploads\/2023\/04\/Bildschirmfoto-2023-04-16-um-18.31.26.png?resize=893%2C73&#038;ssl=1\" alt=\"\" class=\"wp-image-6039\" width=\"893\" height=\"73\" srcset=\"https:\/\/i0.wp.com\/www.mediapartizan.at\/wp-content\/uploads\/2023\/04\/Bildschirmfoto-2023-04-16-um-18.31.26.png?resize=1024%2C85&amp;ssl=1 1024w, https:\/\/i0.wp.com\/www.mediapartizan.at\/wp-content\/uploads\/2023\/04\/Bildschirmfoto-2023-04-16-um-18.31.26.png?resize=300%2C25&amp;ssl=1 300w, https:\/\/i0.wp.com\/www.mediapartizan.at\/wp-content\/uploads\/2023\/04\/Bildschirmfoto-2023-04-16-um-18.31.26.png?resize=768%2C64&amp;ssl=1 768w\" sizes=\"auto, (max-width: 893px) 100vw, 893px\" \/><figcaption class=\"wp-element-caption\">Jost erkl\u00e4rt, dass es keine Funktion f\u00fcr eine(n) Stellvertreter(in) gebe<\/figcaption><\/figure>\n<p><\/p>\n<p><\/p>\n<p><strong>Petritz: &#8222;Stimmt nicht&#8220;<\/strong><\/p>\n<p><\/p>\n<p><\/p>\n<p>Das Team K\u00e4rnten sagt auf Anfrage zum Gefecht mit Jost: &#8222;In einem Gespr\u00e4ch mit Magistratsdirektor Peter Jost konnten s\u00e4mtliche offenen Fragen und Vorw\u00fcrfe gekl\u00e4rt werden.&#8220; Angeblich mussten die 8.000 Euro nicht bezahlt werden. Josts Anwaltsnote ist aber wohl als heftiger Schuss vor den Bug des Team K\u00e4rnten zu verstehen. Der Folder ist aber offenbar nicht aus dem Internet entfernt worden: Hier ist er <a href=\"https:\/\/issuu.com\/wenge23\/docs\/final_k_fer_wahlzeitung_a4_8seiten_einzelseiten\/1\" target=\"_blank\" rel=\"noreferrer noopener\">nach wie vor abrufbar<\/a>. (Update, 25. April: Mittlerweile wurde der Folder &#8211; anzunehmen vom Team K\u00e4rnten &#8211; entfernt.)<\/p>\n<p><\/p>\n<p><\/p>\n<p>Der Magistratsdirektor selbst sagt auf Anfrage zur Sache, dass er nichts sagt: &#8222;Kein Kommentar.&#8220; Karl-Heinz Petritz bestreitet, Urheber des letztlich wohl nur als &#8222;Schnaps-Schuss&#8220; zu titulierenden Bildes und des &#8222;Faktenchecks&#8220; in den &#8222;Klagenfurter Impulsen&#8220; gewesen zu sein: &#8222;Stimmt nicht&#8220;, sagt er.<\/p>\n<p><\/p>\n<p><\/p>\n<p><strong>Jonke musste Entschuldigungs-Erkl\u00e4rung unterschreiben<\/strong><\/p>\n<p><\/p>\n<p><\/p>\n<p>Mit solchen Erkl\u00e4rungen scheint man beim Team K\u00e4rnten aber schon Erfahrung zu haben: Im Februar erst unterzeichnete Jonke eine Entschuldigungs-Erkl\u00e4rung gegen\u00fcber Vizeb\u00fcrgermeister Liesnig. Jonke hatte in einem Podcast der &#8222;Kleinen Zeitung&#8220; behauptet, dass ihm Rechnungen vorliegen w\u00fcrden, die die geplante Klagenfurter Holding betr\u00e4fen. &#8222;Wo (von Liesnig, Anm.) dementsprechend Auftr\u00e4ge vergeben worden sind, (&#8230;) ohne eine Beschlussfassung.&#8220; Es sei &#8222;um Zehntausende Euro&#8220; gegangen &#8222;(&#8230;) ohne einer Grundlage&#8220;. Jonke kassierte daf\u00fcr einen Anwaltsbrief und musste sich f\u00fcr diese Aussage schriftlich bei Liesnig mit &#8222;Bedauern&#8220; entschuldigen.<\/p>\n<p><\/p>\n<p><\/p>\n<p><\/p>\n<p><\/p>\n<p><\/p>\n<p><\/p>\n<p><\/p>\n","protected":false},"excerpt":{"rendered":"<div class=\"mh-excerpt\"><p>Photoshop-Schlamassel: Die B\u00fcrgermeisterpartei Team K\u00e4rnten gab umstrittene Brosch\u00fcre heraus. In der wurde Magistratsdirektor Peter Jost bildlich und textlich in die N\u00e4he der SP\u00d6 ger\u00fcckt. Jost reagierte mit Anwaltsschreiben und knallte allen Team-K\u00e4rnten-Mandataren &#8211; auch B\u00fcrgermeister Scheider &#8211; eine Unterlassungserkl\u00e4rung vor den Bug. Mitsamt 8.000 Euro Schadenersatz-Forderung. Man sei &#8222;versucht zu sagen, es wird bewusst gelogen&#8220;.  <a class=\"mh-excerpt-more\" href=\"https:\/\/www.mediapartizan.at\/?p=6033\" title=\"Der Schnaps-Schuss des Team K\u00e4rnten\">[&#8230;]<\/a><\/p>\n<\/div>","protected":false},"author":2,"featured_media":6037,"comment_status":"open","ping_status":"open","sticky":false,"template":"","format":"standard","meta":{"inline_featured_image":false,"_jetpack_memberships_contains_paid_content":false,"footnotes":""},"categories":[143],"tags":[389,86,387,358,289,203,388,204],"class_list":{"0":"post-6033","1":"post","2":"type-post","3":"status-publish","4":"format-standard","5":"has-post-thumbnail","7":"category-stadt-klagenfurt","8":"tag-bildverfremdung","9":"tag-christian-scheider","10":"tag-karl-heinz-petritz","11":"tag-markus-malle","12":"tag-peter-jost","13":"tag-philipp-liesnig","14":"tag-stradtgeruecht","15":"tag-team-kaernten"},"yoast_head":"<!-- This site is optimized with the Yoast SEO plugin v20.10 - https:\/\/yoast.com\/wordpress\/plugins\/seo\/ -->\n<title>Der Schnaps-Schuss des Team K\u00e4rnten - Mediapartizan.at<\/title>\n<meta name=\"robots\" content=\"index, follow, max-snippet:-1, max-image-preview:large, max-video-preview:-1\" \/>\n<link rel=\"canonical\" href=\"https:\/\/www.mediapartizan.at\/?p=6033\" \/>\n<meta property=\"og:locale\" content=\"de_DE\" \/>\n<meta property=\"og:type\" content=\"article\" \/>\n<meta property=\"og:title\" content=\"Der Schnaps-Schuss des Team K\u00e4rnten - Mediapartizan.at\" \/>\n<meta property=\"og:description\" content=\"Photoshop-Schlamassel: Die B\u00fcrgermeisterpartei Team K\u00e4rnten gab umstrittene Brosch\u00fcre heraus. In der wurde Magistratsdirektor Peter Jost bildlich und textlich in die N\u00e4he der SP\u00d6 ger\u00fcckt. Jost reagierte mit Anwaltsschreiben und knallte allen Team-K\u00e4rnten-Mandataren - auch B\u00fcrgermeister Scheider - eine Unterlassungserkl\u00e4rung vor den Bug. Mitsamt 8.000 Euro Schadenersatz-Forderung. Man sei &quot;versucht zu sagen, es wird bewusst gelogen&quot;. [...]\" \/>\n<meta property=\"og:url\" content=\"https:\/\/www.mediapartizan.at\/?p=6033\" \/>\n<meta property=\"og:site_name\" content=\"Mediapartizan.at\" \/>\n<meta property=\"article:published_time\" content=\"2023-04-24T14:06:06+00:00\" \/>\n<meta property=\"article:modified_time\" content=\"2023-04-26T11:02:47+00:00\" \/>\n<meta property=\"og:image\" content=\"https:\/\/www.mediapartizan.at\/wp-content\/uploads\/2023\/04\/Bildschirmfoto-2023-04-24-um-13.55.02.png\" \/>\n\t<meta property=\"og:image:width\" content=\"1688\" \/>\n\t<meta property=\"og:image:height\" content=\"1134\" \/>\n\t<meta property=\"og:image:type\" content=\"image\/png\" \/>\n<meta name=\"author\" content=\"Franz Miklautz\" \/>\n<meta name=\"twitter:card\" content=\"summary_large_image\" \/>\n<meta name=\"twitter:label1\" content=\"Verfasst von\" \/>\n\t<meta name=\"twitter:data1\" content=\"Franz Miklautz\" \/>\n\t<meta name=\"twitter:label2\" content=\"Gesch\u00e4tzte Lesezeit\" \/>\n\t<meta name=\"twitter:data2\" content=\"8\u00a0Minuten\" \/>\n<script type=\"application\/ld+json\" class=\"yoast-schema-graph\">{\"@context\":\"https:\/\/schema.org\",\"@graph\":[{\"@type\":\"WebPage\",\"@id\":\"https:\/\/www.mediapartizan.at\/?p=6033\",\"url\":\"https:\/\/www.mediapartizan.at\/?p=6033\",\"name\":\"Der Schnaps-Schuss des Team K\u00e4rnten - Mediapartizan.at\",\"isPartOf\":{\"@id\":\"https:\/\/www.mediapartizan.at\/#website\"},\"datePublished\":\"2023-04-24T14:06:06+00:00\",\"dateModified\":\"2023-04-26T11:02:47+00:00\",\"author\":{\"@id\":\"https:\/\/www.mediapartizan.at\/#\/schema\/person\/f6bd7eb8222f2fe985c78d08f17ed7a9\"},\"breadcrumb\":{\"@id\":\"https:\/\/www.mediapartizan.at\/?p=6033#breadcrumb\"},\"inLanguage\":\"de\",\"potentialAction\":[{\"@type\":\"ReadAction\",\"target\":[\"https:\/\/www.mediapartizan.at\/?p=6033\"]}]},{\"@type\":\"BreadcrumbList\",\"@id\":\"https:\/\/www.mediapartizan.at\/?p=6033#breadcrumb\",\"itemListElement\":[{\"@type\":\"ListItem\",\"position\":1,\"name\":\"Startseite\",\"item\":\"https:\/\/www.mediapartizan.at\/\"},{\"@type\":\"ListItem\",\"position\":2,\"name\":\"Der Schnaps-Schuss des Team K\u00e4rnten\"}]},{\"@type\":\"WebSite\",\"@id\":\"https:\/\/www.mediapartizan.at\/#website\",\"url\":\"https:\/\/www.mediapartizan.at\/\",\"name\":\"Mediapartizan.at\",\"description\":\"\",\"potentialAction\":[{\"@type\":\"SearchAction\",\"target\":{\"@type\":\"EntryPoint\",\"urlTemplate\":\"https:\/\/www.mediapartizan.at\/?s={search_term_string}\"},\"query-input\":\"required name=search_term_string\"}],\"inLanguage\":\"de\"},{\"@type\":\"Person\",\"@id\":\"https:\/\/www.mediapartizan.at\/#\/schema\/person\/f6bd7eb8222f2fe985c78d08f17ed7a9\",\"name\":\"Franz Miklautz\",\"image\":{\"@type\":\"ImageObject\",\"inLanguage\":\"de\",\"@id\":\"https:\/\/www.mediapartizan.at\/#\/schema\/person\/image\/\",\"url\":\"https:\/\/secure.gravatar.com\/avatar\/5618667e9a7ab3fa3e1a0c75987c8d0c111ad041167e738d67ac0846e54e195e?s=96&d=mm&r=g\",\"contentUrl\":\"https:\/\/secure.gravatar.com\/avatar\/5618667e9a7ab3fa3e1a0c75987c8d0c111ad041167e738d67ac0846e54e195e?s=96&d=mm&r=g\",\"caption\":\"Franz Miklautz\"},\"url\":\"https:\/\/www.mediapartizan.at\/?author=2\"}]}<\/script>\n<!-- \/ Yoast SEO plugin. -->","yoast_head_json":{"title":"Der Schnaps-Schuss des Team K\u00e4rnten - Mediapartizan.at","robots":{"index":"index","follow":"follow","max-snippet":"max-snippet:-1","max-image-preview":"max-image-preview:large","max-video-preview":"max-video-preview:-1"},"canonical":"https:\/\/www.mediapartizan.at\/?p=6033","og_locale":"de_DE","og_type":"article","og_title":"Der Schnaps-Schuss des Team K\u00e4rnten - Mediapartizan.at","og_description":"Photoshop-Schlamassel: Die B\u00fcrgermeisterpartei Team K\u00e4rnten gab umstrittene Brosch\u00fcre heraus. In der wurde Magistratsdirektor Peter Jost bildlich und textlich in die N\u00e4he der SP\u00d6 ger\u00fcckt. Jost reagierte mit Anwaltsschreiben und knallte allen Team-K\u00e4rnten-Mandataren - auch B\u00fcrgermeister Scheider - eine Unterlassungserkl\u00e4rung vor den Bug. Mitsamt 8.000 Euro Schadenersatz-Forderung. Man sei \"versucht zu sagen, es wird bewusst gelogen\". [...]","og_url":"https:\/\/www.mediapartizan.at\/?p=6033","og_site_name":"Mediapartizan.at","article_published_time":"2023-04-24T14:06:06+00:00","article_modified_time":"2023-04-26T11:02:47+00:00","og_image":[{"width":1688,"height":1134,"url":"https:\/\/www.mediapartizan.at\/wp-content\/uploads\/2023\/04\/Bildschirmfoto-2023-04-24-um-13.55.02.png","type":"image\/png"}],"author":"Franz Miklautz","twitter_card":"summary_large_image","twitter_misc":{"Verfasst von":"Franz Miklautz","Gesch\u00e4tzte Lesezeit":"8\u00a0Minuten"},"schema":{"@context":"https:\/\/schema.org","@graph":[{"@type":"WebPage","@id":"https:\/\/www.mediapartizan.at\/?p=6033","url":"https:\/\/www.mediapartizan.at\/?p=6033","name":"Der Schnaps-Schuss des Team K\u00e4rnten - Mediapartizan.at","isPartOf":{"@id":"https:\/\/www.mediapartizan.at\/#website"},"datePublished":"2023-04-24T14:06:06+00:00","dateModified":"2023-04-26T11:02:47+00:00","author":{"@id":"https:\/\/www.mediapartizan.at\/#\/schema\/person\/f6bd7eb8222f2fe985c78d08f17ed7a9"},"breadcrumb":{"@id":"https:\/\/www.mediapartizan.at\/?p=6033#breadcrumb"},"inLanguage":"de","potentialAction":[{"@type":"ReadAction","target":["https:\/\/www.mediapartizan.at\/?p=6033"]}]},{"@type":"BreadcrumbList","@id":"https:\/\/www.mediapartizan.at\/?p=6033#breadcrumb","itemListElement":[{"@type":"ListItem","position":1,"name":"Startseite","item":"https:\/\/www.mediapartizan.at\/"},{"@type":"ListItem","position":2,"name":"Der Schnaps-Schuss des Team K\u00e4rnten"}]},{"@type":"WebSite","@id":"https:\/\/www.mediapartizan.at\/#website","url":"https:\/\/www.mediapartizan.at\/","name":"Mediapartizan.at","description":"","potentialAction":[{"@type":"SearchAction","target":{"@type":"EntryPoint","urlTemplate":"https:\/\/www.mediapartizan.at\/?s={search_term_string}"},"query-input":"required name=search_term_string"}],"inLanguage":"de"},{"@type":"Person","@id":"https:\/\/www.mediapartizan.at\/#\/schema\/person\/f6bd7eb8222f2fe985c78d08f17ed7a9","name":"Franz Miklautz","image":{"@type":"ImageObject","inLanguage":"de","@id":"https:\/\/www.mediapartizan.at\/#\/schema\/person\/image\/","url":"https:\/\/secure.gravatar.com\/avatar\/5618667e9a7ab3fa3e1a0c75987c8d0c111ad041167e738d67ac0846e54e195e?s=96&d=mm&r=g","contentUrl":"https:\/\/secure.gravatar.com\/avatar\/5618667e9a7ab3fa3e1a0c75987c8d0c111ad041167e738d67ac0846e54e195e?s=96&d=mm&r=g","caption":"Franz Miklautz"},"url":"https:\/\/www.mediapartizan.at\/?author=2"}]}},"jetpack_featured_media_url":"https:\/\/i0.wp.com\/www.mediapartizan.at\/wp-content\/uploads\/2023\/04\/Bildschirmfoto-2023-04-24-um-13.55.02.png?fit=1688%2C1134&ssl=1","jetpack_sharing_enabled":true,"_links":{"self":[{"href":"https:\/\/www.mediapartizan.at\/index.php?rest_route=\/wp\/v2\/posts\/6033","targetHints":{"allow":["GET"]}}],"collection":[{"href":"https:\/\/www.mediapartizan.at\/index.php?rest_route=\/wp\/v2\/posts"}],"about":[{"href":"https:\/\/www.mediapartizan.at\/index.php?rest_route=\/wp\/v2\/types\/post"}],"author":[{"embeddable":true,"href":"https:\/\/www.mediapartizan.at\/index.php?rest_route=\/wp\/v2\/users\/2"}],"replies":[{"embeddable":true,"href":"https:\/\/www.mediapartizan.at\/index.php?rest_route=%2Fwp%2Fv2%2Fcomments&post=6033"}],"version-history":[{"count":16,"href":"https:\/\/www.mediapartizan.at\/index.php?rest_route=\/wp\/v2\/posts\/6033\/revisions"}],"predecessor-version":[{"id":6087,"href":"https:\/\/www.mediapartizan.at\/index.php?rest_route=\/wp\/v2\/posts\/6033\/revisions\/6087"}],"wp:featuredmedia":[{"embeddable":true,"href":"https:\/\/www.mediapartizan.at\/index.php?rest_route=\/wp\/v2\/media\/6037"}],"wp:attachment":[{"href":"https:\/\/www.mediapartizan.at\/index.php?rest_route=%2Fwp%2Fv2%2Fmedia&parent=6033"}],"wp:term":[{"taxonomy":"category","embeddable":true,"href":"https:\/\/www.mediapartizan.at\/index.php?rest_route=%2Fwp%2Fv2%2Fcategories&post=6033"},{"taxonomy":"post_tag","embeddable":true,"href":"https:\/\/www.mediapartizan.at\/index.php?rest_route=%2Fwp%2Fv2%2Ftags&post=6033"}],"curies":[{"name":"wp","href":"https:\/\/api.w.org\/{rel}","templated":true}]}}