{"id":6158,"date":"2023-04-29T13:55:11","date_gmt":"2023-04-29T11:55:11","guid":{"rendered":"https:\/\/www.mediapartizan.at\/?p=6158"},"modified":"2023-04-29T19:29:04","modified_gmt":"2023-04-29T17:29:04","slug":"mayday-flughafen-mitarbeiter-muessen-abermals-auf-gehaelter-warten","status":"publish","type":"post","link":"https:\/\/www.mediapartizan.at\/?p=6158","title":{"rendered":"Mayday: Flughafen-Mitarbeiter m\u00fcssen abermals auf Geh\u00e4lter warten"},"content":{"rendered":"<p><\/p>\n<p>Schon Ende M\u00e4rz musste die Belegschaft des Klagenfurter Flughafens auf Gehaltszahlungen warten. Die L\u00f6hne wurden erst mit einer Versp\u00e4tung von bis zu zehn Tagen rund um Ostern \u00fcberwiesen. Etliche Mitarbeiter machten ihrem \u00c4rger \u00fcber die verschleppten Lohnauszahlungen beim Betriebsrat Luft. Woraufhin dieser kommunikatorisch in die Offensive ging und die versp\u00e4teten Geh\u00e4lter \u00f6ffentlich best\u00e4tigte. Betriebsrat Wolfang W\u00f6lbl sagte zur &#8222;Kleinen Zeitung&#8220;, dass \u201eder Flughafenbetrieb gef\u00e4hrdet ist, wenn keine Geh\u00e4lter gezahlt werden\u201c.<\/p>\n<p><\/p>\n<p><\/p>\n<p><strong>Kein &#8222;Buchungsfehler&#8220;<\/strong><\/p>\n<p><\/p>\n<p><\/p>\n<p>Der Flughafen-Mehrheitseigent\u00fcmer Lilihill begr\u00fcndete die verz\u00f6gerten Auszahlungen mit einem mysteri\u00f6sen &#8222;Buchungsfehler&#8220;. Also einem Missgeschick. Das ist kaum glaubw\u00fcrdig. Denn: Mediapartizan.at liegen vertrauliche Unterlagen vor, die beweisen, dass es diesen Monat wiederholt zu versp\u00e4teten Gehaltsauszahlungen an die Mitarbeiter des Airports kommen wird. <\/p>\n<p><\/p>\n<p><\/p>\n<figure class=\"wp-block-image aligncenter size-large is-resized\"><img data-recalc-dims=\"1\" loading=\"lazy\" decoding=\"async\" src=\"https:\/\/i0.wp.com\/www.mediapartizan.at\/wp-content\/uploads\/2023\/04\/Gehaltszahlungen.png?resize=772%2C154&#038;ssl=1\" alt=\"\" class=\"wp-image-6159\" width=\"772\" height=\"154\" srcset=\"https:\/\/i0.wp.com\/www.mediapartizan.at\/wp-content\/uploads\/2023\/04\/Gehaltszahlungen.png?resize=1024%2C205&amp;ssl=1 1024w, https:\/\/i0.wp.com\/www.mediapartizan.at\/wp-content\/uploads\/2023\/04\/Gehaltszahlungen.png?resize=300%2C60&amp;ssl=1 300w, https:\/\/i0.wp.com\/www.mediapartizan.at\/wp-content\/uploads\/2023\/04\/Gehaltszahlungen.png?resize=768%2C153&amp;ssl=1 768w, https:\/\/i0.wp.com\/www.mediapartizan.at\/wp-content\/uploads\/2023\/04\/Gehaltszahlungen.png?resize=1536%2C307&amp;ssl=1 1536w, https:\/\/i0.wp.com\/www.mediapartizan.at\/wp-content\/uploads\/2023\/04\/Gehaltszahlungen.png?w=1572&amp;ssl=1 1572w\" sizes=\"auto, (max-width: 772px) 100vw, 772px\" \/><figcaption class=\"wp-element-caption\">In der Warteschleife: L\u00f6hne der Flughafen-Belegschaft werden abermals nicht rechtzeitig ausbezahlt<\/figcaption><\/figure>\n<p><\/p>\n<p><\/p>\n<p><strong>&#8222;Enge Liquidit\u00e4t&#8220;<\/strong><\/p>\n<p><\/p>\n<p><\/p>\n<p>Man gehe davon aus, &#8222;dass diese Auszahlung bis sp\u00e4testens 5. Mai erfolgen wird&#8220;. Das Schreiben ist von Flughafen-Mehrheitseigent\u00fcmer Franz Peter Orasch (Lilihill-Gruppe), der auch in der Gesch\u00e4ftsf\u00fchrung sitzt, und Nils Witt sowie Katrin Teis unterzeichnet. Die Drei ersuchen die Mitarbeiter &#8222;um Verst\u00e4ndnis, dass es in diesem Monat zu einer Auszahlung der Ihnen rechtm\u00e4\u00dfig zustehenden L\u00f6hne und Geh\u00e4lter (&#8230;) nicht in gewohnter Form am Monatsletzten kommen wird&#8220;. Aus dem Schreiben geht hervor, dass der Flughafen in Geldnot ist: Man arbeite an der &#8222;\u00dcberwindung der derzeit herausfordernden Phase einer engen Liquidit\u00e4t (&#8230;)&#8220;. Orasch und seine beiden Co-Gesch\u00e4ftsf\u00fchrer sehen den Grund f\u00fcr die Finanzmisere unter anderem darin, dass die Mehrheit der Aufsichtsr\u00e4te den heftig umstrittenen <a href=\"https:\/\/www.mediapartizan.at\/?p=6110\" target=\"_blank\" rel=\"noreferrer noopener\">Rahmenvertrag mit Oraschs noch immer nicht fliegender Liliair ablehnt<\/a>. <\/p>\n<p><\/p>\n<p><\/p>\n<p><strong>Payer: &#8222;Scheinbar zahlungsunf\u00e4hig&#8220;<\/strong><\/p>\n<p><\/p>\n<p><\/p>\n<p>Der Vorstand der K\u00e4rntner Beteiligungsverwaltung (KVB, Martin Payer, sagt auf Anfrage, dass die Gesellschaft &#8222;scheinbar zahlungsunf\u00e4hig&#8220; sei. &#8222;Ich gehe davon aus, dass die Gesch\u00e4ftsf\u00fchrung ihre Pflicht wahrnimmt und pr\u00fcft, ob eine Insolvenzgef\u00e4hrdung vorliegt&#8220;. Die KBV h\u00e4lt rund 20 Prozent am Airport. <\/p>\n<p><\/p>\n<p><\/p>\n<p><strong>Liesnig: &#8222;H\u00f6chste Zeit, dass die \u00d6ffentliche Hand wieder das Steuer \u00fcbernimmt&#8220;<\/strong><\/p>\n<p><\/p>\n<p><\/p>\n<p>Im Eigentum der Stadt Klagenfurt sind rund f\u00fcnf Prozent des Flughafens. Auf die Probleme des Airports, die Geh\u00e4lter rechtzeitig zu \u00fcberweisen angesprochen, sagt Vizeb\u00fcrgermeister Philipp Liesnig (SP\u00d6), dass dies ein weiteres Bespiel daf\u00fcr sei, dass &#8222;es h\u00f6chste Zeit ist, dass die \u00d6ffentliche Hand am Flughafen wieder das Steuer \u00fcbernimmt&#8220;. Das soll \u00fcber den Weg der Kapitalerh\u00f6hung gehen, &#8222;mit der die KBV und die Stadt die Kapitaltranche der Lilihill \u00fcbernehmen&#8220;. <\/p>\n<p><\/p>\n<p><\/p>\n<p>Bekanntlich hat ja Orasch seinen Teil der Kapitalerh\u00f6hung (3,7 Millionen Euro) in der H\u00f6he von <a href=\"https:\/\/www.mediapartizan.at\/?p=5903\" target=\"_blank\" rel=\"noreferrer noopener\">rund 2,8 Millionen Euro nicht eingezahlt<\/a>. Er machte seine Einzahlung vom Verzicht der Altgesellschafter auf die Call Option, also die M\u00f6glichkeit der R\u00fcckholung des Flughafens, abh\u00e4ngig. Was Land und Stadt kategorisch ablehnten.<\/p>\n<p><\/p>\n<p><\/p>\n<p>Die Lilihill-Gruppe wollte zur Gehaltsproblematik kein Statement abgeben.<\/p>\n<p><\/p>\n<p><\/p>\n<p>Dass die Flughafenbetriebs-Gesellschaft aber unt\u00e4tig ist, kann man ihr nicht vorwerfen: Die P\u00e4chter der Wiesen auf dem Flughafengel\u00e4nde &#8211; etwa f\u00fcr landwirtschaftliche Zwecke &#8211; mussten heuer die Pacht angeblich im Vorhinein entrichten. Nicht wie \u00fcblich im Nachhinein. Das Geld d\u00fcrfte der Airport f\u00fcr die Geh\u00e4lter der Mitarbeiter brauchen.<\/p>\n<p><\/p>\n<p><\/p>\n<p><strong>K\u00f6fer: &#8222;Wann zieht man die Rei\u00dfleine?&#8220;<\/strong><\/p>\n<p><\/p>\n<p><\/p>\n<p>Team-K\u00e4rnten-Chef Gerhard K\u00f6fer reagierte am Nachmittag auf die Hiobsbotschaft vom Flughafen: \u201eEs stellt sich auch die Frage, wann man von politischer Seite her die Rei\u00dfleine zieht. Die aktuelle Eskalation ist eine massive Gefahr f\u00fcr den Airport und gleicherma\u00dfen f\u00fcr die vielen engagierten Mitarbeiter, die diese Einrichtung noch am Leben halten.&#8220;<\/p>\n<p><\/p>\n","protected":false},"excerpt":{"rendered":"<div class=\"mh-excerpt\"><p>Kein &#8222;Buchungsfehler&#8220;: Die Mitarbeiter des Klagenfurter Flughafens m\u00fcssen schon wieder auf ihre Geh\u00e4lter warten. Mediapartizan liegen vertrauliche Unterlagen vor, die nahe legen, dass es sich bei den verz\u00f6gerten \u00dcberweisungen nicht um einen &#8222;Buchungsfehler&#8220; handelt &#8211; wie die sp\u00e4ten L\u00f6hne von Lilihill begr\u00fcndet wurden. <a class=\"mh-excerpt-more\" href=\"https:\/\/www.mediapartizan.at\/?p=6158\" title=\"Mayday: Flughafen-Mitarbeiter m\u00fcssen abermals auf Geh\u00e4lter warten\">[&#8230;]<\/a><\/p>\n<\/div>","protected":false},"author":2,"featured_media":6160,"comment_status":"open","ping_status":"open","sticky":false,"template":"","format":"standard","meta":{"inline_featured_image":false,"_jetpack_memberships_contains_paid_content":false,"footnotes":""},"categories":[166],"tags":[167,169,168,172,203],"class_list":{"0":"post-6158","1":"post","2":"type-post","3":"status-publish","4":"format-standard","5":"has-post-thumbnail","7":"category-flughafen-klagenfurt","8":"tag-flughafen-klagenfurt","9":"tag-franz-peter-orasch","10":"tag-lilihill","11":"tag-martin-payer","12":"tag-philipp-liesnig"},"yoast_head":"<!-- This site is optimized with the Yoast SEO plugin v20.10 - https:\/\/yoast.com\/wordpress\/plugins\/seo\/ -->\n<title>Mayday: Flughafen-Mitarbeiter m\u00fcssen abermals auf Geh\u00e4lter warten - Mediapartizan.at<\/title>\n<meta name=\"robots\" content=\"index, follow, max-snippet:-1, max-image-preview:large, max-video-preview:-1\" \/>\n<link rel=\"canonical\" href=\"https:\/\/www.mediapartizan.at\/?p=6158\" \/>\n<meta property=\"og:locale\" content=\"de_DE\" \/>\n<meta property=\"og:type\" content=\"article\" \/>\n<meta property=\"og:title\" content=\"Mayday: Flughafen-Mitarbeiter m\u00fcssen abermals auf Geh\u00e4lter warten - Mediapartizan.at\" \/>\n<meta property=\"og:description\" content=\"Kein &quot;Buchungsfehler&quot;: Die Mitarbeiter des Klagenfurter Flughafens m\u00fcssen schon wieder auf ihre Geh\u00e4lter warten. Mediapartizan liegen vertrauliche Unterlagen vor, die nahe legen, dass es sich bei den verz\u00f6gerten \u00dcberweisungen nicht um einen &quot;Buchungsfehler&quot; handelt - wie die sp\u00e4ten L\u00f6hne von Lilihill begr\u00fcndet wurden. [...]\" \/>\n<meta property=\"og:url\" content=\"https:\/\/www.mediapartizan.at\/?p=6158\" \/>\n<meta property=\"og:site_name\" content=\"Mediapartizan.at\" \/>\n<meta property=\"article:published_time\" content=\"2023-04-29T11:55:11+00:00\" \/>\n<meta property=\"article:modified_time\" content=\"2023-04-29T17:29:04+00:00\" \/>\n<meta property=\"og:image\" content=\"https:\/\/www.mediapartizan.at\/wp-content\/uploads\/2023\/04\/Faksimile.png\" \/>\n\t<meta property=\"og:image:width\" content=\"1606\" \/>\n\t<meta property=\"og:image:height\" content=\"896\" \/>\n\t<meta property=\"og:image:type\" content=\"image\/png\" \/>\n<meta name=\"author\" content=\"Franz Miklautz\" \/>\n<meta name=\"twitter:card\" content=\"summary_large_image\" \/>\n<meta name=\"twitter:label1\" content=\"Verfasst von\" \/>\n\t<meta name=\"twitter:data1\" content=\"Franz Miklautz\" \/>\n\t<meta name=\"twitter:label2\" content=\"Gesch\u00e4tzte Lesezeit\" \/>\n\t<meta name=\"twitter:data2\" content=\"4\u00a0Minuten\" \/>\n<script type=\"application\/ld+json\" class=\"yoast-schema-graph\">{\"@context\":\"https:\/\/schema.org\",\"@graph\":[{\"@type\":\"WebPage\",\"@id\":\"https:\/\/www.mediapartizan.at\/?p=6158\",\"url\":\"https:\/\/www.mediapartizan.at\/?p=6158\",\"name\":\"Mayday: Flughafen-Mitarbeiter m\u00fcssen abermals auf Geh\u00e4lter warten - Mediapartizan.at\",\"isPartOf\":{\"@id\":\"https:\/\/www.mediapartizan.at\/#website\"},\"datePublished\":\"2023-04-29T11:55:11+00:00\",\"dateModified\":\"2023-04-29T17:29:04+00:00\",\"author\":{\"@id\":\"https:\/\/www.mediapartizan.at\/#\/schema\/person\/f6bd7eb8222f2fe985c78d08f17ed7a9\"},\"breadcrumb\":{\"@id\":\"https:\/\/www.mediapartizan.at\/?p=6158#breadcrumb\"},\"inLanguage\":\"de\",\"potentialAction\":[{\"@type\":\"ReadAction\",\"target\":[\"https:\/\/www.mediapartizan.at\/?p=6158\"]}]},{\"@type\":\"BreadcrumbList\",\"@id\":\"https:\/\/www.mediapartizan.at\/?p=6158#breadcrumb\",\"itemListElement\":[{\"@type\":\"ListItem\",\"position\":1,\"name\":\"Startseite\",\"item\":\"https:\/\/www.mediapartizan.at\/\"},{\"@type\":\"ListItem\",\"position\":2,\"name\":\"Mayday: Flughafen-Mitarbeiter m\u00fcssen abermals auf Geh\u00e4lter warten\"}]},{\"@type\":\"WebSite\",\"@id\":\"https:\/\/www.mediapartizan.at\/#website\",\"url\":\"https:\/\/www.mediapartizan.at\/\",\"name\":\"Mediapartizan.at\",\"description\":\"\",\"potentialAction\":[{\"@type\":\"SearchAction\",\"target\":{\"@type\":\"EntryPoint\",\"urlTemplate\":\"https:\/\/www.mediapartizan.at\/?s={search_term_string}\"},\"query-input\":\"required name=search_term_string\"}],\"inLanguage\":\"de\"},{\"@type\":\"Person\",\"@id\":\"https:\/\/www.mediapartizan.at\/#\/schema\/person\/f6bd7eb8222f2fe985c78d08f17ed7a9\",\"name\":\"Franz Miklautz\",\"image\":{\"@type\":\"ImageObject\",\"inLanguage\":\"de\",\"@id\":\"https:\/\/www.mediapartizan.at\/#\/schema\/person\/image\/\",\"url\":\"https:\/\/secure.gravatar.com\/avatar\/5618667e9a7ab3fa3e1a0c75987c8d0c111ad041167e738d67ac0846e54e195e?s=96&d=mm&r=g\",\"contentUrl\":\"https:\/\/secure.gravatar.com\/avatar\/5618667e9a7ab3fa3e1a0c75987c8d0c111ad041167e738d67ac0846e54e195e?s=96&d=mm&r=g\",\"caption\":\"Franz Miklautz\"},\"url\":\"https:\/\/www.mediapartizan.at\/?author=2\"}]}<\/script>\n<!-- \/ Yoast SEO plugin. -->","yoast_head_json":{"title":"Mayday: Flughafen-Mitarbeiter m\u00fcssen abermals auf Geh\u00e4lter warten - Mediapartizan.at","robots":{"index":"index","follow":"follow","max-snippet":"max-snippet:-1","max-image-preview":"max-image-preview:large","max-video-preview":"max-video-preview:-1"},"canonical":"https:\/\/www.mediapartizan.at\/?p=6158","og_locale":"de_DE","og_type":"article","og_title":"Mayday: Flughafen-Mitarbeiter m\u00fcssen abermals auf Geh\u00e4lter warten - Mediapartizan.at","og_description":"Kein \"Buchungsfehler\": Die Mitarbeiter des Klagenfurter Flughafens m\u00fcssen schon wieder auf ihre Geh\u00e4lter warten. Mediapartizan liegen vertrauliche Unterlagen vor, die nahe legen, dass es sich bei den verz\u00f6gerten \u00dcberweisungen nicht um einen \"Buchungsfehler\" handelt - wie die sp\u00e4ten L\u00f6hne von Lilihill begr\u00fcndet wurden. [...]","og_url":"https:\/\/www.mediapartizan.at\/?p=6158","og_site_name":"Mediapartizan.at","article_published_time":"2023-04-29T11:55:11+00:00","article_modified_time":"2023-04-29T17:29:04+00:00","og_image":[{"width":1606,"height":896,"url":"https:\/\/www.mediapartizan.at\/wp-content\/uploads\/2023\/04\/Faksimile.png","type":"image\/png"}],"author":"Franz Miklautz","twitter_card":"summary_large_image","twitter_misc":{"Verfasst von":"Franz Miklautz","Gesch\u00e4tzte Lesezeit":"4\u00a0Minuten"},"schema":{"@context":"https:\/\/schema.org","@graph":[{"@type":"WebPage","@id":"https:\/\/www.mediapartizan.at\/?p=6158","url":"https:\/\/www.mediapartizan.at\/?p=6158","name":"Mayday: Flughafen-Mitarbeiter m\u00fcssen abermals auf Geh\u00e4lter warten - Mediapartizan.at","isPartOf":{"@id":"https:\/\/www.mediapartizan.at\/#website"},"datePublished":"2023-04-29T11:55:11+00:00","dateModified":"2023-04-29T17:29:04+00:00","author":{"@id":"https:\/\/www.mediapartizan.at\/#\/schema\/person\/f6bd7eb8222f2fe985c78d08f17ed7a9"},"breadcrumb":{"@id":"https:\/\/www.mediapartizan.at\/?p=6158#breadcrumb"},"inLanguage":"de","potentialAction":[{"@type":"ReadAction","target":["https:\/\/www.mediapartizan.at\/?p=6158"]}]},{"@type":"BreadcrumbList","@id":"https:\/\/www.mediapartizan.at\/?p=6158#breadcrumb","itemListElement":[{"@type":"ListItem","position":1,"name":"Startseite","item":"https:\/\/www.mediapartizan.at\/"},{"@type":"ListItem","position":2,"name":"Mayday: Flughafen-Mitarbeiter m\u00fcssen abermals auf Geh\u00e4lter warten"}]},{"@type":"WebSite","@id":"https:\/\/www.mediapartizan.at\/#website","url":"https:\/\/www.mediapartizan.at\/","name":"Mediapartizan.at","description":"","potentialAction":[{"@type":"SearchAction","target":{"@type":"EntryPoint","urlTemplate":"https:\/\/www.mediapartizan.at\/?s={search_term_string}"},"query-input":"required name=search_term_string"}],"inLanguage":"de"},{"@type":"Person","@id":"https:\/\/www.mediapartizan.at\/#\/schema\/person\/f6bd7eb8222f2fe985c78d08f17ed7a9","name":"Franz Miklautz","image":{"@type":"ImageObject","inLanguage":"de","@id":"https:\/\/www.mediapartizan.at\/#\/schema\/person\/image\/","url":"https:\/\/secure.gravatar.com\/avatar\/5618667e9a7ab3fa3e1a0c75987c8d0c111ad041167e738d67ac0846e54e195e?s=96&d=mm&r=g","contentUrl":"https:\/\/secure.gravatar.com\/avatar\/5618667e9a7ab3fa3e1a0c75987c8d0c111ad041167e738d67ac0846e54e195e?s=96&d=mm&r=g","caption":"Franz Miklautz"},"url":"https:\/\/www.mediapartizan.at\/?author=2"}]}},"jetpack_featured_media_url":"https:\/\/i0.wp.com\/www.mediapartizan.at\/wp-content\/uploads\/2023\/04\/Faksimile.png?fit=1606%2C896&ssl=1","jetpack_sharing_enabled":true,"_links":{"self":[{"href":"https:\/\/www.mediapartizan.at\/index.php?rest_route=\/wp\/v2\/posts\/6158","targetHints":{"allow":["GET"]}}],"collection":[{"href":"https:\/\/www.mediapartizan.at\/index.php?rest_route=\/wp\/v2\/posts"}],"about":[{"href":"https:\/\/www.mediapartizan.at\/index.php?rest_route=\/wp\/v2\/types\/post"}],"author":[{"embeddable":true,"href":"https:\/\/www.mediapartizan.at\/index.php?rest_route=\/wp\/v2\/users\/2"}],"replies":[{"embeddable":true,"href":"https:\/\/www.mediapartizan.at\/index.php?rest_route=%2Fwp%2Fv2%2Fcomments&post=6158"}],"version-history":[{"count":5,"href":"https:\/\/www.mediapartizan.at\/index.php?rest_route=\/wp\/v2\/posts\/6158\/revisions"}],"predecessor-version":[{"id":6169,"href":"https:\/\/www.mediapartizan.at\/index.php?rest_route=\/wp\/v2\/posts\/6158\/revisions\/6169"}],"wp:featuredmedia":[{"embeddable":true,"href":"https:\/\/www.mediapartizan.at\/index.php?rest_route=\/wp\/v2\/media\/6160"}],"wp:attachment":[{"href":"https:\/\/www.mediapartizan.at\/index.php?rest_route=%2Fwp%2Fv2%2Fmedia&parent=6158"}],"wp:term":[{"taxonomy":"category","embeddable":true,"href":"https:\/\/www.mediapartizan.at\/index.php?rest_route=%2Fwp%2Fv2%2Fcategories&post=6158"},{"taxonomy":"post_tag","embeddable":true,"href":"https:\/\/www.mediapartizan.at\/index.php?rest_route=%2Fwp%2Fv2%2Ftags&post=6158"}],"curies":[{"name":"wp","href":"https:\/\/api.w.org\/{rel}","templated":true}]}}