{"id":6478,"date":"2023-05-22T14:54:57","date_gmt":"2023-05-22T12:54:57","guid":{"rendered":"https:\/\/www.mediapartizan.at\/?p=6478"},"modified":"2023-05-22T18:24:07","modified_gmt":"2023-05-22T16:24:07","slug":"call-option-gezogen-klagenfurter-flughafen-landet-wieder-bei-land-und-stadt","status":"publish","type":"post","link":"https:\/\/www.mediapartizan.at\/?p=6478","title":{"rendered":"Call-Option wird gezogen: Klagenfurter Flughafen landet wieder bei Land und Stadt"},"content":{"rendered":"<p><\/p>\n<p>Vor fast genau einem Jahr entschied der Aufsichtsrat der K\u00e4rntner Beteiligungsverwaltung (KBV) &#8211; in reduzierter Mitgliederanzahl &#8211; zum ersten Mal, die Call Option zu ziehen. Das ist jene Vertragsklausel, mit der der Flughafen zur\u00fcckgekauft werden kann, wenn Investor Franz Peter Orasch (Lilihill-Gruppe) unter 100.000 Passagieren bleibt. Was 2022 der Fall war. Daraufhin blockierte die SP\u00d6 den von Beteiligungsreferent Martin Gruber (\u00d6VP) in die Regierung eingebrachten R\u00fcckkauf zwei Mal. <\/p>\n<p><\/p>\n<p><\/p>\n<p><strong>Kaiser mit &#8222;Daumen hoch&#8220; f\u00fcr Call Option<\/strong><\/p>\n<p><\/p>\n<p><\/p>\n<p>Vor zwei Wochen stimmten dann \u00fcberraschend alle KBV-Aufsichtsratsmitglieder einstimmig f\u00fcr die Call Option. Selbst jene Aufseher, die der SP\u00d6 nahe stehen, stimmten mit. Womit ein starkes Zeichen Richtung Arnulfplatz ging. Und dort stimmten Landeshauptmann Peter Kaiser (SP\u00d6) und seine Regierungskollegen heute auch tats\u00e4chlich f\u00fcr die R\u00fcckholung. Damit wird der Flughafen durch das Land und die Stadt Klagenfurt um knapp vier Millionen Euro zur\u00fcckgekauft. Die vier Millionen, 800.000 davon muss die Stadt aufbringen, gehen an Orasch. Es ist die H\u00e4lfte dessen, was er vor f\u00fcnf Jahren in die Flughafen-Betriebsgesellschaft eingebracht hatte.<\/p>\n<p><\/p>\n<p><\/p>\n<p><strong>Stadt Klagenfurt hat f\u00fcr Call-Option Vorarbeiten geleistet<\/strong><\/p>\n<p><\/p>\n<p><\/p>\n<p>Damit ist das Kapitel Lilihill am Flughafen aber wohl noch nicht zu Ende. Denn vom Immobilien-Unternehmen h\u00f6rt man, dass &#8222;alle rechtlichen Mittel ausgesch\u00f6pft werden&#8220;, um gegen die heutige Entscheidung des Landes vorzugehen. Bei der Stadt hat Beteiligungsreferent Philipp Liesnig unabh\u00e4ngig von der heutigen Entscheidung der Landesregierung schon vor einigen Wochen das Ziehen der Call Option vorbereiten lassen. Liesnig steht dem nunmehrigen &#8222;Beschluss des Landes, den Airport zur\u00fcckzuholen, positiv gegen\u00fcber&#8220;. Er wolle nun die Zeit nutzen und die Vorarbeiten zu Ende bringen und &#8222;dann in den zust\u00e4ndigen Gremien beschlie\u00dfen lassen&#8220;. Auch im Gemeinderat ist mit einem Ja zur Call Option zu rechnen. Das d\u00fcrfte ein kleines L\u00e4cheln der Genugtuung auf Andreas Skorianz\u00b4und die Lippen der ausgeschiedenen Gr\u00fcn-Mandatarin Evelyn Schmid-Tarmann zaubern: Der FP\u00d6-Klubobmann und Schmid-Tarmann waren vor f\u00fcnf Jahren die Einzigen im Gemeinderat, die die Vergabe an Orasch ablehnten. Skorianz forderte Orasch zudem in einer Pr\u00e4sentation, die der Immobilien-Unternehmer bei der Stadt gehalten hatte, heraus. Und lockte ihn so aus der Reserve, dass Orasch die Tonst\u00e4rke seiner Antworten ein paar Dezibel nach oben schnaubte.<\/p>\n<p><\/p>\n<p><\/p>\n<p><strong>Auf KBV wartet Mammutprojekt<\/strong><\/p>\n<p><\/p>\n<p><\/p>\n<p>Die heutige Entscheidung der Landesregierung ist aber kein Sieg. Weder f\u00fcr Gruber, noch f\u00fcr die KBV. Denn einerseits bleibt ein gewisses Rechtsrisiko: Kann Orasch causal beweisen, dass es 2022 aufgrund der Corona-Pandemie eine Betriebsunterbrechung \u00fcber zwei Wochen gab und deshalb das Minimal-Ziel von 100.000 Passagieren nicht erreicht werden konnte, gibt es zumindest Gespr\u00e4chsbedarf. Der von der KBV engagierte Rechtswissenschafter Stefan Perner sieht daf\u00fcr aber kaum Risiko. Gruber sagte heute au\u00dferdem, dass es diese Betriebsunterbrechung 2022 nicht gegeben hat. Zweitens: Jetzt f\u00e4ngt die Arbeit f\u00fcr die KBV und die Stadt Klagenfurt erst an. Gesch\u00e4ftsf\u00fchrer-Suche, Fluglinien-Acquise, Finanzierung des Flughafens mitsamt der Geh\u00e4lter von 120 Mitarbeitern. Ein Mammutprojekt. Bei dem sich die SP\u00d6 die Fortschritte wahrscheinlich erste Reihe fu\u00dffrei anschauen wird. <\/p>\n<p><\/p>\n<p><\/p>\n<p>Dazu kommt noch, dass Regionalflugh\u00e4fen nach einer EU-Entscheidung keine staatlichen Hilfen mehr erhalten d\u00fcrfen. Das war urspr\u00fcnglich schon f\u00fcr 2024 vorgesehen, wurde aber voraussichtlich auf 2027 verschoben. Dennoch: Der Flughafen wird sich selbst tragen m\u00fcssen. Das wiederum k\u00f6nnte \u00fcber Baurechte auf nicht betriebsnotwendige Grundst\u00fccke funktionieren. An deren Ausschreibung auch Orasch teilnehmen k\u00f6nnte. Die Frage ist: Was ist der k\u00fcnftige Masterplan, mit dem der Airport wieder eine passable Reiseflugh\u00f6he erreicht?<\/p>\n<p><\/p>\n","protected":false},"excerpt":{"rendered":"<div class=\"mh-excerpt\"><p>Paukenschlag: Nach einer f\u00fcnfj\u00e4hrigen Flughafen-Odyssee entschied sich die K\u00e4rntner Landesregierung heute einstimmig f\u00fcr die Call-Option. Lilihill will &#8222;alle rechtlichen Mittel&#8220; dagegen aussch\u00f6pfen. Auf die KBV wartet eine Mammut-Aufgabe. <a class=\"mh-excerpt-more\" href=\"https:\/\/www.mediapartizan.at\/?p=6478\" title=\"Call-Option wird gezogen: Klagenfurter Flughafen landet wieder bei Land und Stadt\">[&#8230;]<\/a><\/p>\n<\/div>","protected":false},"author":2,"featured_media":6479,"comment_status":"open","ping_status":"open","sticky":false,"template":"","format":"standard","meta":{"inline_featured_image":false,"_jetpack_memberships_contains_paid_content":false,"footnotes":""},"categories":[166],"tags":[169,183,168,171,172,137,170,203,112],"class_list":{"0":"post-6478","1":"post","2":"type-post","3":"status-publish","4":"format-standard","5":"has-post-thumbnail","7":"category-flughafen-klagenfurt","8":"tag-franz-peter-orasch","9":"tag-kbv","10":"tag-lilihill","11":"tag-martin-gruber","12":"tag-martin-payer","13":"tag-oevp","14":"tag-peter-kaiser","15":"tag-philipp-liesnig","16":"tag-spoe"},"yoast_head":"<!-- This site is optimized with the Yoast SEO plugin v20.10 - https:\/\/yoast.com\/wordpress\/plugins\/seo\/ -->\n<title>Call-Option wird gezogen: Klagenfurter Flughafen landet wieder bei Land und Stadt - Mediapartizan.at<\/title>\n<meta name=\"robots\" content=\"index, follow, max-snippet:-1, max-image-preview:large, max-video-preview:-1\" \/>\n<link rel=\"canonical\" href=\"https:\/\/www.mediapartizan.at\/?p=6478\" \/>\n<meta property=\"og:locale\" content=\"de_DE\" \/>\n<meta property=\"og:type\" content=\"article\" \/>\n<meta property=\"og:title\" content=\"Call-Option wird gezogen: Klagenfurter Flughafen landet wieder bei Land und Stadt - Mediapartizan.at\" \/>\n<meta property=\"og:description\" content=\"Paukenschlag: Nach einer f\u00fcnfj\u00e4hrigen Flughafen-Odyssee entschied sich die K\u00e4rntner Landesregierung heute einstimmig f\u00fcr die Call-Option. Lilihill will &quot;alle rechtlichen Mittel&quot; dagegen aussch\u00f6pfen. Auf die KBV wartet eine Mammut-Aufgabe. [...]\" \/>\n<meta property=\"og:url\" content=\"https:\/\/www.mediapartizan.at\/?p=6478\" \/>\n<meta property=\"og:site_name\" content=\"Mediapartizan.at\" \/>\n<meta property=\"article:published_time\" content=\"2023-05-22T12:54:57+00:00\" \/>\n<meta property=\"article:modified_time\" content=\"2023-05-22T16:24:07+00:00\" \/>\n<meta property=\"og:image\" content=\"https:\/\/www.mediapartizan.at\/wp-content\/uploads\/2023\/05\/Ankunft.jpg\" \/>\n\t<meta property=\"og:image:width\" content=\"2000\" \/>\n\t<meta property=\"og:image:height\" content=\"1500\" \/>\n\t<meta property=\"og:image:type\" content=\"image\/jpeg\" \/>\n<meta name=\"author\" content=\"Franz Miklautz\" \/>\n<meta name=\"twitter:card\" content=\"summary_large_image\" \/>\n<meta name=\"twitter:label1\" content=\"Verfasst von\" \/>\n\t<meta name=\"twitter:data1\" content=\"Franz Miklautz\" \/>\n\t<meta name=\"twitter:label2\" content=\"Gesch\u00e4tzte Lesezeit\" \/>\n\t<meta name=\"twitter:data2\" content=\"3\u00a0Minuten\" \/>\n<script type=\"application\/ld+json\" class=\"yoast-schema-graph\">{\"@context\":\"https:\/\/schema.org\",\"@graph\":[{\"@type\":\"WebPage\",\"@id\":\"https:\/\/www.mediapartizan.at\/?p=6478\",\"url\":\"https:\/\/www.mediapartizan.at\/?p=6478\",\"name\":\"Call-Option wird gezogen: Klagenfurter Flughafen landet wieder bei Land und Stadt - Mediapartizan.at\",\"isPartOf\":{\"@id\":\"https:\/\/www.mediapartizan.at\/#website\"},\"datePublished\":\"2023-05-22T12:54:57+00:00\",\"dateModified\":\"2023-05-22T16:24:07+00:00\",\"author\":{\"@id\":\"https:\/\/www.mediapartizan.at\/#\/schema\/person\/f6bd7eb8222f2fe985c78d08f17ed7a9\"},\"breadcrumb\":{\"@id\":\"https:\/\/www.mediapartizan.at\/?p=6478#breadcrumb\"},\"inLanguage\":\"de\",\"potentialAction\":[{\"@type\":\"ReadAction\",\"target\":[\"https:\/\/www.mediapartizan.at\/?p=6478\"]}]},{\"@type\":\"BreadcrumbList\",\"@id\":\"https:\/\/www.mediapartizan.at\/?p=6478#breadcrumb\",\"itemListElement\":[{\"@type\":\"ListItem\",\"position\":1,\"name\":\"Startseite\",\"item\":\"https:\/\/www.mediapartizan.at\/\"},{\"@type\":\"ListItem\",\"position\":2,\"name\":\"Call-Option wird gezogen: Klagenfurter Flughafen landet wieder bei Land und Stadt\"}]},{\"@type\":\"WebSite\",\"@id\":\"https:\/\/www.mediapartizan.at\/#website\",\"url\":\"https:\/\/www.mediapartizan.at\/\",\"name\":\"Mediapartizan.at\",\"description\":\"\",\"potentialAction\":[{\"@type\":\"SearchAction\",\"target\":{\"@type\":\"EntryPoint\",\"urlTemplate\":\"https:\/\/www.mediapartizan.at\/?s={search_term_string}\"},\"query-input\":\"required name=search_term_string\"}],\"inLanguage\":\"de\"},{\"@type\":\"Person\",\"@id\":\"https:\/\/www.mediapartizan.at\/#\/schema\/person\/f6bd7eb8222f2fe985c78d08f17ed7a9\",\"name\":\"Franz Miklautz\",\"image\":{\"@type\":\"ImageObject\",\"inLanguage\":\"de\",\"@id\":\"https:\/\/www.mediapartizan.at\/#\/schema\/person\/image\/\",\"url\":\"https:\/\/secure.gravatar.com\/avatar\/5618667e9a7ab3fa3e1a0c75987c8d0c111ad041167e738d67ac0846e54e195e?s=96&d=mm&r=g\",\"contentUrl\":\"https:\/\/secure.gravatar.com\/avatar\/5618667e9a7ab3fa3e1a0c75987c8d0c111ad041167e738d67ac0846e54e195e?s=96&d=mm&r=g\",\"caption\":\"Franz Miklautz\"},\"url\":\"https:\/\/www.mediapartizan.at\/?author=2\"}]}<\/script>\n<!-- \/ Yoast SEO plugin. -->","yoast_head_json":{"title":"Call-Option wird gezogen: Klagenfurter Flughafen landet wieder bei Land und Stadt - Mediapartizan.at","robots":{"index":"index","follow":"follow","max-snippet":"max-snippet:-1","max-image-preview":"max-image-preview:large","max-video-preview":"max-video-preview:-1"},"canonical":"https:\/\/www.mediapartizan.at\/?p=6478","og_locale":"de_DE","og_type":"article","og_title":"Call-Option wird gezogen: Klagenfurter Flughafen landet wieder bei Land und Stadt - Mediapartizan.at","og_description":"Paukenschlag: Nach einer f\u00fcnfj\u00e4hrigen Flughafen-Odyssee entschied sich die K\u00e4rntner Landesregierung heute einstimmig f\u00fcr die Call-Option. Lilihill will \"alle rechtlichen Mittel\" dagegen aussch\u00f6pfen. Auf die KBV wartet eine Mammut-Aufgabe. [...]","og_url":"https:\/\/www.mediapartizan.at\/?p=6478","og_site_name":"Mediapartizan.at","article_published_time":"2023-05-22T12:54:57+00:00","article_modified_time":"2023-05-22T16:24:07+00:00","og_image":[{"width":2000,"height":1500,"url":"https:\/\/www.mediapartizan.at\/wp-content\/uploads\/2023\/05\/Ankunft.jpg","type":"image\/jpeg"}],"author":"Franz Miklautz","twitter_card":"summary_large_image","twitter_misc":{"Verfasst von":"Franz Miklautz","Gesch\u00e4tzte Lesezeit":"3\u00a0Minuten"},"schema":{"@context":"https:\/\/schema.org","@graph":[{"@type":"WebPage","@id":"https:\/\/www.mediapartizan.at\/?p=6478","url":"https:\/\/www.mediapartizan.at\/?p=6478","name":"Call-Option wird gezogen: Klagenfurter Flughafen landet wieder bei Land und Stadt - Mediapartizan.at","isPartOf":{"@id":"https:\/\/www.mediapartizan.at\/#website"},"datePublished":"2023-05-22T12:54:57+00:00","dateModified":"2023-05-22T16:24:07+00:00","author":{"@id":"https:\/\/www.mediapartizan.at\/#\/schema\/person\/f6bd7eb8222f2fe985c78d08f17ed7a9"},"breadcrumb":{"@id":"https:\/\/www.mediapartizan.at\/?p=6478#breadcrumb"},"inLanguage":"de","potentialAction":[{"@type":"ReadAction","target":["https:\/\/www.mediapartizan.at\/?p=6478"]}]},{"@type":"BreadcrumbList","@id":"https:\/\/www.mediapartizan.at\/?p=6478#breadcrumb","itemListElement":[{"@type":"ListItem","position":1,"name":"Startseite","item":"https:\/\/www.mediapartizan.at\/"},{"@type":"ListItem","position":2,"name":"Call-Option wird gezogen: Klagenfurter Flughafen landet wieder bei Land und Stadt"}]},{"@type":"WebSite","@id":"https:\/\/www.mediapartizan.at\/#website","url":"https:\/\/www.mediapartizan.at\/","name":"Mediapartizan.at","description":"","potentialAction":[{"@type":"SearchAction","target":{"@type":"EntryPoint","urlTemplate":"https:\/\/www.mediapartizan.at\/?s={search_term_string}"},"query-input":"required name=search_term_string"}],"inLanguage":"de"},{"@type":"Person","@id":"https:\/\/www.mediapartizan.at\/#\/schema\/person\/f6bd7eb8222f2fe985c78d08f17ed7a9","name":"Franz Miklautz","image":{"@type":"ImageObject","inLanguage":"de","@id":"https:\/\/www.mediapartizan.at\/#\/schema\/person\/image\/","url":"https:\/\/secure.gravatar.com\/avatar\/5618667e9a7ab3fa3e1a0c75987c8d0c111ad041167e738d67ac0846e54e195e?s=96&d=mm&r=g","contentUrl":"https:\/\/secure.gravatar.com\/avatar\/5618667e9a7ab3fa3e1a0c75987c8d0c111ad041167e738d67ac0846e54e195e?s=96&d=mm&r=g","caption":"Franz Miklautz"},"url":"https:\/\/www.mediapartizan.at\/?author=2"}]}},"jetpack_featured_media_url":"https:\/\/i0.wp.com\/www.mediapartizan.at\/wp-content\/uploads\/2023\/05\/Ankunft.jpg?fit=2000%2C1500&ssl=1","jetpack_sharing_enabled":true,"_links":{"self":[{"href":"https:\/\/www.mediapartizan.at\/index.php?rest_route=\/wp\/v2\/posts\/6478","targetHints":{"allow":["GET"]}}],"collection":[{"href":"https:\/\/www.mediapartizan.at\/index.php?rest_route=\/wp\/v2\/posts"}],"about":[{"href":"https:\/\/www.mediapartizan.at\/index.php?rest_route=\/wp\/v2\/types\/post"}],"author":[{"embeddable":true,"href":"https:\/\/www.mediapartizan.at\/index.php?rest_route=\/wp\/v2\/users\/2"}],"replies":[{"embeddable":true,"href":"https:\/\/www.mediapartizan.at\/index.php?rest_route=%2Fwp%2Fv2%2Fcomments&post=6478"}],"version-history":[{"count":9,"href":"https:\/\/www.mediapartizan.at\/index.php?rest_route=\/wp\/v2\/posts\/6478\/revisions"}],"predecessor-version":[{"id":6488,"href":"https:\/\/www.mediapartizan.at\/index.php?rest_route=\/wp\/v2\/posts\/6478\/revisions\/6488"}],"wp:featuredmedia":[{"embeddable":true,"href":"https:\/\/www.mediapartizan.at\/index.php?rest_route=\/wp\/v2\/media\/6479"}],"wp:attachment":[{"href":"https:\/\/www.mediapartizan.at\/index.php?rest_route=%2Fwp%2Fv2%2Fmedia&parent=6478"}],"wp:term":[{"taxonomy":"category","embeddable":true,"href":"https:\/\/www.mediapartizan.at\/index.php?rest_route=%2Fwp%2Fv2%2Fcategories&post=6478"},{"taxonomy":"post_tag","embeddable":true,"href":"https:\/\/www.mediapartizan.at\/index.php?rest_route=%2Fwp%2Fv2%2Ftags&post=6478"}],"curies":[{"name":"wp","href":"https:\/\/api.w.org\/{rel}","templated":true}]}}