{"id":6664,"date":"2023-07-03T16:47:48","date_gmt":"2023-07-03T14:47:48","guid":{"rendered":"https:\/\/www.mediapartizan.at\/?p=6664"},"modified":"2023-07-04T12:52:47","modified_gmt":"2023-07-04T10:52:47","slug":"klagenfurter-ueberstunden-causa-staatsanwaltschaft-ermittelt-gegen-buergermeister-bueroleiter-patrick-jonke","status":"publish","type":"post","link":"https:\/\/www.mediapartizan.at\/?p=6664","title":{"rendered":"Klagenfurter \u00dcberstunden-Causa: Staatsanwaltschaft ermittelt gegen B\u00fcrgermeister-B\u00fcroleiter Patrick Jonke"},"content":{"rendered":"<p><\/p>\n<p>Die \u00dcberstunden-Causa im Klagenfurter Rathaus nimmt nun auch beh\u00f6rdliche Dimensionen an. Wie berichtet wurden dem Klagenfurter Magistratsdirektor Peter Jost im Jahr 2022 bemerkenswerte 800 geleistete \u00dcberstunden ausgezahlt. Das macht neben seinem stattlichen Gehalt von rund 200.000 Euro nochmal rund 66.000 Euro an \u00dcberstundenentgelten aus. Auch dem ehemaligen blauen Spitzenpolitiker Martin Strutz, der nun im Dienst der Stadt Klagenfurt steht, wurden im letzten Jahr bis November rund 370 geleistete \u00dcberstunden ausbezahlt.<\/p>\n<p><\/p>\n<p><\/p>\n<p><strong>Laut Staatsanwaltschaft: &#8222;260 \u00dcberstunden&#8220;<\/strong> <strong>bei Jonke<\/strong><\/p>\n<p><\/p>\n<p><\/p>\n<p>Nun wechselt die \u00dcberstunden-Causa auf eine andere Ebene: Wie der Sprecher der Staatsanwaltschaft Klagenfurt, Markus Kitz, auf Mediapartizan-Anfrage best\u00e4tigt, ermittelt die Beh\u00f6rde gegen den Klubobmann des Team K\u00e4rnten Klagenfurt Patrick Jonke. Grund: Eine Anzeige. Jonke ist gleichzeitig B\u00fcroleiter des Klagenfurter B\u00fcrgermeisters Christian Scheider (Team K\u00e4rnten). StA.-Sprecher Kitz: &#8222;Es gibt seit November 2022 ein laufendes Verfahren.&#8220; In diesem Verfahren gehe es um &#8222;m\u00f6glicherweise zu Unrecht verrechnete \u00dcberstunden in den Jahren 2021 und 2022&#8220;. \u00dcber eine Anfangsverdachtspr\u00fcfung sei man bereits hinaus, so Kitz. Jonke befinde sich im Status eines Beschuldigten. Der durchf\u00fchrende Staatsanwalt habe &#8222;im Mai weitere Ermittlungen angeordnet&#8220;. Dabei gehe es um insgesamt &#8222;260 \u00dcberstunden&#8220;. <\/p>\n<p><\/p>\n<p><\/p>\n<p><strong>27.000 Euro Leasingkosten f\u00fcr Jonke allein im M\u00e4rz 2022<\/strong><\/p>\n<p><\/p>\n<p><\/p>\n<p>Dabei d\u00fcrfte es sich um jene \u00dcberstunden handeln, die Mediapartizan <a href=\"https:\/\/www.mediapartizan.at\/?p=5458\" target=\"_blank\" rel=\"noreferrer noopener\">im Februar des heurigen Jahres f\u00fcr vier einzelne Monate ver\u00f6ffentlicht hat<\/a>. (In der Gesamtsumme wurden diese auch schon von der &#8222;Kleinen Zeitung&#8220; publiziert.) Jonke war vor seiner \u00dcbernahme in den Angestelltendienst als  Leasingkraft im Rathaus t\u00e4tig &#8211; geleast \u00fcber die APS-Personalleasingagentur. Regul\u00e4r sollte der 32-J\u00e4hrige die Stadt 8.415 Euro im Monat kosten, wie eine Mediapartizan.at vorliegende Leasingabrechnung belegt. <\/p>\n<p><\/p>\n<p><\/p>\n<p>Gekostet hat Jonke aber aufgrund seiner geleisteten \u00dcberstunden teils mehr als das Dreifache: Im M\u00e4rz 2022 etwa \u00fcber 27.000 Euro (gesamt: Gehalt und \u00dcberstunden). Auch zuvor waren betr\u00e4chtliche Kosten f\u00fcr den B\u00fcrgermeister-B\u00fcroleiter angefallen: Im Dezember 2021 rund 19.000 Euro. Im J\u00e4nner 2022 dann 20.700 Euro. Und im Februar 16.700 Euro &#8211; auch das noch fast das Doppelte der Vereinbarung mit der APS. Insgesamt sind es rund 84.000 Euro in vier Monaten.<\/p>\n<p><\/p>\n<p><\/p>\n<p><strong>&#8222;Nicht l\u00f6sbar&#8220;<\/strong><\/p>\n<p><\/p>\n<p><\/p>\n<p>Die Staatsanwaltschaft pr\u00fcft nun, ob Jonkes \u00dcberstundenabrechnung rechtens ist. Die Ermittlungen waren eingeleitet worden, weil die \u00dcberstunden offenbar nicht greifbar sind. Kitz: &#8222;Das ist nicht l\u00f6sbar.&#8220; Weswegen es nun zu Zeugeneinvernahmen kommen soll. Das Landeskriminalamt K\u00e4rnten f\u00fchrt die  Erhebungen. Zus\u00e4tzliche Brisanz erh\u00e4lt die Causa dadurch, dass laut Kitz auch der Klagenfurter Stadtrechnungshof Jonkes \u00dcberstunden pr\u00fcft. Zudem kontrolliert der Landesrechnungshof unter Direktor G\u00fcnter Bauer die Stadt Klagenfurt &#8211; und damit auch die st\u00e4dtische Lohnverrechnung. B\u00fcrgermeister Scheider wollte zu den Ermittlungen auf Anfrage &#8222;nichts sagen&#8220;. Er habe noch keine Informationen. Jonke war f\u00fcr eine Stellungnahme nicht zu erreichen. <\/p>\n<p><\/p>\n<p><\/p>\n<p>Es gilt die Unschuldsvermutung.<\/p>\n<p><\/p>\n<p><\/p>\n<p><strong>Update 18:30 Uhr:<\/strong> Jonke rief zur\u00fcck. Er sehe den Ermittlungen gelassen entgegen. &#8222;Es wird sich alles aufkl\u00e4ren.&#8220; Eine hausinterne Kontrolle, offenbar durch den Stadtrechnungshof, habe keine Auff\u00e4lligkeiten ergeben. &#8222;Die \u00dcberstunden sind abgezeichnet worden.&#8220; In ein paar Wochen werde alles erledigt sein.<\/p>\n<p><\/p>\n<p><\/p>\n<p><strong>Skorianz: Pr\u00fcfung von Jonkes \u00dcberstunden durch Stadtrechnungshof noch nicht abgeschlossen<\/strong><\/p>\n<p><\/p>\n<p><\/p>\n<p><strong>Update 4. Juli, 12:00 Uhr:<\/strong> Kontrollausschuss-Obmann Andreas Skorianz (FP\u00d6) sieht im Gegensatz zu Jonke die hausinterne Pr\u00fcfung &#8222;noch nicht abgeschlossen. Der Stadtrechnungshof pr\u00fcft Jonkes \u00dcberstunden nach wie vor&#8220;. Jonke k\u00f6nne nicht behaupten, dass bei der Pr\u00fcfung nichts herausgekommen sei, &#8222;denn sie ist noch immer im Laufen&#8220;, stellt Skorianz klar. <\/p>\n<p><\/p>\n<p><\/p>\n<p><\/p>\n","protected":false},"excerpt":{"rendered":"<div class=\"mh-excerpt\"><p>Die Staatsanwaltschaft Klagenfurt hat sich in die \u00fcppigen \u00dcberstundenabrechnungen im Klagenfurter Rathaus eingeschaltet. Seit November 2022 werden die hohen Abrechnungen von B\u00fcrgermeister-B\u00fcroleiter Patrick Jonke durchforstet. Jonke, er ist auch Klubobmann des Team K\u00e4rnten, gilt als Beschuldigter. Der ermittelnde Staatsanwalt l\u00e4sst das Landeskriminalamt in der Sache erheben. <a class=\"mh-excerpt-more\" href=\"https:\/\/www.mediapartizan.at\/?p=6664\" title=\"Klagenfurter \u00dcberstunden-Causa: Staatsanwaltschaft ermittelt gegen B\u00fcrgermeister-B\u00fcroleiter Patrick Jonke\">[&#8230;]<\/a><\/p>\n<\/div>","protected":false},"author":2,"featured_media":5462,"comment_status":"open","ping_status":"open","sticky":false,"template":"","format":"standard","meta":{"inline_featured_image":false,"_jetpack_memberships_contains_paid_content":false,"footnotes":""},"categories":[143],"tags":[86,156,304,355,204,423],"class_list":{"0":"post-6664","1":"post","2":"type-post","3":"status-publish","4":"format-standard","5":"has-post-thumbnail","7":"category-stadt-klagenfurt","8":"tag-christian-scheider","9":"tag-klagenfurt","10":"tag-magistrat-klagenfurt","11":"tag-rathaus","12":"tag-team-kaernten","13":"tag-ueberstunden-skandl"},"yoast_head":"<!-- This site is optimized with the Yoast SEO plugin v20.10 - https:\/\/yoast.com\/wordpress\/plugins\/seo\/ -->\n<title>Klagenfurter \u00dcberstunden-Causa: Staatsanwaltschaft ermittelt gegen B\u00fcrgermeister-B\u00fcroleiter Patrick Jonke - Mediapartizan.at<\/title>\n<meta name=\"robots\" content=\"index, follow, max-snippet:-1, max-image-preview:large, max-video-preview:-1\" \/>\n<link rel=\"canonical\" href=\"https:\/\/www.mediapartizan.at\/?p=6664\" \/>\n<meta property=\"og:locale\" content=\"de_DE\" \/>\n<meta property=\"og:type\" content=\"article\" \/>\n<meta property=\"og:title\" content=\"Klagenfurter \u00dcberstunden-Causa: Staatsanwaltschaft ermittelt gegen B\u00fcrgermeister-B\u00fcroleiter Patrick Jonke - Mediapartizan.at\" \/>\n<meta property=\"og:description\" content=\"Die Staatsanwaltschaft Klagenfurt hat sich in die \u00fcppigen \u00dcberstundenabrechnungen im Klagenfurter Rathaus eingeschaltet. Seit November 2022 werden die hohen Abrechnungen von B\u00fcrgermeister-B\u00fcroleiter Patrick Jonke durchforstet. Jonke, er ist auch Klubobmann des Team K\u00e4rnten, gilt als Beschuldigter. Der ermittelnde Staatsanwalt l\u00e4sst das Landeskriminalamt in der Sache erheben. [...]\" \/>\n<meta property=\"og:url\" content=\"https:\/\/www.mediapartizan.at\/?p=6664\" \/>\n<meta property=\"og:site_name\" content=\"Mediapartizan.at\" \/>\n<meta property=\"article:published_time\" content=\"2023-07-03T14:47:48+00:00\" \/>\n<meta property=\"article:modified_time\" content=\"2023-07-04T10:52:47+00:00\" \/>\n<meta property=\"og:image\" content=\"https:\/\/www.mediapartizan.at\/wp-content\/uploads\/2023\/02\/Rathaus.jpg\" \/>\n\t<meta property=\"og:image:width\" content=\"1280\" \/>\n\t<meta property=\"og:image:height\" content=\"960\" \/>\n\t<meta property=\"og:image:type\" content=\"image\/jpeg\" \/>\n<meta name=\"author\" content=\"Franz Miklautz\" \/>\n<meta name=\"twitter:card\" content=\"summary_large_image\" \/>\n<meta name=\"twitter:label1\" content=\"Verfasst von\" \/>\n\t<meta name=\"twitter:data1\" content=\"Franz Miklautz\" \/>\n\t<meta name=\"twitter:label2\" content=\"Gesch\u00e4tzte Lesezeit\" \/>\n\t<meta name=\"twitter:data2\" content=\"3\u00a0Minuten\" \/>\n<script type=\"application\/ld+json\" class=\"yoast-schema-graph\">{\"@context\":\"https:\/\/schema.org\",\"@graph\":[{\"@type\":\"WebPage\",\"@id\":\"https:\/\/www.mediapartizan.at\/?p=6664\",\"url\":\"https:\/\/www.mediapartizan.at\/?p=6664\",\"name\":\"Klagenfurter \u00dcberstunden-Causa: Staatsanwaltschaft ermittelt gegen B\u00fcrgermeister-B\u00fcroleiter Patrick Jonke - Mediapartizan.at\",\"isPartOf\":{\"@id\":\"https:\/\/www.mediapartizan.at\/#website\"},\"datePublished\":\"2023-07-03T14:47:48+00:00\",\"dateModified\":\"2023-07-04T10:52:47+00:00\",\"author\":{\"@id\":\"https:\/\/www.mediapartizan.at\/#\/schema\/person\/f6bd7eb8222f2fe985c78d08f17ed7a9\"},\"breadcrumb\":{\"@id\":\"https:\/\/www.mediapartizan.at\/?p=6664#breadcrumb\"},\"inLanguage\":\"de\",\"potentialAction\":[{\"@type\":\"ReadAction\",\"target\":[\"https:\/\/www.mediapartizan.at\/?p=6664\"]}]},{\"@type\":\"BreadcrumbList\",\"@id\":\"https:\/\/www.mediapartizan.at\/?p=6664#breadcrumb\",\"itemListElement\":[{\"@type\":\"ListItem\",\"position\":1,\"name\":\"Startseite\",\"item\":\"https:\/\/www.mediapartizan.at\/\"},{\"@type\":\"ListItem\",\"position\":2,\"name\":\"Klagenfurter \u00dcberstunden-Causa: Staatsanwaltschaft ermittelt gegen B\u00fcrgermeister-B\u00fcroleiter Patrick Jonke\"}]},{\"@type\":\"WebSite\",\"@id\":\"https:\/\/www.mediapartizan.at\/#website\",\"url\":\"https:\/\/www.mediapartizan.at\/\",\"name\":\"Mediapartizan.at\",\"description\":\"\",\"potentialAction\":[{\"@type\":\"SearchAction\",\"target\":{\"@type\":\"EntryPoint\",\"urlTemplate\":\"https:\/\/www.mediapartizan.at\/?s={search_term_string}\"},\"query-input\":\"required name=search_term_string\"}],\"inLanguage\":\"de\"},{\"@type\":\"Person\",\"@id\":\"https:\/\/www.mediapartizan.at\/#\/schema\/person\/f6bd7eb8222f2fe985c78d08f17ed7a9\",\"name\":\"Franz Miklautz\",\"image\":{\"@type\":\"ImageObject\",\"inLanguage\":\"de\",\"@id\":\"https:\/\/www.mediapartizan.at\/#\/schema\/person\/image\/\",\"url\":\"https:\/\/secure.gravatar.com\/avatar\/5618667e9a7ab3fa3e1a0c75987c8d0c111ad041167e738d67ac0846e54e195e?s=96&d=mm&r=g\",\"contentUrl\":\"https:\/\/secure.gravatar.com\/avatar\/5618667e9a7ab3fa3e1a0c75987c8d0c111ad041167e738d67ac0846e54e195e?s=96&d=mm&r=g\",\"caption\":\"Franz Miklautz\"},\"url\":\"https:\/\/www.mediapartizan.at\/?author=2\"}]}<\/script>\n<!-- \/ Yoast SEO plugin. -->","yoast_head_json":{"title":"Klagenfurter \u00dcberstunden-Causa: Staatsanwaltschaft ermittelt gegen B\u00fcrgermeister-B\u00fcroleiter Patrick Jonke - Mediapartizan.at","robots":{"index":"index","follow":"follow","max-snippet":"max-snippet:-1","max-image-preview":"max-image-preview:large","max-video-preview":"max-video-preview:-1"},"canonical":"https:\/\/www.mediapartizan.at\/?p=6664","og_locale":"de_DE","og_type":"article","og_title":"Klagenfurter \u00dcberstunden-Causa: Staatsanwaltschaft ermittelt gegen B\u00fcrgermeister-B\u00fcroleiter Patrick Jonke - Mediapartizan.at","og_description":"Die Staatsanwaltschaft Klagenfurt hat sich in die \u00fcppigen \u00dcberstundenabrechnungen im Klagenfurter Rathaus eingeschaltet. Seit November 2022 werden die hohen Abrechnungen von B\u00fcrgermeister-B\u00fcroleiter Patrick Jonke durchforstet. Jonke, er ist auch Klubobmann des Team K\u00e4rnten, gilt als Beschuldigter. Der ermittelnde Staatsanwalt l\u00e4sst das Landeskriminalamt in der Sache erheben. [...]","og_url":"https:\/\/www.mediapartizan.at\/?p=6664","og_site_name":"Mediapartizan.at","article_published_time":"2023-07-03T14:47:48+00:00","article_modified_time":"2023-07-04T10:52:47+00:00","og_image":[{"width":1280,"height":960,"url":"https:\/\/www.mediapartizan.at\/wp-content\/uploads\/2023\/02\/Rathaus.jpg","type":"image\/jpeg"}],"author":"Franz Miklautz","twitter_card":"summary_large_image","twitter_misc":{"Verfasst von":"Franz Miklautz","Gesch\u00e4tzte Lesezeit":"3\u00a0Minuten"},"schema":{"@context":"https:\/\/schema.org","@graph":[{"@type":"WebPage","@id":"https:\/\/www.mediapartizan.at\/?p=6664","url":"https:\/\/www.mediapartizan.at\/?p=6664","name":"Klagenfurter \u00dcberstunden-Causa: Staatsanwaltschaft ermittelt gegen B\u00fcrgermeister-B\u00fcroleiter Patrick Jonke - Mediapartizan.at","isPartOf":{"@id":"https:\/\/www.mediapartizan.at\/#website"},"datePublished":"2023-07-03T14:47:48+00:00","dateModified":"2023-07-04T10:52:47+00:00","author":{"@id":"https:\/\/www.mediapartizan.at\/#\/schema\/person\/f6bd7eb8222f2fe985c78d08f17ed7a9"},"breadcrumb":{"@id":"https:\/\/www.mediapartizan.at\/?p=6664#breadcrumb"},"inLanguage":"de","potentialAction":[{"@type":"ReadAction","target":["https:\/\/www.mediapartizan.at\/?p=6664"]}]},{"@type":"BreadcrumbList","@id":"https:\/\/www.mediapartizan.at\/?p=6664#breadcrumb","itemListElement":[{"@type":"ListItem","position":1,"name":"Startseite","item":"https:\/\/www.mediapartizan.at\/"},{"@type":"ListItem","position":2,"name":"Klagenfurter \u00dcberstunden-Causa: Staatsanwaltschaft ermittelt gegen B\u00fcrgermeister-B\u00fcroleiter Patrick Jonke"}]},{"@type":"WebSite","@id":"https:\/\/www.mediapartizan.at\/#website","url":"https:\/\/www.mediapartizan.at\/","name":"Mediapartizan.at","description":"","potentialAction":[{"@type":"SearchAction","target":{"@type":"EntryPoint","urlTemplate":"https:\/\/www.mediapartizan.at\/?s={search_term_string}"},"query-input":"required name=search_term_string"}],"inLanguage":"de"},{"@type":"Person","@id":"https:\/\/www.mediapartizan.at\/#\/schema\/person\/f6bd7eb8222f2fe985c78d08f17ed7a9","name":"Franz Miklautz","image":{"@type":"ImageObject","inLanguage":"de","@id":"https:\/\/www.mediapartizan.at\/#\/schema\/person\/image\/","url":"https:\/\/secure.gravatar.com\/avatar\/5618667e9a7ab3fa3e1a0c75987c8d0c111ad041167e738d67ac0846e54e195e?s=96&d=mm&r=g","contentUrl":"https:\/\/secure.gravatar.com\/avatar\/5618667e9a7ab3fa3e1a0c75987c8d0c111ad041167e738d67ac0846e54e195e?s=96&d=mm&r=g","caption":"Franz Miklautz"},"url":"https:\/\/www.mediapartizan.at\/?author=2"}]}},"jetpack_featured_media_url":"https:\/\/i0.wp.com\/www.mediapartizan.at\/wp-content\/uploads\/2023\/02\/Rathaus.jpg?fit=1280%2C960&ssl=1","jetpack_sharing_enabled":true,"_links":{"self":[{"href":"https:\/\/www.mediapartizan.at\/index.php?rest_route=\/wp\/v2\/posts\/6664","targetHints":{"allow":["GET"]}}],"collection":[{"href":"https:\/\/www.mediapartizan.at\/index.php?rest_route=\/wp\/v2\/posts"}],"about":[{"href":"https:\/\/www.mediapartizan.at\/index.php?rest_route=\/wp\/v2\/types\/post"}],"author":[{"embeddable":true,"href":"https:\/\/www.mediapartizan.at\/index.php?rest_route=\/wp\/v2\/users\/2"}],"replies":[{"embeddable":true,"href":"https:\/\/www.mediapartizan.at\/index.php?rest_route=%2Fwp%2Fv2%2Fcomments&post=6664"}],"version-history":[{"count":13,"href":"https:\/\/www.mediapartizan.at\/index.php?rest_route=\/wp\/v2\/posts\/6664\/revisions"}],"predecessor-version":[{"id":6686,"href":"https:\/\/www.mediapartizan.at\/index.php?rest_route=\/wp\/v2\/posts\/6664\/revisions\/6686"}],"wp:featuredmedia":[{"embeddable":true,"href":"https:\/\/www.mediapartizan.at\/index.php?rest_route=\/wp\/v2\/media\/5462"}],"wp:attachment":[{"href":"https:\/\/www.mediapartizan.at\/index.php?rest_route=%2Fwp%2Fv2%2Fmedia&parent=6664"}],"wp:term":[{"taxonomy":"category","embeddable":true,"href":"https:\/\/www.mediapartizan.at\/index.php?rest_route=%2Fwp%2Fv2%2Fcategories&post=6664"},{"taxonomy":"post_tag","embeddable":true,"href":"https:\/\/www.mediapartizan.at\/index.php?rest_route=%2Fwp%2Fv2%2Ftags&post=6664"}],"curies":[{"name":"wp","href":"https:\/\/api.w.org\/{rel}","templated":true}]}}