{"id":6802,"date":"2023-08-09T14:31:02","date_gmt":"2023-08-09T12:31:02","guid":{"rendered":"https:\/\/www.mediapartizan.at\/?p=6802"},"modified":"2023-08-09T14:38:03","modified_gmt":"2023-08-09T12:38:03","slug":"brodeln-am-benediktinermarkt-standler-mit-tausenden-euro-strafe-bedroht","status":"publish","type":"post","link":"https:\/\/www.mediapartizan.at\/?p=6802","title":{"rendered":"Brodeln am Benediktinermarkt: Standler mit Tausenden Euro Strafe bedroht"},"content":{"rendered":"<p><\/p>\n<p>Diese Woche flatterte den Standbetreibern am beliebten Klagenfurter Benediktinermarkt hei\u00dfe Post in die Briefk\u00e4sten. Absender: Die Stadt Klagenfurt. Zugestellt wurden die &#8222;blauen Briefe&#8220; angeblich vom Klagenfurter Ordnungsamt. Zwischen den Stadtsheriffs und den Standlern herrscht ohnehin seit geraumer Zeit dicke Luft.<\/p>\n<p><\/p>\n<p><\/p>\n<p><strong>Vorw\u00fcrfe des Fehlverhaltens<\/strong><\/p>\n<p><\/p>\n<p><\/p>\n<p>Der Inhalt der Briefe ist hochbrisant. Dem Vernehmen nach sind Dutzende dieser Schreiben an die Standler gegangen. Darin werden den Standbetreibern Fehlverhalten und Verst\u00f6\u00dfe gegen die Klagenfurter Marktordnung zur Last gelegt. Mediapartizan.at hat mit zwei Chefs besagter St\u00e4nde gesprochen, sie m\u00f6chten anonym bleiben. Beide best\u00e4tigen, diese Briefe bekommen zu haben. Und sie geben weiters an, dass viele andere Standler die gleiche Post erhalten h\u00e4tten. Insgesamt d\u00fcrfte die Stadt in den Schreiben etliche Tausend Euro an Strafen gegen die Standler verh\u00e4ngt haben. Die Gr\u00fcnde sind weitl\u00e4ufig: Nichteinhalten der Kern\u00f6ffnungszeiten, \u00dcberziehen der allgemeinen \u00d6ffnungszeiten, Anwesenheit in der Standkoje etwa an Sonntagen, an denen der Markt geschlossen ist (hier geht es offenbar um die Bef\u00fcrchtung, dass am Sonntag aufgesperrt wurde, was laut Marktordnung nicht erlaubt ist). <\/p>\n<p><\/p>\n<p><\/p>\n<p><strong>Monatelange auf Beobachtung und erboste Standler<\/strong><\/p>\n<p><\/p>\n<p><\/p>\n<p>Offenbar beobachtete das Marktamt monatelang die Situation am Benediktinermarkt. Beide Standler sprechen von Fotos, die das Ordnungsamt offenkundig geschossen h\u00e4tte und die das Fehlverhalten der Unternehmen verdeutlichen sollen. Beide Auskunftspersonen sind in den Gespr\u00e4chen erbost \u00fcber die Vorgehensweise des Marktamts und des Ordnungsamts. Es ist von &#8222;Bespitzelung und Spionage&#8220; die Rede. &#8222;Offenbar geht es der Stadt darum, das Ordnungsamt irgendwie zu legitimieren&#8220;, sagt ein bekannter Gastronom vom Markt. Dem anderen Standler wurden laut Eigenangaben &#8222;vier Strafen&#8220; zugestellt, &#8222;jede zu 600 Euro&#8220;, sagt er. Eine Strafe davon datiert bereits aus dem April. &#8222;Anscheinend hat man hier mehrere Strafen abgewartet&#8220;, erkl\u00e4rt er sich selbst das Eintrudeln der &#8222;Schreiben&#8220;blauen Briefe&#8220;.<\/p>\n<p><\/p>\n<p><\/p>\n<p><strong>Stadt: &#8222;Marktordnung ist einzuhalten&#8220;<\/strong><\/p>\n<p><\/p>\n<p><\/p>\n<p>Heute d\u00fcrfte es zu einem Krisengipfel zwischen einigen Standlern und der Stadt gekommen sein. Marktreferent ist B\u00fcrgermeister Christian Scheider (Team K\u00e4rnten). Dessen B\u00fcroleiter Patrick Jonke sagt auf Anfrage: &#8222;Die Marktordnung ist einzuhalten. Das gilt f\u00fcr jeden gleich.&#8220; Die Standler h\u00e4tten nun die M\u00f6glichkeit, das Rechtsmittel des &#8222;Einspruchs zu erheben&#8220;, sagt Jonke. Anhand dessen wird dann gekl\u00e4rt, welche der Vorw\u00fcrfe von den Standlern entkr\u00e4ftet werden k\u00f6nnen &#8211; und welche nicht. Das wird &#8211; auch f\u00fcr die Stadt &#8211; ein Ritt auf der Rasierklinge: Marktreferent Scheider wird &#8211; vorausgesetzt es handelt sich um eindeutige Beweise &#8211; Strafen nicht zur\u00fccknehmen k\u00f6nnen, da dies Amtsmissbrauch bedeuten w\u00fcrde. (\u00c4hnlich wie bei nachtr\u00e4glich zur\u00fcckgenommenen Parkstrafen.)<\/p>\n<p><\/p>\n<p><\/p>\n<p>Gleich wie sich die Standbetreiber schikaniert f\u00fchlen, pocht die Stadt darauf, nur &#8222;die Einhaltung der Marktordnung zu \u00fcberpr\u00fcfen. In dieser ist alles genau geregelt&#8220;, erkl\u00e4rt Jonke. Und daran habe sich jeder zu halten. <\/p>\n<p><\/p>\n<p><\/p>\n<p><strong>Heftige Konsequenzen<\/strong><\/p>\n<p><\/p>\n<p><\/p>\n<p>Nun kommt es darauf an, ob die Standler die Vorw\u00fcrfe entkr\u00e4ften k\u00f6nnen. Angeblich sind die Beweise des Ordnungsamts mit genauen Daten des angenommenen Fehlverhaltens hinterlegt. &#8222;Im schlimmsten Fall ist der Stand weg&#8220;, sagt Jonke. Bei einem der Gastronomen seien zudem mittlerweile so viele Strafen zusammen gekommen, erkl\u00e4rt Jonke, dass es bis zu einem Gewerbeentzug kommen k\u00f6nnte. Die St\u00e4nde am Markt sind hei\u00df begehrt, sind die Mieten f\u00fcr die Kojen doch sehr niedrig. <\/p>\n<p><\/p>\n<p><\/p>\n<p>\u00dcbrigens: Morgen, Donnerstag, ist Markttag. Auch bei k\u00fchlem Wetter &#8211; es wird brodeln. <\/p>\n<p><\/p>\n","protected":false},"excerpt":{"rendered":"<div class=\"mh-excerpt\"><p>Stadt straft ab: Etliche Standler sollen Marktordnung missachtet haben. So seien \u00d6ffnungszeiten nicht eingehalten bzw. \u00fcberschritten worden. Standbetreiber sehen sich von der Stadt schikaniert und gehen auf die Barrikaden. Im schlimmsten Fall droht Entzug des Marktstandes. <a class=\"mh-excerpt-more\" href=\"https:\/\/www.mediapartizan.at\/?p=6802\" title=\"Brodeln am Benediktinermarkt: Standler mit Tausenden Euro Strafe bedroht\">[&#8230;]<\/a><\/p>\n<\/div>","protected":false},"author":2,"featured_media":6803,"comment_status":"open","ping_status":"open","sticky":false,"template":"","format":"standard","meta":{"inline_featured_image":false,"_jetpack_memberships_contains_paid_content":false,"footnotes":""},"categories":[143],"tags":[436,437],"class_list":{"0":"post-6802","1":"post","2":"type-post","3":"status-publish","4":"format-standard","5":"has-post-thumbnail","7":"category-stadt-klagenfurt","8":"tag-benediktiner-markt","9":"tag-marktordnung"},"yoast_head":"<!-- This site is optimized with the Yoast SEO plugin v20.10 - https:\/\/yoast.com\/wordpress\/plugins\/seo\/ -->\n<title>Brodeln am Benediktinermarkt: Standler mit Tausenden Euro Strafe bedroht - Mediapartizan.at<\/title>\n<meta name=\"robots\" content=\"index, follow, max-snippet:-1, max-image-preview:large, max-video-preview:-1\" \/>\n<link rel=\"canonical\" href=\"https:\/\/www.mediapartizan.at\/?p=6802\" \/>\n<meta property=\"og:locale\" content=\"de_DE\" \/>\n<meta property=\"og:type\" content=\"article\" \/>\n<meta property=\"og:title\" content=\"Brodeln am Benediktinermarkt: Standler mit Tausenden Euro Strafe bedroht - Mediapartizan.at\" \/>\n<meta property=\"og:description\" content=\"Stadt straft ab: Etliche Standler sollen Marktordnung missachtet haben. So seien \u00d6ffnungszeiten nicht eingehalten bzw. \u00fcberschritten worden. Standbetreiber sehen sich von der Stadt schikaniert und gehen auf die Barrikaden. Im schlimmsten Fall droht Entzug des Marktstandes. [...]\" \/>\n<meta property=\"og:url\" content=\"https:\/\/www.mediapartizan.at\/?p=6802\" \/>\n<meta property=\"og:site_name\" content=\"Mediapartizan.at\" \/>\n<meta property=\"article:published_time\" content=\"2023-08-09T12:31:02+00:00\" \/>\n<meta property=\"article:modified_time\" content=\"2023-08-09T12:38:03+00:00\" \/>\n<meta property=\"og:image\" content=\"https:\/\/www.mediapartizan.at\/wp-content\/uploads\/2023\/08\/kulinarik_benediktinermarkt_c-marktamt_klagenfurt_7.jpg\" \/>\n\t<meta property=\"og:image:width\" content=\"2048\" \/>\n\t<meta property=\"og:image:height\" content=\"1365\" \/>\n\t<meta property=\"og:image:type\" content=\"image\/jpeg\" \/>\n<meta name=\"author\" content=\"Franz Miklautz\" \/>\n<meta name=\"twitter:card\" content=\"summary_large_image\" \/>\n<meta name=\"twitter:label1\" content=\"Verfasst von\" \/>\n\t<meta name=\"twitter:data1\" content=\"Franz Miklautz\" \/>\n\t<meta name=\"twitter:label2\" content=\"Gesch\u00e4tzte Lesezeit\" \/>\n\t<meta name=\"twitter:data2\" content=\"3\u00a0Minuten\" \/>\n<script type=\"application\/ld+json\" class=\"yoast-schema-graph\">{\"@context\":\"https:\/\/schema.org\",\"@graph\":[{\"@type\":\"WebPage\",\"@id\":\"https:\/\/www.mediapartizan.at\/?p=6802\",\"url\":\"https:\/\/www.mediapartizan.at\/?p=6802\",\"name\":\"Brodeln am Benediktinermarkt: Standler mit Tausenden Euro Strafe bedroht - Mediapartizan.at\",\"isPartOf\":{\"@id\":\"https:\/\/www.mediapartizan.at\/#website\"},\"datePublished\":\"2023-08-09T12:31:02+00:00\",\"dateModified\":\"2023-08-09T12:38:03+00:00\",\"author\":{\"@id\":\"https:\/\/www.mediapartizan.at\/#\/schema\/person\/f6bd7eb8222f2fe985c78d08f17ed7a9\"},\"breadcrumb\":{\"@id\":\"https:\/\/www.mediapartizan.at\/?p=6802#breadcrumb\"},\"inLanguage\":\"de\",\"potentialAction\":[{\"@type\":\"ReadAction\",\"target\":[\"https:\/\/www.mediapartizan.at\/?p=6802\"]}]},{\"@type\":\"BreadcrumbList\",\"@id\":\"https:\/\/www.mediapartizan.at\/?p=6802#breadcrumb\",\"itemListElement\":[{\"@type\":\"ListItem\",\"position\":1,\"name\":\"Startseite\",\"item\":\"https:\/\/www.mediapartizan.at\/\"},{\"@type\":\"ListItem\",\"position\":2,\"name\":\"Brodeln am Benediktinermarkt: Standler mit Tausenden Euro Strafe bedroht\"}]},{\"@type\":\"WebSite\",\"@id\":\"https:\/\/www.mediapartizan.at\/#website\",\"url\":\"https:\/\/www.mediapartizan.at\/\",\"name\":\"Mediapartizan.at\",\"description\":\"\",\"potentialAction\":[{\"@type\":\"SearchAction\",\"target\":{\"@type\":\"EntryPoint\",\"urlTemplate\":\"https:\/\/www.mediapartizan.at\/?s={search_term_string}\"},\"query-input\":\"required name=search_term_string\"}],\"inLanguage\":\"de\"},{\"@type\":\"Person\",\"@id\":\"https:\/\/www.mediapartizan.at\/#\/schema\/person\/f6bd7eb8222f2fe985c78d08f17ed7a9\",\"name\":\"Franz Miklautz\",\"image\":{\"@type\":\"ImageObject\",\"inLanguage\":\"de\",\"@id\":\"https:\/\/www.mediapartizan.at\/#\/schema\/person\/image\/\",\"url\":\"https:\/\/secure.gravatar.com\/avatar\/5618667e9a7ab3fa3e1a0c75987c8d0c111ad041167e738d67ac0846e54e195e?s=96&d=mm&r=g\",\"contentUrl\":\"https:\/\/secure.gravatar.com\/avatar\/5618667e9a7ab3fa3e1a0c75987c8d0c111ad041167e738d67ac0846e54e195e?s=96&d=mm&r=g\",\"caption\":\"Franz Miklautz\"},\"url\":\"https:\/\/www.mediapartizan.at\/?author=2\"}]}<\/script>\n<!-- \/ Yoast SEO plugin. -->","yoast_head_json":{"title":"Brodeln am Benediktinermarkt: Standler mit Tausenden Euro Strafe bedroht - Mediapartizan.at","robots":{"index":"index","follow":"follow","max-snippet":"max-snippet:-1","max-image-preview":"max-image-preview:large","max-video-preview":"max-video-preview:-1"},"canonical":"https:\/\/www.mediapartizan.at\/?p=6802","og_locale":"de_DE","og_type":"article","og_title":"Brodeln am Benediktinermarkt: Standler mit Tausenden Euro Strafe bedroht - Mediapartizan.at","og_description":"Stadt straft ab: Etliche Standler sollen Marktordnung missachtet haben. So seien \u00d6ffnungszeiten nicht eingehalten bzw. \u00fcberschritten worden. Standbetreiber sehen sich von der Stadt schikaniert und gehen auf die Barrikaden. Im schlimmsten Fall droht Entzug des Marktstandes. [...]","og_url":"https:\/\/www.mediapartizan.at\/?p=6802","og_site_name":"Mediapartizan.at","article_published_time":"2023-08-09T12:31:02+00:00","article_modified_time":"2023-08-09T12:38:03+00:00","og_image":[{"width":2048,"height":1365,"url":"https:\/\/www.mediapartizan.at\/wp-content\/uploads\/2023\/08\/kulinarik_benediktinermarkt_c-marktamt_klagenfurt_7.jpg","type":"image\/jpeg"}],"author":"Franz Miklautz","twitter_card":"summary_large_image","twitter_misc":{"Verfasst von":"Franz Miklautz","Gesch\u00e4tzte Lesezeit":"3\u00a0Minuten"},"schema":{"@context":"https:\/\/schema.org","@graph":[{"@type":"WebPage","@id":"https:\/\/www.mediapartizan.at\/?p=6802","url":"https:\/\/www.mediapartizan.at\/?p=6802","name":"Brodeln am Benediktinermarkt: Standler mit Tausenden Euro Strafe bedroht - Mediapartizan.at","isPartOf":{"@id":"https:\/\/www.mediapartizan.at\/#website"},"datePublished":"2023-08-09T12:31:02+00:00","dateModified":"2023-08-09T12:38:03+00:00","author":{"@id":"https:\/\/www.mediapartizan.at\/#\/schema\/person\/f6bd7eb8222f2fe985c78d08f17ed7a9"},"breadcrumb":{"@id":"https:\/\/www.mediapartizan.at\/?p=6802#breadcrumb"},"inLanguage":"de","potentialAction":[{"@type":"ReadAction","target":["https:\/\/www.mediapartizan.at\/?p=6802"]}]},{"@type":"BreadcrumbList","@id":"https:\/\/www.mediapartizan.at\/?p=6802#breadcrumb","itemListElement":[{"@type":"ListItem","position":1,"name":"Startseite","item":"https:\/\/www.mediapartizan.at\/"},{"@type":"ListItem","position":2,"name":"Brodeln am Benediktinermarkt: Standler mit Tausenden Euro Strafe bedroht"}]},{"@type":"WebSite","@id":"https:\/\/www.mediapartizan.at\/#website","url":"https:\/\/www.mediapartizan.at\/","name":"Mediapartizan.at","description":"","potentialAction":[{"@type":"SearchAction","target":{"@type":"EntryPoint","urlTemplate":"https:\/\/www.mediapartizan.at\/?s={search_term_string}"},"query-input":"required name=search_term_string"}],"inLanguage":"de"},{"@type":"Person","@id":"https:\/\/www.mediapartizan.at\/#\/schema\/person\/f6bd7eb8222f2fe985c78d08f17ed7a9","name":"Franz Miklautz","image":{"@type":"ImageObject","inLanguage":"de","@id":"https:\/\/www.mediapartizan.at\/#\/schema\/person\/image\/","url":"https:\/\/secure.gravatar.com\/avatar\/5618667e9a7ab3fa3e1a0c75987c8d0c111ad041167e738d67ac0846e54e195e?s=96&d=mm&r=g","contentUrl":"https:\/\/secure.gravatar.com\/avatar\/5618667e9a7ab3fa3e1a0c75987c8d0c111ad041167e738d67ac0846e54e195e?s=96&d=mm&r=g","caption":"Franz Miklautz"},"url":"https:\/\/www.mediapartizan.at\/?author=2"}]}},"jetpack_featured_media_url":"https:\/\/i0.wp.com\/www.mediapartizan.at\/wp-content\/uploads\/2023\/08\/kulinarik_benediktinermarkt_c-marktamt_klagenfurt_7.jpg?fit=2048%2C1365&ssl=1","jetpack_sharing_enabled":true,"_links":{"self":[{"href":"https:\/\/www.mediapartizan.at\/index.php?rest_route=\/wp\/v2\/posts\/6802","targetHints":{"allow":["GET"]}}],"collection":[{"href":"https:\/\/www.mediapartizan.at\/index.php?rest_route=\/wp\/v2\/posts"}],"about":[{"href":"https:\/\/www.mediapartizan.at\/index.php?rest_route=\/wp\/v2\/types\/post"}],"author":[{"embeddable":true,"href":"https:\/\/www.mediapartizan.at\/index.php?rest_route=\/wp\/v2\/users\/2"}],"replies":[{"embeddable":true,"href":"https:\/\/www.mediapartizan.at\/index.php?rest_route=%2Fwp%2Fv2%2Fcomments&post=6802"}],"version-history":[{"count":4,"href":"https:\/\/www.mediapartizan.at\/index.php?rest_route=\/wp\/v2\/posts\/6802\/revisions"}],"predecessor-version":[{"id":6807,"href":"https:\/\/www.mediapartizan.at\/index.php?rest_route=\/wp\/v2\/posts\/6802\/revisions\/6807"}],"wp:featuredmedia":[{"embeddable":true,"href":"https:\/\/www.mediapartizan.at\/index.php?rest_route=\/wp\/v2\/media\/6803"}],"wp:attachment":[{"href":"https:\/\/www.mediapartizan.at\/index.php?rest_route=%2Fwp%2Fv2%2Fmedia&parent=6802"}],"wp:term":[{"taxonomy":"category","embeddable":true,"href":"https:\/\/www.mediapartizan.at\/index.php?rest_route=%2Fwp%2Fv2%2Fcategories&post=6802"},{"taxonomy":"post_tag","embeddable":true,"href":"https:\/\/www.mediapartizan.at\/index.php?rest_route=%2Fwp%2Fv2%2Ftags&post=6802"}],"curies":[{"name":"wp","href":"https:\/\/api.w.org\/{rel}","templated":true}]}}