{"id":6823,"date":"2023-08-23T12:41:42","date_gmt":"2023-08-23T10:41:42","guid":{"rendered":"https:\/\/www.mediapartizan.at\/?p=6823"},"modified":"2023-08-23T13:25:25","modified_gmt":"2023-08-23T11:25:25","slug":"benediktinermarkt-chefposten-wird-schon-wieder-neu-ausgeschrieben-martina-derhaschnig-als-kandidatin-gehandelt","status":"publish","type":"post","link":"https:\/\/www.mediapartizan.at\/?p=6823","title":{"rendered":"Benediktinermarkt: Chefposten wird schon wieder neu ausgeschrieben. Martina Derhaschnig als Kandidatin gehandelt"},"content":{"rendered":"<p><\/p>\n<p>Das Karussell der Chefposten f\u00fcr den Benediktinermarkt dreht sich schnell: Sowohl Peter Zwanziger als auch Christoph Fleck hatten den Job inne und verlie\u00dfen ihn nach einiger Zeit wieder. Fleck auf karrieretechnischen Ruf aus Wien. Er wechselte ins Au\u00dfenministerium und hat eine Diplomatenlaufbahn eingeschlagen. Auch der von der Klagenfurter Messe gekommene Christian Wallner hatte als Marktchef nur ein kurzes Dasein: drei Wochen.l<\/p>\n<p><\/p>\n<p><\/p>\n<p><strong>Adamitsch soll in Lebensmittelaufsicht wechseln<\/strong><\/p>\n<p><\/p>\n<p><\/p>\n<p>Nun soll der n\u00e4chste Marktleiter das Handtuch schmei\u00dfen &#8211; oder schmei\u00dfen m\u00fcssen: Alexander Adamitsch, derzeit mit einer rund 25-Stunden-Besch\u00e4ftigung der st\u00e4dtische Marktkoordinator am Benediktinerplatz, wird k\u00fcnftig dem Vernehmen nach in der Lebensmittelaufsicht des Magistrats t\u00e4tig sein. Angeblich will B\u00fcrgermeister Christian Scheider (Team K\u00e4rnten) es so, weil ihm die 25 Stunden Adamitschs als Ansprechperson f\u00fcr die Marktstandler zu wenig sind. <\/p>\n<p><\/p>\n<p><\/p>\n<p>Deshalb wird die Stelle, das ist seit gestern klar, neu ausgeschrieben. Aber blo\u00df intern, wie eine Mediapartizan.at zugespielte Stellenausschreibung zeigt. <\/p>\n<p><\/p>\n<p><\/p>\n<p><strong>Derhaschnig aussichtsreiche Kandidatin?<\/strong><\/p>\n<p><\/p>\n<p><\/p>\n<p>Im Rathaus f\u00e4llt f\u00fcr den Job immer wieder ein Name: Martina Derhaschnig. Sie ist ehemalige Assistentin der roten Stadtr\u00e4tin Corinna Smrecnik und wechselte dann ins Klagenfurter Stadtmarketing von Inga Horny. Als Grund f\u00fcr den Wechsel wird kolportiert, Derhaschnig h\u00e4tte nicht in Smrecniks Vorzimmer bleiben k\u00f6nnen, da sie eine private N\u00e4he zum Team K\u00e4rnten habe.<\/p>\n<p><\/p>\n<p><\/p>\n<figure class=\"wp-block-image aligncenter size-large is-resized\"><img data-recalc-dims=\"1\" loading=\"lazy\" decoding=\"async\" src=\"https:\/\/i0.wp.com\/www.mediapartizan.at\/wp-content\/uploads\/2023\/08\/Bildschirmfoto-2023-08-22-um-18.12.06.png?resize=514%2C731&#038;ssl=1\" alt=\"\" class=\"wp-image-6824\" width=\"514\" height=\"731\" srcset=\"https:\/\/i0.wp.com\/www.mediapartizan.at\/wp-content\/uploads\/2023\/08\/Bildschirmfoto-2023-08-22-um-18.12.06.png?resize=720%2C1024&amp;ssl=1 720w, https:\/\/i0.wp.com\/www.mediapartizan.at\/wp-content\/uploads\/2023\/08\/Bildschirmfoto-2023-08-22-um-18.12.06.png?resize=211%2C300&amp;ssl=1 211w, https:\/\/i0.wp.com\/www.mediapartizan.at\/wp-content\/uploads\/2023\/08\/Bildschirmfoto-2023-08-22-um-18.12.06.png?resize=768%2C1093&amp;ssl=1 768w, https:\/\/i0.wp.com\/www.mediapartizan.at\/wp-content\/uploads\/2023\/08\/Bildschirmfoto-2023-08-22-um-18.12.06.png?w=898&amp;ssl=1 898w\" sizes=\"auto, (max-width: 514px) 100vw, 514px\" \/><figcaption class=\"wp-element-caption\">Die interne Ausschreibung des Marktleiterjobs<\/figcaption><\/figure>\n<p><\/p>\n<p><\/p>\n<p>Die Standler selbst wissen noch nichts von der neuen Ausschreibung, wie eine Anfrage von Mediapartizan ergab. Die Bewerbungsfrist l\u00e4uft bis 15. September. Derhaschnig k\u00f6nnte auf das Profil passen. Zudem befasst sie sich im Stadtmarketing schon l\u00e4nger mit den After-Work-Markt-Parties, die unter den Standlern keineswegs nur Bef\u00fcrworter haben.<\/p>\n<p><\/p>\n<p><\/p>\n<p>Derhaschnig wollte auf Anfrage keinen Kommentar abgeben.<\/p>\n<p><\/p>\n","protected":false},"excerpt":{"rendered":"<div class=\"mh-excerpt\"><p>Ein weiteres Mal wird der Job des Marktkoordinators am Benediktinermarkt in Klagenfurt ausgeschrieben. Aber nur Rathaus-intern. Ex-Smrecnik-Vertraute mit komfortablen Kontakten zum Team K\u00e4rnten soll gute Karten haben. <a class=\"mh-excerpt-more\" href=\"https:\/\/www.mediapartizan.at\/?p=6823\" title=\"Benediktinermarkt: Chefposten wird schon wieder neu ausgeschrieben. Martina Derhaschnig als Kandidatin gehandelt\">[&#8230;]<\/a><\/p>\n<\/div>","protected":false},"author":2,"featured_media":6825,"comment_status":"open","ping_status":"open","sticky":false,"template":"","format":"standard","meta":{"inline_featured_image":false,"_jetpack_memberships_contains_paid_content":false,"footnotes":""},"categories":[143],"tags":[441,438,86,440,442],"class_list":{"0":"post-6823","1":"post","2":"type-post","3":"status-publish","4":"format-standard","5":"has-post-thumbnail","7":"category-stadt-klagenfurt","8":"tag-after-work-markt","9":"tag-benediktinermarkt","10":"tag-christian-scheider","11":"tag-jonke","12":"tag-smrecnik"},"yoast_head":"<!-- This site is optimized with the Yoast SEO plugin v20.10 - https:\/\/yoast.com\/wordpress\/plugins\/seo\/ -->\n<title>Benediktinermarkt: Chefposten wird schon wieder neu ausgeschrieben. Martina Derhaschnig als Kandidatin gehandelt - Mediapartizan.at<\/title>\n<meta name=\"robots\" content=\"index, follow, max-snippet:-1, max-image-preview:large, max-video-preview:-1\" \/>\n<link rel=\"canonical\" href=\"https:\/\/www.mediapartizan.at\/?p=6823\" \/>\n<meta property=\"og:locale\" content=\"de_DE\" \/>\n<meta property=\"og:type\" content=\"article\" \/>\n<meta property=\"og:title\" content=\"Benediktinermarkt: Chefposten wird schon wieder neu ausgeschrieben. Martina Derhaschnig als Kandidatin gehandelt - Mediapartizan.at\" \/>\n<meta property=\"og:description\" content=\"Ein weiteres Mal wird der Job des Marktkoordinators am Benediktinermarkt in Klagenfurt ausgeschrieben. Aber nur Rathaus-intern. Ex-Smrecnik-Vertraute mit komfortablen Kontakten zum Team K\u00e4rnten soll gute Karten haben. [...]\" \/>\n<meta property=\"og:url\" content=\"https:\/\/www.mediapartizan.at\/?p=6823\" \/>\n<meta property=\"og:site_name\" content=\"Mediapartizan.at\" \/>\n<meta property=\"article:published_time\" content=\"2023-08-23T10:41:42+00:00\" \/>\n<meta property=\"article:modified_time\" content=\"2023-08-23T11:25:25+00:00\" \/>\n<meta property=\"og:image\" content=\"https:\/\/www.mediapartizan.at\/wp-content\/uploads\/2023\/08\/Bildschirmfoto-2023-08-23-um-12.34.33-1024x650.png\" \/>\n\t<meta property=\"og:image:width\" content=\"1024\" \/>\n\t<meta property=\"og:image:height\" content=\"650\" \/>\n\t<meta property=\"og:image:type\" content=\"image\/png\" \/>\n<meta name=\"author\" content=\"Franz Miklautz\" \/>\n<meta name=\"twitter:card\" content=\"summary_large_image\" \/>\n<meta name=\"twitter:label1\" content=\"Verfasst von\" \/>\n\t<meta name=\"twitter:data1\" content=\"Franz Miklautz\" \/>\n\t<meta name=\"twitter:label2\" content=\"Gesch\u00e4tzte Lesezeit\" \/>\n\t<meta name=\"twitter:data2\" content=\"2\u00a0Minuten\" \/>\n<script type=\"application\/ld+json\" class=\"yoast-schema-graph\">{\"@context\":\"https:\/\/schema.org\",\"@graph\":[{\"@type\":\"WebPage\",\"@id\":\"https:\/\/www.mediapartizan.at\/?p=6823\",\"url\":\"https:\/\/www.mediapartizan.at\/?p=6823\",\"name\":\"Benediktinermarkt: Chefposten wird schon wieder neu ausgeschrieben. Martina Derhaschnig als Kandidatin gehandelt - Mediapartizan.at\",\"isPartOf\":{\"@id\":\"https:\/\/www.mediapartizan.at\/#website\"},\"datePublished\":\"2023-08-23T10:41:42+00:00\",\"dateModified\":\"2023-08-23T11:25:25+00:00\",\"author\":{\"@id\":\"https:\/\/www.mediapartizan.at\/#\/schema\/person\/f6bd7eb8222f2fe985c78d08f17ed7a9\"},\"breadcrumb\":{\"@id\":\"https:\/\/www.mediapartizan.at\/?p=6823#breadcrumb\"},\"inLanguage\":\"de\",\"potentialAction\":[{\"@type\":\"ReadAction\",\"target\":[\"https:\/\/www.mediapartizan.at\/?p=6823\"]}]},{\"@type\":\"BreadcrumbList\",\"@id\":\"https:\/\/www.mediapartizan.at\/?p=6823#breadcrumb\",\"itemListElement\":[{\"@type\":\"ListItem\",\"position\":1,\"name\":\"Startseite\",\"item\":\"https:\/\/www.mediapartizan.at\/\"},{\"@type\":\"ListItem\",\"position\":2,\"name\":\"Benediktinermarkt: Chefposten wird schon wieder neu ausgeschrieben. Martina Derhaschnig als Kandidatin gehandelt\"}]},{\"@type\":\"WebSite\",\"@id\":\"https:\/\/www.mediapartizan.at\/#website\",\"url\":\"https:\/\/www.mediapartizan.at\/\",\"name\":\"Mediapartizan.at\",\"description\":\"\",\"potentialAction\":[{\"@type\":\"SearchAction\",\"target\":{\"@type\":\"EntryPoint\",\"urlTemplate\":\"https:\/\/www.mediapartizan.at\/?s={search_term_string}\"},\"query-input\":\"required name=search_term_string\"}],\"inLanguage\":\"de\"},{\"@type\":\"Person\",\"@id\":\"https:\/\/www.mediapartizan.at\/#\/schema\/person\/f6bd7eb8222f2fe985c78d08f17ed7a9\",\"name\":\"Franz Miklautz\",\"image\":{\"@type\":\"ImageObject\",\"inLanguage\":\"de\",\"@id\":\"https:\/\/www.mediapartizan.at\/#\/schema\/person\/image\/\",\"url\":\"https:\/\/secure.gravatar.com\/avatar\/5618667e9a7ab3fa3e1a0c75987c8d0c111ad041167e738d67ac0846e54e195e?s=96&d=mm&r=g\",\"contentUrl\":\"https:\/\/secure.gravatar.com\/avatar\/5618667e9a7ab3fa3e1a0c75987c8d0c111ad041167e738d67ac0846e54e195e?s=96&d=mm&r=g\",\"caption\":\"Franz Miklautz\"},\"url\":\"https:\/\/www.mediapartizan.at\/?author=2\"}]}<\/script>\n<!-- \/ Yoast SEO plugin. -->","yoast_head_json":{"title":"Benediktinermarkt: Chefposten wird schon wieder neu ausgeschrieben. Martina Derhaschnig als Kandidatin gehandelt - Mediapartizan.at","robots":{"index":"index","follow":"follow","max-snippet":"max-snippet:-1","max-image-preview":"max-image-preview:large","max-video-preview":"max-video-preview:-1"},"canonical":"https:\/\/www.mediapartizan.at\/?p=6823","og_locale":"de_DE","og_type":"article","og_title":"Benediktinermarkt: Chefposten wird schon wieder neu ausgeschrieben. Martina Derhaschnig als Kandidatin gehandelt - Mediapartizan.at","og_description":"Ein weiteres Mal wird der Job des Marktkoordinators am Benediktinermarkt in Klagenfurt ausgeschrieben. Aber nur Rathaus-intern. Ex-Smrecnik-Vertraute mit komfortablen Kontakten zum Team K\u00e4rnten soll gute Karten haben. [...]","og_url":"https:\/\/www.mediapartizan.at\/?p=6823","og_site_name":"Mediapartizan.at","article_published_time":"2023-08-23T10:41:42+00:00","article_modified_time":"2023-08-23T11:25:25+00:00","og_image":[{"width":1024,"height":650,"url":"https:\/\/www.mediapartizan.at\/wp-content\/uploads\/2023\/08\/Bildschirmfoto-2023-08-23-um-12.34.33-1024x650.png","type":"image\/png"}],"author":"Franz Miklautz","twitter_card":"summary_large_image","twitter_misc":{"Verfasst von":"Franz Miklautz","Gesch\u00e4tzte Lesezeit":"2\u00a0Minuten"},"schema":{"@context":"https:\/\/schema.org","@graph":[{"@type":"WebPage","@id":"https:\/\/www.mediapartizan.at\/?p=6823","url":"https:\/\/www.mediapartizan.at\/?p=6823","name":"Benediktinermarkt: Chefposten wird schon wieder neu ausgeschrieben. Martina Derhaschnig als Kandidatin gehandelt - Mediapartizan.at","isPartOf":{"@id":"https:\/\/www.mediapartizan.at\/#website"},"datePublished":"2023-08-23T10:41:42+00:00","dateModified":"2023-08-23T11:25:25+00:00","author":{"@id":"https:\/\/www.mediapartizan.at\/#\/schema\/person\/f6bd7eb8222f2fe985c78d08f17ed7a9"},"breadcrumb":{"@id":"https:\/\/www.mediapartizan.at\/?p=6823#breadcrumb"},"inLanguage":"de","potentialAction":[{"@type":"ReadAction","target":["https:\/\/www.mediapartizan.at\/?p=6823"]}]},{"@type":"BreadcrumbList","@id":"https:\/\/www.mediapartizan.at\/?p=6823#breadcrumb","itemListElement":[{"@type":"ListItem","position":1,"name":"Startseite","item":"https:\/\/www.mediapartizan.at\/"},{"@type":"ListItem","position":2,"name":"Benediktinermarkt: Chefposten wird schon wieder neu ausgeschrieben. Martina Derhaschnig als Kandidatin gehandelt"}]},{"@type":"WebSite","@id":"https:\/\/www.mediapartizan.at\/#website","url":"https:\/\/www.mediapartizan.at\/","name":"Mediapartizan.at","description":"","potentialAction":[{"@type":"SearchAction","target":{"@type":"EntryPoint","urlTemplate":"https:\/\/www.mediapartizan.at\/?s={search_term_string}"},"query-input":"required name=search_term_string"}],"inLanguage":"de"},{"@type":"Person","@id":"https:\/\/www.mediapartizan.at\/#\/schema\/person\/f6bd7eb8222f2fe985c78d08f17ed7a9","name":"Franz Miklautz","image":{"@type":"ImageObject","inLanguage":"de","@id":"https:\/\/www.mediapartizan.at\/#\/schema\/person\/image\/","url":"https:\/\/secure.gravatar.com\/avatar\/5618667e9a7ab3fa3e1a0c75987c8d0c111ad041167e738d67ac0846e54e195e?s=96&d=mm&r=g","contentUrl":"https:\/\/secure.gravatar.com\/avatar\/5618667e9a7ab3fa3e1a0c75987c8d0c111ad041167e738d67ac0846e54e195e?s=96&d=mm&r=g","caption":"Franz Miklautz"},"url":"https:\/\/www.mediapartizan.at\/?author=2"}]}},"jetpack_featured_media_url":"https:\/\/i0.wp.com\/www.mediapartizan.at\/wp-content\/uploads\/2023\/08\/Bildschirmfoto-2023-08-23-um-12.34.33.png?fit=2248%2C1426&ssl=1","jetpack_sharing_enabled":true,"_links":{"self":[{"href":"https:\/\/www.mediapartizan.at\/index.php?rest_route=\/wp\/v2\/posts\/6823","targetHints":{"allow":["GET"]}}],"collection":[{"href":"https:\/\/www.mediapartizan.at\/index.php?rest_route=\/wp\/v2\/posts"}],"about":[{"href":"https:\/\/www.mediapartizan.at\/index.php?rest_route=\/wp\/v2\/types\/post"}],"author":[{"embeddable":true,"href":"https:\/\/www.mediapartizan.at\/index.php?rest_route=\/wp\/v2\/users\/2"}],"replies":[{"embeddable":true,"href":"https:\/\/www.mediapartizan.at\/index.php?rest_route=%2Fwp%2Fv2%2Fcomments&post=6823"}],"version-history":[{"count":6,"href":"https:\/\/www.mediapartizan.at\/index.php?rest_route=\/wp\/v2\/posts\/6823\/revisions"}],"predecessor-version":[{"id":6834,"href":"https:\/\/www.mediapartizan.at\/index.php?rest_route=\/wp\/v2\/posts\/6823\/revisions\/6834"}],"wp:featuredmedia":[{"embeddable":true,"href":"https:\/\/www.mediapartizan.at\/index.php?rest_route=\/wp\/v2\/media\/6825"}],"wp:attachment":[{"href":"https:\/\/www.mediapartizan.at\/index.php?rest_route=%2Fwp%2Fv2%2Fmedia&parent=6823"}],"wp:term":[{"taxonomy":"category","embeddable":true,"href":"https:\/\/www.mediapartizan.at\/index.php?rest_route=%2Fwp%2Fv2%2Fcategories&post=6823"},{"taxonomy":"post_tag","embeddable":true,"href":"https:\/\/www.mediapartizan.at\/index.php?rest_route=%2Fwp%2Fv2%2Ftags&post=6823"}],"curies":[{"name":"wp","href":"https:\/\/api.w.org\/{rel}","templated":true}]}}