{"id":7080,"date":"2023-10-11T12:17:13","date_gmt":"2023-10-11T10:17:13","guid":{"rendered":"https:\/\/www.mediapartizan.at\/?p=7080"},"modified":"2023-10-11T12:17:18","modified_gmt":"2023-10-11T10:17:18","slug":"ueberstunden-causa-orf-journalist-verlangt-auskunft-ueber-jost-und-strutz-gehalt-von-stadt-klagenfurt","status":"publish","type":"post","link":"https:\/\/www.mediapartizan.at\/?p=7080","title":{"rendered":"\u00dcberstunden-Causa: ORF-Journalist verlangt Auskunft \u00fcber Jost- und Strutz-Gehalt von Stadt Klagenfurt"},"content":{"rendered":"<p><\/p>\n<p>Die Zahlen sind markant: Der Klagenfurter Magistratsdirektor Peter Jost verrechnete seinem Arbeitgeber, der Stadt Klagenfurt, im vergangenen Jahr 800 geleistete \u00dcberstunden. Sein Gesamtbruttogehalt 2022: Mehr als 270.000 Euro &#8211; damit liegt Jost deutlich \u00fcber dem Sal\u00e4r des K\u00e4rntner Landeshauptmanns Peter Kaiser. Auch im B\u00f6rsel von Projektkoordinator Martin Strutz klingelten von J\u00e4nner bis November 2022 rund 370 \u00dcberstunden. Und auch der B\u00fcroleiter von B\u00fcrgermeister Christian Scheider (Team K\u00e4rnten), Patrick Jonke, d\u00fcrfte recht emsig gewesen sein: <a href=\"https:\/\/www.mediapartizan.at\/?p=5458\" target=\"_blank\" rel=\"noreferrer noopener\">Er kostete den Steuerzahler von Dezember 2021 bis Mitte M\u00e4rz 2022 in nur vier Monaten rund 84.000 Euro an Geh\u00e4ltern, \u00dcberstunden, Urlaubs- und Abschlusszahlungen.<\/a> Jonke war zu Anfang seiner T\u00e4tigkeit im Rathaus als Leasingkraft besch\u00e4ftigt und wechselte mit 14. M\u00e4rz 2022 fix in den Stadtdienst. <\/p>\n<p><\/p>\n<p><\/p>\n<p><strong>Stadt mauert<\/strong><\/p>\n<p><\/p>\n<p><\/p>\n<p>Die \u00dcberstunden von Jost und Strutz veranlassten einen bekannten ORF-Journalisten diesen Sommer, ein Auskunftsbegehren \u00fcber die Gesamtgagen der beiden Magistratsangestellten an die Stadt zu stellen. Wie aus einem Bescheid des Rathauses hervorgeht, wollte der Redakteur folgende Auskunft: \u201eBruttogeh\u00e4lter inklusive aller \u00dcberstunden und sonstigen Zulagen von Projektkoordinator Martin Strutz f\u00fcr das Jahr 2022 und die gleiche Information \u00fcber den derzeitigen Magistratsdirektor f\u00fcr die Jahre 2022, 2021, 2020.&#8220; Vorweg: Die Stadt mauerte und beschied das Begehren negativ. <\/p>\n<p><\/p>\n<p><\/p>\n<figure class=\"wp-block-image aligncenter size-large is-resized\"><img data-recalc-dims=\"1\" loading=\"lazy\" decoding=\"async\" src=\"https:\/\/i0.wp.com\/www.mediapartizan.at\/wp-content\/uploads\/2023\/10\/Bildschirmfoto-2023-10-11-um-09.40.01-1.png?resize=481%2C154&#038;ssl=1\" alt=\"\" class=\"wp-image-7082\" width=\"481\" height=\"154\" srcset=\"https:\/\/i0.wp.com\/www.mediapartizan.at\/wp-content\/uploads\/2023\/10\/Bildschirmfoto-2023-10-11-um-09.40.01-1.png?resize=1024%2C329&amp;ssl=1 1024w, https:\/\/i0.wp.com\/www.mediapartizan.at\/wp-content\/uploads\/2023\/10\/Bildschirmfoto-2023-10-11-um-09.40.01-1.png?resize=300%2C96&amp;ssl=1 300w, https:\/\/i0.wp.com\/www.mediapartizan.at\/wp-content\/uploads\/2023\/10\/Bildschirmfoto-2023-10-11-um-09.40.01-1.png?resize=768%2C246&amp;ssl=1 768w, https:\/\/i0.wp.com\/www.mediapartizan.at\/wp-content\/uploads\/2023\/10\/Bildschirmfoto-2023-10-11-um-09.40.01-1.png?w=1172&amp;ssl=1 1172w\" sizes=\"auto, (max-width: 481px) 100vw, 481px\" \/><figcaption class=\"wp-element-caption\">Das Auskunftsbegehren des bekannten ORF-Journalisten wurde zur\u00fcckgewiesen<\/figcaption><\/figure>\n<p><\/p>\n<p><\/p>\n<p><strong>Journalist lie\u00df nicht locker<\/strong><\/p>\n<p><\/p>\n<p><\/p>\n<p>Als rechtliche Grundlage f\u00fchrte der Journalist das K\u00e4rntner Informations- und Statistikgesetz an. Der Bescheid liegt Mediapartizan.at vor. Ihm war Korrespondenz vorausgegangen, in dem die Stadt dem Journalisten zun\u00e4chst erkl\u00e4rte, die gew\u00fcnschte Auskunft aus Datenschutzgr\u00fcnden nicht herauszugeben. Doch der Redakteur lie\u00df nicht locker und forderte, ihm die Absage per Bescheid zuzustellen. Doch auch darin war der Datenschutz als Absagegrund angegeben. Gegen den Bescheid will der Journalist nun berufen. Was im \u00dcbrigen das demokratische Recht jedes B\u00fcrgers ist. Das Ganze koste 14 Euro, das k\u00f6nne sich jeder leisten, so der Journalist.<\/p>\n<p><\/p>\n<p><\/p>\n<p><strong>\u00dcberstunden: Anordnung von Jost<\/strong><\/p>\n<p><\/p>\n<p><\/p>\n<p>Die \u00dcberstundenregelung im Rathaus (siehe Faksimile) legt nahe, dass die Mehrstunden von Strutz und Jonke von der Magistratsdirektion freigegeben worden sein m\u00fcssten. <\/p>\n<p><\/p>\n<p><\/p>\n<figure class=\"wp-block-image aligncenter size-large is-resized\"><img data-recalc-dims=\"1\" loading=\"lazy\" decoding=\"async\" src=\"https:\/\/i0.wp.com\/www.mediapartizan.at\/wp-content\/uploads\/2023\/10\/Bildschirmfoto-2023-10-11-um-10.09.01.png?resize=574%2C489&#038;ssl=1\" alt=\"\" class=\"wp-image-7083\" width=\"574\" height=\"489\" srcset=\"https:\/\/i0.wp.com\/www.mediapartizan.at\/wp-content\/uploads\/2023\/10\/Bildschirmfoto-2023-10-11-um-10.09.01.png?resize=1024%2C872&amp;ssl=1 1024w, https:\/\/i0.wp.com\/www.mediapartizan.at\/wp-content\/uploads\/2023\/10\/Bildschirmfoto-2023-10-11-um-10.09.01.png?resize=300%2C256&amp;ssl=1 300w, https:\/\/i0.wp.com\/www.mediapartizan.at\/wp-content\/uploads\/2023\/10\/Bildschirmfoto-2023-10-11-um-10.09.01.png?resize=768%2C654&amp;ssl=1 768w, https:\/\/i0.wp.com\/www.mediapartizan.at\/wp-content\/uploads\/2023\/10\/Bildschirmfoto-2023-10-11-um-10.09.01.png?w=1122&amp;ssl=1 1122w\" sizes=\"auto, (max-width: 574px) 100vw, 574px\" \/><\/figure>\n<p><\/p>\n<p><\/p>\n<p>Dem Schrieb, der die Unterschrift Josts ziert, ist zu entnehmen, dass \u00dcberstunden zuerst &#8222;in Form von Zeitausgleich abzugelten&#8220; seien. Josts eigene \u00dcberstunden m\u00fcssen vom rangh\u00f6chsten Politiker freigegeben werden, also dem B\u00fcrgermeister selbst. Das hat Scheider noch in seiner ersten Amtszeit geregelt. Aus dem Jahr 2014 stammt folgendes vertrauliche Schriftst\u00fcck:<\/p>\n<p><\/p>\n<p><\/p>\n<figure class=\"wp-block-image aligncenter size-large is-resized\"><img data-recalc-dims=\"1\" loading=\"lazy\" decoding=\"async\" src=\"https:\/\/i0.wp.com\/www.mediapartizan.at\/wp-content\/uploads\/2023\/10\/Bildschirmfoto-2023-10-11-um-11.39.48.png?resize=540%2C162&#038;ssl=1\" alt=\"\" class=\"wp-image-7084\" width=\"540\" height=\"162\" srcset=\"https:\/\/i0.wp.com\/www.mediapartizan.at\/wp-content\/uploads\/2023\/10\/Bildschirmfoto-2023-10-11-um-11.39.48.png?resize=1024%2C307&amp;ssl=1 1024w, https:\/\/i0.wp.com\/www.mediapartizan.at\/wp-content\/uploads\/2023\/10\/Bildschirmfoto-2023-10-11-um-11.39.48.png?resize=300%2C90&amp;ssl=1 300w, https:\/\/i0.wp.com\/www.mediapartizan.at\/wp-content\/uploads\/2023\/10\/Bildschirmfoto-2023-10-11-um-11.39.48.png?resize=768%2C231&amp;ssl=1 768w, https:\/\/i0.wp.com\/www.mediapartizan.at\/wp-content\/uploads\/2023\/10\/Bildschirmfoto-2023-10-11-um-11.39.48.png?w=1426&amp;ssl=1 1426w\" sizes=\"auto, (max-width: 540px) 100vw, 540px\" \/><\/figure>\n<p><\/p>\n<p><\/p>\n<p>Demnach d\u00fcrfte Jost &#8222;unter Abzug von 8 Stunden&#8220; seine \u00dcberstunden &#8222;im Verh\u00e4ltnis 1:1 (= ohne \u00dcberstundenzuschl\u00e4ge)&#8220; verrechnen. Doch das ist gerade Gegenstand einer gerichtlichen Auseinandersetzung Josts mit der Stadt. In der ersten Sitzung wurden Zuschauer und Medien auf Antrag der Stadt von der Verhandlung ausgeschlossen. In den Fluren des Rathauses ist davon die Rede, dass sich die Stadt mit Jost &#8222;irgendwo in der Mitte&#8220; einigen werde. Was die Frage aufwirft, ob Jost noch eine andere Regelung in H\u00e4nden h\u00e4lt? Warum sonst sollte die Stadt mehr Geld ausgeben als sie m\u00fcsste?<\/p>\n<p><\/p>\n<p><\/p>\n<p><\/p>\n<p><\/p>\n<p><\/p>\n<p><\/p>\n<p><\/p>\n","protected":false},"excerpt":{"rendered":"<div class=\"mh-excerpt\"><p>Bekannter ORF-Redakteur wollte wissen, was Peter Jost und Martin Strutz mitsamt aller \u00dcberstunden verdienen. Stadt versagte ihm die Information mittels Bescheid, gegen den er nun berufen will. Vertrauliches Papier aus 2014 zeigt, dass Scheider dem Magistratsdirektor \u00dcberstunden im Verh\u00e4ltnis 1:1 gew\u00e4hrte.  <a class=\"mh-excerpt-more\" href=\"https:\/\/www.mediapartizan.at\/?p=7080\" title=\"\u00dcberstunden-Causa: ORF-Journalist verlangt Auskunft \u00fcber Jost- und Strutz-Gehalt von Stadt Klagenfurt\">[&#8230;]<\/a><\/p>\n<\/div>","protected":false},"author":2,"featured_media":5462,"comment_status":"open","ping_status":"open","sticky":false,"template":"","format":"standard","meta":{"inline_featured_image":false,"_jetpack_memberships_contains_paid_content":false,"footnotes":""},"categories":[143],"tags":[86,300,156,330,327,289,468,353],"class_list":{"0":"post-7080","1":"post","2":"type-post","3":"status-publish","4":"format-standard","5":"has-post-thumbnail","7":"category-stadt-klagenfurt","8":"tag-christian-scheider","9":"tag-gehalt","10":"tag-klagenfurt","11":"tag-magistratsdirektor","12":"tag-martin-strutz","13":"tag-peter-jost","14":"tag-projektkoordinator","15":"tag-ueberstunden"},"yoast_head":"<!-- This site is optimized with the Yoast SEO plugin v20.10 - https:\/\/yoast.com\/wordpress\/plugins\/seo\/ -->\n<title>\u00dcberstunden-Causa: ORF-Journalist verlangt Auskunft \u00fcber Jost- und Strutz-Gehalt von Stadt Klagenfurt - Mediapartizan.at<\/title>\n<meta name=\"robots\" content=\"index, follow, max-snippet:-1, max-image-preview:large, max-video-preview:-1\" \/>\n<link rel=\"canonical\" href=\"https:\/\/www.mediapartizan.at\/?p=7080\" \/>\n<meta property=\"og:locale\" content=\"de_DE\" \/>\n<meta property=\"og:type\" content=\"article\" \/>\n<meta property=\"og:title\" content=\"\u00dcberstunden-Causa: ORF-Journalist verlangt Auskunft \u00fcber Jost- und Strutz-Gehalt von Stadt Klagenfurt - Mediapartizan.at\" \/>\n<meta property=\"og:description\" content=\"Bekannter ORF-Redakteur wollte wissen, was Peter Jost und Martin Strutz mitsamt aller \u00dcberstunden verdienen. Stadt versagte ihm die Information mittels Bescheid, gegen den er nun berufen will. Vertrauliches Papier aus 2014 zeigt, dass Scheider dem Magistratsdirektor \u00dcberstunden im Verh\u00e4ltnis 1:1 gew\u00e4hrte. [...]\" \/>\n<meta property=\"og:url\" content=\"https:\/\/www.mediapartizan.at\/?p=7080\" \/>\n<meta property=\"og:site_name\" content=\"Mediapartizan.at\" \/>\n<meta property=\"article:published_time\" content=\"2023-10-11T10:17:13+00:00\" \/>\n<meta property=\"article:modified_time\" content=\"2023-10-11T10:17:18+00:00\" \/>\n<meta property=\"og:image\" content=\"https:\/\/www.mediapartizan.at\/wp-content\/uploads\/2023\/02\/Rathaus.jpg\" \/>\n\t<meta property=\"og:image:width\" content=\"1280\" \/>\n\t<meta property=\"og:image:height\" content=\"960\" \/>\n\t<meta property=\"og:image:type\" content=\"image\/jpeg\" \/>\n<meta name=\"author\" content=\"Franz Miklautz\" \/>\n<meta name=\"twitter:card\" content=\"summary_large_image\" \/>\n<meta name=\"twitter:label1\" content=\"Verfasst von\" \/>\n\t<meta name=\"twitter:data1\" content=\"Franz Miklautz\" \/>\n\t<meta name=\"twitter:label2\" content=\"Gesch\u00e4tzte Lesezeit\" \/>\n\t<meta name=\"twitter:data2\" content=\"4\u00a0Minuten\" \/>\n<script type=\"application\/ld+json\" class=\"yoast-schema-graph\">{\"@context\":\"https:\/\/schema.org\",\"@graph\":[{\"@type\":\"WebPage\",\"@id\":\"https:\/\/www.mediapartizan.at\/?p=7080\",\"url\":\"https:\/\/www.mediapartizan.at\/?p=7080\",\"name\":\"\u00dcberstunden-Causa: ORF-Journalist verlangt Auskunft \u00fcber Jost- und Strutz-Gehalt von Stadt Klagenfurt - Mediapartizan.at\",\"isPartOf\":{\"@id\":\"https:\/\/www.mediapartizan.at\/#website\"},\"datePublished\":\"2023-10-11T10:17:13+00:00\",\"dateModified\":\"2023-10-11T10:17:18+00:00\",\"author\":{\"@id\":\"https:\/\/www.mediapartizan.at\/#\/schema\/person\/f6bd7eb8222f2fe985c78d08f17ed7a9\"},\"breadcrumb\":{\"@id\":\"https:\/\/www.mediapartizan.at\/?p=7080#breadcrumb\"},\"inLanguage\":\"de\",\"potentialAction\":[{\"@type\":\"ReadAction\",\"target\":[\"https:\/\/www.mediapartizan.at\/?p=7080\"]}]},{\"@type\":\"BreadcrumbList\",\"@id\":\"https:\/\/www.mediapartizan.at\/?p=7080#breadcrumb\",\"itemListElement\":[{\"@type\":\"ListItem\",\"position\":1,\"name\":\"Startseite\",\"item\":\"https:\/\/www.mediapartizan.at\/\"},{\"@type\":\"ListItem\",\"position\":2,\"name\":\"\u00dcberstunden-Causa: ORF-Journalist verlangt Auskunft \u00fcber Jost- und Strutz-Gehalt von Stadt Klagenfurt\"}]},{\"@type\":\"WebSite\",\"@id\":\"https:\/\/www.mediapartizan.at\/#website\",\"url\":\"https:\/\/www.mediapartizan.at\/\",\"name\":\"Mediapartizan.at\",\"description\":\"\",\"potentialAction\":[{\"@type\":\"SearchAction\",\"target\":{\"@type\":\"EntryPoint\",\"urlTemplate\":\"https:\/\/www.mediapartizan.at\/?s={search_term_string}\"},\"query-input\":\"required name=search_term_string\"}],\"inLanguage\":\"de\"},{\"@type\":\"Person\",\"@id\":\"https:\/\/www.mediapartizan.at\/#\/schema\/person\/f6bd7eb8222f2fe985c78d08f17ed7a9\",\"name\":\"Franz Miklautz\",\"image\":{\"@type\":\"ImageObject\",\"inLanguage\":\"de\",\"@id\":\"https:\/\/www.mediapartizan.at\/#\/schema\/person\/image\/\",\"url\":\"https:\/\/secure.gravatar.com\/avatar\/5618667e9a7ab3fa3e1a0c75987c8d0c111ad041167e738d67ac0846e54e195e?s=96&d=mm&r=g\",\"contentUrl\":\"https:\/\/secure.gravatar.com\/avatar\/5618667e9a7ab3fa3e1a0c75987c8d0c111ad041167e738d67ac0846e54e195e?s=96&d=mm&r=g\",\"caption\":\"Franz Miklautz\"},\"url\":\"https:\/\/www.mediapartizan.at\/?author=2\"}]}<\/script>\n<!-- \/ Yoast SEO plugin. -->","yoast_head_json":{"title":"\u00dcberstunden-Causa: ORF-Journalist verlangt Auskunft \u00fcber Jost- und Strutz-Gehalt von Stadt Klagenfurt - Mediapartizan.at","robots":{"index":"index","follow":"follow","max-snippet":"max-snippet:-1","max-image-preview":"max-image-preview:large","max-video-preview":"max-video-preview:-1"},"canonical":"https:\/\/www.mediapartizan.at\/?p=7080","og_locale":"de_DE","og_type":"article","og_title":"\u00dcberstunden-Causa: ORF-Journalist verlangt Auskunft \u00fcber Jost- und Strutz-Gehalt von Stadt Klagenfurt - Mediapartizan.at","og_description":"Bekannter ORF-Redakteur wollte wissen, was Peter Jost und Martin Strutz mitsamt aller \u00dcberstunden verdienen. Stadt versagte ihm die Information mittels Bescheid, gegen den er nun berufen will. Vertrauliches Papier aus 2014 zeigt, dass Scheider dem Magistratsdirektor \u00dcberstunden im Verh\u00e4ltnis 1:1 gew\u00e4hrte. [...]","og_url":"https:\/\/www.mediapartizan.at\/?p=7080","og_site_name":"Mediapartizan.at","article_published_time":"2023-10-11T10:17:13+00:00","article_modified_time":"2023-10-11T10:17:18+00:00","og_image":[{"width":1280,"height":960,"url":"https:\/\/www.mediapartizan.at\/wp-content\/uploads\/2023\/02\/Rathaus.jpg","type":"image\/jpeg"}],"author":"Franz Miklautz","twitter_card":"summary_large_image","twitter_misc":{"Verfasst von":"Franz Miklautz","Gesch\u00e4tzte Lesezeit":"4\u00a0Minuten"},"schema":{"@context":"https:\/\/schema.org","@graph":[{"@type":"WebPage","@id":"https:\/\/www.mediapartizan.at\/?p=7080","url":"https:\/\/www.mediapartizan.at\/?p=7080","name":"\u00dcberstunden-Causa: ORF-Journalist verlangt Auskunft \u00fcber Jost- und Strutz-Gehalt von Stadt Klagenfurt - Mediapartizan.at","isPartOf":{"@id":"https:\/\/www.mediapartizan.at\/#website"},"datePublished":"2023-10-11T10:17:13+00:00","dateModified":"2023-10-11T10:17:18+00:00","author":{"@id":"https:\/\/www.mediapartizan.at\/#\/schema\/person\/f6bd7eb8222f2fe985c78d08f17ed7a9"},"breadcrumb":{"@id":"https:\/\/www.mediapartizan.at\/?p=7080#breadcrumb"},"inLanguage":"de","potentialAction":[{"@type":"ReadAction","target":["https:\/\/www.mediapartizan.at\/?p=7080"]}]},{"@type":"BreadcrumbList","@id":"https:\/\/www.mediapartizan.at\/?p=7080#breadcrumb","itemListElement":[{"@type":"ListItem","position":1,"name":"Startseite","item":"https:\/\/www.mediapartizan.at\/"},{"@type":"ListItem","position":2,"name":"\u00dcberstunden-Causa: ORF-Journalist verlangt Auskunft \u00fcber Jost- und Strutz-Gehalt von Stadt Klagenfurt"}]},{"@type":"WebSite","@id":"https:\/\/www.mediapartizan.at\/#website","url":"https:\/\/www.mediapartizan.at\/","name":"Mediapartizan.at","description":"","potentialAction":[{"@type":"SearchAction","target":{"@type":"EntryPoint","urlTemplate":"https:\/\/www.mediapartizan.at\/?s={search_term_string}"},"query-input":"required name=search_term_string"}],"inLanguage":"de"},{"@type":"Person","@id":"https:\/\/www.mediapartizan.at\/#\/schema\/person\/f6bd7eb8222f2fe985c78d08f17ed7a9","name":"Franz Miklautz","image":{"@type":"ImageObject","inLanguage":"de","@id":"https:\/\/www.mediapartizan.at\/#\/schema\/person\/image\/","url":"https:\/\/secure.gravatar.com\/avatar\/5618667e9a7ab3fa3e1a0c75987c8d0c111ad041167e738d67ac0846e54e195e?s=96&d=mm&r=g","contentUrl":"https:\/\/secure.gravatar.com\/avatar\/5618667e9a7ab3fa3e1a0c75987c8d0c111ad041167e738d67ac0846e54e195e?s=96&d=mm&r=g","caption":"Franz Miklautz"},"url":"https:\/\/www.mediapartizan.at\/?author=2"}]}},"jetpack_featured_media_url":"https:\/\/i0.wp.com\/www.mediapartizan.at\/wp-content\/uploads\/2023\/02\/Rathaus.jpg?fit=1280%2C960&ssl=1","jetpack_sharing_enabled":true,"_links":{"self":[{"href":"https:\/\/www.mediapartizan.at\/index.php?rest_route=\/wp\/v2\/posts\/7080","targetHints":{"allow":["GET"]}}],"collection":[{"href":"https:\/\/www.mediapartizan.at\/index.php?rest_route=\/wp\/v2\/posts"}],"about":[{"href":"https:\/\/www.mediapartizan.at\/index.php?rest_route=\/wp\/v2\/types\/post"}],"author":[{"embeddable":true,"href":"https:\/\/www.mediapartizan.at\/index.php?rest_route=\/wp\/v2\/users\/2"}],"replies":[{"embeddable":true,"href":"https:\/\/www.mediapartizan.at\/index.php?rest_route=%2Fwp%2Fv2%2Fcomments&post=7080"}],"version-history":[{"count":1,"href":"https:\/\/www.mediapartizan.at\/index.php?rest_route=\/wp\/v2\/posts\/7080\/revisions"}],"predecessor-version":[{"id":7085,"href":"https:\/\/www.mediapartizan.at\/index.php?rest_route=\/wp\/v2\/posts\/7080\/revisions\/7085"}],"wp:featuredmedia":[{"embeddable":true,"href":"https:\/\/www.mediapartizan.at\/index.php?rest_route=\/wp\/v2\/media\/5462"}],"wp:attachment":[{"href":"https:\/\/www.mediapartizan.at\/index.php?rest_route=%2Fwp%2Fv2%2Fmedia&parent=7080"}],"wp:term":[{"taxonomy":"category","embeddable":true,"href":"https:\/\/www.mediapartizan.at\/index.php?rest_route=%2Fwp%2Fv2%2Fcategories&post=7080"},{"taxonomy":"post_tag","embeddable":true,"href":"https:\/\/www.mediapartizan.at\/index.php?rest_route=%2Fwp%2Fv2%2Ftags&post=7080"}],"curies":[{"name":"wp","href":"https:\/\/api.w.org\/{rel}","templated":true}]}}