{"id":7130,"date":"2023-10-25T12:47:08","date_gmt":"2023-10-25T10:47:08","guid":{"rendered":"https:\/\/www.mediapartizan.at\/?p=7130"},"modified":"2023-12-15T17:47:34","modified_gmt":"2023-12-15T16:47:34","slug":"die-heissen-thermalbad-geschaefte-des-buergermeisters-von-st-kanzian","status":"publish","type":"post","link":"https:\/\/www.mediapartizan.at\/?p=7130","title":{"rendered":"Die hei\u00dfen Thermalbad-Gesch\u00e4fte des B\u00fcrgermeisters von St. Kanzian"},"content":{"rendered":"<p><\/p>\n<p>Am 21. September 2016 platzt es aus einem Gemeinderat heraus, er l\u00e4sst seiner Neugier freien Lauf. Der \u00d6VP-Mandatar will\u00b4s nun wissen. Noch bevor die Sitzung der Gemeindevertretung in der Tourismushochburg St. Kanzian am Klopeiner See losgeht, m\u00f6chte er von B\u00fcrgermeister Thomas Krainz (SP\u00d6) erkl\u00e4rt haben, wie es nun um das geplante Thermenprojekt steht. Im Saal herrscht ein Zwittergef\u00fchl. Die einen sind euphorisch ob der lang ersehnten Therme, die anderen sind des langen Wartens \u00fcberdr\u00fcssig. Doch Krainz versteht es, einen Spannungsbogen aufzubauen: Die Auskunft \u00fcber das Riesenprojekt verlegt er kurzerhand ans Sitzungsende. Um 20.30 Uhr dann die Erl\u00f6sung &#8211; wenigstens f\u00fcr die einen: Auf das &#8222;Informationsschreiben&#8220;, das eine Anwaltskanzlei im Auftrag der Gemeinde verfasst hat, haben sich &#8222;f\u00fcnf Interessenten&#8220; gemeldet. Zumindest &#8222;eine konkrete Anfrage&#8220; eines Investors habe es gegeben, der beim Thermenprojekt der St. Kanzianer mitpokern wollte. Diese &#8222;Investmentgruppe zeigte gro\u00dfes Interesse&#8220;, aber zu seinem &#8222;gro\u00dfen Bedauern ist es letztendlich zu keinem positiven Abschluss gekommen&#8220;, sagt Krainz vor seinen Gemeinder\u00e4ten. Ern\u00fcchterung.<\/p>\n<p><\/p>\n<p><\/p>\n<p>Dennoch: &#8222;Es gibt gute Gespr\u00e4che mit einer anderen Investmentgruppe und wir werden alles daran setzen, das Thermalbadprojekt zu realisieren.&#8220; Dann richtet Krainz noch einen finalen Durchhalte-Appell an die Runde, &#8222;an diesem Ziel weiter konsequent festzuhalten&#8220;. Damit das hei\u00dfe Wasser am Ende nicht zu hei\u00dfer Luft wird. <\/p>\n<p><\/p>\n<p><\/p>\n<p>Krainz, seit 2003 durchgehend am Rathausruder, hat in dem 4.500-Seelen-Ort an einem der kuschligsten Seen Europas alle Wahlen gewonnen. Seit 20 Jahren logiert er am Gemeindethron. Seine Partei schwingt die Absolute. Von 23 Sesseln sind 13 mit roten Gefolgsleuten besetzt. Um den Rest balgen sich drei Parteien: \u00d6VP, Gospodarska Lista (Wirtschaftspartei) und die Gr\u00fcnen. Im Allgemeinen sind Gemeinderats-Termine f\u00fcr Krainz ein Homerun.<\/p>\n<p><\/p>\n<p><\/p>\n<p>Als ein paar der Mandatare nach der Sitzung im Herbst 2016 auf ihr obligates Bier gehen, heben sie die Gl\u00e4ser mit gemischten Gef\u00fchlen. Die Diskussion um das Thermenprojekt dauert nun schon mehr als zehn Jahre an. Heute, 2023, sind es schon fast zwei Jahrzehnte. Und das hei\u00dfe Wasser sprudelt noch immer nicht.<\/p>\n<p><\/p>\n<p><\/p>\n<p><strong>Krainz l\u00e4sst ein Loch bohren<\/strong><\/p>\n<p><\/p>\n<p><\/p>\n<p>Dabei war Krainz nicht unt\u00e4tig. Ganz im Gegenteil. Im Privatberuf Landwirt, lie\u00df Krainz 2005 ein tiefes Loch in St. Kanzian bohren. Die Brunnenbohrstelle befindet sich bis heute inmitten eines viele Hektar gro\u00dfen Waldes oberhalb der Norduferstra\u00dfe, 400 Meter Luftlinie vom Ufer des Klopeiner Sees entfernt. Leicht erh\u00f6ht.<\/p>\n<p><\/p>\n<p><\/p>\n<p><strong>Private Anteile f\u00fcr Krainz und Gattin<\/strong><\/p>\n<p><\/p>\n<p><\/p>\n<p>Als Ergebnis der Erdbohrung schwappte Krainz Thermalwasser entgegen. Und damit die Hoffnung auf einen warmen Geldregen. Denn das Waldgrundst\u00fcck, auf dem gebohrt wurde, geh\u00f6rte niemand Geringerem als Krainz selbst. Da jedoch die Erschlie\u00dfung und Verwertung von Thermalwasser kein Firmlingsjob ist, holt Krainz Helfer an Bord. <a href=\"https:\/\/www.mediapartizan.at\/wp-content\/uploads\/2023\/10\/Firmenbuch_FN259117f_Thermalwasser-Klopein-Betriebs-GmbH.pdf\" target=\"_blank\" rel=\"noreferrer noopener\">Jedoch nicht, ohne sich selbst und seine Ehefrau M. an der am 18. Februar 2005 &#8211; da ist Krainz seit zwei Jahren B\u00fcrgermeister &#8211; gegr\u00fcndeten Thermalwasser Klopein Betriebs GmbH zu beteiligen.<\/a> Halten Krainz und Gattin anf\u00e4nglich 7,3 Prozent an der Gesellschaft, sind es laut Firmenbuch mittlerweile 19,5 Prozent. 16,4 geh\u00f6ren Krainz, 3,1 seiner Ehefrau. <\/p>\n<p><\/p>\n<p><\/p>\n<p>Gleichzeitig wird eine beteiligungsidente <em><a href=\"https:\/\/www.mediapartizan.at\/wp-content\/uploads\/2023\/10\/Firmenbuch_FN259354d_Thermalwasser-Klopein-Betriebs-GmbH-Co-KG.pdf\" target=\"_blank\" rel=\"noreferrer noopener\">Thermalwasser Klopein Betriebs <span style=\"text-decoration: underline;\">GmbH &amp; Co KG<\/span><\/a><\/em> gegr\u00fcndet. Auch hier sind neben Krainz und seiner Gattin dieselben zehn Gesellschafter in gleicher Relation beteiligt wie an der GmbH. Das klingt kompliziert, ist es aber nicht: Der Vollhafter (Komplement\u00e4r) der <em>Thermalwasser Klopein Betriebs <span style=\"text-decoration: underline;\">GmbH &amp; Co KG<\/span><\/em> ist die bereits erw\u00e4hnte <em>Thermalwasser Klopein Betriebs GmbH <\/em>&#8211; wie der Name schon sagt, eine Gesellschaft mit <em>beschr\u00e4nkter Haftung<\/em>. Damit stehen die Eigent\u00fcmer mit maximal ihrer Einlage im Risiko. <\/p>\n<p><\/p>\n<p><\/p>\n<p><strong>SP\u00d6-Kronprinz wird Gesch\u00e4ftsf\u00fchrer der Gesellschaft<\/strong><\/p>\n<p><\/p>\n<p><\/p>\n<p>Zum Gesch\u00e4ftsf\u00fchrer der Gesellschaft wird Oskar Preinig berufen, der SP\u00d6-Kronzprinz von St. Kanzian. Er ist aktuell zweiter Vizeb\u00fcrgermeister der Gemeinde, die laut Statistik Austria im Jahr 2021 die sechst meisten N\u00e4chtigungen (882.000) der Republik verzeichnete. Das ist guter Humus f\u00fcr eine Ganzjahrestherme. Die Gesch\u00e4ftsadresse der Thermengesellschaft ist bis heute Peratschitzen 54 in Alt-St. Kanzian. Die unauff\u00e4llige Liegenschaft befindet sich in Privatbesitz der famili\u00e4ren Vorgeneration Preinigs.<\/p>\n<p><\/p>\n<p><\/p>\n<p>Krainz, seine Ehefrau und die anderen zehn Gesellschafter &#8211; ein Mix aus regionalen Unternehmern und der Raiffeisenbank Eberndorf &#8211; sind Kommanditisten in der GmbH &amp; Co KG. Krainz ist mit 98.000 Euro, seine Ehefrau mit 18.600 Euro an Bord. <\/p>\n<p><\/p>\n<p><\/p>\n<p><strong>Deal kurz vor Weihnachten<\/strong><\/p>\n<p><\/p>\n<p><\/p>\n<p>Vier Tage vor Heilig Abend 2007 schlie\u00dft Krainz mit allen anderen Gesellschaftern, au\u00dfer der S &amp; K Brunnenbohrgesellschaft, <a href=\"https:\/\/www.mediapartizan.at\/wp-content\/uploads\/2023\/10\/20.-Dezember-2007_Vereinbarung-zwischen-Krainz-und-anderen-Gesellschaftern-d.-Thermalwasser-Klopein-Betriebs-GmbH-bzw.-GmbH-Co-KG.pdf\" target=\"_blank\" rel=\"noreferrer noopener\">eine Vereinbarung<\/a>. Das Papier besagt, dass Krainz seinen Helfern das 1.200 Quadratmeter gro\u00dfe Thermalbrunnen-Grundst\u00fcck vermacht. Das aber nicht aus reiner N\u00e4chstenliebe: Er will von allen Gesellschaftern jeweils 15 Prozent ihrer Anteile an der Thermalwasser Klopein Betriebs GmbH und an der Thermalwasser Klopein Betriebs GmbH &amp; Co KG. Von allen au\u00dfer besagter S &amp; K, von der vermutlich die anf\u00e4ngliche Bohrung als Vorleistung erbracht wurde. Daf\u00fcr geht das Grundst\u00fcck mit allen Rechten am Thermalwasservorkommen und einem nicht n\u00e4her definierten Gasvorkommen an die Thermalwasser Klopein Betriebs GmbH &amp; Co KG. In der operativ SP\u00d6-Mann Preinig sitzt.<\/p>\n<p><\/p>\n<p><\/p>\n<figure class=\"wp-block-image aligncenter size-large is-resized\"><img data-recalc-dims=\"1\" loading=\"lazy\" decoding=\"async\" src=\"https:\/\/i0.wp.com\/www.mediapartizan.at\/wp-content\/uploads\/2023\/10\/VERTRAG_VEREINBARUNG_GEGENLEISTUNGEN.png?resize=687%2C374&#038;ssl=1\" alt=\"\" class=\"wp-image-7174\" width=\"687\" height=\"374\" srcset=\"https:\/\/i0.wp.com\/www.mediapartizan.at\/wp-content\/uploads\/2023\/10\/VERTRAG_VEREINBARUNG_GEGENLEISTUNGEN.png?resize=300%2C164&amp;ssl=1 300w, https:\/\/i0.wp.com\/www.mediapartizan.at\/wp-content\/uploads\/2023\/10\/VERTRAG_VEREINBARUNG_GEGENLEISTUNGEN.png?zoom=2&amp;resize=687%2C374&amp;ssl=1 1374w\" sizes=\"auto, (max-width: 687px) 100vw, 687px\" \/><figcaption class=\"wp-element-caption\"><strong>Gegenleistung:<\/strong> Krainz fordert f\u00fcr das Bohrloch 15 Prozent von den Partnern<\/figcaption><\/figure>\n<p><\/p>\n<p><\/p>\n<p><strong>Krainz will 50 Euro pro Quadratmeter<\/strong><\/p>\n<p><\/p>\n<p><\/p>\n<p>Doch der Weihnachtsdeal ist noch nicht zu Ende: Krainz gew\u00e4hrt der Thermengesellschaft dar\u00fcber hinaus Optionsrechte, die ihm eine schicke Geldsumme einbringen k\u00f6nnten. Er r\u00e4umt ihr das Vorkaufsrecht auf zwei Nachbargrundst\u00fccke ein, die ihm ebenfalls geh\u00f6ren. Vermutlich in der Hoffnung, die beiden Fl\u00e4chen gewinnbringend im geplanten Thermenprojekt unterbringen zu k\u00f6nnen. Es geht dabei um ein 16.688 Quadratmeter gro\u00dfes Gel\u00e4nde, das das Bohrgrundst\u00fcck umschlie\u00dft. Und um eine 6.760 Quadratmeter fassende Fl\u00e4che, direkt westlich angrenzend. Alles Wald. Letztere Parzelle bepreist Krainz im Papier bereits: Er will 50 Euro pro Quadratmeter.<\/p>\n<p><\/p>\n<p><\/p>\n<p>Aber die Gemeinde hat ein kleines Problem: Der Wald \u00fcber der Norduferstra\u00dfe hat als Thermenstandort keine Exklusivit\u00e4t und rangelt sich mit dem Ostufer. Das \u00d6rtliche Entwicklungskonzept (\u00d6EK) sieht dort ebenso einen Platz als m\u00f6gliche Thermal-Lage vor. Doch der wird in einer Gemeinderatssitzung 2015 &#8222;aufgrund der erfolgten Fl\u00e4chensicherungen und Fl\u00e4chenverf\u00fcgbarkeiten (\u2026) <a href=\"https:\/\/www.mediapartizan.at\/wp-content\/uploads\/2023\/10\/16.-April-2015_GR-Protokoll_Aufhebung-des-Thermenstandorts-22Ostufer22.pdf\" target=\"_blank\" rel=\"noreferrer noopener\">nicht weiter aufrecht gehalten<\/a>&#8222;. Der diesbez\u00fcgliche Antrag wird vom Gemeinderat durchgewunken &#8211; mit der Stimme von Krainz.<\/p>\n<p><\/p>\n<p><\/p>\n<p>Damit r\u00fcckt der Wald \u00fcber der Norduferstra\u00dfe immer st\u00e4rker in die Thermen-Poleposition. <\/p>\n<p><\/p>\n<p><\/p>\n<p><strong>Krainz und Preinig auch an Entwicklungsgesellschaft mittelbar beteiligt<\/strong><\/p>\n<p><\/p>\n<p><\/p>\n<p>Zu diesem Zeitpunkt besteht bereits eine dritte Gesellschaft, an der Krainz \u00fcber einen Umweg beteiligt ist: Es ist die 2013 gegr\u00fcndete <a href=\"https:\/\/www.mediapartizan.at\/wp-content\/uploads\/2023\/10\/Firmen_Profil_Plus-06.10.2023_FN396942p-Thermalbad-Klopein-Entwicklung-GmbH.pdf\" target=\"_blank\" rel=\"noreferrer noopener\">Thermalbad Klopein Entwicklung GmbH<\/a>. Die, wie der Name schon sagt, die Planung der Therme vorantreiben soll. An dieser Gesellschaft h\u00e4lt die oben erw\u00e4hnte Thermalwasser Klopein Betriebs GmbH &amp; Co KG rund 33 Prozent. An der wiederum, wir erinnern uns, auch Krainz und seine Gattin privat beteiligt sind. Mit im Boot ist auch Krainz\u00b4 Vize Preinig, der Gesch\u00e4ftsf\u00fchrer der Thermengesellschaft: Er ist privat ebenso \u00fcber zwei Ecken an der Thermengesellschaft wie auch an der Entwicklungs-GmbH beteiligt (siehe Chart weiter unten). <\/p>\n<p><\/p>\n<p><\/p>\n<p>Eigent\u00fcmerin der Entwicklungs-GmbH ist aber nicht nur die von Krainz mitbestimmte Thermengesellschaft, sondern auch Krainz\u00b4 politischer Br\u00f6tchengeber: Die Gemeinde St. Kanzian. Ihr geh\u00f6ren ebenso 33 Prozent der Entwicklungsfirma. Was Krainz Einfluss auf die Thermenplanung nicht gerade schm\u00e4lert. Dass sich damit ein Interessenkonflikt ergeben k\u00f6nnte, ist nicht auszuschlie\u00dfen. Die Durchforstung zahlreicher Dokumente jedenfalls wirft brisante Fragen auf, was Krainz\u00b4 Stimmverhalten bei thermalen Gemeinderats-Beschl\u00fcssen anbelangt. <\/p>\n<p><\/p>\n<p><\/p>\n<figure class=\"wp-block-image aligncenter size-large\"><img data-recalc-dims=\"1\" loading=\"lazy\" decoding=\"async\" width=\"1024\" height=\"576\" src=\"https:\/\/i0.wp.com\/www.mediapartizan.at\/wp-content\/uploads\/2023\/10\/Organigramm-Thermalbad_26.12.23_PNG.001.png?resize=1024%2C576&#038;ssl=1\" alt=\"\" class=\"wp-image-7232\" srcset=\"https:\/\/i0.wp.com\/www.mediapartizan.at\/wp-content\/uploads\/2023\/10\/Organigramm-Thermalbad_26.12.23_PNG.001.png?resize=1024%2C576&amp;ssl=1 1024w, https:\/\/i0.wp.com\/www.mediapartizan.at\/wp-content\/uploads\/2023\/10\/Organigramm-Thermalbad_26.12.23_PNG.001.png?resize=300%2C169&amp;ssl=1 300w, https:\/\/i0.wp.com\/www.mediapartizan.at\/wp-content\/uploads\/2023\/10\/Organigramm-Thermalbad_26.12.23_PNG.001.png?resize=768%2C432&amp;ssl=1 768w, https:\/\/i0.wp.com\/www.mediapartizan.at\/wp-content\/uploads\/2023\/10\/Organigramm-Thermalbad_26.12.23_PNG.001.png?resize=1536%2C864&amp;ssl=1 1536w, https:\/\/i0.wp.com\/www.mediapartizan.at\/wp-content\/uploads\/2023\/10\/Organigramm-Thermalbad_26.12.23_PNG.001.png?resize=678%2C381&amp;ssl=1 678w, https:\/\/i0.wp.com\/www.mediapartizan.at\/wp-content\/uploads\/2023\/10\/Organigramm-Thermalbad_26.12.23_PNG.001.png?w=1920&amp;ssl=1 1920w\" sizes=\"auto, (max-width: 1000px) 100vw, 1000px\" \/><figcaption class=\"wp-element-caption\"><strong>Krainz und Ehefrau sind privat an der Thermengesellschaft beteiligt. Seine Fraktion hat in der Gemeinde das Sagen, die mit 33 Prozent an der Entwicklungsfirma beteiligt ist<\/strong><\/figcaption><\/figure>\n<p><\/p>\n<p><\/p>\n<p><a href=\"https:\/\/www.mediapartizan.at\/wp-content\/uploads\/2023\/10\/Organigramm-Thermalbad_26.12.23_PDF.pdf\" target=\"_blank\" rel=\"noreferrer noopener\">Download Organigramm als PDF<\/a><\/p>\n<p><\/p>\n<p><\/p>\n<p>Im M\u00e4rz 2016 etwa geht es darum, der &#8222;Thermalbad Entwicklung GmbH auf Grundst\u00fccken&#8220;, die &#8222;im Eigentum der Gemeinde stehen&#8220;, ein &#8222;Baurecht einzur\u00e4umen, Thermalbadeinrichtungen und auch die in diesem Zusammenhang erforderlichen Infrastrukturbauten&#8220; zu &#8222;errichten und dieses Recht auch an Dritte \u00fcbertragen zu d\u00fcrfen&#8220;. Also auch an einen m\u00f6glichen Investor. Die Verhandlungen mit  Interessenten sollen allerdings erst aufgenommen werden, &#8222;wenn \u00fcber die H\u00f6he eines seitens der Gemeinde allf\u00e4llig gew\u00e4hrten Zuschusses Einvernehmen hergestellt ist&#8220;. Krainz und Preinig stimmen diesem Punkt zu. Das ist einem Protokoll zu entnehmen. Ihnen war am Anfang der Sitzung auf Antrag des 1. (roten) Vizeb\u00fcrgermeisters Alois Lach vom Gemeinderat einstimmig attestiert worden, nicht befangen zu sein. <\/p>\n<p><\/p>\n<p><\/p>\n<p><strong>Gemeinderat erkl\u00e4rte Krainz und Preinig f\u00fcr nicht befangen<\/strong><\/p>\n<p><\/p>\n<p><\/p>\n<p>Dabei liefert <a href=\"https:\/\/www.ris.bka.gv.at\/NormDokument.wxe?Abfrage=LrK&amp;Gesetzesnummer=10000276&amp;Artikel=&amp;Paragraf=40&amp;Anlage=&amp;Uebergangsrecht=\" target=\"_blank\" rel=\"noreferrer noopener\">\u00a7 40 der K\u00e4rntner Allgemeinen Gemeindeordnung<\/a> durchaus \u00dcberlegungen, eine Befangenheit Krainz\u00b4 und Preinigs eingehender zu pr\u00fcfen: &#8222;Ein Mitglied des Gemeinderates ist befangen und darf an der Beratung und Beschlussfassung nicht teilnehmen, in Sachen, an denen es selbst, einer seiner Angeh\u00f6rigen oder (&#8230;) beteiligt ist.&#8220; Oder auch &#8222;wenn sonstige wichtige Gr\u00fcnde vorliegen, die geeignet sind, seine volle Unbefangenheit in Zweifel zu ziehen&#8220;. Doch f\u00fcr den Gemeinderat traf das alles offenbar nicht zu.<\/p>\n<p><\/p>\n<p><\/p>\n<blockquote class=\"wp-block-quote is-layout-flow wp-block-quote-is-layout-flow\"><p><\/p>\n<p>Ihre Recherche ist unrichtig, weshalb die diesbez\u00fcglichen Fragen nicht beantwortet werden k\u00f6nnen.<\/p>\n<p><cite>Thomas Krainz, B\u00fcrgermeister St. Kanzian a. Klopeiner See, SP\u00d6<\/cite><\/p><\/blockquote>\n<p><\/p>\n<p><\/p>\n<p><strong>Gemeinde beschlie\u00dft &#8222;Wirtschaftsf\u00f6rderung&#8220; f\u00fcr Therme: Krainz und Preinig stimmen zu<\/strong><\/p>\n<p><\/p>\n<p><\/p>\n<p>Am 20. April 2016 kommt es dann zu einem weiteren bemerkenswerten Vorgehen: &#8222;Die Gemeinde St. Kanzian am Klopeiner See bringt auf einen Zeitraum von 10 Jahren f\u00fcr die Seetherme Klopeiner See einen j\u00e4hrlichen Betrag von 20,00 Euro pro Einwohner als <a href=\"https:\/\/www.mediapartizan.at\/wp-content\/uploads\/2023\/10\/20.-April-2016_Zustimmung-zu-Foerderpaket-fuer-Therme-1.pdf\">,<\/a>Wirtschaftsf\u00f6rderung&#8216; ein, wobei f\u00fcr den F\u00f6rderzeitraum der Betrieb des Thermalbades abzusichern ist.&#8220; Hochgerechnet w\u00e4ren das bei etwa 4.500 Einwohnern 89.680 Euro pro Jahr gewesen. Auf zehn Jahre also rundliche 900.000 Euro. Krainz und Preinig stimmen mit und erteilen dem Antrag ihren Sanktus.<\/p>\n<p><\/p>\n<p><\/p>\n<p><strong>Deutscher Thermenguru stirbt bei Flugzeugabsturz<\/strong><\/p>\n<p><\/p>\n<p><\/p>\n<p>2017 dann ein R\u00fcckschlag: Bei einem Flugzeugabsturz kommt Josef Wund, der Gr\u00fcnder der Therme Erding, tragisch ums Leben. Vor dem Tod Wunds gab es, das beweist ein Businessplan, der Mediapartizan.at vorliegt, offenbar fortgeschrittene Gespr\u00e4che zwischen St. Kanzian und Erding. <\/p>\n<p><\/p>\n<p><\/p>\n<p>Doch dann kommt Ersatz. Potenter Ersatz. Zumindest rechnet man bei den Entscheidungstr\u00e4gern in St. Kanzian offenbar mit vollen Taschen des Finanziers. Der ist kein Geringerer als Flughafeninvestor Franz Peter Orasch. Mit seiner Lilihill-Gruppe hatte er sich 2018 zu knapp 75 Prozent am maroden Klagenfurter Klein-Airport beteiligt. Nun soll Orasch Krainz\u00b4 Thermenprojekt stemmen. Und entwirft sogleich Renderings daf\u00fcr. <\/p>\n<p><\/p>\n<p><\/p>\n<p><strong>Orasch bringt kurzen Goldrausch<\/strong><\/p>\n<p><\/p>\n<p><\/p>\n<p>Der Immobilienmagnat, der heuer etliche Beteiligungen in Klagenfurt an Erhard Schaschl abgesto\u00dfen hat, beginnt alsbald mit einer Einkaufstour. Fernando Colazzo etwa, eine regionale Unternehmerbekanntheit und mit Krainz an der Thermengesellschaft beteiligt (5,5 %), macht er um fast 2,3 Millionen Euro reicher. Colazzo verkauft Orasch Grundst\u00fccke von fast 4.900 Quadratmetern im Ortskern von St. Kanzian. Oder die Familie des Hoteliers Heinz Marolt: Die macht Orasch um 1,15 Millionen Euro betuchter. Marolt vermacht Orasch daf\u00fcr zwei insgesamt gut 4.000 Quadratmeter gro\u00dfe Seegrundst\u00fccke.<\/p>\n<p><\/p>\n<p><\/p>\n<p>Medien berichten daraufhin von \u00fcber 400 Millionen Euro, die durch Oraschs Tourimusprojekt in der Gegend umgeschlagen worden w\u00e4ren. Vom Nordufer bis in den Wald hinauf reichen Oraschs Pl\u00e4ne. Seine Renderings zeigen ein Thermengebilde oberhalb der Norduferstra\u00dfe und Chalets, im Wald verstreut.<\/p>\n<p><\/p>\n<p><\/p>\n<p><strong>Gemeinde kauft Waldgrundst\u00fccke um 25 Euro pro Quadratmeter<\/strong><\/p>\n<p><\/p>\n<p><\/p>\n<p>Womit wir wieder beim Bohrloch w\u00e4ren. \u00d6stlich davon sichert sich die Gemeinde im Vorjahr f\u00fcr die Thermenentwicklung zwei Waldgrundst\u00fccke. Eines mit 49.000, das andere mit rund 7.000 Quadratmetern. Verk\u00e4ufer sind zwei ortsans\u00e4ssige Grundbesitzer. Der Kaufpreis betr\u00e4gt, das wurde schon Jahre im Vorhinein paktiert, 25 Euro pro Quadratmeter. Es sind die Grundst\u00fccke, deretwegen der Gemeinderat den Standort Ostufer &#8222;nicht weiter aufrecht gehalten&#8220; hatte. Die Entwicklungs- GmbH hatte sie sich schon 2013 optionieren lassen. <\/p>\n<p><\/p>\n<p><\/p>\n<p>Die Gemeinde bezahlt in Summe also rund 1,4 Millionen Euro. Doch es gibt noch ein Problem: Die beiden Verk\u00e4ufer laufen laut eigenen Angaben Gefahr, eine h\u00f6here Immobilienertragssteuer bezahlen zu m\u00fcssen: &#8222;Vzbgm. Preinig berichtet, dass [Verk\u00e4ufer 1] nach R\u00fccksprache mit seinem Steuerberater die Information erhalten hat, dass f\u00fcr Ver\u00e4u\u00dferungen von Grundst\u00fccken (Wald) die Steuerbelastung 4,2% vom Ver\u00e4u\u00dferungserl\u00f6s betr\u00e4gt. Wird ein Grundst\u00fcck jedoch innerhalb von 5 Jahren nach dem Kaufvertragsabschluss umgewidmet, so k\u00f6nnte unter Umst\u00e4nden die Steuerbelastung insgesamt 18% vom Ver\u00e4u\u00dferungserl\u00f6s betragen.&#8220; Und das w\u00fcrde sich auf die Kassa des Verk\u00e4ufers auswirken. Dasselbe gilt f\u00fcr Verk\u00e4ufer 2. <\/p>\n<p><\/p>\n<p><\/p>\n<p>Daraufhin erkl\u00e4rt sich die Gemeinde bereit, das Risiko der m\u00f6glichen h\u00f6heren Kosten zu tragen bis ein Investor gefunden sei. Denn Orasch ist pass\u00e9. Er legte das Projekt Klopeiner See ad acta, ohne einen Ziegel verbaut zu haben. Die m\u00f6glichen Mehrkosten aufgrund des bef\u00fcrchteten h\u00f6heren Steuersatzes von 18 Prozent betragen immerhin 193.000 Euro f\u00fcr beide Deals (Differenz zwischen 4,2 und 18 Prozent der Kaufpreise). Auf denen die Kommune sitzen bleiben k\u00f6nnte, sollte kein Investor gefunden werden. Krainz und Preinig stimmen dem Vorgehen zu.<\/p>\n<p><\/p>\n<p><\/p>\n<p><strong>&#8222;Ich habe das Gef\u00fchl, Sie wollen mich ins Kriminal bringen&#8220;<\/strong><\/p>\n<p><\/p>\n<p><\/p>\n<p>Enthalten haben sich der B\u00fcrgermeister und sein Vize hingegen am 29. Juni 2021. In dieser Sitzung ging es darum, 100.000 Euro in zwei Halbtranchen in die Entwicklungs-GmbH zu pumpen. 50.000 Euro sofort und die zweiten 50.000 nach Vorlage eines Zwischenberichts. Das bestreitet Krainz auf Anfrage. &#8222;Die Gemeinde St. Kanzian am Klopeiner See hat keine wie von Ihnen angef\u00fchrte Aussch\u00fcttung eines Betrages von EUR 100.000,00 an die Thermalbad Klopein Entwicklung GmbH veranlasst&#8220;, teilt der B\u00fcrgermeister mit. Die Gemeindeprotokolle sprechen allerdings eine andere Sprache: \u201eDie Gemeinde St. Kanzian am Klopeiner See unterst\u00fctzt die Thermalbad Klopein Entwicklung GmbH im Rahmen der Verwirklichung der geplanten Therme in St. Kanzian am Klopeiner See grunds\u00e4tzlich mit einem Betrag von EUR 100.000,- (zwei Teilzahlungen in H\u00f6he von je EUR 50.000,-).\u201c Es wurde also zum Beschluss erhoben, 100.000 Euro in die Entwicklungs-GmbH zu pumpen.<\/p>\n<p><\/p>\n<p><\/p>\n<p><strong>Verzerrende Antwort von Krainz<\/strong><\/p>\n<p><\/p>\n<p><\/p>\n<p>Und offenbar antwortet Krainz auf Medienanfrage \u2013 bewusst oder unbewusst \u2013 unrichtig oder zumindest verzerrt. In einer n\u00e4chsten Gemeinderatssitzung gibt er n\u00e4mlich abermals Folgendes zu Protokoll: \u201eMit dem Beschluss \u00fcber die <em>finanzielle Unterst\u00fctzungsleistung der Gemeinde St. Kanzian am Klopeiner See f\u00fcr die Projektentwicklung<\/em> <em>der geplanten Therme<\/em> in St. Kanzian am Klopeiner See wurde der Grundstein gelegt.\u201c Das sagt er im Rahmen eines Pl\u00e4doyers f\u00fcr den Thermenbau oberhalb der Norduferstra\u00dfe, da die Stimmung zum Ankauf der beiden Waldgrundst\u00fccke im Plenum offenbar zu kippen droht. In einer weiteren Sitzung nennt er gar den genauen Betrag von 100.000 Euro.<\/p>\n<p><\/p>\n<p><\/p>\n<p>Und es ist in den Dokumenten weitere Male davon die Rede, dass die Gemeinde f\u00fcr die Entwicklungs-GmbH in die Tasche griff oder zu greifen bereit ist: So berichtet eine Mandatarin in der gleichen Sitzung davon, dass vor und nach Gr\u00fcndung der Entwicklungsfirma 32.800 bzw. 117.782 Euro von der Gemeinde bezahlt wurden. Der \u00d6VP-Gemeinderat Bernhard Mori spricht am 4. November 2021 gar davon, dass \u201e300.000 Euro f\u00fcr die noch erforderlichen Planungsma\u00dfnahmen und die Projektentwicklung\u201c durch einen \u201eBeschluss des Gemeinderats genehmigt\u201c wurden. F\u00fcr eine Gesellschaft, an der Krainz, seine Gattin und Preinig mittelbar beteiligt sind.<\/p>\n<p><\/p>\n<p><\/p>\n<blockquote class=\"wp-block-quote is-layout-flow wp-block-quote-is-layout-flow\"><p><\/p>\n<p>Ich habe den Grund damals verkaufen m\u00fcssen. Es war nicht mehr zu kriegen. Krainz hat gesagt, er wird mich nicht abschmutzen. <\/p>\n<p><cite>Pensionistin, der Krainz 2020 den Wald um 1,39 Euro pro m<sup>2<\/sup> abkaufte.<\/cite><\/p><\/blockquote>\n<p><\/p>\n<p><\/p>\n<p><strong>Epilog: Krainz zahlte Pensionistin 1,39 Euro pro Quadratmeter<\/strong><\/p>\n<p><\/p>\n<p><\/p>\n<p>Das Geld f\u00fcr den Kauf der zwei Waldgrundst\u00fccke um besagte 25 Euro pro Quadratmeter hatte die Gemeinde durch eigene Grundst\u00fccksverk\u00e4ufe an den Unternehmer Martin Merlitsch vereinnahmt. Damit klingelten 1,25 Millionen Euro in ihrer Kassa. Nur einen Steinwurf von den beiden Waldparzellen entfernt, kaufte Krainz laut Grundbuch im M\u00e4rz 2020 eine 5.749 Quadratmeter gro\u00dfe Waldfl\u00e4che. Die Verk\u00e4uferin war eine Pensionistin im Gemeindegebiet von St. Kanzian. <a href=\"https:\/\/www.mediapartizan.at\/wp-content\/uploads\/2023\/10\/25.-Maerz-2020_Kaufvertrag-zwischen-Krainz-und-der-Pensionistin-1.pdf\" target=\"_blank\" rel=\"noreferrer noopener\">Er zahlte ihr 8.000 Euro. Das sind 1,39 Euro pro Quadratmeter.<\/a><\/p>\n<p><\/p>\n<p><\/p>\n<figure class=\"wp-block-image aligncenter size-large is-resized\"><img data-recalc-dims=\"1\" loading=\"lazy\" decoding=\"async\" src=\"https:\/\/i0.wp.com\/www.mediapartizan.at\/wp-content\/uploads\/2023\/10\/VERTRAG_PENSIONISTIN_KAUFPREIS.jpg?resize=596%2C222&#038;ssl=1\" alt=\"\" class=\"wp-image-7171\" width=\"596\" height=\"222\" srcset=\"https:\/\/i0.wp.com\/www.mediapartizan.at\/wp-content\/uploads\/2023\/10\/VERTRAG_PENSIONISTIN_KAUFPREIS.jpg?resize=1024%2C383&amp;ssl=1 1024w, https:\/\/i0.wp.com\/www.mediapartizan.at\/wp-content\/uploads\/2023\/10\/VERTRAG_PENSIONISTIN_KAUFPREIS.jpg?resize=300%2C112&amp;ssl=1 300w, https:\/\/i0.wp.com\/www.mediapartizan.at\/wp-content\/uploads\/2023\/10\/VERTRAG_PENSIONISTIN_KAUFPREIS.jpg?w=1242&amp;ssl=1 1242w\" sizes=\"auto, (max-width: 596px) 100vw, 596px\" \/><figcaption class=\"wp-element-caption\"><strong>Krainz zahlte der Pensionistin 8.000 Euro f\u00fcr 5.749 Quadratmeter<\/strong><\/figcaption><\/figure>\n<p><\/p>\n<p><\/p>\n<p>Immobilienpreis-Indizes bezifferten Wald-Quadratmeterpreise im Vorjahr mit einem bis drei Euro, manchmal bis zu f\u00fcnf. Mit Ausrei\u00dfern nach oben und unten. &#8222;Ich war der Bestbieter&#8220;, sagt Krainz auf Anfrage. &#8222;Das ist ein normaler, ein guter Preis.&#8220; Es habe mehrere Interessenten f\u00fcr das Grundst\u00fcck der Pensionistin gegeben. Das Holz sei schadhaft gewesen. <\/p>\n<p><\/p>\n<p><\/p>\n<p>Damit konfrontiert bestreitet Krainz, seine eigenen Grundst\u00fccke dort 2007 f\u00fcr die Thermengesellschaft optioniert zu haben &#8211; obwohl dies ein Vertrag schwarz auf wei\u00df belegt: &#8222;Ich habe das Gef\u00fchl, Sie wollen mich ins Kriminal bringen&#8220;, so der B\u00fcrgermeister.<\/p>\n<p><\/p>\n<p><\/p>\n<figure class=\"wp-block-image aligncenter size-large is-resized\"><img data-recalc-dims=\"1\" loading=\"lazy\" decoding=\"async\" src=\"https:\/\/i0.wp.com\/www.mediapartizan.at\/wp-content\/uploads\/2023\/10\/VERTRAG_PENSIONISTIN_TREUHANDKONTO-1.jpg?resize=542%2C149&#038;ssl=1\" alt=\"\" class=\"wp-image-7173\" width=\"542\" height=\"149\" srcset=\"https:\/\/i0.wp.com\/www.mediapartizan.at\/wp-content\/uploads\/2023\/10\/VERTRAG_PENSIONISTIN_TREUHANDKONTO-1.jpg?resize=1024%2C282&amp;ssl=1 1024w, https:\/\/i0.wp.com\/www.mediapartizan.at\/wp-content\/uploads\/2023\/10\/VERTRAG_PENSIONISTIN_TREUHANDKONTO-1.jpg?resize=300%2C83&amp;ssl=1 300w, https:\/\/i0.wp.com\/www.mediapartizan.at\/wp-content\/uploads\/2023\/10\/VERTRAG_PENSIONISTIN_TREUHANDKONTO-1.jpg?resize=768%2C211&amp;ssl=1 768w, https:\/\/i0.wp.com\/www.mediapartizan.at\/wp-content\/uploads\/2023\/10\/VERTRAG_PENSIONISTIN_TREUHANDKONTO-1.jpg?w=1242&amp;ssl=1 1242w\" sizes=\"auto, (max-width: 542px) 100vw, 542px\" \/><figcaption class=\"wp-element-caption\"><strong>Ohne Umwege:<\/strong> Auf ein Treuhandkonto wurde verzichtet<\/figcaption><\/figure>\n<p><\/p>\n<p><\/p>\n<p>Mediapartizan.at konnte die Grundst\u00fccksverk\u00e4uferin in St. Kanzian ausfindig machen. Die Pensionistin sagt, &#8222;ich habe damals verkaufen m\u00fcssen&#8220;, weil sie Geld gebraucht habe. Sie widerspricht Krainz und erkl\u00e4rt, dass es nicht mehrere Interessenten gegeben habe, sondern Krainz der einzige gewesen sei. &#8222;Ich glaube aber nicht, dass ich mehr bekommen h\u00e4tte. Krainz hat gesagt, er wird mich nicht abschmutzen.&#8220;<\/p>\n<p><\/p>\n<p><\/p>\n<p>Auf ein Treuhandkonto wurde bei dem Deal verzichtet, wie der Kaufvertrag zeigt. Offenbar handelte es sich um ein schnelles Gesch\u00e4ft. Bei dem es Krainz laut Unterlagen darum ging, ihm &#8222;die Bewirtschaftung&#8220; seines &#8222;bisherigen Liegenschaftsbesitzes&#8220; zu erleichtern. Den er der Thermengesellschaft 13 Jahre zuvor um 50 Euro pro Quadratmeter angeboten hatte. Um 36 Mal mehr als er der Pensionistin zahlte. <\/p>\n<p><\/p>\n<p><\/p>\n<figure class=\"wp-block-image aligncenter size-large\"><img data-recalc-dims=\"1\" loading=\"lazy\" decoding=\"async\" width=\"1024\" height=\"576\" src=\"https:\/\/i0.wp.com\/www.mediapartizan.at\/wp-content\/uploads\/2023\/10\/Landkarte-mit-Erklaerung_26.12.23_PNG.001.png?resize=1024%2C576&#038;ssl=1\" alt=\"\" class=\"wp-image-7226\" srcset=\"https:\/\/i0.wp.com\/www.mediapartizan.at\/wp-content\/uploads\/2023\/10\/Landkarte-mit-Erklaerung_26.12.23_PNG.001.png?resize=1024%2C576&amp;ssl=1 1024w, https:\/\/i0.wp.com\/www.mediapartizan.at\/wp-content\/uploads\/2023\/10\/Landkarte-mit-Erklaerung_26.12.23_PNG.001.png?resize=300%2C169&amp;ssl=1 300w, https:\/\/i0.wp.com\/www.mediapartizan.at\/wp-content\/uploads\/2023\/10\/Landkarte-mit-Erklaerung_26.12.23_PNG.001.png?resize=768%2C432&amp;ssl=1 768w, https:\/\/i0.wp.com\/www.mediapartizan.at\/wp-content\/uploads\/2023\/10\/Landkarte-mit-Erklaerung_26.12.23_PNG.001.png?resize=1536%2C864&amp;ssl=1 1536w, https:\/\/i0.wp.com\/www.mediapartizan.at\/wp-content\/uploads\/2023\/10\/Landkarte-mit-Erklaerung_26.12.23_PNG.001.png?resize=678%2C381&amp;ssl=1 678w, https:\/\/i0.wp.com\/www.mediapartizan.at\/wp-content\/uploads\/2023\/10\/Landkarte-mit-Erklaerung_26.12.23_PNG.001.png?w=1920&amp;ssl=1 1920w\" sizes=\"auto, (max-width: 1000px) 100vw, 1000px\" \/><\/figure>\n<p><\/p>\n<p><\/p>\n<p><a href=\"https:\/\/www.mediapartizan.at\/wp-content\/uploads\/2023\/10\/Landkarte-mit-Erklaerung_26.12.23_PDF-1.pdf\" target=\"_blank\" rel=\"noreferrer noopener\">Download der Karte als PDF<\/a><\/p>\n<p><\/p>\n<p><\/p>\n<hr class=\"wp-block-separator has-alpha-channel-opacity\"\/>\n<\/p>\n<p><\/p>\n<figure class=\"wp-block-image aligncenter size-full is-resized\"><a href=\"https:\/\/www.mediapartizan.at\/?page_id=670\" target=\"_blank\" rel=\"noreferrer noopener\"><img data-recalc-dims=\"1\" loading=\"lazy\" decoding=\"async\" src=\"https:\/\/i0.wp.com\/www.mediapartizan.at\/wp-content\/uploads\/2023\/10\/Unterstuetzen.png?resize=448%2C56&#038;ssl=1\" alt=\"\" class=\"wp-image-7154\" width=\"448\" height=\"56\" srcset=\"https:\/\/i0.wp.com\/www.mediapartizan.at\/wp-content\/uploads\/2023\/10\/Unterstuetzen.png?w=990&amp;ssl=1 990w, https:\/\/i0.wp.com\/www.mediapartizan.at\/wp-content\/uploads\/2023\/10\/Unterstuetzen.png?resize=300%2C38&amp;ssl=1 300w, https:\/\/i0.wp.com\/www.mediapartizan.at\/wp-content\/uploads\/2023\/10\/Unterstuetzen.png?resize=768%2C98&amp;ssl=1 768w\" sizes=\"auto, (max-width: 448px) 100vw, 448px\" \/><\/a><\/figure>\n<p><\/p>\n<p><\/p>\n<hr class=\"wp-block-separator has-alpha-channel-opacity\"\/>\n<\/p>\n<p><\/p>\n<p>Material:<\/p>\n<p><\/p>\n<p><\/p>\n<p><a href=\"https:\/\/www.mediapartizan.at\/wp-content\/uploads\/2023\/10\/16.-April-2015_GR-Protokoll_Aufhebung-des-Thermenstandorts-22Ostufer22-1.pdf\" target=\"_blank\" rel=\"noreferrer noopener\">April 2015_GR-Protokoll_Aufhebung des Thermenstandorts &#8222;Ostufer&#8220;<\/a><\/p>\n<p><\/p>\n<p><\/p>\n<p><a href=\"https:\/\/www.mediapartizan.at\/wp-content\/uploads\/2023\/11\/20.-April-2016_Zustimmung-zu-Foerderpaket-fuer-Therme.pdf\">April 2016_Zustimmung zu Fo\u0308rderpaket fu\u0308r Therm<\/a><a href=\"https:\/\/www.mediapartizan.at\/wp-content\/uploads\/2023\/11\/20.-April-2016_Zustimmung-zu-Foerderpaket-fuer-Therme.pdf\" target=\"_blank\" rel=\"noreferrer noopener\">e<\/a><\/p>\n<p><\/p>\n<p><\/p>\n<p><a href=\"https:\/\/www.mediapartizan.at\/wp-content\/uploads\/2023\/10\/20.-Dezember-2007_Vereinbarung-zwischen-Krainz-und-anderen-Gesellschaftern-d.-Thermalwasser-Klopein-Betriebs-GmbH-bzw.-GmbH-Co-KG.pdf\" target=\"_blank\" rel=\"noreferrer noopener\">Dezember 2007_Vereinbarung zwischen Krainz und anderen Gesellschaftern d. Thermalwasser Klopein Betriebs GmbH bzw. GmbH &amp; Co KG<\/a><\/p>\n<p><\/p>\n<p><\/p>\n<p><a href=\"https:\/\/www.mediapartizan.at\/wp-content\/uploads\/2023\/10\/25.-Maerz-2020_Kaufvertrag-zwischen-Krainz-und-der-Pensionistin-1.pdf\" target=\"_blank\" rel=\"noreferrer noopener\">Ma\u0308rz 2020_Kaufvertrag zwischen Krainz und der Pensionistin<\/a><\/p>\n<p><\/p>\n<p><\/p>\n<p><a href=\"https:\/\/www.mediapartizan.at\/wp-content\/uploads\/2023\/10\/25.-Nov.-2008_Bescheid-Teilungserlaubnis-Grundstueck-Krainz_.pdf\" target=\"_blank\" rel=\"noreferrer noopener\">Nov. 2008_Bescheid Teilungserlaubnis Grundstu\u0308ck Krainz_<\/a><\/p>\n<p><\/p>\n<p><\/p>\n<p><a href=\"https:\/\/www.mediapartizan.at\/wp-content\/uploads\/2023\/10\/Firmenbuch_FN259117f_Thermalwasser-Klopein-Betriebs-GmbH.pdf\" target=\"_blank\" rel=\"noreferrer noopener\">Firmenbuch_FN259117f_Thermalwasser Klopein Betriebs GmbH<\/a><\/p>\n<p><\/p>\n<p><\/p>\n<p><a href=\"https:\/\/www.mediapartizan.at\/wp-content\/uploads\/2023\/10\/Firmenbuch_FN259354d_Thermalwasser-Klopein-Betriebs-GmbH-Co-KG.pdf\" target=\"_blank\" rel=\"noreferrer noopener\">Firmenbuch_FN259354d_Thermalwasser Klopein Betriebs GmbH &amp; Co KG<\/a><\/p>\n<p><\/p>\n<p><\/p>\n<p><a href=\"https:\/\/www.mediapartizan.at\/wp-content\/uploads\/2023\/10\/Firmen_Profil_Plus-06.10.2023_FN396942p-Thermalbad-Klopein-Entwicklung-GmbH.pdf\" target=\"_blank\" rel=\"noreferrer noopener\">Firmen_Profil_Plus-06.10.2023_FN396942p-Thermalbad Klopein Entwicklung GmbH<\/a><\/p>\n<p><\/p>\n<p><\/p>\n<p><a href=\"https:\/\/www.mediapartizan.at\/wp-content\/uploads\/2023\/10\/Firmenbuch_Oskar-Preinig.pdf\" target=\"_blank\" rel=\"noreferrer noopener\">Firmenbuch_Oskar Preinig<\/a><\/p>\n<p><\/p>\n<p><\/p>\n<p><a href=\"https:\/\/www.mediapartizan.at\/wp-content\/uploads\/2023\/10\/Firmenbuch_Thomas-Krainz_I.pdf\" target=\"_blank\" rel=\"noreferrer noopener\">Firmenbuch_Thomas Krainz_I<\/a><\/p>\n<p><\/p>\n<p><\/p>\n<p><a href=\"https:\/\/www.mediapartizan.at\/wp-content\/uploads\/2023\/10\/Firmenbuch_Thomas-Krainz_II.pdf\" target=\"_blank\" rel=\"noreferrer noopener\">Firmenbuch_Thomas Krainz_II<\/a><\/p>\n<p><\/p>\n","protected":false},"excerpt":{"rendered":"<div class=\"mh-excerpt\"><p>In St. Kanzian am Klopeiner See soll eine Therme gebaut werden. Die damit in Zusammenhang stehenden Firmen geh\u00f6ren direkt oder indirekt teilweise dem SP\u00d6-B\u00fcrgermeister Thomas Krainz, seiner Frau und seinem Vize. Einer Pensionistin kaufte Krainz 2020 ein Waldgr\u00fcndst\u00fcck in N\u00e4he der geplanten Therme um 1,39 Euro pro Quadratmeter ab. Er selbst wollte f\u00fcr seines mittelbar daneben jedoch satte 50 Euro f\u00fcr den Quadratmeter haben &#8211; 36 Mal mehr. Eine thermale Tiefenbohrung am Klopeiner See.   <a class=\"mh-excerpt-more\" href=\"https:\/\/www.mediapartizan.at\/?p=7130\" title=\"Die hei\u00dfen Thermalbad-Gesch\u00e4fte des B\u00fcrgermeisters von St. Kanzian\">[&#8230;]<\/a><\/p>\n<\/div>","protected":false},"author":2,"featured_media":7199,"comment_status":"open","ping_status":"open","sticky":false,"template":"","format":"standard","meta":{"inline_featured_image":false,"_jetpack_memberships_contains_paid_content":false,"footnotes":""},"categories":[480],"tags":[169,488,491,482,168,489,490,486,487,112,481,483],"class_list":{"0":"post-7130","1":"post","2":"type-post","3":"status-publish","4":"format-standard","5":"has-post-thumbnail","7":"category-gemeinden","8":"tag-franz-peter-orasch","9":"tag-grundstuecksdeals","10":"tag-klopein","11":"tag-klopeiner-see","12":"tag-lilihill","13":"tag-martin-merlitsch","14":"tag-merlrose","15":"tag-ortskaiser","16":"tag-oskar-preinig","17":"tag-spoe","18":"tag-st-kanzian","19":"tag-therme"},"yoast_head":"<!-- This site is optimized with the Yoast SEO plugin v20.10 - https:\/\/yoast.com\/wordpress\/plugins\/seo\/ -->\n<title>Die hei\u00dfen Thermalbad-Gesch\u00e4fte des B\u00fcrgermeisters von St. Kanzian - Mediapartizan.at<\/title>\n<meta name=\"robots\" content=\"index, follow, max-snippet:-1, max-image-preview:large, max-video-preview:-1\" \/>\n<link rel=\"canonical\" href=\"https:\/\/www.mediapartizan.at\/?p=7130\" \/>\n<meta property=\"og:locale\" content=\"de_DE\" \/>\n<meta property=\"og:type\" content=\"article\" \/>\n<meta property=\"og:title\" content=\"Die hei\u00dfen Thermalbad-Gesch\u00e4fte des B\u00fcrgermeisters von St. Kanzian - Mediapartizan.at\" \/>\n<meta property=\"og:description\" content=\"In St. Kanzian am Klopeiner See soll eine Therme gebaut werden. Die damit in Zusammenhang stehenden Firmen geh\u00f6ren direkt oder indirekt teilweise dem SP\u00d6-B\u00fcrgermeister Thomas Krainz, seiner Frau und seinem Vize. Einer Pensionistin kaufte Krainz 2020 ein Waldgr\u00fcndst\u00fcck in N\u00e4he der geplanten Therme um 1,39 Euro pro Quadratmeter ab. Er selbst wollte f\u00fcr seines mittelbar daneben jedoch satte 50 Euro f\u00fcr den Quadratmeter haben - 36 Mal mehr. Eine thermale Tiefenbohrung am Klopeiner See.  [...]\" \/>\n<meta property=\"og:url\" content=\"https:\/\/www.mediapartizan.at\/?p=7130\" \/>\n<meta property=\"og:site_name\" content=\"Mediapartizan.at\" \/>\n<meta property=\"article:published_time\" content=\"2023-10-25T10:47:08+00:00\" \/>\n<meta property=\"article:modified_time\" content=\"2023-12-15T16:47:34+00:00\" \/>\n<meta property=\"og:image\" content=\"https:\/\/www.mediapartizan.at\/wp-content\/uploads\/2023\/10\/Thomas-Krainz_SPOe-1024x446.png\" \/>\n\t<meta property=\"og:image:width\" content=\"1024\" \/>\n\t<meta property=\"og:image:height\" content=\"446\" \/>\n\t<meta property=\"og:image:type\" content=\"image\/png\" \/>\n<meta name=\"author\" content=\"Franz Miklautz\" \/>\n<meta name=\"twitter:card\" content=\"summary_large_image\" \/>\n<meta name=\"twitter:label1\" content=\"Verfasst von\" \/>\n\t<meta name=\"twitter:data1\" content=\"Franz Miklautz\" \/>\n\t<meta name=\"twitter:label2\" content=\"Gesch\u00e4tzte Lesezeit\" \/>\n\t<meta name=\"twitter:data2\" content=\"16\u00a0Minuten\" \/>\n<script type=\"application\/ld+json\" class=\"yoast-schema-graph\">{\"@context\":\"https:\/\/schema.org\",\"@graph\":[{\"@type\":\"WebPage\",\"@id\":\"https:\/\/www.mediapartizan.at\/?p=7130\",\"url\":\"https:\/\/www.mediapartizan.at\/?p=7130\",\"name\":\"Die hei\u00dfen Thermalbad-Gesch\u00e4fte des B\u00fcrgermeisters von St. Kanzian - Mediapartizan.at\",\"isPartOf\":{\"@id\":\"https:\/\/www.mediapartizan.at\/#website\"},\"datePublished\":\"2023-10-25T10:47:08+00:00\",\"dateModified\":\"2023-12-15T16:47:34+00:00\",\"author\":{\"@id\":\"https:\/\/www.mediapartizan.at\/#\/schema\/person\/f6bd7eb8222f2fe985c78d08f17ed7a9\"},\"breadcrumb\":{\"@id\":\"https:\/\/www.mediapartizan.at\/?p=7130#breadcrumb\"},\"inLanguage\":\"de\",\"potentialAction\":[{\"@type\":\"ReadAction\",\"target\":[\"https:\/\/www.mediapartizan.at\/?p=7130\"]}]},{\"@type\":\"BreadcrumbList\",\"@id\":\"https:\/\/www.mediapartizan.at\/?p=7130#breadcrumb\",\"itemListElement\":[{\"@type\":\"ListItem\",\"position\":1,\"name\":\"Startseite\",\"item\":\"https:\/\/www.mediapartizan.at\/\"},{\"@type\":\"ListItem\",\"position\":2,\"name\":\"Die hei\u00dfen Thermalbad-Gesch\u00e4fte des B\u00fcrgermeisters von St. Kanzian\"}]},{\"@type\":\"WebSite\",\"@id\":\"https:\/\/www.mediapartizan.at\/#website\",\"url\":\"https:\/\/www.mediapartizan.at\/\",\"name\":\"Mediapartizan.at\",\"description\":\"\",\"potentialAction\":[{\"@type\":\"SearchAction\",\"target\":{\"@type\":\"EntryPoint\",\"urlTemplate\":\"https:\/\/www.mediapartizan.at\/?s={search_term_string}\"},\"query-input\":\"required name=search_term_string\"}],\"inLanguage\":\"de\"},{\"@type\":\"Person\",\"@id\":\"https:\/\/www.mediapartizan.at\/#\/schema\/person\/f6bd7eb8222f2fe985c78d08f17ed7a9\",\"name\":\"Franz Miklautz\",\"image\":{\"@type\":\"ImageObject\",\"inLanguage\":\"de\",\"@id\":\"https:\/\/www.mediapartizan.at\/#\/schema\/person\/image\/\",\"url\":\"https:\/\/secure.gravatar.com\/avatar\/5618667e9a7ab3fa3e1a0c75987c8d0c111ad041167e738d67ac0846e54e195e?s=96&d=mm&r=g\",\"contentUrl\":\"https:\/\/secure.gravatar.com\/avatar\/5618667e9a7ab3fa3e1a0c75987c8d0c111ad041167e738d67ac0846e54e195e?s=96&d=mm&r=g\",\"caption\":\"Franz Miklautz\"},\"url\":\"https:\/\/www.mediapartizan.at\/?author=2\"}]}<\/script>\n<!-- \/ Yoast SEO plugin. -->","yoast_head_json":{"title":"Die hei\u00dfen Thermalbad-Gesch\u00e4fte des B\u00fcrgermeisters von St. Kanzian - Mediapartizan.at","robots":{"index":"index","follow":"follow","max-snippet":"max-snippet:-1","max-image-preview":"max-image-preview:large","max-video-preview":"max-video-preview:-1"},"canonical":"https:\/\/www.mediapartizan.at\/?p=7130","og_locale":"de_DE","og_type":"article","og_title":"Die hei\u00dfen Thermalbad-Gesch\u00e4fte des B\u00fcrgermeisters von St. Kanzian - Mediapartizan.at","og_description":"In St. Kanzian am Klopeiner See soll eine Therme gebaut werden. Die damit in Zusammenhang stehenden Firmen geh\u00f6ren direkt oder indirekt teilweise dem SP\u00d6-B\u00fcrgermeister Thomas Krainz, seiner Frau und seinem Vize. Einer Pensionistin kaufte Krainz 2020 ein Waldgr\u00fcndst\u00fcck in N\u00e4he der geplanten Therme um 1,39 Euro pro Quadratmeter ab. Er selbst wollte f\u00fcr seines mittelbar daneben jedoch satte 50 Euro f\u00fcr den Quadratmeter haben - 36 Mal mehr. Eine thermale Tiefenbohrung am Klopeiner See.  [...]","og_url":"https:\/\/www.mediapartizan.at\/?p=7130","og_site_name":"Mediapartizan.at","article_published_time":"2023-10-25T10:47:08+00:00","article_modified_time":"2023-12-15T16:47:34+00:00","og_image":[{"width":1024,"height":446,"url":"https:\/\/www.mediapartizan.at\/wp-content\/uploads\/2023\/10\/Thomas-Krainz_SPOe-1024x446.png","type":"image\/png"}],"author":"Franz Miklautz","twitter_card":"summary_large_image","twitter_misc":{"Verfasst von":"Franz Miklautz","Gesch\u00e4tzte Lesezeit":"16\u00a0Minuten"},"schema":{"@context":"https:\/\/schema.org","@graph":[{"@type":"WebPage","@id":"https:\/\/www.mediapartizan.at\/?p=7130","url":"https:\/\/www.mediapartizan.at\/?p=7130","name":"Die hei\u00dfen Thermalbad-Gesch\u00e4fte des B\u00fcrgermeisters von St. Kanzian - Mediapartizan.at","isPartOf":{"@id":"https:\/\/www.mediapartizan.at\/#website"},"datePublished":"2023-10-25T10:47:08+00:00","dateModified":"2023-12-15T16:47:34+00:00","author":{"@id":"https:\/\/www.mediapartizan.at\/#\/schema\/person\/f6bd7eb8222f2fe985c78d08f17ed7a9"},"breadcrumb":{"@id":"https:\/\/www.mediapartizan.at\/?p=7130#breadcrumb"},"inLanguage":"de","potentialAction":[{"@type":"ReadAction","target":["https:\/\/www.mediapartizan.at\/?p=7130"]}]},{"@type":"BreadcrumbList","@id":"https:\/\/www.mediapartizan.at\/?p=7130#breadcrumb","itemListElement":[{"@type":"ListItem","position":1,"name":"Startseite","item":"https:\/\/www.mediapartizan.at\/"},{"@type":"ListItem","position":2,"name":"Die hei\u00dfen Thermalbad-Gesch\u00e4fte des B\u00fcrgermeisters von St. Kanzian"}]},{"@type":"WebSite","@id":"https:\/\/www.mediapartizan.at\/#website","url":"https:\/\/www.mediapartizan.at\/","name":"Mediapartizan.at","description":"","potentialAction":[{"@type":"SearchAction","target":{"@type":"EntryPoint","urlTemplate":"https:\/\/www.mediapartizan.at\/?s={search_term_string}"},"query-input":"required name=search_term_string"}],"inLanguage":"de"},{"@type":"Person","@id":"https:\/\/www.mediapartizan.at\/#\/schema\/person\/f6bd7eb8222f2fe985c78d08f17ed7a9","name":"Franz Miklautz","image":{"@type":"ImageObject","inLanguage":"de","@id":"https:\/\/www.mediapartizan.at\/#\/schema\/person\/image\/","url":"https:\/\/secure.gravatar.com\/avatar\/5618667e9a7ab3fa3e1a0c75987c8d0c111ad041167e738d67ac0846e54e195e?s=96&d=mm&r=g","contentUrl":"https:\/\/secure.gravatar.com\/avatar\/5618667e9a7ab3fa3e1a0c75987c8d0c111ad041167e738d67ac0846e54e195e?s=96&d=mm&r=g","caption":"Franz Miklautz"},"url":"https:\/\/www.mediapartizan.at\/?author=2"}]}},"jetpack_featured_media_url":"https:\/\/i0.wp.com\/www.mediapartizan.at\/wp-content\/uploads\/2023\/10\/Thomas-Krainz_SPOe.png?fit=2376%2C1036&ssl=1","jetpack_sharing_enabled":true,"_links":{"self":[{"href":"https:\/\/www.mediapartizan.at\/index.php?rest_route=\/wp\/v2\/posts\/7130","targetHints":{"allow":["GET"]}}],"collection":[{"href":"https:\/\/www.mediapartizan.at\/index.php?rest_route=\/wp\/v2\/posts"}],"about":[{"href":"https:\/\/www.mediapartizan.at\/index.php?rest_route=\/wp\/v2\/types\/post"}],"author":[{"embeddable":true,"href":"https:\/\/www.mediapartizan.at\/index.php?rest_route=\/wp\/v2\/users\/2"}],"replies":[{"embeddable":true,"href":"https:\/\/www.mediapartizan.at\/index.php?rest_route=%2Fwp%2Fv2%2Fcomments&post=7130"}],"version-history":[{"count":48,"href":"https:\/\/www.mediapartizan.at\/index.php?rest_route=\/wp\/v2\/posts\/7130\/revisions"}],"predecessor-version":[{"id":7840,"href":"https:\/\/www.mediapartizan.at\/index.php?rest_route=\/wp\/v2\/posts\/7130\/revisions\/7840"}],"wp:featuredmedia":[{"embeddable":true,"href":"https:\/\/www.mediapartizan.at\/index.php?rest_route=\/wp\/v2\/media\/7199"}],"wp:attachment":[{"href":"https:\/\/www.mediapartizan.at\/index.php?rest_route=%2Fwp%2Fv2%2Fmedia&parent=7130"}],"wp:term":[{"taxonomy":"category","embeddable":true,"href":"https:\/\/www.mediapartizan.at\/index.php?rest_route=%2Fwp%2Fv2%2Fcategories&post=7130"},{"taxonomy":"post_tag","embeddable":true,"href":"https:\/\/www.mediapartizan.at\/index.php?rest_route=%2Fwp%2Fv2%2Ftags&post=7130"}],"curies":[{"name":"wp","href":"https:\/\/api.w.org\/{rel}","templated":true}]}}