{"id":7221,"date":"2023-10-25T22:47:59","date_gmt":"2023-10-25T20:47:59","guid":{"rendered":"https:\/\/www.mediapartizan.at\/?p=7221"},"modified":"2023-11-14T16:52:14","modified_gmt":"2023-11-14T15:52:14","slug":"stadt-oder-hallenbad-beide-koennten-baden-gehen","status":"publish","type":"post","link":"https:\/\/www.mediapartizan.at\/?p=7221","title":{"rendered":"Stadt oder Hallenbad: Beide k\u00f6nnten baden gehen"},"content":{"rendered":"<p><\/p>\n<p>Dass es um die Finanzen der Stadt Klagenfurt suboptimal bestellt ist, ist kein Geheimnis. Dass aber f\u00fchrende Mitarbeiter der Stadt vor einer Pleite warnen, ist neu. Das taten drei F\u00fchrungskr\u00e4fte heute gegen\u00fcber der Politik. Finanzchef Christoph Wutte und Rechnungswesen-Leiter Klaus Thuller sandten flankiert von Magistratsdirektor Peter Jost der Stadtpolitik von B\u00fcrgermeister Christian Scheider abw\u00e4rts einen Warnbrief. Die &#8222;Kleine Zeitung&#8220; berichtete auch dar\u00fcber.<\/p>\n<p><\/p>\n<p><\/p>\n<p><strong>Hallenbad &#8222;zu stoppen bzw. zu verschieben&#8220;<\/strong><\/p>\n<p><\/p>\n<p><\/p>\n<p>Darin empfehlen die Drei ausdr\u00fccklich, dass &#8222;Gro\u00dfprojekte, welche sich noch in der Planungsphase befinden, unmittelbar zu stoppen bzw. zu verschieben sind&#8220;. Davon betroffen w\u00e4re etwa das geplante neue Hallenbad am S\u00fcdring, f\u00fcr das 50 Millionen Euro (fremdfinanziert; endf\u00e4llig nach 30 Jahren) reserviert sind. Das bedeutet nichts anderes als dass die finanzielle Lage der Stadt derart prek\u00e4r ist, dass sie h\u00f6chstwahrscheinlich f\u00fcr das n\u00e4chste Jahr kein Budget erstellen wird k\u00f6nnen. Die Situation ist dramatisch.<\/p>\n<p><\/p>\n<p><\/p>\n<p><strong>Hallenbad-Millionen sollen umgewidmet werden<\/strong><\/p>\n<p><\/p>\n<p><\/p>\n<p>Mit den Hallenbad-Millionen sollen stattdessen die Finanzl\u00f6cher in der Stadt gestopft werden. Wutte und Thuller orten einen Konsolidierungsbedarf von mindestens 39 Millionen Euro. Sie weisen &#8211; diplomatisch, jedoch energisch &#8211; darauf hin, dass es bereits mehrfach Budgetklausuren gegeben habe, in denen eine &#8222;Haushaltskonsolidierung gefordert wurde&#8220;. Passiert ist nichts, im Gegenteil. Deshalb sei der Hallenbadkredit &#8222;zur Ausfinanzierung des laufenden, in Umsetzung befindlichen Projekthaushalts umzuwidmen&#8220;. Das h\u00e4tte zur Folge, dass das Sportbad nicht oder nicht in der jetzigen Form gebaut werden k\u00f6nnte.<\/p>\n<p><\/p>\n<p><\/p>\n<p><strong>Zw\u00f6lftelregelung ziemlich sicher<\/strong><\/p>\n<p><\/p>\n<p><\/p>\n<p>Wie ernst es Thuller und Wutte meinen, steht am Schluss des Briefes: Sie &#8222;empfehlen f\u00fcr das Haushaltsjahr 2024 ein Budgetprovisorium gem\u00e4\u00df \u00a7 85 Klagenfurter Stadtrecht&#8220;. Das bedeutet nichts anderes als die vielgef\u00fcrchtete Zw\u00f6lftelregelung. Hei\u00dft: &#8222;Mittelverwendungen d\u00fcrfen innerhalb eines Monats ein Zw\u00f6lftel der im Voranschlag des Vorjahres festgestellten Mittelverwendungen nicht \u00fcbersteigen, sofern es sich nicht um termingem\u00e4\u00df zu leistende Verpflichtungen handelt.&#8220; <\/p>\n<p><\/p>\n","protected":false},"excerpt":{"rendered":"<div class=\"mh-excerpt\"><p>Drastische Warnung: F\u00fchrungskr\u00e4fte der Stadt Klagenfurt warnen Politik vor drohender Pleite. Das Hallenbad sollte in seiner derzeit geplanten Form nicht mehr gebaut werden. Gewidmeter Millionenkredit soll zum L\u00f6cher-Stopfen herangezogen werden.  <a class=\"mh-excerpt-more\" href=\"https:\/\/www.mediapartizan.at\/?p=7221\" title=\"Stadt oder Hallenbad: Beide k\u00f6nnten baden gehen\">[&#8230;]<\/a><\/p>\n<\/div>","protected":false},"author":2,"featured_media":7223,"comment_status":"open","ping_status":"open","sticky":false,"template":"","format":"standard","meta":{"inline_featured_image":false,"_jetpack_memberships_contains_paid_content":false,"footnotes":""},"categories":[143],"tags":[367,156],"class_list":{"0":"post-7221","1":"post","2":"type-post","3":"status-publish","4":"format-standard","5":"has-post-thumbnail","7":"category-stadt-klagenfurt","8":"tag-budget","9":"tag-klagenfurt"},"yoast_head":"<!-- This site is optimized with the Yoast SEO plugin v20.10 - https:\/\/yoast.com\/wordpress\/plugins\/seo\/ -->\n<title>Stadt oder Hallenbad: Beide k\u00f6nnten baden gehen - Mediapartizan.at<\/title>\n<meta name=\"robots\" content=\"index, follow, max-snippet:-1, max-image-preview:large, max-video-preview:-1\" \/>\n<link rel=\"canonical\" href=\"https:\/\/www.mediapartizan.at\/?p=7221\" \/>\n<meta property=\"og:locale\" content=\"de_DE\" \/>\n<meta property=\"og:type\" content=\"article\" \/>\n<meta property=\"og:title\" content=\"Stadt oder Hallenbad: Beide k\u00f6nnten baden gehen - Mediapartizan.at\" \/>\n<meta property=\"og:description\" content=\"Drastische Warnung: F\u00fchrungskr\u00e4fte der Stadt Klagenfurt warnen Politik vor drohender Pleite. Das Hallenbad sollte in seiner derzeit geplanten Form nicht mehr gebaut werden. Gewidmeter Millionenkredit soll zum L\u00f6cher-Stopfen herangezogen werden. [...]\" \/>\n<meta property=\"og:url\" content=\"https:\/\/www.mediapartizan.at\/?p=7221\" \/>\n<meta property=\"og:site_name\" content=\"Mediapartizan.at\" \/>\n<meta property=\"article:published_time\" content=\"2023-10-25T20:47:59+00:00\" \/>\n<meta property=\"article:modified_time\" content=\"2023-11-14T15:52:14+00:00\" \/>\n<meta property=\"og:image\" content=\"https:\/\/www.mediapartizan.at\/wp-content\/uploads\/2023\/10\/HB.001.jpeg\" \/>\n\t<meta property=\"og:image:width\" content=\"1920\" \/>\n\t<meta property=\"og:image:height\" content=\"1080\" \/>\n\t<meta property=\"og:image:type\" content=\"image\/jpeg\" \/>\n<meta name=\"author\" content=\"Franz Miklautz\" \/>\n<meta name=\"twitter:card\" content=\"summary_large_image\" \/>\n<meta name=\"twitter:label1\" content=\"Verfasst von\" \/>\n\t<meta name=\"twitter:data1\" content=\"Franz Miklautz\" \/>\n\t<meta name=\"twitter:label2\" content=\"Gesch\u00e4tzte Lesezeit\" \/>\n\t<meta name=\"twitter:data2\" content=\"2\u00a0Minuten\" \/>\n<script type=\"application\/ld+json\" class=\"yoast-schema-graph\">{\"@context\":\"https:\/\/schema.org\",\"@graph\":[{\"@type\":\"WebPage\",\"@id\":\"https:\/\/www.mediapartizan.at\/?p=7221\",\"url\":\"https:\/\/www.mediapartizan.at\/?p=7221\",\"name\":\"Stadt oder Hallenbad: Beide k\u00f6nnten baden gehen - Mediapartizan.at\",\"isPartOf\":{\"@id\":\"https:\/\/www.mediapartizan.at\/#website\"},\"datePublished\":\"2023-10-25T20:47:59+00:00\",\"dateModified\":\"2023-11-14T15:52:14+00:00\",\"author\":{\"@id\":\"https:\/\/www.mediapartizan.at\/#\/schema\/person\/f6bd7eb8222f2fe985c78d08f17ed7a9\"},\"breadcrumb\":{\"@id\":\"https:\/\/www.mediapartizan.at\/?p=7221#breadcrumb\"},\"inLanguage\":\"de\",\"potentialAction\":[{\"@type\":\"ReadAction\",\"target\":[\"https:\/\/www.mediapartizan.at\/?p=7221\"]}]},{\"@type\":\"BreadcrumbList\",\"@id\":\"https:\/\/www.mediapartizan.at\/?p=7221#breadcrumb\",\"itemListElement\":[{\"@type\":\"ListItem\",\"position\":1,\"name\":\"Startseite\",\"item\":\"https:\/\/www.mediapartizan.at\/\"},{\"@type\":\"ListItem\",\"position\":2,\"name\":\"Stadt oder Hallenbad: Beide k\u00f6nnten baden gehen\"}]},{\"@type\":\"WebSite\",\"@id\":\"https:\/\/www.mediapartizan.at\/#website\",\"url\":\"https:\/\/www.mediapartizan.at\/\",\"name\":\"Mediapartizan.at\",\"description\":\"\",\"potentialAction\":[{\"@type\":\"SearchAction\",\"target\":{\"@type\":\"EntryPoint\",\"urlTemplate\":\"https:\/\/www.mediapartizan.at\/?s={search_term_string}\"},\"query-input\":\"required name=search_term_string\"}],\"inLanguage\":\"de\"},{\"@type\":\"Person\",\"@id\":\"https:\/\/www.mediapartizan.at\/#\/schema\/person\/f6bd7eb8222f2fe985c78d08f17ed7a9\",\"name\":\"Franz Miklautz\",\"image\":{\"@type\":\"ImageObject\",\"inLanguage\":\"de\",\"@id\":\"https:\/\/www.mediapartizan.at\/#\/schema\/person\/image\/\",\"url\":\"https:\/\/secure.gravatar.com\/avatar\/5618667e9a7ab3fa3e1a0c75987c8d0c111ad041167e738d67ac0846e54e195e?s=96&d=mm&r=g\",\"contentUrl\":\"https:\/\/secure.gravatar.com\/avatar\/5618667e9a7ab3fa3e1a0c75987c8d0c111ad041167e738d67ac0846e54e195e?s=96&d=mm&r=g\",\"caption\":\"Franz Miklautz\"},\"url\":\"https:\/\/www.mediapartizan.at\/?author=2\"}]}<\/script>\n<!-- \/ Yoast SEO plugin. -->","yoast_head_json":{"title":"Stadt oder Hallenbad: Beide k\u00f6nnten baden gehen - Mediapartizan.at","robots":{"index":"index","follow":"follow","max-snippet":"max-snippet:-1","max-image-preview":"max-image-preview:large","max-video-preview":"max-video-preview:-1"},"canonical":"https:\/\/www.mediapartizan.at\/?p=7221","og_locale":"de_DE","og_type":"article","og_title":"Stadt oder Hallenbad: Beide k\u00f6nnten baden gehen - Mediapartizan.at","og_description":"Drastische Warnung: F\u00fchrungskr\u00e4fte der Stadt Klagenfurt warnen Politik vor drohender Pleite. Das Hallenbad sollte in seiner derzeit geplanten Form nicht mehr gebaut werden. Gewidmeter Millionenkredit soll zum L\u00f6cher-Stopfen herangezogen werden. [...]","og_url":"https:\/\/www.mediapartizan.at\/?p=7221","og_site_name":"Mediapartizan.at","article_published_time":"2023-10-25T20:47:59+00:00","article_modified_time":"2023-11-14T15:52:14+00:00","og_image":[{"width":1920,"height":1080,"url":"https:\/\/www.mediapartizan.at\/wp-content\/uploads\/2023\/10\/HB.001.jpeg","type":"image\/jpeg"}],"author":"Franz Miklautz","twitter_card":"summary_large_image","twitter_misc":{"Verfasst von":"Franz Miklautz","Gesch\u00e4tzte Lesezeit":"2\u00a0Minuten"},"schema":{"@context":"https:\/\/schema.org","@graph":[{"@type":"WebPage","@id":"https:\/\/www.mediapartizan.at\/?p=7221","url":"https:\/\/www.mediapartizan.at\/?p=7221","name":"Stadt oder Hallenbad: Beide k\u00f6nnten baden gehen - Mediapartizan.at","isPartOf":{"@id":"https:\/\/www.mediapartizan.at\/#website"},"datePublished":"2023-10-25T20:47:59+00:00","dateModified":"2023-11-14T15:52:14+00:00","author":{"@id":"https:\/\/www.mediapartizan.at\/#\/schema\/person\/f6bd7eb8222f2fe985c78d08f17ed7a9"},"breadcrumb":{"@id":"https:\/\/www.mediapartizan.at\/?p=7221#breadcrumb"},"inLanguage":"de","potentialAction":[{"@type":"ReadAction","target":["https:\/\/www.mediapartizan.at\/?p=7221"]}]},{"@type":"BreadcrumbList","@id":"https:\/\/www.mediapartizan.at\/?p=7221#breadcrumb","itemListElement":[{"@type":"ListItem","position":1,"name":"Startseite","item":"https:\/\/www.mediapartizan.at\/"},{"@type":"ListItem","position":2,"name":"Stadt oder Hallenbad: Beide k\u00f6nnten baden gehen"}]},{"@type":"WebSite","@id":"https:\/\/www.mediapartizan.at\/#website","url":"https:\/\/www.mediapartizan.at\/","name":"Mediapartizan.at","description":"","potentialAction":[{"@type":"SearchAction","target":{"@type":"EntryPoint","urlTemplate":"https:\/\/www.mediapartizan.at\/?s={search_term_string}"},"query-input":"required name=search_term_string"}],"inLanguage":"de"},{"@type":"Person","@id":"https:\/\/www.mediapartizan.at\/#\/schema\/person\/f6bd7eb8222f2fe985c78d08f17ed7a9","name":"Franz Miklautz","image":{"@type":"ImageObject","inLanguage":"de","@id":"https:\/\/www.mediapartizan.at\/#\/schema\/person\/image\/","url":"https:\/\/secure.gravatar.com\/avatar\/5618667e9a7ab3fa3e1a0c75987c8d0c111ad041167e738d67ac0846e54e195e?s=96&d=mm&r=g","contentUrl":"https:\/\/secure.gravatar.com\/avatar\/5618667e9a7ab3fa3e1a0c75987c8d0c111ad041167e738d67ac0846e54e195e?s=96&d=mm&r=g","caption":"Franz Miklautz"},"url":"https:\/\/www.mediapartizan.at\/?author=2"}]}},"jetpack_featured_media_url":"https:\/\/i0.wp.com\/www.mediapartizan.at\/wp-content\/uploads\/2023\/10\/HB.001.jpeg?fit=1920%2C1080&ssl=1","jetpack_sharing_enabled":true,"_links":{"self":[{"href":"https:\/\/www.mediapartizan.at\/index.php?rest_route=\/wp\/v2\/posts\/7221","targetHints":{"allow":["GET"]}}],"collection":[{"href":"https:\/\/www.mediapartizan.at\/index.php?rest_route=\/wp\/v2\/posts"}],"about":[{"href":"https:\/\/www.mediapartizan.at\/index.php?rest_route=\/wp\/v2\/types\/post"}],"author":[{"embeddable":true,"href":"https:\/\/www.mediapartizan.at\/index.php?rest_route=\/wp\/v2\/users\/2"}],"replies":[{"embeddable":true,"href":"https:\/\/www.mediapartizan.at\/index.php?rest_route=%2Fwp%2Fv2%2Fcomments&post=7221"}],"version-history":[{"count":10,"href":"https:\/\/www.mediapartizan.at\/index.php?rest_route=\/wp\/v2\/posts\/7221\/revisions"}],"predecessor-version":[{"id":7362,"href":"https:\/\/www.mediapartizan.at\/index.php?rest_route=\/wp\/v2\/posts\/7221\/revisions\/7362"}],"wp:featuredmedia":[{"embeddable":true,"href":"https:\/\/www.mediapartizan.at\/index.php?rest_route=\/wp\/v2\/media\/7223"}],"wp:attachment":[{"href":"https:\/\/www.mediapartizan.at\/index.php?rest_route=%2Fwp%2Fv2%2Fmedia&parent=7221"}],"wp:term":[{"taxonomy":"category","embeddable":true,"href":"https:\/\/www.mediapartizan.at\/index.php?rest_route=%2Fwp%2Fv2%2Fcategories&post=7221"},{"taxonomy":"post_tag","embeddable":true,"href":"https:\/\/www.mediapartizan.at\/index.php?rest_route=%2Fwp%2Fv2%2Ftags&post=7221"}],"curies":[{"name":"wp","href":"https:\/\/api.w.org\/{rel}","templated":true}]}}