{"id":7446,"date":"2023-11-26T19:16:52","date_gmt":"2023-11-26T18:16:52","guid":{"rendered":"https:\/\/www.mediapartizan.at\/?p=7446"},"modified":"2023-11-26T23:32:46","modified_gmt":"2023-11-26T22:32:46","slug":"der-klagenfurter-magistratsdirektor-peter-jost-steht-offenbar-kurz-vor-dienstfreistellung","status":"publish","type":"post","link":"https:\/\/www.mediapartizan.at\/?p=7446","title":{"rendered":"Der Klagenfurter Magistratsdirektor Peter Jost steht offenbar vor Dienstfreistellung"},"content":{"rendered":"<p><\/p>\n<p class=\"has-text-align-right\"><strong>Developing Story<\/strong><\/p>\n<p><\/p>\n<p><\/p>\n<p>Von der Ver\u00f6ffentlichung der \u00fcppigen \u00dcberstundengelder, die der Klagenfurter Magistratsdirektor der Stadt Klagenfurt verrechnet hatte (f\u00fcr die er auch Leistung erbrachte) und die im Februar im K\u00e4rntner MONAT ver\u00f6ffentlicht wurden bis heute sind zehn Monate vergangen. Zehn Monate, in denen die Stadt Klagenfurt von einem Wirbel in den n\u00e4chsten taumelte und zahlreiche skandaltaugliche Aff\u00e4ren produzierte. Nun steht Jost offenbar vor einer Dienstfreistellung. B\u00fcrgermeister Christian Scheider will diese, wie Insider berichten, n\u00e4chste Woche aussprechen. Derzeit laufen Krisengespr\u00e4che im Klagenfurter Rathaus. Scheider lud andere Parteien zu Gespr\u00e4chen. <\/p>\n<p><\/p>\n<p><\/p>\n<p><strong>Abberufung steht im Raum<\/strong><\/p>\n<p><\/p>\n<p><\/p>\n<p>Kenntnistr\u00e4ger gehen davon aus, dass n\u00e4chste Woche ein Gemeinderat einberufen wird, in dem die Dienstfreistellung Josts ganz oben auf der Tagesordnung stehen soll. SP\u00d6, FP\u00d6 und Neos fordern seit Monaten Josts Abberufung. Diese wird nur mehr als Frage der Zeit gehandelt.<\/p>\n<p><\/p>\n<p><\/p>\n<p><strong>Staatsanwaltschaft ermittelt gegen Scheider, Jost und Jonke<\/strong><\/p>\n<p><\/p>\n<p><\/p>\n<p>Der Magistrat wankte unter Josts dienstlicher und Scheiders politischer F\u00fchrung im heurigen Jahr von einem Schlamassel in den n\u00e4chsten. Josts \u00dcberstunden und jene von Scheiders B\u00fcroleiter Patrick Jonke sind Gegenstand von Justizermittlungen. Beide sind im Beschuldigtenstatus. F\u00fcr sie gilt die Unschuldsvermutung. Der ber\u00fchmte Tropfen, der das Fass offenbar zum \u00dcberlaufen brachte, war die \u00d6ffnung von Mailboxen von Rathausmitarbeitern und Politikern, wie der rote Vizeb\u00fcrgermeister Philipp Liesnig Freitag aufzeigte. Selbst gegen Scheider ermittelt die Staatsanwaltschaft wegen des Verdachts des Amtsmissbrauchs. Auch f\u00fcr ihn gilt die Unschuldsvermutung.<\/p>\n<p><\/p>\n<p><\/p>\n<p><strong>Actus contrarius<\/strong><\/p>\n<p><\/p>\n<p><\/p>\n<p>Der weitere Fahrplan k\u00f6nnte derart sein, dass eine der Parteien oder mehrere einen Abberufungsantrag stellt oder stellen, womit Jost sein Amt vom Gemeinderat abgenommen werden w\u00fcrde. Es ist mit heftiger Gegenwehr Josts zu rechnen, aber im Sinne des <em>actus contrarius<\/em> w\u00fcrde die Abberufung durch den Gemeinderat wohl durchgehen, schlie\u00dflich hat ihn dieser vor 20 Jahren auch berufen.<\/p>\n<p><\/p>\n<p><\/p>\n<p>Der Unterschied zwischen Dienstfreistellung und Suspendierung, so ein Personalexperte, ist, dass Jost bei einer Freistellung seine Gage weiter beh\u00e4lt. Bei einer Suspendierung allerdings nur zwei Drittel erhalten w\u00fcrde.<\/p>\n<p><\/p>\n<p><\/p>\n<p><strong>Scheider in der Bredouille<\/strong><\/p>\n<p><\/p>\n<p><\/p>\n<p>Eine, vor allem f\u00fcr Stadtchef Christian Scheider, brenzlige Frage steht nun jedoch umso mehr im Raum: Scheider hatte Jost vor fast genau einem Jahr \u00fcber sein Pensionsregelalter hinaus dienstverl\u00e4ngert. Also bis 67. Jost ist dieses Jahr 65 geworden. Der &#8222;Magi&#8220;, wie Jost intern genannt wird, k\u00f6nnte versuchen, seine Anspr\u00fcche durchzufechten. Hat er damit Erfolg, ereilt Scheider ein Hunderttausende Euro teures D\u00e9j\u00e0-vu: Jost h\u00e4tte zumindest Anspruch auf einen Teil seiner Gage, im schlimmsten Fall k\u00e4mpft er sich zur\u00fcck. Wie 2013. Da hatte ihn Scheider in seiner ersten Amtszeit schon einmal suspendiert. Wegen einer Zulagenaff\u00e4re. Doch Jost kam rehabilitiert zur\u00fcck. F\u00fcr Scheider keine guten Voraussetzungen.<\/p>\n<p><\/p>\n<p><\/p>\n<h2 class=\"wp-block-heading\"><strong>20.50 Uhr Update: Ereignisse \u00fcberschlagen sich<\/strong><\/h2>\n<p><\/p>\n<p><\/p>\n<p>Teilnehmer anderer Parteien an den Gespr\u00e4chen mit B\u00fcrgermeister Christian Scheider berichten, dass der Stadtchef einen Antrag zur Freistellung Josts zur Unterschrift vorgelegt habe. Das h\u00e4tte die SP\u00d6 aber abgelehnt. Jost solle ein Forum bekommen, in dem er Stellung nehmen kann. Man zielt offenbar darauf ab, dass Jost &#8222;auspackt&#8220;. <\/p>\n<p><\/p>\n<p><\/p>\n<h2 class=\"wp-block-heading\">Update 22.31 Uhr: Freistellung bis auf Widerruf nicht durch<\/h2>\n<p><\/p>\n<p><\/p>\n<p>Scheider informierte per sp\u00e4ter Presseaussendung, dass die SP\u00d6 die sofortige Abberufung Josts fordert. \u201eDie Verwunderung meinerseits ist gro\u00df, dass die SP\u00d6 die Dienstfreistellung heute nicht mittragen wollte.&#8220; Scheider will einen Sondergemeinderat einberufen, bei dem \u00fcber den SP\u00d6-Antrag auf sofortige Abberufung abgestimmt werden soll.<\/p>\n<p><\/p>\n<p><\/p>\n<p>Kommt es zur Abberufung, gibt es nur mehr eine Frage: Wen rei\u00dft Jost mit?<\/p>\n<p><\/p>\n","protected":false},"excerpt":{"rendered":"<div class=\"mh-excerpt\"><p>Im Klagenfurter Rathaus laufen Krisengespr\u00e4che. B\u00fcrgermeister Christian Scheider ergreift die Flucht nach vorn. Insider berichten von bevorstehender Dienstfreistellung von Magistratsdirektor Peter Jost. Update: Offenbar gibt es f\u00fcr eine rasche Freistellung keine Einigung mit anderen Parteien, die damit scheinbar Scheider unter Druck bringen m\u00f6chten. <a class=\"mh-excerpt-more\" href=\"https:\/\/www.mediapartizan.at\/?p=7446\" title=\"Der Klagenfurter Magistratsdirektor Peter Jost steht offenbar vor Dienstfreistellung\">[&#8230;]<\/a><\/p>\n<\/div>","protected":false},"author":2,"featured_media":5091,"comment_status":"open","ping_status":"open","sticky":false,"template":"","format":"standard","meta":{"inline_featured_image":false,"_jetpack_memberships_contains_paid_content":false,"footnotes":""},"categories":[143],"tags":[],"class_list":{"0":"post-7446","1":"post","2":"type-post","3":"status-publish","4":"format-standard","5":"has-post-thumbnail","7":"category-stadt-klagenfurt"},"yoast_head":"<!-- This site is optimized with the Yoast SEO plugin v20.10 - https:\/\/yoast.com\/wordpress\/plugins\/seo\/ -->\n<title>Der Klagenfurter Magistratsdirektor Peter Jost steht offenbar vor Dienstfreistellung - Mediapartizan.at<\/title>\n<meta name=\"robots\" content=\"index, follow, max-snippet:-1, max-image-preview:large, max-video-preview:-1\" \/>\n<link rel=\"canonical\" href=\"https:\/\/www.mediapartizan.at\/?p=7446\" \/>\n<meta property=\"og:locale\" content=\"de_DE\" \/>\n<meta property=\"og:type\" content=\"article\" \/>\n<meta property=\"og:title\" content=\"Der Klagenfurter Magistratsdirektor Peter Jost steht offenbar vor Dienstfreistellung - Mediapartizan.at\" \/>\n<meta property=\"og:description\" content=\"Im Klagenfurter Rathaus laufen Krisengespr\u00e4che. B\u00fcrgermeister Christian Scheider ergreift die Flucht nach vorn. Insider berichten von bevorstehender Dienstfreistellung von Magistratsdirektor Peter Jost. Update: Offenbar gibt es f\u00fcr eine rasche Freistellung keine Einigung mit anderen Parteien, die damit scheinbar Scheider unter Druck bringen m\u00f6chten. [...]\" \/>\n<meta property=\"og:url\" content=\"https:\/\/www.mediapartizan.at\/?p=7446\" \/>\n<meta property=\"og:site_name\" content=\"Mediapartizan.at\" \/>\n<meta property=\"article:published_time\" content=\"2023-11-26T18:16:52+00:00\" \/>\n<meta property=\"article:modified_time\" content=\"2023-11-26T22:32:46+00:00\" \/>\n<meta property=\"og:image\" content=\"https:\/\/www.mediapartizan.at\/wp-content\/uploads\/2022\/12\/Bildschirmfoto-2022-12-29-um-18.48.25.png\" \/>\n\t<meta property=\"og:image:width\" content=\"1058\" \/>\n\t<meta property=\"og:image:height\" content=\"626\" \/>\n\t<meta property=\"og:image:type\" content=\"image\/png\" \/>\n<meta name=\"author\" content=\"Franz Miklautz\" \/>\n<meta name=\"twitter:card\" content=\"summary_large_image\" \/>\n<meta name=\"twitter:label1\" content=\"Verfasst von\" \/>\n\t<meta name=\"twitter:data1\" content=\"Franz Miklautz\" \/>\n\t<meta name=\"twitter:label2\" content=\"Gesch\u00e4tzte Lesezeit\" \/>\n\t<meta name=\"twitter:data2\" content=\"4\u00a0Minuten\" \/>\n<script type=\"application\/ld+json\" class=\"yoast-schema-graph\">{\"@context\":\"https:\/\/schema.org\",\"@graph\":[{\"@type\":\"WebPage\",\"@id\":\"https:\/\/www.mediapartizan.at\/?p=7446\",\"url\":\"https:\/\/www.mediapartizan.at\/?p=7446\",\"name\":\"Der Klagenfurter Magistratsdirektor Peter Jost steht offenbar vor Dienstfreistellung - Mediapartizan.at\",\"isPartOf\":{\"@id\":\"https:\/\/www.mediapartizan.at\/#website\"},\"datePublished\":\"2023-11-26T18:16:52+00:00\",\"dateModified\":\"2023-11-26T22:32:46+00:00\",\"author\":{\"@id\":\"https:\/\/www.mediapartizan.at\/#\/schema\/person\/f6bd7eb8222f2fe985c78d08f17ed7a9\"},\"breadcrumb\":{\"@id\":\"https:\/\/www.mediapartizan.at\/?p=7446#breadcrumb\"},\"inLanguage\":\"de\",\"potentialAction\":[{\"@type\":\"ReadAction\",\"target\":[\"https:\/\/www.mediapartizan.at\/?p=7446\"]}]},{\"@type\":\"BreadcrumbList\",\"@id\":\"https:\/\/www.mediapartizan.at\/?p=7446#breadcrumb\",\"itemListElement\":[{\"@type\":\"ListItem\",\"position\":1,\"name\":\"Startseite\",\"item\":\"https:\/\/www.mediapartizan.at\/\"},{\"@type\":\"ListItem\",\"position\":2,\"name\":\"Der Klagenfurter Magistratsdirektor Peter Jost steht offenbar vor Dienstfreistellung\"}]},{\"@type\":\"WebSite\",\"@id\":\"https:\/\/www.mediapartizan.at\/#website\",\"url\":\"https:\/\/www.mediapartizan.at\/\",\"name\":\"Mediapartizan.at\",\"description\":\"\",\"potentialAction\":[{\"@type\":\"SearchAction\",\"target\":{\"@type\":\"EntryPoint\",\"urlTemplate\":\"https:\/\/www.mediapartizan.at\/?s={search_term_string}\"},\"query-input\":\"required name=search_term_string\"}],\"inLanguage\":\"de\"},{\"@type\":\"Person\",\"@id\":\"https:\/\/www.mediapartizan.at\/#\/schema\/person\/f6bd7eb8222f2fe985c78d08f17ed7a9\",\"name\":\"Franz Miklautz\",\"image\":{\"@type\":\"ImageObject\",\"inLanguage\":\"de\",\"@id\":\"https:\/\/www.mediapartizan.at\/#\/schema\/person\/image\/\",\"url\":\"https:\/\/secure.gravatar.com\/avatar\/5618667e9a7ab3fa3e1a0c75987c8d0c111ad041167e738d67ac0846e54e195e?s=96&d=mm&r=g\",\"contentUrl\":\"https:\/\/secure.gravatar.com\/avatar\/5618667e9a7ab3fa3e1a0c75987c8d0c111ad041167e738d67ac0846e54e195e?s=96&d=mm&r=g\",\"caption\":\"Franz Miklautz\"},\"url\":\"https:\/\/www.mediapartizan.at\/?author=2\"}]}<\/script>\n<!-- \/ Yoast SEO plugin. -->","yoast_head_json":{"title":"Der Klagenfurter Magistratsdirektor Peter Jost steht offenbar vor Dienstfreistellung - Mediapartizan.at","robots":{"index":"index","follow":"follow","max-snippet":"max-snippet:-1","max-image-preview":"max-image-preview:large","max-video-preview":"max-video-preview:-1"},"canonical":"https:\/\/www.mediapartizan.at\/?p=7446","og_locale":"de_DE","og_type":"article","og_title":"Der Klagenfurter Magistratsdirektor Peter Jost steht offenbar vor Dienstfreistellung - Mediapartizan.at","og_description":"Im Klagenfurter Rathaus laufen Krisengespr\u00e4che. B\u00fcrgermeister Christian Scheider ergreift die Flucht nach vorn. Insider berichten von bevorstehender Dienstfreistellung von Magistratsdirektor Peter Jost. Update: Offenbar gibt es f\u00fcr eine rasche Freistellung keine Einigung mit anderen Parteien, die damit scheinbar Scheider unter Druck bringen m\u00f6chten. [...]","og_url":"https:\/\/www.mediapartizan.at\/?p=7446","og_site_name":"Mediapartizan.at","article_published_time":"2023-11-26T18:16:52+00:00","article_modified_time":"2023-11-26T22:32:46+00:00","og_image":[{"width":1058,"height":626,"url":"https:\/\/www.mediapartizan.at\/wp-content\/uploads\/2022\/12\/Bildschirmfoto-2022-12-29-um-18.48.25.png","type":"image\/png"}],"author":"Franz Miklautz","twitter_card":"summary_large_image","twitter_misc":{"Verfasst von":"Franz Miklautz","Gesch\u00e4tzte Lesezeit":"4\u00a0Minuten"},"schema":{"@context":"https:\/\/schema.org","@graph":[{"@type":"WebPage","@id":"https:\/\/www.mediapartizan.at\/?p=7446","url":"https:\/\/www.mediapartizan.at\/?p=7446","name":"Der Klagenfurter Magistratsdirektor Peter Jost steht offenbar vor Dienstfreistellung - Mediapartizan.at","isPartOf":{"@id":"https:\/\/www.mediapartizan.at\/#website"},"datePublished":"2023-11-26T18:16:52+00:00","dateModified":"2023-11-26T22:32:46+00:00","author":{"@id":"https:\/\/www.mediapartizan.at\/#\/schema\/person\/f6bd7eb8222f2fe985c78d08f17ed7a9"},"breadcrumb":{"@id":"https:\/\/www.mediapartizan.at\/?p=7446#breadcrumb"},"inLanguage":"de","potentialAction":[{"@type":"ReadAction","target":["https:\/\/www.mediapartizan.at\/?p=7446"]}]},{"@type":"BreadcrumbList","@id":"https:\/\/www.mediapartizan.at\/?p=7446#breadcrumb","itemListElement":[{"@type":"ListItem","position":1,"name":"Startseite","item":"https:\/\/www.mediapartizan.at\/"},{"@type":"ListItem","position":2,"name":"Der Klagenfurter Magistratsdirektor Peter Jost steht offenbar vor Dienstfreistellung"}]},{"@type":"WebSite","@id":"https:\/\/www.mediapartizan.at\/#website","url":"https:\/\/www.mediapartizan.at\/","name":"Mediapartizan.at","description":"","potentialAction":[{"@type":"SearchAction","target":{"@type":"EntryPoint","urlTemplate":"https:\/\/www.mediapartizan.at\/?s={search_term_string}"},"query-input":"required name=search_term_string"}],"inLanguage":"de"},{"@type":"Person","@id":"https:\/\/www.mediapartizan.at\/#\/schema\/person\/f6bd7eb8222f2fe985c78d08f17ed7a9","name":"Franz Miklautz","image":{"@type":"ImageObject","inLanguage":"de","@id":"https:\/\/www.mediapartizan.at\/#\/schema\/person\/image\/","url":"https:\/\/secure.gravatar.com\/avatar\/5618667e9a7ab3fa3e1a0c75987c8d0c111ad041167e738d67ac0846e54e195e?s=96&d=mm&r=g","contentUrl":"https:\/\/secure.gravatar.com\/avatar\/5618667e9a7ab3fa3e1a0c75987c8d0c111ad041167e738d67ac0846e54e195e?s=96&d=mm&r=g","caption":"Franz Miklautz"},"url":"https:\/\/www.mediapartizan.at\/?author=2"}]}},"jetpack_featured_media_url":"https:\/\/i0.wp.com\/www.mediapartizan.at\/wp-content\/uploads\/2022\/12\/Bildschirmfoto-2022-12-29-um-18.48.25.png?fit=1058%2C626&ssl=1","jetpack_sharing_enabled":true,"_links":{"self":[{"href":"https:\/\/www.mediapartizan.at\/index.php?rest_route=\/wp\/v2\/posts\/7446","targetHints":{"allow":["GET"]}}],"collection":[{"href":"https:\/\/www.mediapartizan.at\/index.php?rest_route=\/wp\/v2\/posts"}],"about":[{"href":"https:\/\/www.mediapartizan.at\/index.php?rest_route=\/wp\/v2\/types\/post"}],"author":[{"embeddable":true,"href":"https:\/\/www.mediapartizan.at\/index.php?rest_route=\/wp\/v2\/users\/2"}],"replies":[{"embeddable":true,"href":"https:\/\/www.mediapartizan.at\/index.php?rest_route=%2Fwp%2Fv2%2Fcomments&post=7446"}],"version-history":[{"count":45,"href":"https:\/\/www.mediapartizan.at\/index.php?rest_route=\/wp\/v2\/posts\/7446\/revisions"}],"predecessor-version":[{"id":7519,"href":"https:\/\/www.mediapartizan.at\/index.php?rest_route=\/wp\/v2\/posts\/7446\/revisions\/7519"}],"wp:featuredmedia":[{"embeddable":true,"href":"https:\/\/www.mediapartizan.at\/index.php?rest_route=\/wp\/v2\/media\/5091"}],"wp:attachment":[{"href":"https:\/\/www.mediapartizan.at\/index.php?rest_route=%2Fwp%2Fv2%2Fmedia&parent=7446"}],"wp:term":[{"taxonomy":"category","embeddable":true,"href":"https:\/\/www.mediapartizan.at\/index.php?rest_route=%2Fwp%2Fv2%2Fcategories&post=7446"},{"taxonomy":"post_tag","embeddable":true,"href":"https:\/\/www.mediapartizan.at\/index.php?rest_route=%2Fwp%2Fv2%2Ftags&post=7446"}],"curies":[{"name":"wp","href":"https:\/\/api.w.org\/{rel}","templated":true}]}}