{"id":7535,"date":"2023-11-27T21:08:17","date_gmt":"2023-11-27T20:08:17","guid":{"rendered":"https:\/\/www.mediapartizan.at\/?p=7535"},"modified":"2023-11-28T17:20:07","modified_gmt":"2023-11-28T16:20:07","slug":"kampf-um-klagenfurt-wie-die-spoe-das-fiasko-um-das-rathaus-fuer-einen-ihr-genehmen-magistratsdirektor-nutzen-will","status":"publish","type":"post","link":"https:\/\/www.mediapartizan.at\/?p=7535","title":{"rendered":"Kampf um Klagenfurt: Wie die SP\u00d6 das Fiasko um das Rathaus f\u00fcr einen ihr genehmen Magistratsdirektor nutzen will"},"content":{"rendered":"<p><\/p>\n<p class=\"has-text-align-right\"><strong>Kommentar<\/strong><\/p>\n<p><\/p>\n<p><\/p>\n<p>Die Dienstfreistellung des Klagenfurter Magistratsdirektors Peter Jost ist <a href=\"https:\/\/www.mediapartizan.at\/?p=7520\" target=\"_blank\" rel=\"noreferrer noopener\">bis auf Weiteres abgeblasen<\/a>. Stadtchef Christian Scheider (Team K\u00e4rnten) wollte gestern (Sonntag-)Abend im Rathaus die anderen Parteien davon \u00fcberzeugen, den Antrag auf Freistellung Josts zu unterschreiben. Kommunikations-Chef Valentin Unterkircher hatte angeblich schon mehrere Versionen von Presseaussendungen im Talon: Freistellung, Abberufung, Suspendierung oder \u00c4hnliches. <\/p>\n<p><\/p>\n<p><\/p>\n<p>Doch Scheider blitzte vor allem bei der SP\u00d6 ab. Die Roten unter Vizeb\u00fcrgermeister Philipp Liesnig wollten den Antrag nicht unterschreiben. Danach angeblich auch die FP\u00d6 nicht. Die SP\u00d6 hatte sich dagegen ausgesprochen, weil sie Jost abberufen will. Nicht nur freistellen. Im Hintergrund l\u00e4uft naturgem\u00e4\u00df ein politisches Spiel: Die Sozialdemokraten wollen Scheider zur Verantwortung ziehen. Auch wenn es blutig wird. <\/p>\n<p><\/p>\n<p><\/p>\n<p><strong>Chronik des Fiaskos<\/strong><\/p>\n<p><\/p>\n<p><\/p>\n<p>Scheider hatte Jost in einer geheimen Kommandoaktion im Dezember 2022 f\u00fcr zwei Jahre dienstverl\u00e4ngert. Bis zur Vollendung des 67. Lebensjahres. Von Jost kursierten immer wieder Ger\u00fcchte, dass er \u00fcber die Pension hinaus weiter machen wolle. Mit Hilfe des sogenannten Notfallparagrafen (\u00a7 73) verl\u00e4ngerte Scheider Jost bis 2025. Ein Sturm der Opposition, aber auch der damals noch mit Scheider in einer Arbeitsgemeinschaft lebenden SP\u00d6 brandete auf. Und hat sich bis heute nicht gelegt. Im Gegenteil.<\/p>\n<p><\/p>\n<p><\/p>\n<p>Beschwerden \u00fcber die Notverordnung Scheiders an die Gemeindeaufsicht des Landes waren die Folge. Die erkl\u00e4rte Scheiders Entscheidung zum Unrecht. Allerdings mit peinlichem Formalfehler. Dann wurde der Bescheid des Landes aber auch noch vom Landesverwaltungsgericht kalt gestellt. Allerdings nicht wegen inhaltlicher Fehler. Das Gericht urteilte, dass das Instrument des Bescheids als solches f\u00fcr einen derart (von der Landesaufsicht angenommenen) heftigen Rechtsbruch Scheiders nicht das geeignete Instrument sei. Das hie\u00df: Zur\u00fcck an den Start. <\/p>\n<p><\/p>\n<p><\/p>\n<p><strong>Die Verhinderung des Villacher Magistratsdirektors Christoph Herzeg<\/strong><\/p>\n<p><\/p>\n<p><\/p>\n<p>Jetzt wird die Gemeindeaufsicht wohl eine Entscheidung f\u00e4llen, die Scheider zur Verantwortung ziehen k\u00f6nnte, durch die Inanspruchnahme des Notfallparagrafen falsch gehandelt zu haben. Und das alles nur, um einen bef\u00fcrchteten SP\u00d6-nahen Magistratsdirektor zu verhindern: Christoph Herzeg, derzeitiger Villacher Magistrats-Chef. Er gilt als sehr enge Vertrauensperson Liesnigs. Womit Scheiders Entscheidung, Jost zu verl\u00e4ngern, die ihm von fragw\u00fcrdigen Beratern eingeredet worden sein k\u00f6nnte, in einem neuen Licht erscheinen l\u00e4sst. Denn: Es besteht eine gute Wahrscheinlichkeit, dass der Magistrat Klagenfurt zwar nicht Herzeg als neuen &#8222;Magi&#8220; bekommt, ein anderer SP\u00d6-naher Kandidat aber ante portas steht. <\/p>\n<p><\/p>\n<p><\/p>\n<p><strong>Dumpelnik vor den Toren Klagenfurts<\/strong><\/p>\n<p><\/p>\n<p><\/p>\n<p>Und das soll J\u00fcrgen Dumpelnik sein. Auch er enger Vertrauter von Liesnig. Der Vizeb\u00fcrgermeister hatte mit Dumpelnik sogar gesellschaftsrechtliche Verbindungen in einer Firma. Dumpelnik arbeitete j\u00fcngst f\u00fcr die Immobilienfirma Kollitsch, aus der er aber ausschied. Seine SP\u00d6-Abstammung zu negieren, f\u00e4llt schwer: Dumpelnik war in f\u00fchrenden Rollen in der Steiermark w\u00e4hrend roter Herrschaft (Voves) t\u00e4tig. Er war als Aufsichtsrat in einer SP\u00d6 nahen Bank t\u00e4tig. Und er ist in der roten Siedlungsgenosschaftswelt bestens beheimatet. <\/p>\n<p><\/p>\n<p><\/p>\n<p><strong>SP\u00d6-Strategie: Bewerbung um mehrere Jobs &#8211; einer wird\u00b4s schon werden<\/strong><\/p>\n<p><\/p>\n<p><\/p>\n<p>Dem Vernehmen nach hat sich Dumpelnik nicht nur f\u00fcr den Posten des Magistratsdirektors beworben, sondern &#8211; wom\u00f6glich strategisch &#8211; auch f\u00fcr den Job des Gesch\u00e4ftsf\u00fchrers von anderen magistralen Spitzenpositionen. (Dumpelnik legt Wert darauf zu konkretisieren, dass er sich nur f\u00fcr den Magistratsdirektor beworben habe. F\u00fcr eine andere F\u00fchrungsstelle sei er vom Headhunter auf sein Interesse befragt worden, habe aber abgewunken.) Und wenn man die eine Stelle nicht bekommt, erh\u00e4lt man eben die andere. Das k\u00f6nnte zumindest das Kalk\u00fcl der SP\u00d6 sein. <\/p>\n<p><\/p>\n<p><\/p>\n<p>Immerhin sind noch der Posten des neu erschaffenen Finanzdirektors und jener eines m\u00f6glichen Holdingvorstandes &#8211; vielleicht innerhalb der Stadtwerke &#8211; frei. Liesnigs Macht w\u00fcrde auf jeden Fall wachsen.<\/p>\n<p><\/p>\n<p><\/p>\n<p>***<\/p>\n<p><\/p>\n<p><\/p>\n<p>Foto(s): Stadtkommunikation Klagenfurt<\/p>\n<p><\/p>\n<p><\/p>\n<p><\/p>\n<p><\/p>\n<p><\/p>\n<p><\/p>\n<p><\/p>\n<p><\/p>\n<p><\/p>\n","protected":false},"excerpt":{"rendered":"<div class=\"mh-excerpt\"><p>Angez\u00e4hlt: Klagenfurts B\u00fcrgermeister Christian Scheider ist in der Defensive. Die SP\u00d6 will ihm den Magistratsdirektor abjagen. Die Frage ist: Kommt sie damit durch?  <a class=\"mh-excerpt-more\" href=\"https:\/\/www.mediapartizan.at\/?p=7535\" title=\"Kampf um Klagenfurt: Wie die SP\u00d6 das Fiasko um das Rathaus f\u00fcr einen ihr genehmen Magistratsdirektor nutzen will\">[&#8230;]<\/a><\/p>\n<\/div>","protected":false},"author":2,"featured_media":7548,"comment_status":"open","ping_status":"open","sticky":false,"template":"","format":"standard","meta":{"inline_featured_image":false,"_jetpack_memberships_contains_paid_content":false,"footnotes":""},"categories":[143],"tags":[86,343,500,156,289,203],"class_list":{"0":"post-7535","1":"post","2":"type-post","3":"status-publish","4":"format-standard","5":"has-post-thumbnail","7":"category-stadt-klagenfurt","8":"tag-christian-scheider","9":"tag-christoph-herzeg","10":"tag-juergen-dumpelnik","11":"tag-klagenfurt","12":"tag-peter-jost","13":"tag-philipp-liesnig"},"yoast_head":"<!-- This site is optimized with the Yoast SEO plugin v20.10 - https:\/\/yoast.com\/wordpress\/plugins\/seo\/ -->\n<title>Kampf um Klagenfurt: Wie die SP\u00d6 das Fiasko um das Rathaus f\u00fcr einen ihr genehmen Magistratsdirektor nutzen will - Mediapartizan.at<\/title>\n<meta name=\"robots\" content=\"index, follow, max-snippet:-1, max-image-preview:large, max-video-preview:-1\" \/>\n<link rel=\"canonical\" href=\"https:\/\/www.mediapartizan.at\/?p=7535\" \/>\n<meta property=\"og:locale\" content=\"de_DE\" \/>\n<meta property=\"og:type\" content=\"article\" \/>\n<meta property=\"og:title\" content=\"Kampf um Klagenfurt: Wie die SP\u00d6 das Fiasko um das Rathaus f\u00fcr einen ihr genehmen Magistratsdirektor nutzen will - Mediapartizan.at\" \/>\n<meta property=\"og:description\" content=\"Angez\u00e4hlt: Klagenfurts B\u00fcrgermeister Christian Scheider ist in der Defensive. Die SP\u00d6 will ihm den Magistratsdirektor abjagen. Die Frage ist: Kommt sie damit durch? [...]\" \/>\n<meta property=\"og:url\" content=\"https:\/\/www.mediapartizan.at\/?p=7535\" \/>\n<meta property=\"og:site_name\" content=\"Mediapartizan.at\" \/>\n<meta property=\"article:published_time\" content=\"2023-11-27T20:08:17+00:00\" \/>\n<meta property=\"article:modified_time\" content=\"2023-11-28T16:20:07+00:00\" \/>\n<meta property=\"og:image\" content=\"https:\/\/www.mediapartizan.at\/wp-content\/uploads\/2023\/11\/Bildschirmfoto-2023-11-28-um-09.24.47.png\" \/>\n\t<meta property=\"og:image:width\" content=\"1612\" \/>\n\t<meta property=\"og:image:height\" content=\"1030\" \/>\n\t<meta property=\"og:image:type\" content=\"image\/png\" \/>\n<meta name=\"author\" content=\"Franz Miklautz\" \/>\n<meta name=\"twitter:card\" content=\"summary_large_image\" \/>\n<meta name=\"twitter:label1\" content=\"Verfasst von\" \/>\n\t<meta name=\"twitter:data1\" content=\"Franz Miklautz\" \/>\n\t<meta name=\"twitter:label2\" content=\"Gesch\u00e4tzte Lesezeit\" \/>\n\t<meta name=\"twitter:data2\" content=\"4\u00a0Minuten\" \/>\n<script type=\"application\/ld+json\" class=\"yoast-schema-graph\">{\"@context\":\"https:\/\/schema.org\",\"@graph\":[{\"@type\":\"WebPage\",\"@id\":\"https:\/\/www.mediapartizan.at\/?p=7535\",\"url\":\"https:\/\/www.mediapartizan.at\/?p=7535\",\"name\":\"Kampf um Klagenfurt: Wie die SP\u00d6 das Fiasko um das Rathaus f\u00fcr einen ihr genehmen Magistratsdirektor nutzen will - Mediapartizan.at\",\"isPartOf\":{\"@id\":\"https:\/\/www.mediapartizan.at\/#website\"},\"datePublished\":\"2023-11-27T20:08:17+00:00\",\"dateModified\":\"2023-11-28T16:20:07+00:00\",\"author\":{\"@id\":\"https:\/\/www.mediapartizan.at\/#\/schema\/person\/f6bd7eb8222f2fe985c78d08f17ed7a9\"},\"breadcrumb\":{\"@id\":\"https:\/\/www.mediapartizan.at\/?p=7535#breadcrumb\"},\"inLanguage\":\"de\",\"potentialAction\":[{\"@type\":\"ReadAction\",\"target\":[\"https:\/\/www.mediapartizan.at\/?p=7535\"]}]},{\"@type\":\"BreadcrumbList\",\"@id\":\"https:\/\/www.mediapartizan.at\/?p=7535#breadcrumb\",\"itemListElement\":[{\"@type\":\"ListItem\",\"position\":1,\"name\":\"Startseite\",\"item\":\"https:\/\/www.mediapartizan.at\/\"},{\"@type\":\"ListItem\",\"position\":2,\"name\":\"Kampf um Klagenfurt: Wie die SP\u00d6 das Fiasko um das Rathaus f\u00fcr einen ihr genehmen Magistratsdirektor nutzen will\"}]},{\"@type\":\"WebSite\",\"@id\":\"https:\/\/www.mediapartizan.at\/#website\",\"url\":\"https:\/\/www.mediapartizan.at\/\",\"name\":\"Mediapartizan.at\",\"description\":\"\",\"potentialAction\":[{\"@type\":\"SearchAction\",\"target\":{\"@type\":\"EntryPoint\",\"urlTemplate\":\"https:\/\/www.mediapartizan.at\/?s={search_term_string}\"},\"query-input\":\"required name=search_term_string\"}],\"inLanguage\":\"de\"},{\"@type\":\"Person\",\"@id\":\"https:\/\/www.mediapartizan.at\/#\/schema\/person\/f6bd7eb8222f2fe985c78d08f17ed7a9\",\"name\":\"Franz Miklautz\",\"image\":{\"@type\":\"ImageObject\",\"inLanguage\":\"de\",\"@id\":\"https:\/\/www.mediapartizan.at\/#\/schema\/person\/image\/\",\"url\":\"https:\/\/secure.gravatar.com\/avatar\/5618667e9a7ab3fa3e1a0c75987c8d0c111ad041167e738d67ac0846e54e195e?s=96&d=mm&r=g\",\"contentUrl\":\"https:\/\/secure.gravatar.com\/avatar\/5618667e9a7ab3fa3e1a0c75987c8d0c111ad041167e738d67ac0846e54e195e?s=96&d=mm&r=g\",\"caption\":\"Franz Miklautz\"},\"url\":\"https:\/\/www.mediapartizan.at\/?author=2\"}]}<\/script>\n<!-- \/ Yoast SEO plugin. -->","yoast_head_json":{"title":"Kampf um Klagenfurt: Wie die SP\u00d6 das Fiasko um das Rathaus f\u00fcr einen ihr genehmen Magistratsdirektor nutzen will - Mediapartizan.at","robots":{"index":"index","follow":"follow","max-snippet":"max-snippet:-1","max-image-preview":"max-image-preview:large","max-video-preview":"max-video-preview:-1"},"canonical":"https:\/\/www.mediapartizan.at\/?p=7535","og_locale":"de_DE","og_type":"article","og_title":"Kampf um Klagenfurt: Wie die SP\u00d6 das Fiasko um das Rathaus f\u00fcr einen ihr genehmen Magistratsdirektor nutzen will - Mediapartizan.at","og_description":"Angez\u00e4hlt: Klagenfurts B\u00fcrgermeister Christian Scheider ist in der Defensive. Die SP\u00d6 will ihm den Magistratsdirektor abjagen. Die Frage ist: Kommt sie damit durch? [...]","og_url":"https:\/\/www.mediapartizan.at\/?p=7535","og_site_name":"Mediapartizan.at","article_published_time":"2023-11-27T20:08:17+00:00","article_modified_time":"2023-11-28T16:20:07+00:00","og_image":[{"width":1612,"height":1030,"url":"https:\/\/www.mediapartizan.at\/wp-content\/uploads\/2023\/11\/Bildschirmfoto-2023-11-28-um-09.24.47.png","type":"image\/png"}],"author":"Franz Miklautz","twitter_card":"summary_large_image","twitter_misc":{"Verfasst von":"Franz Miklautz","Gesch\u00e4tzte Lesezeit":"4\u00a0Minuten"},"schema":{"@context":"https:\/\/schema.org","@graph":[{"@type":"WebPage","@id":"https:\/\/www.mediapartizan.at\/?p=7535","url":"https:\/\/www.mediapartizan.at\/?p=7535","name":"Kampf um Klagenfurt: Wie die SP\u00d6 das Fiasko um das Rathaus f\u00fcr einen ihr genehmen Magistratsdirektor nutzen will - Mediapartizan.at","isPartOf":{"@id":"https:\/\/www.mediapartizan.at\/#website"},"datePublished":"2023-11-27T20:08:17+00:00","dateModified":"2023-11-28T16:20:07+00:00","author":{"@id":"https:\/\/www.mediapartizan.at\/#\/schema\/person\/f6bd7eb8222f2fe985c78d08f17ed7a9"},"breadcrumb":{"@id":"https:\/\/www.mediapartizan.at\/?p=7535#breadcrumb"},"inLanguage":"de","potentialAction":[{"@type":"ReadAction","target":["https:\/\/www.mediapartizan.at\/?p=7535"]}]},{"@type":"BreadcrumbList","@id":"https:\/\/www.mediapartizan.at\/?p=7535#breadcrumb","itemListElement":[{"@type":"ListItem","position":1,"name":"Startseite","item":"https:\/\/www.mediapartizan.at\/"},{"@type":"ListItem","position":2,"name":"Kampf um Klagenfurt: Wie die SP\u00d6 das Fiasko um das Rathaus f\u00fcr einen ihr genehmen Magistratsdirektor nutzen will"}]},{"@type":"WebSite","@id":"https:\/\/www.mediapartizan.at\/#website","url":"https:\/\/www.mediapartizan.at\/","name":"Mediapartizan.at","description":"","potentialAction":[{"@type":"SearchAction","target":{"@type":"EntryPoint","urlTemplate":"https:\/\/www.mediapartizan.at\/?s={search_term_string}"},"query-input":"required name=search_term_string"}],"inLanguage":"de"},{"@type":"Person","@id":"https:\/\/www.mediapartizan.at\/#\/schema\/person\/f6bd7eb8222f2fe985c78d08f17ed7a9","name":"Franz Miklautz","image":{"@type":"ImageObject","inLanguage":"de","@id":"https:\/\/www.mediapartizan.at\/#\/schema\/person\/image\/","url":"https:\/\/secure.gravatar.com\/avatar\/5618667e9a7ab3fa3e1a0c75987c8d0c111ad041167e738d67ac0846e54e195e?s=96&d=mm&r=g","contentUrl":"https:\/\/secure.gravatar.com\/avatar\/5618667e9a7ab3fa3e1a0c75987c8d0c111ad041167e738d67ac0846e54e195e?s=96&d=mm&r=g","caption":"Franz Miklautz"},"url":"https:\/\/www.mediapartizan.at\/?author=2"}]}},"jetpack_featured_media_url":"https:\/\/i0.wp.com\/www.mediapartizan.at\/wp-content\/uploads\/2023\/11\/Bildschirmfoto-2023-11-28-um-09.24.47.png?fit=1612%2C1030&ssl=1","jetpack_sharing_enabled":true,"_links":{"self":[{"href":"https:\/\/www.mediapartizan.at\/index.php?rest_route=\/wp\/v2\/posts\/7535","targetHints":{"allow":["GET"]}}],"collection":[{"href":"https:\/\/www.mediapartizan.at\/index.php?rest_route=\/wp\/v2\/posts"}],"about":[{"href":"https:\/\/www.mediapartizan.at\/index.php?rest_route=\/wp\/v2\/types\/post"}],"author":[{"embeddable":true,"href":"https:\/\/www.mediapartizan.at\/index.php?rest_route=\/wp\/v2\/users\/2"}],"replies":[{"embeddable":true,"href":"https:\/\/www.mediapartizan.at\/index.php?rest_route=%2Fwp%2Fv2%2Fcomments&post=7535"}],"version-history":[{"count":7,"href":"https:\/\/www.mediapartizan.at\/index.php?rest_route=\/wp\/v2\/posts\/7535\/revisions"}],"predecessor-version":[{"id":7550,"href":"https:\/\/www.mediapartizan.at\/index.php?rest_route=\/wp\/v2\/posts\/7535\/revisions\/7550"}],"wp:featuredmedia":[{"embeddable":true,"href":"https:\/\/www.mediapartizan.at\/index.php?rest_route=\/wp\/v2\/media\/7548"}],"wp:attachment":[{"href":"https:\/\/www.mediapartizan.at\/index.php?rest_route=%2Fwp%2Fv2%2Fmedia&parent=7535"}],"wp:term":[{"taxonomy":"category","embeddable":true,"href":"https:\/\/www.mediapartizan.at\/index.php?rest_route=%2Fwp%2Fv2%2Fcategories&post=7535"},{"taxonomy":"post_tag","embeddable":true,"href":"https:\/\/www.mediapartizan.at\/index.php?rest_route=%2Fwp%2Fv2%2Ftags&post=7535"}],"curies":[{"name":"wp","href":"https:\/\/api.w.org\/{rel}","templated":true}]}}