{"id":7759,"date":"2023-12-13T19:22:15","date_gmt":"2023-12-13T18:22:15","guid":{"rendered":"https:\/\/www.mediapartizan.at\/?p=7759"},"modified":"2023-12-16T09:44:10","modified_gmt":"2023-12-16T08:44:10","slug":"fruehestens-2025-das-ist-die-dienstvertragsverlaengerung-scheiders-an-jost","status":"publish","type":"post","link":"https:\/\/www.mediapartizan.at\/?p=7759","title":{"rendered":"&#8222;Fr\u00fchestens 2025&#8220;: Das ist die Dienstvertragsverl\u00e4ngerung von Peter Jost"},"content":{"rendered":"<p><\/p>\n<p>Das Dokument ist eines der bestgeh\u00fcteten Geheimnisse der Landeshauptstadt Klagenfurt. Es besteht nur aus einer A4-Seite, auf der zwei Unterschriften geleistet wurden: Jene von B\u00fcrgermeister Christian Scheider (Team K\u00e4rnten) und der des abberufenen Magistratsdirektors Peter Jost. Trotz der \u00dcberschaubarkeit ist es eines der brisantesten Papiere des Klagenfurter Rathauses. Und das nicht ohne Grund.<\/p>\n<p><\/p>\n<p><\/p>\n<figure class=\"wp-block-image aligncenter size-large is-resized\"><img data-recalc-dims=\"1\" loading=\"lazy\" decoding=\"async\" src=\"https:\/\/i0.wp.com\/www.mediapartizan.at\/wp-content\/uploads\/2023\/12\/Dienstvertragsverlaengerung-1.png?resize=527%2C545&#038;ssl=1\" alt=\"\" class=\"wp-image-7770\" width=\"527\" height=\"545\" srcset=\"https:\/\/i0.wp.com\/www.mediapartizan.at\/wp-content\/uploads\/2023\/12\/Dienstvertragsverlaengerung-1.png?resize=989%2C1024&amp;ssl=1 989w, https:\/\/i0.wp.com\/www.mediapartizan.at\/wp-content\/uploads\/2023\/12\/Dienstvertragsverlaengerung-1.png?resize=290%2C300&amp;ssl=1 290w, https:\/\/i0.wp.com\/www.mediapartizan.at\/wp-content\/uploads\/2023\/12\/Dienstvertragsverlaengerung-1.png?resize=768%2C795&amp;ssl=1 768w, https:\/\/i0.wp.com\/www.mediapartizan.at\/wp-content\/uploads\/2023\/12\/Dienstvertragsverlaengerung-1.png?w=1140&amp;ssl=1 1140w\" sizes=\"auto, (max-width: 527px) 100vw, 527px\" \/><figcaption class=\"wp-element-caption\">&#8222;Streitschrift&#8220; Dienstvertragsverl\u00e4ngerung<\/figcaption><\/figure>\n<p><\/p>\n<p><\/p>\n<p>R\u00fcckblick: Kurz vor Weihnachten 2022 gibt Scheider bekannt, Jost als Magistratsdirektor verl\u00e4ngert zu haben. Und das unter Nutzung des umstrittenen Notfallparagrafen (\u00a7 73) des Klagenfurter Stadtrechts. Eine Hauruck-Aktion. Ohne Einbeziehung anderer Parteien oder des Gemeinderats. Die Folge: Sturmlauf von SP\u00d6, FP\u00d6 und Neos gegen Scheiders Alleingang. Ein Jahr lang k\u00e4mpfen die drei Parteien in unterschiedlicher Intensit\u00e4t gegen Scheiders geheime Kommandoaktion und damit auch gegen Josts Verl\u00e4ngerung \u00fcber dessen Pensionsalter hinaus. Dieses hat Jost mit Ende des heurigen Jahres erreicht. Scheider aber hatte den lang gedienten Magistratsdirektor bis Ende 2025 dienstverl\u00e4ngert. Das sollte dessen fr\u00fchestm\u00f6glicher Abgang sein. Sollte &#8230;<\/p>\n<p><\/p>\n<p><\/p>\n<p><strong>Verbleib bis Ende 2026<\/strong><\/p>\n<p><\/p>\n<p><\/p>\n<p>Dann w\u00e4re Jost 67 gewesen. Wie jedoch vorige Woche in einem Brief von Jost an Scheider bekannt wurde, sollte Jost sogar bis Ende 2026 bleiben. Dann w\u00e4re er 68 gewesen. Grund: Die K\u00fcndigungsfrist von einem halben Jahr h\u00e4tte den inzwischen abberufenen Magistratsdirektor dazu wom\u00f6glich berechtigt: &#8222;Das bedeutet, dass mein Dienstverh\u00e4ltnis einseitig fr\u00fchestens zum 31.12.2026 aufgel\u00f6st werden kann&#8220;, erkl\u00e4rte Jost in einem offenen Brief an Scheider. Der springende Punkt: Das Dienstverh\u00e4ltnis kann nur <em>zum Jahresende<\/em> gek\u00fcndigt werden. Also Ende 2026.<\/p>\n<p><\/p>\n<p><\/p>\n<p><strong>Handschriftlicher Zusatz Scheiders<\/strong><\/p>\n<p><\/p>\n<p><\/p>\n<p>Scheider unterzeichnet am 20. Dezember 2022 besagte Vertragsverl\u00e4ngerung. Das wird ungeahnte Probleme mit sich bringen. Der Stadtchef wird fast ein Jahr lang f\u00fcr seine Entscheidung der Verl\u00e4ngerung Josts k\u00e4mpfen und dann &#8211; k\u00fcrzlich &#8211; auf Druck der SP\u00d6, FP\u00d6 und der Neos einlenken und Jost in Pension schicken. Es soll laut Jost Scheider gewesen sein, der handschriftlich zu Josts &#8222;Dienstvertragsverl\u00e4ngerung&#8220; hinzugef\u00fcgt hatte, dass der geschasste Magistratschef &#8222;fr\u00fchestens 2025&#8220; in Pension h\u00e4tte gehen sollen.<\/p>\n<p><\/p>\n<p><\/p>\n<figure class=\"wp-block-image aligncenter size-large is-resized\"><img data-recalc-dims=\"1\" loading=\"lazy\" decoding=\"async\" src=\"https:\/\/i0.wp.com\/www.mediapartizan.at\/wp-content\/uploads\/2023\/12\/Bildschirmfoto-2023-12-13-um-18.09.02.png?resize=768%2C140&#038;ssl=1\" alt=\"\" class=\"wp-image-7767\" width=\"768\" height=\"140\" srcset=\"https:\/\/i0.wp.com\/www.mediapartizan.at\/wp-content\/uploads\/2023\/12\/Bildschirmfoto-2023-12-13-um-18.09.02.png?resize=1024%2C187&amp;ssl=1 1024w, https:\/\/i0.wp.com\/www.mediapartizan.at\/wp-content\/uploads\/2023\/12\/Bildschirmfoto-2023-12-13-um-18.09.02.png?resize=300%2C55&amp;ssl=1 300w, https:\/\/i0.wp.com\/www.mediapartizan.at\/wp-content\/uploads\/2023\/12\/Bildschirmfoto-2023-12-13-um-18.09.02.png?resize=768%2C140&amp;ssl=1 768w, https:\/\/i0.wp.com\/www.mediapartizan.at\/wp-content\/uploads\/2023\/12\/Bildschirmfoto-2023-12-13-um-18.09.02.png?w=1488&amp;ssl=1 1488w\" sizes=\"auto, (max-width: 768px) 100vw, 768px\" \/><figcaption class=\"wp-element-caption\">Brief Josts an Scheider am 5. Dezember 2023<\/figcaption><\/figure>\n<p><\/p>\n<p><\/p>\n<p>Mittlerweile hat sich Jost an Landeshauptmann <a href=\"https:\/\/www.mediapartizan.at\/?p=7740\" target=\"_blank\" rel=\"noreferrer noopener\">Peter Kaiser (SP\u00d6) und die K\u00e4rntner Gemeindeaufsicht gewandt<\/a>. Er reklamiert eine \u00dcberpr\u00fcfung (Verfassungsrecht) seiner Abberufung als Magistratsdirektor ein. Scheider wiederum hatte die Abberufung Josts mit mehreren Anw\u00e4lten akkordiert, die auch den Gemeinderat aufgekl\u00e4rt haben. Die Abstimmung fiel mit 37 zu sieben Stimmen gegen Jost aus. Rechtlich gilt Jost allerdings nur als dienstfrei gestellt. Erst wenn ihm der Brief des B\u00fcrgermeisters \u00fcber seine Abberufung zugeht, ist Jost formal mit Ende des Jahres abberufen.<\/p>\n<p><\/p>\n<p><\/p>\n<p><\/p>\n<p><\/p>\n<p><\/p>\n<p><\/p>\n<p><\/p>\n<p><\/p>\n<p><\/p>\n<p><\/p>\n<p><\/p>\n<p><\/p>\n<p><\/p>\n<p><\/p>\n<p><\/p>\n","protected":false},"excerpt":{"rendered":"<div class=\"mh-excerpt\"><p>Mediapartizan.at liegt exklusiv die Dienstvertragsverl\u00e4ngerung des freigestellten Klagenfurter Magistratsdirektors Peter Jost vor. Handschriftlichkeit des B\u00fcrgermeisters birgt Brisanz. Scheider akkordierte die Abberufung Josts allerdings mit mehreren Anw\u00e4lten und lie\u00df Gemeinderat aufkl\u00e4ren. <a class=\"mh-excerpt-more\" href=\"https:\/\/www.mediapartizan.at\/?p=7759\" title=\"&#8222;Fr\u00fchestens 2025&#8220;: Das ist die Dienstvertragsverl\u00e4ngerung von Peter Jost\">[&#8230;]<\/a><\/p>\n<\/div>","protected":false},"author":2,"featured_media":7765,"comment_status":"open","ping_status":"open","sticky":false,"template":"","format":"standard","meta":{"inline_featured_image":false,"_jetpack_memberships_contains_paid_content":false,"footnotes":""},"categories":[143],"tags":[508,472,86,330,289],"class_list":{"0":"post-7759","1":"post","2":"type-post","3":"status-publish","4":"format-standard","5":"has-post-thumbnail","7":"category-stadt-klagenfurt","8":"tag-abberufung","9":"tag-causa-jost","10":"tag-christian-scheider","11":"tag-magistratsdirektor","12":"tag-peter-jost"},"yoast_head":"<!-- This site is optimized with the Yoast SEO plugin v20.10 - https:\/\/yoast.com\/wordpress\/plugins\/seo\/ -->\n<title>&quot;Fr\u00fchestens 2025&quot;: Das ist die Dienstvertragsverl\u00e4ngerung von Peter Jost - Mediapartizan.at<\/title>\n<meta name=\"robots\" content=\"index, follow, max-snippet:-1, max-image-preview:large, max-video-preview:-1\" \/>\n<link rel=\"canonical\" href=\"https:\/\/www.mediapartizan.at\/?p=7759\" \/>\n<meta property=\"og:locale\" content=\"de_DE\" \/>\n<meta property=\"og:type\" content=\"article\" \/>\n<meta property=\"og:title\" content=\"&quot;Fr\u00fchestens 2025&quot;: Das ist die Dienstvertragsverl\u00e4ngerung von Peter Jost - Mediapartizan.at\" \/>\n<meta property=\"og:description\" content=\"Mediapartizan.at liegt exklusiv die Dienstvertragsverl\u00e4ngerung des freigestellten Klagenfurter Magistratsdirektors Peter Jost vor. Handschriftlichkeit des B\u00fcrgermeisters birgt Brisanz. Scheider akkordierte die Abberufung Josts allerdings mit mehreren Anw\u00e4lten und lie\u00df Gemeinderat aufkl\u00e4ren. [...]\" \/>\n<meta property=\"og:url\" content=\"https:\/\/www.mediapartizan.at\/?p=7759\" \/>\n<meta property=\"og:site_name\" content=\"Mediapartizan.at\" \/>\n<meta property=\"article:published_time\" content=\"2023-12-13T18:22:15+00:00\" \/>\n<meta property=\"article:modified_time\" content=\"2023-12-16T08:44:10+00:00\" \/>\n<meta property=\"og:image\" content=\"https:\/\/www.mediapartizan.at\/wp-content\/uploads\/2023\/12\/DV-Verlaengerung-Peter-Jost.jpg\" \/>\n\t<meta property=\"og:image:width\" content=\"1150\" \/>\n\t<meta property=\"og:image:height\" content=\"1600\" \/>\n\t<meta property=\"og:image:type\" content=\"image\/jpeg\" \/>\n<meta name=\"author\" content=\"Franz Miklautz\" \/>\n<meta name=\"twitter:card\" content=\"summary_large_image\" \/>\n<meta name=\"twitter:label1\" content=\"Verfasst von\" \/>\n\t<meta name=\"twitter:data1\" content=\"Franz Miklautz\" \/>\n\t<meta name=\"twitter:label2\" content=\"Gesch\u00e4tzte Lesezeit\" \/>\n\t<meta name=\"twitter:data2\" content=\"3\u00a0Minuten\" \/>\n<script type=\"application\/ld+json\" class=\"yoast-schema-graph\">{\"@context\":\"https:\/\/schema.org\",\"@graph\":[{\"@type\":\"WebPage\",\"@id\":\"https:\/\/www.mediapartizan.at\/?p=7759\",\"url\":\"https:\/\/www.mediapartizan.at\/?p=7759\",\"name\":\"\\\"Fr\u00fchestens 2025\\\": Das ist die Dienstvertragsverl\u00e4ngerung von Peter Jost - Mediapartizan.at\",\"isPartOf\":{\"@id\":\"https:\/\/www.mediapartizan.at\/#website\"},\"datePublished\":\"2023-12-13T18:22:15+00:00\",\"dateModified\":\"2023-12-16T08:44:10+00:00\",\"author\":{\"@id\":\"https:\/\/www.mediapartizan.at\/#\/schema\/person\/f6bd7eb8222f2fe985c78d08f17ed7a9\"},\"breadcrumb\":{\"@id\":\"https:\/\/www.mediapartizan.at\/?p=7759#breadcrumb\"},\"inLanguage\":\"de\",\"potentialAction\":[{\"@type\":\"ReadAction\",\"target\":[\"https:\/\/www.mediapartizan.at\/?p=7759\"]}]},{\"@type\":\"BreadcrumbList\",\"@id\":\"https:\/\/www.mediapartizan.at\/?p=7759#breadcrumb\",\"itemListElement\":[{\"@type\":\"ListItem\",\"position\":1,\"name\":\"Startseite\",\"item\":\"https:\/\/www.mediapartizan.at\/\"},{\"@type\":\"ListItem\",\"position\":2,\"name\":\"&#8222;Fr\u00fchestens 2025&#8220;: Das ist die Dienstvertragsverl\u00e4ngerung von Peter Jost\"}]},{\"@type\":\"WebSite\",\"@id\":\"https:\/\/www.mediapartizan.at\/#website\",\"url\":\"https:\/\/www.mediapartizan.at\/\",\"name\":\"Mediapartizan.at\",\"description\":\"\",\"potentialAction\":[{\"@type\":\"SearchAction\",\"target\":{\"@type\":\"EntryPoint\",\"urlTemplate\":\"https:\/\/www.mediapartizan.at\/?s={search_term_string}\"},\"query-input\":\"required name=search_term_string\"}],\"inLanguage\":\"de\"},{\"@type\":\"Person\",\"@id\":\"https:\/\/www.mediapartizan.at\/#\/schema\/person\/f6bd7eb8222f2fe985c78d08f17ed7a9\",\"name\":\"Franz Miklautz\",\"image\":{\"@type\":\"ImageObject\",\"inLanguage\":\"de\",\"@id\":\"https:\/\/www.mediapartizan.at\/#\/schema\/person\/image\/\",\"url\":\"https:\/\/secure.gravatar.com\/avatar\/5618667e9a7ab3fa3e1a0c75987c8d0c111ad041167e738d67ac0846e54e195e?s=96&d=mm&r=g\",\"contentUrl\":\"https:\/\/secure.gravatar.com\/avatar\/5618667e9a7ab3fa3e1a0c75987c8d0c111ad041167e738d67ac0846e54e195e?s=96&d=mm&r=g\",\"caption\":\"Franz Miklautz\"},\"url\":\"https:\/\/www.mediapartizan.at\/?author=2\"}]}<\/script>\n<!-- \/ Yoast SEO plugin. -->","yoast_head_json":{"title":"\"Fr\u00fchestens 2025\": Das ist die Dienstvertragsverl\u00e4ngerung von Peter Jost - Mediapartizan.at","robots":{"index":"index","follow":"follow","max-snippet":"max-snippet:-1","max-image-preview":"max-image-preview:large","max-video-preview":"max-video-preview:-1"},"canonical":"https:\/\/www.mediapartizan.at\/?p=7759","og_locale":"de_DE","og_type":"article","og_title":"\"Fr\u00fchestens 2025\": Das ist die Dienstvertragsverl\u00e4ngerung von Peter Jost - Mediapartizan.at","og_description":"Mediapartizan.at liegt exklusiv die Dienstvertragsverl\u00e4ngerung des freigestellten Klagenfurter Magistratsdirektors Peter Jost vor. Handschriftlichkeit des B\u00fcrgermeisters birgt Brisanz. Scheider akkordierte die Abberufung Josts allerdings mit mehreren Anw\u00e4lten und lie\u00df Gemeinderat aufkl\u00e4ren. [...]","og_url":"https:\/\/www.mediapartizan.at\/?p=7759","og_site_name":"Mediapartizan.at","article_published_time":"2023-12-13T18:22:15+00:00","article_modified_time":"2023-12-16T08:44:10+00:00","og_image":[{"width":1150,"height":1600,"url":"https:\/\/www.mediapartizan.at\/wp-content\/uploads\/2023\/12\/DV-Verlaengerung-Peter-Jost.jpg","type":"image\/jpeg"}],"author":"Franz Miklautz","twitter_card":"summary_large_image","twitter_misc":{"Verfasst von":"Franz Miklautz","Gesch\u00e4tzte Lesezeit":"3\u00a0Minuten"},"schema":{"@context":"https:\/\/schema.org","@graph":[{"@type":"WebPage","@id":"https:\/\/www.mediapartizan.at\/?p=7759","url":"https:\/\/www.mediapartizan.at\/?p=7759","name":"\"Fr\u00fchestens 2025\": Das ist die Dienstvertragsverl\u00e4ngerung von Peter Jost - Mediapartizan.at","isPartOf":{"@id":"https:\/\/www.mediapartizan.at\/#website"},"datePublished":"2023-12-13T18:22:15+00:00","dateModified":"2023-12-16T08:44:10+00:00","author":{"@id":"https:\/\/www.mediapartizan.at\/#\/schema\/person\/f6bd7eb8222f2fe985c78d08f17ed7a9"},"breadcrumb":{"@id":"https:\/\/www.mediapartizan.at\/?p=7759#breadcrumb"},"inLanguage":"de","potentialAction":[{"@type":"ReadAction","target":["https:\/\/www.mediapartizan.at\/?p=7759"]}]},{"@type":"BreadcrumbList","@id":"https:\/\/www.mediapartizan.at\/?p=7759#breadcrumb","itemListElement":[{"@type":"ListItem","position":1,"name":"Startseite","item":"https:\/\/www.mediapartizan.at\/"},{"@type":"ListItem","position":2,"name":"&#8222;Fr\u00fchestens 2025&#8220;: Das ist die Dienstvertragsverl\u00e4ngerung von Peter Jost"}]},{"@type":"WebSite","@id":"https:\/\/www.mediapartizan.at\/#website","url":"https:\/\/www.mediapartizan.at\/","name":"Mediapartizan.at","description":"","potentialAction":[{"@type":"SearchAction","target":{"@type":"EntryPoint","urlTemplate":"https:\/\/www.mediapartizan.at\/?s={search_term_string}"},"query-input":"required name=search_term_string"}],"inLanguage":"de"},{"@type":"Person","@id":"https:\/\/www.mediapartizan.at\/#\/schema\/person\/f6bd7eb8222f2fe985c78d08f17ed7a9","name":"Franz Miklautz","image":{"@type":"ImageObject","inLanguage":"de","@id":"https:\/\/www.mediapartizan.at\/#\/schema\/person\/image\/","url":"https:\/\/secure.gravatar.com\/avatar\/5618667e9a7ab3fa3e1a0c75987c8d0c111ad041167e738d67ac0846e54e195e?s=96&d=mm&r=g","contentUrl":"https:\/\/secure.gravatar.com\/avatar\/5618667e9a7ab3fa3e1a0c75987c8d0c111ad041167e738d67ac0846e54e195e?s=96&d=mm&r=g","caption":"Franz Miklautz"},"url":"https:\/\/www.mediapartizan.at\/?author=2"}]}},"jetpack_featured_media_url":"https:\/\/i0.wp.com\/www.mediapartizan.at\/wp-content\/uploads\/2023\/12\/DV-Verlaengerung-Peter-Jost.jpg?fit=1150%2C1600&ssl=1","jetpack_sharing_enabled":true,"_links":{"self":[{"href":"https:\/\/www.mediapartizan.at\/index.php?rest_route=\/wp\/v2\/posts\/7759","targetHints":{"allow":["GET"]}}],"collection":[{"href":"https:\/\/www.mediapartizan.at\/index.php?rest_route=\/wp\/v2\/posts"}],"about":[{"href":"https:\/\/www.mediapartizan.at\/index.php?rest_route=\/wp\/v2\/types\/post"}],"author":[{"embeddable":true,"href":"https:\/\/www.mediapartizan.at\/index.php?rest_route=\/wp\/v2\/users\/2"}],"replies":[{"embeddable":true,"href":"https:\/\/www.mediapartizan.at\/index.php?rest_route=%2Fwp%2Fv2%2Fcomments&post=7759"}],"version-history":[{"count":17,"href":"https:\/\/www.mediapartizan.at\/index.php?rest_route=\/wp\/v2\/posts\/7759\/revisions"}],"predecessor-version":[{"id":7842,"href":"https:\/\/www.mediapartizan.at\/index.php?rest_route=\/wp\/v2\/posts\/7759\/revisions\/7842"}],"wp:featuredmedia":[{"embeddable":true,"href":"https:\/\/www.mediapartizan.at\/index.php?rest_route=\/wp\/v2\/media\/7765"}],"wp:attachment":[{"href":"https:\/\/www.mediapartizan.at\/index.php?rest_route=%2Fwp%2Fv2%2Fmedia&parent=7759"}],"wp:term":[{"taxonomy":"category","embeddable":true,"href":"https:\/\/www.mediapartizan.at\/index.php?rest_route=%2Fwp%2Fv2%2Fcategories&post=7759"},{"taxonomy":"post_tag","embeddable":true,"href":"https:\/\/www.mediapartizan.at\/index.php?rest_route=%2Fwp%2Fv2%2Ftags&post=7759"}],"curies":[{"name":"wp","href":"https:\/\/api.w.org\/{rel}","templated":true}]}}