{"id":7849,"date":"2023-12-23T16:37:02","date_gmt":"2023-12-23T15:37:02","guid":{"rendered":"https:\/\/www.mediapartizan.at\/?p=7849"},"modified":"2023-12-27T10:52:49","modified_gmt":"2023-12-27T09:52:49","slug":"der-anfang-vom-vorlaeufigen-ende-der-abschiedsbrief-josts-an-stadtchef-scheider","status":"publish","type":"post","link":"https:\/\/www.mediapartizan.at\/?p=7849","title":{"rendered":"Der Anfang vom (vorl\u00e4ufigen) Ende: Der &#8222;Abschiedsbrief&#8220; Josts an Stadtchef Scheider"},"content":{"rendered":"<p><\/p>\n<p>Es ist fast auf den Tag genau ein Jahr her, dass der Klagenfurter B\u00fcrgermeister Christian Scheider (Team K\u00e4rnten) die \u00d6ffentlichkeit informierte, dass Magistratsdirektor Peter Jost im Dienst bleibt. Und zwar \u00fcber das \u00fcbliche Pensionsantrittsalter von 65 hinaus. <a href=\"https:\/\/www.mediapartizan.at\/?p=4833\" target=\"_blank\" rel=\"noreferrer noopener\">Zwei Jahre gab er Jost noch obendrauf<\/a>. &#8222;Fr\u00fchestens 31.12.2025&#8220; steht handschriftlich auf der <a href=\"https:\/\/www.mediapartizan.at\/?p=7759\" target=\"_blank\" rel=\"noreferrer noopener\">Dienstvertragsverl\u00e4ngerung<\/a> vermerkt. <\/p>\n<p><\/p>\n<p><\/p>\n<p><strong>Das Haar in der Suppe<\/strong><\/p>\n<p><\/p>\n<p><\/p>\n<p>Seither r\u00e4tseln Medienleute und \u00d6ffentlichkeit, ob Scheiders Argumentation f\u00fcr die Jost-Verl\u00e4ngerung stimmig war oder nicht? An Caf\u00e9- und Stammtischen wird versucht, das Haar in der Verl\u00e4ngerungssuppe zu finden. Scheider hatte n\u00e4mlich erkl\u00e4rt, Jost h\u00e4tte ihm er\u00f6ffnet, von einem auf den anderen Tag als Magistratsdirektor das Handtuch zu werfen. Womit der innere Dienst, so Scheiders Worte, pl\u00f6tzlich ohne F\u00fchrung dagestanden w\u00e4re.<\/p>\n<p><\/p>\n<p><\/p>\n<p>Nun kommt nachtr\u00e4glich zumindest etwas Licht in die Sache: Mediapartizan.at wurde der &#8222;Abschiedsbrief&#8220; Josts an Stadtchef Scheider zugespielt. Und dieser spiegelt tats\u00e4chlich Scheiders Version wieder. Jedenfalls bis zu jenem Punkt, wo Jost von jetzt auf gleich abtreten wollte.<\/p>\n<p><\/p>\n<p><\/p>\n<figure class=\"wp-block-image aligncenter size-large is-resized\"><img data-recalc-dims=\"1\" loading=\"lazy\" decoding=\"async\" src=\"https:\/\/i0.wp.com\/www.mediapartizan.at\/wp-content\/uploads\/2023\/12\/Brief-1.png?resize=534%2C704&#038;ssl=1\" alt=\"\" class=\"wp-image-7857\" width=\"534\" height=\"704\" srcset=\"https:\/\/i0.wp.com\/www.mediapartizan.at\/wp-content\/uploads\/2023\/12\/Brief-1.png?resize=776%2C1024&amp;ssl=1 776w, https:\/\/i0.wp.com\/www.mediapartizan.at\/wp-content\/uploads\/2023\/12\/Brief-1.png?resize=227%2C300&amp;ssl=1 227w, https:\/\/i0.wp.com\/www.mediapartizan.at\/wp-content\/uploads\/2023\/12\/Brief-1.png?resize=768%2C1013&amp;ssl=1 768w, https:\/\/i0.wp.com\/www.mediapartizan.at\/wp-content\/uploads\/2023\/12\/Brief-1.png?w=1134&amp;ssl=1 1134w\" sizes=\"auto, (max-width: 534px) 100vw, 534px\" \/><figcaption class=\"wp-element-caption\">Am 20. Dezember des Vorjahres schickte Jost seine &#8222;R\u00fccktrittserkl\u00e4rung&#8220; an Scheider<\/figcaption><\/figure>\n<p><\/p>\n<p><\/p>\n<p><strong>&#8222;(&#8230;) dass heute mein letzter Arbeitstag ist&#8220;<\/strong><\/p>\n<p><\/p>\n<p><\/p>\n<p>Der nunmehr freigestellte und mit Jahresende abberufene Jost schrieb am 20. Dezember des Vorjahres an den B\u00fcrgermeister: &#8222;Nach vielen engagierten und auch schwierigen Jahren sehe ich mich durch die aktuelle mediale Berichterstattung veranlasst, Dir mitzuteilen, dass heute mein letzter Arbeitstag ist.&#8220; <\/p>\n<p><\/p>\n<p><\/p>\n<p>Nur wenige Tage zuvor sollten im Stadtsenat drei pensionsberechtigte Mitarbeiter dienstverl\u00e4ngert werden. Doch daraus wurde nichts: Einerseits lehnten sich SP\u00d6 und FP\u00d6 dagegen auf, andererseits gab auch die Personalvertretung kein gr\u00fcnes Licht: \u201eIn einem solchen Fall m\u00fcsste man die Vertragsbediensteten-Ordnung \u00e4ndern, damit das f\u00fcr alle Mitarbeiter gilt\u201c, sagte damals Christian Schneeweiss. \u201eDer Zentralausschuss hat sich klar dagegen ausgesprochen.\u201c Insider monierten zudem, die (dann nicht durchgef\u00fchrte) Verl\u00e4ngerung der drei Besch\u00e4ftigten k\u00f6nne man auch als Rutsche f\u00fcr Josts eigene Verl\u00e4ngerung \u00fcber die Pension hinaus deuten.<\/p>\n<p><\/p>\n<p><\/p>\n<p><strong>&#8222;Pr\u00e4zedenzfall&#8220; <\/strong><\/p>\n<p><\/p>\n<p><\/p>\n<p>Jost nimmt in seiner Abschiedsnote an Scheider auch genau darauf Bezug: &#8222;Ich sehe es nicht ein, dass meine Person der Grund daf\u00fcr sein soll, dass langj\u00e4hrige Mitarbeiter (&#8230;) nicht verl\u00e4ngert werden, weil das ein ,Pr\u00e4zedenzfall&#8216; f\u00fcr die Dauer meines Dienstverh\u00e4ltnis (sic!) sein k\u00f6nnte.&#8220; <\/p>\n<p><\/p>\n<p><\/p>\n<p>Jost will weiters mit einigen politischen Vertretern bereits \u00fcber seine Verl\u00e4ngerung gesprochen haben. In zumindest einem Fall lie\u00df sich das auch best\u00e4tigen, jedoch nur unter vorgehaltener Hand. Hier habe der Magistratsdirektor ein fl\u00fcchtiges positives Signal erhalten. <\/p>\n<p><\/p>\n<p><\/p>\n<p><strong>M\u00f6gliche Doppelbez\u00fcge<\/strong><\/p>\n<p><\/p>\n<p><\/p>\n<p>Scheider wollte auf den Brief Josts nicht Stellung nehmen. Auch Jost erkl\u00e4rt, dass &#8222;nun mit Weihnachten die friedliche Zeit angebrochen ist&#8220;. Bemerkenswert ist der Schrieb aus mehreren Perspektiven aber allemal: Interpretiert man ihn als tats\u00e4chliche Note der Entr\u00fcstung, weil erfahrene Mitarbeiter nicht weiter besch\u00e4ftigt w\u00fcrden, da sie &#8222;als ,Spielzeug&#8216; f\u00fcr die Durchsetzung politischer Interessenslagen missbraucht werden&#8220;, w\u00fcrde sich Jost als angestellter Magistratsdirektor in die Belange der (Partei-)Politik einmischen. Was als Ordnungsruf vielleicht gut k\u00e4me. Bedenkt man allerdings die Kosten einer solchen Verl\u00e4ngerung, w\u00e4re eine (oder keine) Nachbesetzung f\u00fcr den Steuerzahler wesentlich g\u00fcnstiger. Denn man kann davon ausgehen, dass pensionsberechtigte Stadtmitarbeiter (wenn sie einen Pensionsantrag stellen) ihre Pensionszahlung plus Aktivgehalt beziehen. Noch dazu wenn einem Mitarbeiter von der Stadt die sogenannte Beihilfenpension zur Abdeckung der L\u00fccke zwischen ASVG-Rente und einer hohen &#8222;Beamtenpension&#8220; bezahlt werden muss. <\/p>\n<p><\/p>\n<p><\/p>\n<p>Bemerkenswert auch eine zweite Perspektive: Verkn\u00fcpft man Josts (mitunter trotzig erscheinende) Abdankungsdepesche mit seinen heutigen Pl\u00e4nen, seine Abberufung mit allen rechtlichen Mitteln bek\u00e4mpfen zu wollen, wie es sein Anwalt deutlich gesagt hat, k\u00f6nnte sich einem schon der Eindruck aufdr\u00e4ngen, <em>sein<\/em> Plan sei von Anfang an die Dienstvertragsverl\u00e4ngerung gewesen. Die Scheider dann per Notfallparagraf durchgef\u00fchrt hat. Nur: ohne Not, wie es k\u00fcrzlich von der Aufsichtsbeh\u00f6rde in einer Nichtigerkl\u00e4rung erkannt wurde. Weswegen Scheider nun auch keine Berufung mehr einbringen will.<\/p>\n<p><\/p>\n<p><\/p>\n<p><\/p>\n<p><\/p>\n<p><\/p>\n<p><\/p>\n<p><\/p>\n","protected":false},"excerpt":{"rendered":"<div class=\"mh-excerpt\"><p>Nun aufgetauchte R\u00fccktrittserkl\u00e4rung des Magistratsdirektors Peter Jost untermauert Scheider-Aussage, dass Jost von einem auf den anderen Tag das Handtuch werfen wollte. <a class=\"mh-excerpt-more\" href=\"https:\/\/www.mediapartizan.at\/?p=7849\" title=\"Der Anfang vom (vorl\u00e4ufigen) Ende: Der &#8222;Abschiedsbrief&#8220; Josts an Stadtchef Scheider\">[&#8230;]<\/a><\/p>\n<\/div>","protected":false},"author":2,"featured_media":7856,"comment_status":"open","ping_status":"open","sticky":false,"template":"","format":"standard","meta":{"inline_featured_image":false,"_jetpack_memberships_contains_paid_content":false,"footnotes":""},"categories":[143],"tags":[86,365,156,289],"class_list":{"0":"post-7849","1":"post","2":"type-post","3":"status-publish","4":"format-standard","5":"has-post-thumbnail","7":"category-stadt-klagenfurt","8":"tag-christian-scheider","9":"tag-dienstverlaengerung","10":"tag-klagenfurt","11":"tag-peter-jost"},"yoast_head":"<!-- This site is optimized with the Yoast SEO plugin v20.10 - https:\/\/yoast.com\/wordpress\/plugins\/seo\/ -->\n<title>Der Anfang vom (vorl\u00e4ufigen) Ende: Der &quot;Abschiedsbrief&quot; Josts an Stadtchef Scheider - Mediapartizan.at<\/title>\n<meta name=\"robots\" content=\"index, follow, max-snippet:-1, max-image-preview:large, max-video-preview:-1\" \/>\n<link rel=\"canonical\" href=\"https:\/\/www.mediapartizan.at\/?p=7849\" \/>\n<meta property=\"og:locale\" content=\"de_DE\" \/>\n<meta property=\"og:type\" content=\"article\" \/>\n<meta property=\"og:title\" content=\"Der Anfang vom (vorl\u00e4ufigen) Ende: Der &quot;Abschiedsbrief&quot; Josts an Stadtchef Scheider - Mediapartizan.at\" \/>\n<meta property=\"og:description\" content=\"Nun aufgetauchte R\u00fccktrittserkl\u00e4rung des Magistratsdirektors Peter Jost untermauert Scheider-Aussage, dass Jost von einem auf den anderen Tag das Handtuch werfen wollte. [...]\" \/>\n<meta property=\"og:url\" content=\"https:\/\/www.mediapartizan.at\/?p=7849\" \/>\n<meta property=\"og:site_name\" content=\"Mediapartizan.at\" \/>\n<meta property=\"article:published_time\" content=\"2023-12-23T15:37:02+00:00\" \/>\n<meta property=\"article:modified_time\" content=\"2023-12-27T09:52:49+00:00\" \/>\n<meta property=\"og:image\" content=\"https:\/\/www.mediapartizan.at\/wp-content\/uploads\/2023\/12\/Bildschirmfoto-2023-12-23-um-14.31.23.png\" \/>\n\t<meta property=\"og:image:width\" content=\"1496\" \/>\n\t<meta property=\"og:image:height\" content=\"746\" \/>\n\t<meta property=\"og:image:type\" content=\"image\/png\" \/>\n<meta name=\"author\" content=\"Franz Miklautz\" \/>\n<meta name=\"twitter:card\" content=\"summary_large_image\" \/>\n<meta name=\"twitter:label1\" content=\"Verfasst von\" \/>\n\t<meta name=\"twitter:data1\" content=\"Franz Miklautz\" \/>\n\t<meta name=\"twitter:label2\" content=\"Gesch\u00e4tzte Lesezeit\" \/>\n\t<meta name=\"twitter:data2\" content=\"4\u00a0Minuten\" \/>\n<script type=\"application\/ld+json\" class=\"yoast-schema-graph\">{\"@context\":\"https:\/\/schema.org\",\"@graph\":[{\"@type\":\"WebPage\",\"@id\":\"https:\/\/www.mediapartizan.at\/?p=7849\",\"url\":\"https:\/\/www.mediapartizan.at\/?p=7849\",\"name\":\"Der Anfang vom (vorl\u00e4ufigen) Ende: Der \\\"Abschiedsbrief\\\" Josts an Stadtchef Scheider - Mediapartizan.at\",\"isPartOf\":{\"@id\":\"https:\/\/www.mediapartizan.at\/#website\"},\"datePublished\":\"2023-12-23T15:37:02+00:00\",\"dateModified\":\"2023-12-27T09:52:49+00:00\",\"author\":{\"@id\":\"https:\/\/www.mediapartizan.at\/#\/schema\/person\/f6bd7eb8222f2fe985c78d08f17ed7a9\"},\"breadcrumb\":{\"@id\":\"https:\/\/www.mediapartizan.at\/?p=7849#breadcrumb\"},\"inLanguage\":\"de\",\"potentialAction\":[{\"@type\":\"ReadAction\",\"target\":[\"https:\/\/www.mediapartizan.at\/?p=7849\"]}]},{\"@type\":\"BreadcrumbList\",\"@id\":\"https:\/\/www.mediapartizan.at\/?p=7849#breadcrumb\",\"itemListElement\":[{\"@type\":\"ListItem\",\"position\":1,\"name\":\"Startseite\",\"item\":\"https:\/\/www.mediapartizan.at\/\"},{\"@type\":\"ListItem\",\"position\":2,\"name\":\"Der Anfang vom (vorl\u00e4ufigen) Ende: Der &#8222;Abschiedsbrief&#8220; Josts an Stadtchef Scheider\"}]},{\"@type\":\"WebSite\",\"@id\":\"https:\/\/www.mediapartizan.at\/#website\",\"url\":\"https:\/\/www.mediapartizan.at\/\",\"name\":\"Mediapartizan.at\",\"description\":\"\",\"potentialAction\":[{\"@type\":\"SearchAction\",\"target\":{\"@type\":\"EntryPoint\",\"urlTemplate\":\"https:\/\/www.mediapartizan.at\/?s={search_term_string}\"},\"query-input\":\"required name=search_term_string\"}],\"inLanguage\":\"de\"},{\"@type\":\"Person\",\"@id\":\"https:\/\/www.mediapartizan.at\/#\/schema\/person\/f6bd7eb8222f2fe985c78d08f17ed7a9\",\"name\":\"Franz Miklautz\",\"image\":{\"@type\":\"ImageObject\",\"inLanguage\":\"de\",\"@id\":\"https:\/\/www.mediapartizan.at\/#\/schema\/person\/image\/\",\"url\":\"https:\/\/secure.gravatar.com\/avatar\/5618667e9a7ab3fa3e1a0c75987c8d0c111ad041167e738d67ac0846e54e195e?s=96&d=mm&r=g\",\"contentUrl\":\"https:\/\/secure.gravatar.com\/avatar\/5618667e9a7ab3fa3e1a0c75987c8d0c111ad041167e738d67ac0846e54e195e?s=96&d=mm&r=g\",\"caption\":\"Franz Miklautz\"},\"url\":\"https:\/\/www.mediapartizan.at\/?author=2\"}]}<\/script>\n<!-- \/ Yoast SEO plugin. -->","yoast_head_json":{"title":"Der Anfang vom (vorl\u00e4ufigen) Ende: Der \"Abschiedsbrief\" Josts an Stadtchef Scheider - Mediapartizan.at","robots":{"index":"index","follow":"follow","max-snippet":"max-snippet:-1","max-image-preview":"max-image-preview:large","max-video-preview":"max-video-preview:-1"},"canonical":"https:\/\/www.mediapartizan.at\/?p=7849","og_locale":"de_DE","og_type":"article","og_title":"Der Anfang vom (vorl\u00e4ufigen) Ende: Der \"Abschiedsbrief\" Josts an Stadtchef Scheider - Mediapartizan.at","og_description":"Nun aufgetauchte R\u00fccktrittserkl\u00e4rung des Magistratsdirektors Peter Jost untermauert Scheider-Aussage, dass Jost von einem auf den anderen Tag das Handtuch werfen wollte. [...]","og_url":"https:\/\/www.mediapartizan.at\/?p=7849","og_site_name":"Mediapartizan.at","article_published_time":"2023-12-23T15:37:02+00:00","article_modified_time":"2023-12-27T09:52:49+00:00","og_image":[{"width":1496,"height":746,"url":"https:\/\/www.mediapartizan.at\/wp-content\/uploads\/2023\/12\/Bildschirmfoto-2023-12-23-um-14.31.23.png","type":"image\/png"}],"author":"Franz Miklautz","twitter_card":"summary_large_image","twitter_misc":{"Verfasst von":"Franz Miklautz","Gesch\u00e4tzte Lesezeit":"4\u00a0Minuten"},"schema":{"@context":"https:\/\/schema.org","@graph":[{"@type":"WebPage","@id":"https:\/\/www.mediapartizan.at\/?p=7849","url":"https:\/\/www.mediapartizan.at\/?p=7849","name":"Der Anfang vom (vorl\u00e4ufigen) Ende: Der \"Abschiedsbrief\" Josts an Stadtchef Scheider - Mediapartizan.at","isPartOf":{"@id":"https:\/\/www.mediapartizan.at\/#website"},"datePublished":"2023-12-23T15:37:02+00:00","dateModified":"2023-12-27T09:52:49+00:00","author":{"@id":"https:\/\/www.mediapartizan.at\/#\/schema\/person\/f6bd7eb8222f2fe985c78d08f17ed7a9"},"breadcrumb":{"@id":"https:\/\/www.mediapartizan.at\/?p=7849#breadcrumb"},"inLanguage":"de","potentialAction":[{"@type":"ReadAction","target":["https:\/\/www.mediapartizan.at\/?p=7849"]}]},{"@type":"BreadcrumbList","@id":"https:\/\/www.mediapartizan.at\/?p=7849#breadcrumb","itemListElement":[{"@type":"ListItem","position":1,"name":"Startseite","item":"https:\/\/www.mediapartizan.at\/"},{"@type":"ListItem","position":2,"name":"Der Anfang vom (vorl\u00e4ufigen) Ende: Der &#8222;Abschiedsbrief&#8220; Josts an Stadtchef Scheider"}]},{"@type":"WebSite","@id":"https:\/\/www.mediapartizan.at\/#website","url":"https:\/\/www.mediapartizan.at\/","name":"Mediapartizan.at","description":"","potentialAction":[{"@type":"SearchAction","target":{"@type":"EntryPoint","urlTemplate":"https:\/\/www.mediapartizan.at\/?s={search_term_string}"},"query-input":"required name=search_term_string"}],"inLanguage":"de"},{"@type":"Person","@id":"https:\/\/www.mediapartizan.at\/#\/schema\/person\/f6bd7eb8222f2fe985c78d08f17ed7a9","name":"Franz Miklautz","image":{"@type":"ImageObject","inLanguage":"de","@id":"https:\/\/www.mediapartizan.at\/#\/schema\/person\/image\/","url":"https:\/\/secure.gravatar.com\/avatar\/5618667e9a7ab3fa3e1a0c75987c8d0c111ad041167e738d67ac0846e54e195e?s=96&d=mm&r=g","contentUrl":"https:\/\/secure.gravatar.com\/avatar\/5618667e9a7ab3fa3e1a0c75987c8d0c111ad041167e738d67ac0846e54e195e?s=96&d=mm&r=g","caption":"Franz Miklautz"},"url":"https:\/\/www.mediapartizan.at\/?author=2"}]}},"jetpack_featured_media_url":"https:\/\/i0.wp.com\/www.mediapartizan.at\/wp-content\/uploads\/2023\/12\/Bildschirmfoto-2023-12-23-um-14.31.23.png?fit=1496%2C746&ssl=1","jetpack_sharing_enabled":true,"_links":{"self":[{"href":"https:\/\/www.mediapartizan.at\/index.php?rest_route=\/wp\/v2\/posts\/7849","targetHints":{"allow":["GET"]}}],"collection":[{"href":"https:\/\/www.mediapartizan.at\/index.php?rest_route=\/wp\/v2\/posts"}],"about":[{"href":"https:\/\/www.mediapartizan.at\/index.php?rest_route=\/wp\/v2\/types\/post"}],"author":[{"embeddable":true,"href":"https:\/\/www.mediapartizan.at\/index.php?rest_route=\/wp\/v2\/users\/2"}],"replies":[{"embeddable":true,"href":"https:\/\/www.mediapartizan.at\/index.php?rest_route=%2Fwp%2Fv2%2Fcomments&post=7849"}],"version-history":[{"count":4,"href":"https:\/\/www.mediapartizan.at\/index.php?rest_route=\/wp\/v2\/posts\/7849\/revisions"}],"predecessor-version":[{"id":7880,"href":"https:\/\/www.mediapartizan.at\/index.php?rest_route=\/wp\/v2\/posts\/7849\/revisions\/7880"}],"wp:featuredmedia":[{"embeddable":true,"href":"https:\/\/www.mediapartizan.at\/index.php?rest_route=\/wp\/v2\/media\/7856"}],"wp:attachment":[{"href":"https:\/\/www.mediapartizan.at\/index.php?rest_route=%2Fwp%2Fv2%2Fmedia&parent=7849"}],"wp:term":[{"taxonomy":"category","embeddable":true,"href":"https:\/\/www.mediapartizan.at\/index.php?rest_route=%2Fwp%2Fv2%2Fcategories&post=7849"},{"taxonomy":"post_tag","embeddable":true,"href":"https:\/\/www.mediapartizan.at\/index.php?rest_route=%2Fwp%2Fv2%2Ftags&post=7849"}],"curies":[{"name":"wp","href":"https:\/\/api.w.org\/{rel}","templated":true}]}}